{"id":98745,"date":"2018-03-27T17:00:45","date_gmt":"2018-03-27T15:00:45","guid":{"rendered":"http:\/\/batijournal.com\/?p=98745"},"modified":"2019-07-15T11:15:10","modified_gmt":"2019-07-15T09:15:10","slug":"prix-patrimoines-trois-lieux-a-laccessibilite-exemplaire","status":"publish","type":"post","link":"https:\/\/batijournal.com\/index.php\/prix-patrimoines-trois-lieux-a-laccessibilite-exemplaire\/98745\/","title":{"rendered":"Prix Patrimoines pour tous : trois lieux \u00e0 l\u2019accessibilit\u00e9 exemplaire"},"content":{"rendered":"<p><strong>Lanc\u00e9 en 2011 par le minist\u00e8re de la Culture, le prix Patrimoines pour tous poursuit un double objectif : l\u2019am\u00e9lioration du quotidien des personnes en situation de handicap et la lutte contre les s\u00e9gr\u00e9gations culturelles. Cette ann\u00e9e, le jury a d\u00e9cern\u00e9 le premier prix au mus\u00e9e de Bretagne, qui d\u00e9ploie des efforts remarquables pour tendre \u00e0 l\u2019accessibilit\u00e9 universelle. Derri\u00e8re cet \u00e9tablissement se trouve le Mus\u00e9e d\u00e9partemental Arles antique, r\u00e9compens\u00e9 pour ses nombreux am\u00e9nagements structurels et l\u2019investissement de ses \u00e9quipes de m\u00e9diation en faveur des visiteurs handicap\u00e9s. Enfin la Forteresse Royale de Chinon a re\u00e7u une mention sp\u00e9ciale pour avoir entam\u00e9, en d\u00e9pit de ses contraintes patrimoniales, un ambitieux plan d\u2019am\u00e9lioration de l\u2019accessibilit\u00e9 de son site.<\/strong><\/p>\n<p>L\u2019\u00e9quipement culturel au sein duquel se trouve le mus\u00e9e de Bretagne, Les Champs Libres, a \u00e9t\u00e9 r\u00e9compens\u00e9 d\u00e8s 2007 par l\u2019obtention du label \u00ab Tourisme et Handicap \u00bb pour son accessibilit\u00e9, prise en compte d\u00e8s la construction du b\u00e2timent avec l\u2019aide des associations locales de personnes en situation de handicap. \u00ab La circulation horizontale et verticale dans le mus\u00e9e comme dans l\u2019ensemble du b\u00e2timent ne pose aucune difficult\u00e9 gr\u00e2ce \u00e0 la mise en place d\u2019ascenseurs ainsi que d\u2019une signal\u00e9tique et d\u2019un marquage au sol adapt\u00e9s. Tous les publics, quels que soient leur handicap, peuvent visiter librement les expositions de l\u2019\u00e9tablissement, temporaires comme permanente : des livrets reprennent tous les textes en gros caract\u00e8re ou en braille, l\u2019accueil du mus\u00e9e est \u00e9quip\u00e9 d\u2019une boucle magn\u00e9tique, les films sont sous-titr\u00e9s et les groupes de personnes en situation de handicap mental ou psychique sont accueillis par un m\u00e9diateur qui adapte son discours aux participants.<\/p>\n<p>Depuis son ouverture, le mus\u00e9e d\u00e9partemental de l\u2019Arles antique cultive l\u2019accessibilit\u00e9 pour tous et investit dans de nombreux \u00e9quipements structurels : rampes am\u00e9nag\u00e9es, mises aux normes de l\u2019accueil, extension con\u00e7ue pour faciliter la circulation des personnes \u00e0 mobilit\u00e9 r\u00e9duite\u2026 Les visiteurs dot\u00e9s de handicaps moteurs, sensoriels ou mentaux peuvent y circuler en toute autonomie &#8211; \u00e0 l\u2019exception des d\u00e9ficients visuels qui doivent \u00eatre accompagn\u00e9s. Un parcours tactile de 29 objets arch\u00e9ologiques originaux ainsi qu\u2019un document d\u2019accompagnement traduit en Braille sont mis \u00e0 disposition. Des fauteuils roulants et des chaises pliantes transportables pour suivre les visites peuvent \u00e9galement \u00eatre pr\u00eat\u00e9s.<\/p>\n<p>La configuration naturelle de la forteresse royale de Chinon ne permettait pas de garantir un accueil pour tous, mais le Conseil d\u00e9partemental d\u2019Indre-et-Loire, propri\u00e9taire du site, en a d\u00e9cid\u00e9 autrement en lan\u00e7ant un ambitieux projet intitul\u00e9 \u00ab La forteresse royale de Chinon ouvre ses portes au handicap \u00bb. Si l\u2019acc\u00e8s aux diff\u00e9rentes tours m\u00e9di\u00e9vales reste impossible aux personnes \u00e0 mobilit\u00e9 r\u00e9duite, le plan d\u2019acc\u00e8s et de circulation de la forteresse a \u00e9t\u00e9 largement am\u00e9lior\u00e9 avec la mise en place d\u2019une liaison par ascenseur entre la ville basse et la Forteresse ou encore l\u2019\u00e9dification d\u2019un b\u00e2timent d\u2019accueil contemporain. Une nouvelle sc\u00e9nographie, bas\u00e9e sur la conception de nouveaux outils adapt\u00e9s au public en situation de handicap ainsi qu\u2019au public familial, a \u00e9t\u00e9 mise en place.<\/p>\n<p>Photo : Remise du prix Patrimoines pour tous 2018 \u00a9 Minist\u00e8re de la Culture<\/p>\n","protected":false},"excerpt":{"rendered":"<p>Lanc\u00e9 en 2011 par le minist\u00e8re de la Culture, le prix Patrimoines pour tous poursuit un double objectif : l\u2019am\u00e9lioration du quotidien des personnes en situation de handicap et la lutte contre les s\u00e9gr\u00e9gations culturelles. Cette ann\u00e9e, le jury a d\u00e9cern\u00e9 le premier prix au mus\u00e9e de Bretagne, qui d\u00e9ploie des efforts remarquables pour tendre [&hellip;]<\/p>\n","protected":false},"author":17,"featured_media":98746,"comment_status":"closed","ping_status":"closed","sticky":false,"template":"","format":"standard","meta":{"_et_pb_use_builder":"","_et_pb_old_content":"","_et_gb_content_width":"","footnotes":""},"categories":[10530,6340,10785],"tags":[1640],"class_list":["post-98745","post","type-post","status-publish","format-standard","has-post-thumbnail","hentry","category-actualites","category-architecture-conception","category-atrium","tag-handicap"],"yoast_head":"<!-- This site is optimized with the Yoast SEO plugin v27.4 - https:\/\/yoast.com\/product\/yoast-seo-wordpress\/ -->\n<title>Prix Patrimoines pour tous : trois lieux \u00e0 l\u2019accessibilit\u00e9 exemplaire<\/title>\n<meta name=\"robots\" content=\"index, follow, max-snippet:-1, max-image-preview:large, max-video-preview:-1\" \/>\n<link rel=\"canonical\" href=\"https:\/\/batijournal.com\/index.php\/prix-patrimoines-trois-lieux-a-laccessibilite-exemplaire\/98745\/\" \/>\n<meta property=\"og:locale\" content=\"fr_FR\" \/>\n<meta property=\"og:type\" content=\"article\" \/>\n<meta property=\"og:title\" content=\"Prix Patrimoines pour tous : trois lieux \u00e0 l\u2019accessibilit\u00e9 exemplaire\" \/>\n<meta property=\"og:description\" content=\"Lanc\u00e9 en 2011 par le minist\u00e8re de la Culture, le prix Patrimoines pour tous poursuit un double objectif : l\u2019am\u00e9lioration du quotidien des personnes en situation de handicap et la lutte contre les s\u00e9gr\u00e9gations culturelles. Cette ann\u00e9e, le jury a d\u00e9cern\u00e9 le premier prix au mus\u00e9e de Bretagne, qui d\u00e9ploie des efforts remarquables pour tendre [&hellip;]\" \/>\n<meta property=\"og:url\" content=\"https:\/\/batijournal.com\/index.php\/prix-patrimoines-trois-lieux-a-laccessibilite-exemplaire\/98745\/\" \/>\n<meta property=\"og:site_name\" content=\"Batijournal\" \/>\n<meta property=\"article:published_time\" content=\"2018-03-27T15:00:45+00:00\" \/>\n<meta property=\"article:modified_time\" content=\"2019-07-15T09:15:10+00:00\" \/>\n<meta property=\"og:image\" content=\"https:\/\/batijournal.com\/wp-content\/uploads\/2018\/03\/Remise-de-prix-Patrimoine-pour-tous.jpg\" \/>\n\t<meta property=\"og:image:width\" content=\"603\" \/>\n\t<meta property=\"og:image:height\" content=\"339\" \/>\n\t<meta property=\"og:image:type\" content=\"image\/jpeg\" \/>\n<meta name=\"author\" content=\"St\u00e9phane Miget\" \/>\n<meta name=\"twitter:card\" content=\"summary_large_image\" \/>\n<meta name=\"twitter:creator\" content=\"@bati_journal\" \/>\n<meta name=\"twitter:site\" content=\"@bati_journal\" \/>\n<meta name=\"twitter:label1\" content=\"\u00c9crit par\" \/>\n\t<meta name=\"twitter:data1\" content=\"St\u00e9phane Miget\" \/>\n\t<meta name=\"twitter:label2\" content=\"Dur\u00e9e de lecture estim\u00e9e\" \/>\n\t<meta name=\"twitter:data2\" content=\"3 minutes\" \/>\n<script type=\"application\/ld+json\" class=\"yoast-schema-graph\">{\"@context\":\"https:\\\/\\\/schema.org\",\"@graph\":[{\"@type\":\"Article\",\"@id\":\"https:\\\/\\\/batijournal.com\\\/index.php\\\/prix-patrimoines-trois-lieux-a-laccessibilite-exemplaire\\\/98745\\\/#article\",\"isPartOf\":{\"@id\":\"https:\\\/\\\/batijournal.com\\\/index.php\\\/prix-patrimoines-trois-lieux-a-laccessibilite-exemplaire\\\/98745\\\/\"},\"author\":{\"name\":\"St\u00e9phane Miget\",\"@id\":\"https:\\\/\\\/batijournal.com\\\/#\\\/schema\\\/person\\\/1dc96ec6957aa1ccb25ebe78bb19f100\"},\"headline\":\"Prix Patrimoines pour tous : trois lieux \u00e0 l\u2019accessibilit\u00e9 exemplaire\",\"datePublished\":\"2018-03-27T15:00:45+00:00\",\"dateModified\":\"2019-07-15T09:15:10+00:00\",\"mainEntityOfPage\":{\"@id\":\"https:\\\/\\\/batijournal.com\\\/index.php\\\/prix-patrimoines-trois-lieux-a-laccessibilite-exemplaire\\\/98745\\\/\"},\"wordCount\":582,\"image\":{\"@id\":\"https:\\\/\\\/batijournal.com\\\/index.php\\\/prix-patrimoines-trois-lieux-a-laccessibilite-exemplaire\\\/98745\\\/#primaryimage\"},\"thumbnailUrl\":\"https:\\\/\\\/batijournal.com\\\/wp-content\\\/uploads\\\/2018\\\/03\\\/Remise-de-prix-Patrimoine-pour-tous.jpg\",\"keywords\":[\"handicap\"],\"articleSection\":[\"Actualit\u00e9s\",\"Architecture &amp; Conception\",\"zz_Atrium Patrimoine\"],\"inLanguage\":\"fr-FR\"},{\"@type\":\"WebPage\",\"@id\":\"https:\\\/\\\/batijournal.com\\\/index.php\\\/prix-patrimoines-trois-lieux-a-laccessibilite-exemplaire\\\/98745\\\/\",\"url\":\"https:\\\/\\\/batijournal.com\\\/index.php\\\/prix-patrimoines-trois-lieux-a-laccessibilite-exemplaire\\\/98745\\\/\",\"name\":\"Prix Patrimoines pour tous : trois lieux \u00e0 l\u2019accessibilit\u00e9 exemplaire\",\"isPartOf\":{\"@id\":\"https:\\\/\\\/batijournal.com\\\/#website\"},\"primaryImageOfPage\":{\"@id\":\"https:\\\/\\\/batijournal.com\\\/index.php\\\/prix-patrimoines-trois-lieux-a-laccessibilite-exemplaire\\\/98745\\\/#primaryimage\"},\"image\":{\"@id\":\"https:\\\/\\\/batijournal.com\\\/index.php\\\/prix-patrimoines-trois-lieux-a-laccessibilite-exemplaire\\\/98745\\\/#primaryimage\"},\"thumbnailUrl\":\"https:\\\/\\\/batijournal.com\\\/wp-content\\\/uploads\\\/2018\\\/03\\\/Remise-de-prix-Patrimoine-pour-tous.jpg\",\"datePublished\":\"2018-03-27T15:00:45+00:00\",\"dateModified\":\"2019-07-15T09:15:10+00:00\",\"author\":{\"@id\":\"https:\\\/\\\/batijournal.com\\\/#\\\/schema\\\/person\\\/1dc96ec6957aa1ccb25ebe78bb19f100\"},\"breadcrumb\":{\"@id\":\"https:\\\/\\\/batijournal.com\\\/index.php\\\/prix-patrimoines-trois-lieux-a-laccessibilite-exemplaire\\\/98745\\\/#breadcrumb\"},\"inLanguage\":\"fr-FR\",\"potentialAction\":[{\"@type\":\"ReadAction\",\"target\":[\"https:\\\/\\\/batijournal.com\\\/index.php\\\/prix-patrimoines-trois-lieux-a-laccessibilite-exemplaire\\\/98745\\\/\"]}]},{\"@type\":\"ImageObject\",\"inLanguage\":\"fr-FR\",\"@id\":\"https:\\\/\\\/batijournal.com\\\/index.php\\\/prix-patrimoines-trois-lieux-a-laccessibilite-exemplaire\\\/98745\\\/#primaryimage\",\"url\":\"https:\\\/\\\/batijournal.com\\\/wp-content\\\/uploads\\\/2018\\\/03\\\/Remise-de-prix-Patrimoine-pour-tous.jpg\",\"contentUrl\":\"https:\\\/\\\/batijournal.com\\\/wp-content\\\/uploads\\\/2018\\\/03\\\/Remise-de-prix-Patrimoine-pour-tous.jpg\",\"width\":603,\"height\":339},{\"@type\":\"BreadcrumbList\",\"@id\":\"https:\\\/\\\/batijournal.com\\\/index.php\\\/prix-patrimoines-trois-lieux-a-laccessibilite-exemplaire\\\/98745\\\/#breadcrumb\",\"itemListElement\":[{\"@type\":\"ListItem\",\"position\":1,\"name\":\"Accueil\",\"item\":\"https:\\\/\\\/batijournal.com\\\/\"},{\"@type\":\"ListItem\",\"position\":2,\"name\":\"Actualit\u00e9s\",\"item\":\"https:\\\/\\\/batijournal.com\\\/index.php\\\/category\\\/actualites\\\/\"},{\"@type\":\"ListItem\",\"position\":3,\"name\":\"Prix Patrimoines pour tous : trois lieux \u00e0 l\u2019accessibilit\u00e9 exemplaire\"}]},{\"@type\":\"WebSite\",\"@id\":\"https:\\\/\\\/batijournal.com\\\/#website\",\"url\":\"https:\\\/\\\/batijournal.com\\\/\",\"name\":\"Batijournal\",\"description\":\"L&#039;actualit\u00e9 du b\u00e2timent\",\"potentialAction\":[{\"@type\":\"SearchAction\",\"target\":{\"@type\":\"EntryPoint\",\"urlTemplate\":\"https:\\\/\\\/batijournal.com\\\/?s={search_term_string}\"},\"query-input\":{\"@type\":\"PropertyValueSpecification\",\"valueRequired\":true,\"valueName\":\"search_term_string\"}}],\"inLanguage\":\"fr-FR\"},{\"@type\":\"Person\",\"@id\":\"https:\\\/\\\/batijournal.com\\\/#\\\/schema\\\/person\\\/1dc96ec6957aa1ccb25ebe78bb19f100\",\"name\":\"St\u00e9phane Miget\",\"image\":{\"@type\":\"ImageObject\",\"inLanguage\":\"fr-FR\",\"@id\":\"https:\\\/\\\/secure.gravatar.com\\\/avatar\\\/89915563d925342126b8ef0281b93d9d7fc337043e8df017f780908eb9644451?s=96&d=mm&r=g\",\"url\":\"https:\\\/\\\/secure.gravatar.com\\\/avatar\\\/89915563d925342126b8ef0281b93d9d7fc337043e8df017f780908eb9644451?s=96&d=mm&r=g\",\"contentUrl\":\"https:\\\/\\\/secure.gravatar.com\\\/avatar\\\/89915563d925342126b8ef0281b93d9d7fc337043e8df017f780908eb9644451?s=96&d=mm&r=g\",\"caption\":\"St\u00e9phane Miget\"},\"url\":\"https:\\\/\\\/batijournal.com\\\/index.php\\\/author\\\/stephane\\\/\"}]}<\/script>\n<!-- \/ Yoast SEO plugin. -->","yoast_head_json":{"title":"Prix Patrimoines pour tous : trois lieux \u00e0 l\u2019accessibilit\u00e9 exemplaire","robots":{"index":"index","follow":"follow","max-snippet":"max-snippet:-1","max-image-preview":"max-image-preview:large","max-video-preview":"max-video-preview:-1"},"canonical":"https:\/\/batijournal.com\/index.php\/prix-patrimoines-trois-lieux-a-laccessibilite-exemplaire\/98745\/","og_locale":"fr_FR","og_type":"article","og_title":"Prix Patrimoines pour tous : trois lieux \u00e0 l\u2019accessibilit\u00e9 exemplaire","og_description":"Lanc\u00e9 en 2011 par le minist\u00e8re de la Culture, le prix Patrimoines pour tous poursuit un double objectif : l\u2019am\u00e9lioration du quotidien des personnes en situation de handicap et la lutte contre les s\u00e9gr\u00e9gations culturelles. Cette ann\u00e9e, le jury a d\u00e9cern\u00e9 le premier prix au mus\u00e9e de Bretagne, qui d\u00e9ploie des efforts remarquables pour tendre [&hellip;]","og_url":"https:\/\/batijournal.com\/index.php\/prix-patrimoines-trois-lieux-a-laccessibilite-exemplaire\/98745\/","og_site_name":"Batijournal","article_published_time":"2018-03-27T15:00:45+00:00","article_modified_time":"2019-07-15T09:15:10+00:00","og_image":[{"width":603,"height":339,"url":"https:\/\/batijournal.com\/wp-content\/uploads\/2018\/03\/Remise-de-prix-Patrimoine-pour-tous.jpg","type":"image\/jpeg"}],"author":"St\u00e9phane Miget","twitter_card":"summary_large_image","twitter_creator":"@bati_journal","twitter_site":"@bati_journal","twitter_misc":{"\u00c9crit par":"St\u00e9phane Miget","Dur\u00e9e de lecture estim\u00e9e":"3 minutes"},"schema":{"@context":"https:\/\/schema.org","@graph":[{"@type":"Article","@id":"https:\/\/batijournal.com\/index.php\/prix-patrimoines-trois-lieux-a-laccessibilite-exemplaire\/98745\/#article","isPartOf":{"@id":"https:\/\/batijournal.com\/index.php\/prix-patrimoines-trois-lieux-a-laccessibilite-exemplaire\/98745\/"},"author":{"name":"St\u00e9phane Miget","@id":"https:\/\/batijournal.com\/#\/schema\/person\/1dc96ec6957aa1ccb25ebe78bb19f100"},"headline":"Prix Patrimoines pour tous : trois lieux \u00e0 l\u2019accessibilit\u00e9 exemplaire","datePublished":"2018-03-27T15:00:45+00:00","dateModified":"2019-07-15T09:15:10+00:00","mainEntityOfPage":{"@id":"https:\/\/batijournal.com\/index.php\/prix-patrimoines-trois-lieux-a-laccessibilite-exemplaire\/98745\/"},"wordCount":582,"image":{"@id":"https:\/\/batijournal.com\/index.php\/prix-patrimoines-trois-lieux-a-laccessibilite-exemplaire\/98745\/#primaryimage"},"thumbnailUrl":"https:\/\/batijournal.com\/wp-content\/uploads\/2018\/03\/Remise-de-prix-Patrimoine-pour-tous.jpg","keywords":["handicap"],"articleSection":["Actualit\u00e9s","Architecture &amp; Conception","zz_Atrium Patrimoine"],"inLanguage":"fr-FR"},{"@type":"WebPage","@id":"https:\/\/batijournal.com\/index.php\/prix-patrimoines-trois-lieux-a-laccessibilite-exemplaire\/98745\/","url":"https:\/\/batijournal.com\/index.php\/prix-patrimoines-trois-lieux-a-laccessibilite-exemplaire\/98745\/","name":"Prix Patrimoines pour tous : trois lieux \u00e0 l\u2019accessibilit\u00e9 exemplaire","isPartOf":{"@id":"https:\/\/batijournal.com\/#website"},"primaryImageOfPage":{"@id":"https:\/\/batijournal.com\/index.php\/prix-patrimoines-trois-lieux-a-laccessibilite-exemplaire\/98745\/#primaryimage"},"image":{"@id":"https:\/\/batijournal.com\/index.php\/prix-patrimoines-trois-lieux-a-laccessibilite-exemplaire\/98745\/#primaryimage"},"thumbnailUrl":"https:\/\/batijournal.com\/wp-content\/uploads\/2018\/03\/Remise-de-prix-Patrimoine-pour-tous.jpg","datePublished":"2018-03-27T15:00:45+00:00","dateModified":"2019-07-15T09:15:10+00:00","author":{"@id":"https:\/\/batijournal.com\/#\/schema\/person\/1dc96ec6957aa1ccb25ebe78bb19f100"},"breadcrumb":{"@id":"https:\/\/batijournal.com\/index.php\/prix-patrimoines-trois-lieux-a-laccessibilite-exemplaire\/98745\/#breadcrumb"},"inLanguage":"fr-FR","potentialAction":[{"@type":"ReadAction","target":["https:\/\/batijournal.com\/index.php\/prix-patrimoines-trois-lieux-a-laccessibilite-exemplaire\/98745\/"]}]},{"@type":"ImageObject","inLanguage":"fr-FR","@id":"https:\/\/batijournal.com\/index.php\/prix-patrimoines-trois-lieux-a-laccessibilite-exemplaire\/98745\/#primaryimage","url":"https:\/\/batijournal.com\/wp-content\/uploads\/2018\/03\/Remise-de-prix-Patrimoine-pour-tous.jpg","contentUrl":"https:\/\/batijournal.com\/wp-content\/uploads\/2018\/03\/Remise-de-prix-Patrimoine-pour-tous.jpg","width":603,"height":339},{"@type":"BreadcrumbList","@id":"https:\/\/batijournal.com\/index.php\/prix-patrimoines-trois-lieux-a-laccessibilite-exemplaire\/98745\/#breadcrumb","itemListElement":[{"@type":"ListItem","position":1,"name":"Accueil","item":"https:\/\/batijournal.com\/"},{"@type":"ListItem","position":2,"name":"Actualit\u00e9s","item":"https:\/\/batijournal.com\/index.php\/category\/actualites\/"},{"@type":"ListItem","position":3,"name":"Prix Patrimoines pour tous : trois lieux \u00e0 l\u2019accessibilit\u00e9 exemplaire"}]},{"@type":"WebSite","@id":"https:\/\/batijournal.com\/#website","url":"https:\/\/batijournal.com\/","name":"Batijournal","description":"L&#039;actualit\u00e9 du b\u00e2timent","potentialAction":[{"@type":"SearchAction","target":{"@type":"EntryPoint","urlTemplate":"https:\/\/batijournal.com\/?s={search_term_string}"},"query-input":{"@type":"PropertyValueSpecification","valueRequired":true,"valueName":"search_term_string"}}],"inLanguage":"fr-FR"},{"@type":"Person","@id":"https:\/\/batijournal.com\/#\/schema\/person\/1dc96ec6957aa1ccb25ebe78bb19f100","name":"St\u00e9phane Miget","image":{"@type":"ImageObject","inLanguage":"fr-FR","@id":"https:\/\/secure.gravatar.com\/avatar\/89915563d925342126b8ef0281b93d9d7fc337043e8df017f780908eb9644451?s=96&d=mm&r=g","url":"https:\/\/secure.gravatar.com\/avatar\/89915563d925342126b8ef0281b93d9d7fc337043e8df017f780908eb9644451?s=96&d=mm&r=g","contentUrl":"https:\/\/secure.gravatar.com\/avatar\/89915563d925342126b8ef0281b93d9d7fc337043e8df017f780908eb9644451?s=96&d=mm&r=g","caption":"St\u00e9phane Miget"},"url":"https:\/\/batijournal.com\/index.php\/author\/stephane\/"}]}},"_links":{"self":[{"href":"https:\/\/batijournal.com\/index.php\/wp-json\/wp\/v2\/posts\/98745","targetHints":{"allow":["GET"]}}],"collection":[{"href":"https:\/\/batijournal.com\/index.php\/wp-json\/wp\/v2\/posts"}],"about":[{"href":"https:\/\/batijournal.com\/index.php\/wp-json\/wp\/v2\/types\/post"}],"author":[{"embeddable":true,"href":"https:\/\/batijournal.com\/index.php\/wp-json\/wp\/v2\/users\/17"}],"replies":[{"embeddable":true,"href":"https:\/\/batijournal.com\/index.php\/wp-json\/wp\/v2\/comments?post=98745"}],"version-history":[{"count":0,"href":"https:\/\/batijournal.com\/index.php\/wp-json\/wp\/v2\/posts\/98745\/revisions"}],"wp:featuredmedia":[{"embeddable":true,"href":"https:\/\/batijournal.com\/index.php\/wp-json\/wp\/v2\/media\/98746"}],"wp:attachment":[{"href":"https:\/\/batijournal.com\/index.php\/wp-json\/wp\/v2\/media?parent=98745"}],"wp:term":[{"taxonomy":"category","embeddable":true,"href":"https:\/\/batijournal.com\/index.php\/wp-json\/wp\/v2\/categories?post=98745"},{"taxonomy":"post_tag","embeddable":true,"href":"https:\/\/batijournal.com\/index.php\/wp-json\/wp\/v2\/tags?post=98745"}],"curies":[{"name":"wp","href":"https:\/\/api.w.org\/{rel}","templated":true}]}}