{"id":98747,"date":"2018-03-27T18:12:56","date_gmt":"2018-03-27T16:12:56","guid":{"rendered":"http:\/\/batijournal.com\/?p=98747"},"modified":"2019-07-15T11:15:10","modified_gmt":"2019-07-15T09:15:10","slug":"journees-europeennes-des-metiers-d-art","status":"publish","type":"post","link":"https:\/\/batijournal.com\/index.php\/journees-europeennes-des-metiers-d-art\/98747\/","title":{"rendered":"Journ\u00e9es Europ\u00e9ennes des M\u00e9tiers d\u2019Art&#8230; en famille"},"content":{"rendered":"<p>Du 3 au 8 avril 2018, les Journ\u00e9es Europ\u00e9ennes des M\u00e9tiers d\u2019Art (JEMA) invitent tous les publics \u00e0 d\u00e9couvrir pr\u00e8s de 300 m\u00e9tiers qui font la richesse de notre culture et de notre \u00e9conomie, sous le signe des \u00ab Futurs en transmission \u00bb. R\u00e9solument tourn\u00e9es vers l\u2019\u00e9ducation artistique, culturelle et citoyenne, ces Journ\u00e9es se donnent pour objectif de changer l\u2019image de ces professions encore trop souvent d\u00e9pr\u00e9ci\u00e9es bien qu\u2019il s\u2019agisse de m\u00e9tiers d\u2019avenir en constante r\u00e9invention, offrant de grandes possibilit\u00e9s d\u2019emploi et d\u2019\u00e9mancipation sociale mais aussi une qualit\u00e9 de vie pour les citoyens. 1 400 \u00e9v\u00e9nements sont estampill\u00e9s \u00ab jeune public \u00bb.<\/p>\n<p><a href=\"https:\/\/www.journeesdesmetiersdart.fr\" target=\"_blank\" rel=\"noopener noreferrer\">le site internet \u00e0 visiter<\/a><\/p>\n<p>&nbsp;<\/p>\n","protected":false},"excerpt":{"rendered":"<p>Du 3 au 8 avril 2018, les Journ\u00e9es Europ\u00e9ennes des M\u00e9tiers d\u2019Art (JEMA) invitent tous les publics \u00e0 d\u00e9couvrir pr\u00e8s de 300 m\u00e9tiers qui font la richesse de notre culture et de notre \u00e9conomie, sous le signe des \u00ab Futurs en transmission \u00bb. R\u00e9solument tourn\u00e9es vers l\u2019\u00e9ducation artistique, culturelle et citoyenne, ces Journ\u00e9es se donnent [&hellip;]<\/p>\n","protected":false},"author":17,"featured_media":98749,"comment_status":"closed","ping_status":"closed","sticky":false,"template":"","format":"standard","meta":{"_et_pb_use_builder":"","_et_pb_old_content":"","_et_gb_content_width":"","footnotes":""},"categories":[10530,6340,10785],"tags":[7233],"class_list":["post-98747","post","type-post","status-publish","format-standard","has-post-thumbnail","hentry","category-actualites","category-architecture-conception","category-atrium","tag-journees-europeennes-des-metiers-dart"],"yoast_head":"<!-- This site is optimized with the Yoast SEO plugin v27.4 - https:\/\/yoast.com\/product\/yoast-seo-wordpress\/ -->\n<title>Journ\u00e9es Europ\u00e9ennes des M\u00e9tiers d\u2019Art... en famille<\/title>\n<meta name=\"description\" content=\"Du 3-8 avril 2018, d\u00e9couvrez lors des Journ\u00e9es Europ\u00e9ennes des M\u00e9tiers d\u2019Art pr\u00e8s de 300 m\u00e9tiers qui font la richesse de notre culture et de notre \u00e9conomie,\" \/>\n<meta name=\"robots\" content=\"index, follow, max-snippet:-1, max-image-preview:large, max-video-preview:-1\" \/>\n<link rel=\"canonical\" href=\"https:\/\/batijournal.com\/index.php\/journees-europeennes-des-metiers-d-art\/98747\/\" \/>\n<meta property=\"og:locale\" content=\"fr_FR\" \/>\n<meta property=\"og:type\" content=\"article\" \/>\n<meta property=\"og:title\" content=\"Journ\u00e9es Europ\u00e9ennes des M\u00e9tiers d\u2019Art... en famille\" \/>\n<meta property=\"og:description\" content=\"Du 3-8 avril 2018, d\u00e9couvrez lors des Journ\u00e9es Europ\u00e9ennes des M\u00e9tiers d\u2019Art pr\u00e8s de 300 m\u00e9tiers qui font la richesse de notre culture et de notre \u00e9conomie,\" \/>\n<meta property=\"og:url\" content=\"https:\/\/batijournal.com\/index.php\/journees-europeennes-des-metiers-d-art\/98747\/\" \/>\n<meta property=\"og:site_name\" content=\"Batijournal\" \/>\n<meta property=\"article:published_time\" content=\"2018-03-27T16:12:56+00:00\" \/>\n<meta property=\"article:modified_time\" content=\"2019-07-15T09:15:10+00:00\" \/>\n<meta property=\"og:image\" content=\"https:\/\/batijournal.com\/wp-content\/uploads\/2018\/03\/jema-en-famille.png\" \/>\n\t<meta property=\"og:image:width\" content=\"1140\" \/>\n\t<meta property=\"og:image:height\" content=\"570\" \/>\n\t<meta property=\"og:image:type\" content=\"image\/png\" \/>\n<meta name=\"author\" content=\"St\u00e9phane Miget\" \/>\n<meta name=\"twitter:card\" content=\"summary_large_image\" \/>\n<meta name=\"twitter:creator\" content=\"@bati_journal\" \/>\n<meta name=\"twitter:site\" content=\"@bati_journal\" \/>\n<meta name=\"twitter:label1\" content=\"\u00c9crit par\" \/>\n\t<meta name=\"twitter:data1\" content=\"St\u00e9phane Miget\" \/>\n\t<meta name=\"twitter:label2\" content=\"Dur\u00e9e de lecture estim\u00e9e\" \/>\n\t<meta name=\"twitter:data2\" content=\"1 minute\" \/>\n<script type=\"application\/ld+json\" class=\"yoast-schema-graph\">{\"@context\":\"https:\\\/\\\/schema.org\",\"@graph\":[{\"@type\":\"Article\",\"@id\":\"https:\\\/\\\/batijournal.com\\\/index.php\\\/journees-europeennes-des-metiers-d-art\\\/98747\\\/#article\",\"isPartOf\":{\"@id\":\"https:\\\/\\\/batijournal.com\\\/index.php\\\/journees-europeennes-des-metiers-d-art\\\/98747\\\/\"},\"author\":{\"name\":\"St\u00e9phane Miget\",\"@id\":\"https:\\\/\\\/batijournal.com\\\/#\\\/schema\\\/person\\\/1dc96ec6957aa1ccb25ebe78bb19f100\"},\"headline\":\"Journ\u00e9es Europ\u00e9ennes des M\u00e9tiers d\u2019Art&#8230; en famille\",\"datePublished\":\"2018-03-27T16:12:56+00:00\",\"dateModified\":\"2019-07-15T09:15:10+00:00\",\"mainEntityOfPage\":{\"@id\":\"https:\\\/\\\/batijournal.com\\\/index.php\\\/journees-europeennes-des-metiers-d-art\\\/98747\\\/\"},\"wordCount\":132,\"image\":{\"@id\":\"https:\\\/\\\/batijournal.com\\\/index.php\\\/journees-europeennes-des-metiers-d-art\\\/98747\\\/#primaryimage\"},\"thumbnailUrl\":\"https:\\\/\\\/batijournal.com\\\/wp-content\\\/uploads\\\/2018\\\/03\\\/jema-en-famille.png\",\"keywords\":[\"journees europeennes des metiers dart\"],\"articleSection\":[\"Actualit\u00e9s\",\"Architecture &amp; Conception\",\"zz_Atrium Patrimoine\"],\"inLanguage\":\"fr-FR\"},{\"@type\":\"WebPage\",\"@id\":\"https:\\\/\\\/batijournal.com\\\/index.php\\\/journees-europeennes-des-metiers-d-art\\\/98747\\\/\",\"url\":\"https:\\\/\\\/batijournal.com\\\/index.php\\\/journees-europeennes-des-metiers-d-art\\\/98747\\\/\",\"name\":\"Journ\u00e9es Europ\u00e9ennes des M\u00e9tiers d\u2019Art... en famille\",\"isPartOf\":{\"@id\":\"https:\\\/\\\/batijournal.com\\\/#website\"},\"primaryImageOfPage\":{\"@id\":\"https:\\\/\\\/batijournal.com\\\/index.php\\\/journees-europeennes-des-metiers-d-art\\\/98747\\\/#primaryimage\"},\"image\":{\"@id\":\"https:\\\/\\\/batijournal.com\\\/index.php\\\/journees-europeennes-des-metiers-d-art\\\/98747\\\/#primaryimage\"},\"thumbnailUrl\":\"https:\\\/\\\/batijournal.com\\\/wp-content\\\/uploads\\\/2018\\\/03\\\/jema-en-famille.png\",\"datePublished\":\"2018-03-27T16:12:56+00:00\",\"dateModified\":\"2019-07-15T09:15:10+00:00\",\"author\":{\"@id\":\"https:\\\/\\\/batijournal.com\\\/#\\\/schema\\\/person\\\/1dc96ec6957aa1ccb25ebe78bb19f100\"},\"description\":\"Du 3-8 avril 2018, d\u00e9couvrez lors des Journ\u00e9es Europ\u00e9ennes des M\u00e9tiers d\u2019Art pr\u00e8s de 300 m\u00e9tiers qui font la richesse de notre culture et de notre \u00e9conomie,\",\"breadcrumb\":{\"@id\":\"https:\\\/\\\/batijournal.com\\\/index.php\\\/journees-europeennes-des-metiers-d-art\\\/98747\\\/#breadcrumb\"},\"inLanguage\":\"fr-FR\",\"potentialAction\":[{\"@type\":\"ReadAction\",\"target\":[\"https:\\\/\\\/batijournal.com\\\/index.php\\\/journees-europeennes-des-metiers-d-art\\\/98747\\\/\"]}]},{\"@type\":\"ImageObject\",\"inLanguage\":\"fr-FR\",\"@id\":\"https:\\\/\\\/batijournal.com\\\/index.php\\\/journees-europeennes-des-metiers-d-art\\\/98747\\\/#primaryimage\",\"url\":\"https:\\\/\\\/batijournal.com\\\/wp-content\\\/uploads\\\/2018\\\/03\\\/jema-en-famille.png\",\"contentUrl\":\"https:\\\/\\\/batijournal.com\\\/wp-content\\\/uploads\\\/2018\\\/03\\\/jema-en-famille.png\",\"width\":1140,\"height\":570,\"caption\":\"journees-europeennes-des-metiers-d-art\"},{\"@type\":\"BreadcrumbList\",\"@id\":\"https:\\\/\\\/batijournal.com\\\/index.php\\\/journees-europeennes-des-metiers-d-art\\\/98747\\\/#breadcrumb\",\"itemListElement\":[{\"@type\":\"ListItem\",\"position\":1,\"name\":\"Accueil\",\"item\":\"https:\\\/\\\/batijournal.com\\\/\"},{\"@type\":\"ListItem\",\"position\":2,\"name\":\"Actualit\u00e9s\",\"item\":\"https:\\\/\\\/batijournal.com\\\/index.php\\\/category\\\/actualites\\\/\"},{\"@type\":\"ListItem\",\"position\":3,\"name\":\"Journ\u00e9es Europ\u00e9ennes des M\u00e9tiers d\u2019Art&#8230; en famille\"}]},{\"@type\":\"WebSite\",\"@id\":\"https:\\\/\\\/batijournal.com\\\/#website\",\"url\":\"https:\\\/\\\/batijournal.com\\\/\",\"name\":\"Batijournal\",\"description\":\"L&#039;actualit\u00e9 du b\u00e2timent\",\"potentialAction\":[{\"@type\":\"SearchAction\",\"target\":{\"@type\":\"EntryPoint\",\"urlTemplate\":\"https:\\\/\\\/batijournal.com\\\/?s={search_term_string}\"},\"query-input\":{\"@type\":\"PropertyValueSpecification\",\"valueRequired\":true,\"valueName\":\"search_term_string\"}}],\"inLanguage\":\"fr-FR\"},{\"@type\":\"Person\",\"@id\":\"https:\\\/\\\/batijournal.com\\\/#\\\/schema\\\/person\\\/1dc96ec6957aa1ccb25ebe78bb19f100\",\"name\":\"St\u00e9phane Miget\",\"image\":{\"@type\":\"ImageObject\",\"inLanguage\":\"fr-FR\",\"@id\":\"https:\\\/\\\/secure.gravatar.com\\\/avatar\\\/89915563d925342126b8ef0281b93d9d7fc337043e8df017f780908eb9644451?s=96&d=mm&r=g\",\"url\":\"https:\\\/\\\/secure.gravatar.com\\\/avatar\\\/89915563d925342126b8ef0281b93d9d7fc337043e8df017f780908eb9644451?s=96&d=mm&r=g\",\"contentUrl\":\"https:\\\/\\\/secure.gravatar.com\\\/avatar\\\/89915563d925342126b8ef0281b93d9d7fc337043e8df017f780908eb9644451?s=96&d=mm&r=g\",\"caption\":\"St\u00e9phane Miget\"},\"url\":\"https:\\\/\\\/batijournal.com\\\/index.php\\\/author\\\/stephane\\\/\"}]}<\/script>\n<!-- \/ Yoast SEO plugin. -->","yoast_head_json":{"title":"Journ\u00e9es Europ\u00e9ennes des M\u00e9tiers d\u2019Art... en famille","description":"Du 3-8 avril 2018, d\u00e9couvrez lors des Journ\u00e9es Europ\u00e9ennes des M\u00e9tiers d\u2019Art pr\u00e8s de 300 m\u00e9tiers qui font la richesse de notre culture et de notre \u00e9conomie,","robots":{"index":"index","follow":"follow","max-snippet":"max-snippet:-1","max-image-preview":"max-image-preview:large","max-video-preview":"max-video-preview:-1"},"canonical":"https:\/\/batijournal.com\/index.php\/journees-europeennes-des-metiers-d-art\/98747\/","og_locale":"fr_FR","og_type":"article","og_title":"Journ\u00e9es Europ\u00e9ennes des M\u00e9tiers d\u2019Art... en famille","og_description":"Du 3-8 avril 2018, d\u00e9couvrez lors des Journ\u00e9es Europ\u00e9ennes des M\u00e9tiers d\u2019Art pr\u00e8s de 300 m\u00e9tiers qui font la richesse de notre culture et de notre \u00e9conomie,","og_url":"https:\/\/batijournal.com\/index.php\/journees-europeennes-des-metiers-d-art\/98747\/","og_site_name":"Batijournal","article_published_time":"2018-03-27T16:12:56+00:00","article_modified_time":"2019-07-15T09:15:10+00:00","og_image":[{"width":1140,"height":570,"url":"https:\/\/batijournal.com\/wp-content\/uploads\/2018\/03\/jema-en-famille.png","type":"image\/png"}],"author":"St\u00e9phane Miget","twitter_card":"summary_large_image","twitter_creator":"@bati_journal","twitter_site":"@bati_journal","twitter_misc":{"\u00c9crit par":"St\u00e9phane Miget","Dur\u00e9e de lecture estim\u00e9e":"1 minute"},"schema":{"@context":"https:\/\/schema.org","@graph":[{"@type":"Article","@id":"https:\/\/batijournal.com\/index.php\/journees-europeennes-des-metiers-d-art\/98747\/#article","isPartOf":{"@id":"https:\/\/batijournal.com\/index.php\/journees-europeennes-des-metiers-d-art\/98747\/"},"author":{"name":"St\u00e9phane Miget","@id":"https:\/\/batijournal.com\/#\/schema\/person\/1dc96ec6957aa1ccb25ebe78bb19f100"},"headline":"Journ\u00e9es Europ\u00e9ennes des M\u00e9tiers d\u2019Art&#8230; en famille","datePublished":"2018-03-27T16:12:56+00:00","dateModified":"2019-07-15T09:15:10+00:00","mainEntityOfPage":{"@id":"https:\/\/batijournal.com\/index.php\/journees-europeennes-des-metiers-d-art\/98747\/"},"wordCount":132,"image":{"@id":"https:\/\/batijournal.com\/index.php\/journees-europeennes-des-metiers-d-art\/98747\/#primaryimage"},"thumbnailUrl":"https:\/\/batijournal.com\/wp-content\/uploads\/2018\/03\/jema-en-famille.png","keywords":["journees europeennes des metiers dart"],"articleSection":["Actualit\u00e9s","Architecture &amp; Conception","zz_Atrium Patrimoine"],"inLanguage":"fr-FR"},{"@type":"WebPage","@id":"https:\/\/batijournal.com\/index.php\/journees-europeennes-des-metiers-d-art\/98747\/","url":"https:\/\/batijournal.com\/index.php\/journees-europeennes-des-metiers-d-art\/98747\/","name":"Journ\u00e9es Europ\u00e9ennes des M\u00e9tiers d\u2019Art... en famille","isPartOf":{"@id":"https:\/\/batijournal.com\/#website"},"primaryImageOfPage":{"@id":"https:\/\/batijournal.com\/index.php\/journees-europeennes-des-metiers-d-art\/98747\/#primaryimage"},"image":{"@id":"https:\/\/batijournal.com\/index.php\/journees-europeennes-des-metiers-d-art\/98747\/#primaryimage"},"thumbnailUrl":"https:\/\/batijournal.com\/wp-content\/uploads\/2018\/03\/jema-en-famille.png","datePublished":"2018-03-27T16:12:56+00:00","dateModified":"2019-07-15T09:15:10+00:00","author":{"@id":"https:\/\/batijournal.com\/#\/schema\/person\/1dc96ec6957aa1ccb25ebe78bb19f100"},"description":"Du 3-8 avril 2018, d\u00e9couvrez lors des Journ\u00e9es Europ\u00e9ennes des M\u00e9tiers d\u2019Art pr\u00e8s de 300 m\u00e9tiers qui font la richesse de notre culture et de notre \u00e9conomie,","breadcrumb":{"@id":"https:\/\/batijournal.com\/index.php\/journees-europeennes-des-metiers-d-art\/98747\/#breadcrumb"},"inLanguage":"fr-FR","potentialAction":[{"@type":"ReadAction","target":["https:\/\/batijournal.com\/index.php\/journees-europeennes-des-metiers-d-art\/98747\/"]}]},{"@type":"ImageObject","inLanguage":"fr-FR","@id":"https:\/\/batijournal.com\/index.php\/journees-europeennes-des-metiers-d-art\/98747\/#primaryimage","url":"https:\/\/batijournal.com\/wp-content\/uploads\/2018\/03\/jema-en-famille.png","contentUrl":"https:\/\/batijournal.com\/wp-content\/uploads\/2018\/03\/jema-en-famille.png","width":1140,"height":570,"caption":"journees-europeennes-des-metiers-d-art"},{"@type":"BreadcrumbList","@id":"https:\/\/batijournal.com\/index.php\/journees-europeennes-des-metiers-d-art\/98747\/#breadcrumb","itemListElement":[{"@type":"ListItem","position":1,"name":"Accueil","item":"https:\/\/batijournal.com\/"},{"@type":"ListItem","position":2,"name":"Actualit\u00e9s","item":"https:\/\/batijournal.com\/index.php\/category\/actualites\/"},{"@type":"ListItem","position":3,"name":"Journ\u00e9es Europ\u00e9ennes des M\u00e9tiers d\u2019Art&#8230; en famille"}]},{"@type":"WebSite","@id":"https:\/\/batijournal.com\/#website","url":"https:\/\/batijournal.com\/","name":"Batijournal","description":"L&#039;actualit\u00e9 du b\u00e2timent","potentialAction":[{"@type":"SearchAction","target":{"@type":"EntryPoint","urlTemplate":"https:\/\/batijournal.com\/?s={search_term_string}"},"query-input":{"@type":"PropertyValueSpecification","valueRequired":true,"valueName":"search_term_string"}}],"inLanguage":"fr-FR"},{"@type":"Person","@id":"https:\/\/batijournal.com\/#\/schema\/person\/1dc96ec6957aa1ccb25ebe78bb19f100","name":"St\u00e9phane Miget","image":{"@type":"ImageObject","inLanguage":"fr-FR","@id":"https:\/\/secure.gravatar.com\/avatar\/89915563d925342126b8ef0281b93d9d7fc337043e8df017f780908eb9644451?s=96&d=mm&r=g","url":"https:\/\/secure.gravatar.com\/avatar\/89915563d925342126b8ef0281b93d9d7fc337043e8df017f780908eb9644451?s=96&d=mm&r=g","contentUrl":"https:\/\/secure.gravatar.com\/avatar\/89915563d925342126b8ef0281b93d9d7fc337043e8df017f780908eb9644451?s=96&d=mm&r=g","caption":"St\u00e9phane Miget"},"url":"https:\/\/batijournal.com\/index.php\/author\/stephane\/"}]}},"_links":{"self":[{"href":"https:\/\/batijournal.com\/index.php\/wp-json\/wp\/v2\/posts\/98747","targetHints":{"allow":["GET"]}}],"collection":[{"href":"https:\/\/batijournal.com\/index.php\/wp-json\/wp\/v2\/posts"}],"about":[{"href":"https:\/\/batijournal.com\/index.php\/wp-json\/wp\/v2\/types\/post"}],"author":[{"embeddable":true,"href":"https:\/\/batijournal.com\/index.php\/wp-json\/wp\/v2\/users\/17"}],"replies":[{"embeddable":true,"href":"https:\/\/batijournal.com\/index.php\/wp-json\/wp\/v2\/comments?post=98747"}],"version-history":[{"count":0,"href":"https:\/\/batijournal.com\/index.php\/wp-json\/wp\/v2\/posts\/98747\/revisions"}],"wp:featuredmedia":[{"embeddable":true,"href":"https:\/\/batijournal.com\/index.php\/wp-json\/wp\/v2\/media\/98749"}],"wp:attachment":[{"href":"https:\/\/batijournal.com\/index.php\/wp-json\/wp\/v2\/media?parent=98747"}],"wp:term":[{"taxonomy":"category","embeddable":true,"href":"https:\/\/batijournal.com\/index.php\/wp-json\/wp\/v2\/categories?post=98747"},{"taxonomy":"post_tag","embeddable":true,"href":"https:\/\/batijournal.com\/index.php\/wp-json\/wp\/v2\/tags?post=98747"}],"curies":[{"name":"wp","href":"https:\/\/api.w.org\/{rel}","templated":true}]}}