{"id":98754,"date":"2018-03-28T08:12:12","date_gmt":"2018-03-28T06:12:12","guid":{"rendered":"http:\/\/batijournal.com\/?p=98754"},"modified":"2019-07-15T11:15:10","modified_gmt":"2019-07-15T09:15:10","slug":"travaux-doffice-menes-letat-sauver-maison-forte-de-pisy","status":"publish","type":"post","link":"https:\/\/batijournal.com\/index.php\/travaux-doffice-menes-letat-sauver-maison-forte-de-pisy\/98754\/","title":{"rendered":"Travaux d\u2019office men\u00e9s par l\u2019Etat pour sauver la maison forte de PISY"},"content":{"rendered":"<p><strong>La maison forte de Pisy appartient au syst\u00e8me de protection et de d\u00e9fense implant\u00e9 \u00e0 la limite du duch\u00e9 de Bourgogne et du royaume de France. Le ch\u00e2teau est construit \u00e0 l&rsquo;extr\u00e9mit\u00e9 ouest d&rsquo;un promontoire dominant la vall\u00e9e d&rsquo;un affluent du Serein. Les b\u00e2timents sont r\u00e9partis autour d&rsquo;une cour carr\u00e9e \u00e0 laquelle on acc\u00e8de du c\u00f4t\u00e9 nord, par un passage pris dans un b\u00e2timent form\u00e9 par un corps de logis et une chapelle du XIIIe si\u00e8cle. Un second corps de logis a \u00e9t\u00e9 construit \u00e0 l&rsquo;est au XIVe si\u00e8cle et remani\u00e9 en partie au XVe si\u00e8cle. Le c\u00f4t\u00e9 ouest est ferm\u00e9 par les communs, plus tardifs, et le c\u00f4t\u00e9 sud par un mur cr\u00e9nel\u00e9. En raison d\u2019un \u00e9tat sanitaire alarmant et d\u2019un contexte de succession complexe aupr\u00e8s de l\u2019\u00c9tat fran\u00e7ais, ne permettant pas d\u2019envisager de travaux de restauration fondamentale, le minist\u00e8re de la Culture a engag\u00e9 la proc\u00e9dure exceptionnelle de travaux d\u2019office permettant \u00e0 l\u2019\u00c9tat de se substituer aux propri\u00e9taires d\u00e9faillants afin de stabiliser le p\u00e9ril, en attente, d\u2019un projet de reprise du monument. Ces travaux ont \u00e9t\u00e9 men\u00e9s en ma\u00eetrise d\u2019ouvrage de la DRAC de Bourgogne-Franche-Comt\u00e9 de septembre 2017 \u00e0 janvier 2018.<\/strong><\/p>\n<p>En 2006, la DRAC signale \u00e0 Mme de Marenches la n\u00e9cessit\u00e9 d&rsquo;entreprendre des travaux d&rsquo;urgence de consolidation et de mise hors d&rsquo;eau de l\u2019\u00e9difice. A la suite d\u2019une visite effectu\u00e9e par l\u2019UDAP de l&rsquo;Yonne le 1er mars 2010, soulignant l&rsquo;\u00e9tat sanitaire alarmant de l&rsquo;\u00e9difice, la DRAC lance une proc\u00e9dure de classement de l\u2019\u00e9difice afin de pouvoir envisager des travaux d\u2019office. L\u2019acc\u00e9l\u00e9ration des d\u00e9gradations mena\u00e7ait, \u00e0 court terme, la conservation de l&rsquo;\u00e9difice. La position du ch\u00e2teau sur un promontoire le rend en effet fragile face aux intemp\u00e9ries. Les b\u00e2timents gagn\u00e9s par la ruine pr\u00e9sentent des trous importants dans les couvertures, sur le corps de logis nord et la grange sud, mettant \u00e0 nu les charpentes d&rsquo;origine. Dans le cadre de la proc\u00e9dure de classement, le dossier est examin\u00e9 lors de la Commission nationale des monuments historiques du 28 mars 2011 qui propose un classement en totalit\u00e9. Apr\u00e8s plusieurs relances de l\u2019ex\u00e9cuteur testamentaire, dans un contexte familial complexe de d\u00e9c\u00e8s et de succession, l\u2019accord des propri\u00e9taires (la SCI Pisy) au classement permet la signature de l\u2019arr\u00eat\u00e9 minist\u00e9riel le 12 juillet 2013.<\/p>\n<p>Le classement de l\u2019\u00e9difice permet au minist\u00e8re de la Culture de lancer la proc\u00e9dure exceptionnelle de travaux d\u2019office, conform\u00e9ment aux articles R. 621-45 \u00e0 R. 621-48 du Code du Patrimoine. Fin 2014, la DRAC passe commande d\u2019une \u00e9tude de diagnostic \u00e0 l\u2019architecte en chef des monuments historiques charg\u00e9 du d\u00e9partement de l\u2019Yonne, M. Olivier Naviglio, pour une mise hors d\u2019eau et la sauvegarde des b\u00e2timents (d\u00e9pose partielle de couvertures, b\u00e2chages, \u00e9taiements, cerclages, blindage des fen\u00eatres&#8230;). Cette \u00e9tude est pr\u00e9sent\u00e9e \u00e0 la Commission nationale des monuments historiques le 17 juillet 2015, laquelle \u00e9met un avis favorable au programme de travaux d\u2019office. La notification de la proc\u00e9dure aux propri\u00e9taires est faite le 30 juillet 2015 par arr\u00eat\u00e9 minist\u00e9riel, puis le 21 octobre 2015. En l\u2019absence de r\u00e9ponse, la DRAC engage les travaux.<\/p>\n<p>La prise d\u2019un arr\u00eat\u00e9 d\u2019occupation temporaire des lieux par le pr\u00e9fet de l\u2019Yonne, le 6 septembre 2017 permet de d\u00e9buter les travaux sous ma\u00eetrise d\u2019ouvrage de la DRAC (conservation r\u00e9gionale des monuments historiques) et ma\u00eetrise d\u2019\u0153uvre de l\u2019architecte en chef, M. Naviglio. Le chantier se d\u00e9roule du 25 septembre 2017 au 25 janvier 2018.<br \/>\nLe montant des travaux est pris en charge en totalit\u00e9 par l\u2019\u00c9tat (DRAC) qui proc\u00e8de ensuite \u00e0 un recouvrement de 50 % aupr\u00e8s du propri\u00e9taire : \u00ab En cas d&rsquo;ex\u00e9cution d&rsquo;office, le propri\u00e9taire est tenu de rembourser \u00e0 l&rsquo;Etat le co\u00fbt des travaux ex\u00e9cut\u00e9s par celui- ci, dans la limite de la moiti\u00e9 de son montant. La cr\u00e9ance ainsi n\u00e9e au profit de l&rsquo;Etat est recouvr\u00e9e suivant la proc\u00e9dure applicable aux cr\u00e9ances de l&rsquo;Etat \u00e9trang\u00e8res \u00e0 l&rsquo;imp\u00f4t et aux domaine \u00bb (article L. 621-14 du Code du Patrimoine).<\/p>\n<p>Le co\u00fbt total des travaux s\u2019\u00e9l\u00e8ve \u00e0 525 943 \u20ac. Les entreprises intervenues sur le chantier au sein d\u2019un groupement d\u2019entreprise solidaire sont :<br \/>\n&#8211; Espace couverture de Pr\u00e9cy sous Thil (21)<br \/>\n&#8211; Dulion d\u2019Ancy le Franc (89)<br \/>\n&#8211; Pr\u00e9cy couverture de Magny (89)<br \/>\nCette op\u00e9ration exceptionnelle de travaux d\u2019office a permis la mise hors d\u2019eau et la sauvegarde d\u2019un \u00e9difice majeur de par la DRAC de Bourgogne-Franche-Comt\u00e9, qui permettra d\u2019attendre le d\u00e9nouement de la succession Marenches et un vrai projet de restauration.<\/p>\n<p>Photo : Aedjety &#8211; Wikipedia<\/p>\n<p>&nbsp;<\/p>\n","protected":false},"excerpt":{"rendered":"<p>La maison forte de Pisy appartient au syst\u00e8me de protection et de d\u00e9fense implant\u00e9 \u00e0 la limite du duch\u00e9 de Bourgogne et du royaume de France. Le ch\u00e2teau est construit \u00e0 l&rsquo;extr\u00e9mit\u00e9 ouest d&rsquo;un promontoire dominant la vall\u00e9e d&rsquo;un affluent du Serein. Les b\u00e2timents sont r\u00e9partis autour d&rsquo;une cour carr\u00e9e \u00e0 laquelle on acc\u00e8de du [&hellip;]<\/p>\n","protected":false},"author":17,"featured_media":98755,"comment_status":"closed","ping_status":"closed","sticky":false,"template":"","format":"standard","meta":{"_et_pb_use_builder":"","_et_pb_old_content":"","_et_gb_content_width":"","footnotes":""},"categories":[10530,6340,10785],"tags":[6376,12216],"class_list":["post-98754","post","type-post","status-publish","format-standard","has-post-thumbnail","hentry","category-actualites","category-architecture-conception","category-atrium","tag-monument-historique","tag-sauvegarde-du-patrimoine"],"yoast_head":"<!-- This site is optimized with the Yoast SEO plugin v27.4 - https:\/\/yoast.com\/product\/yoast-seo-wordpress\/ -->\n<title>Travaux d\u2019office men\u00e9s par l\u2019Etat pour sauver la maison forte de PISY<\/title>\n<meta name=\"robots\" content=\"index, follow, max-snippet:-1, max-image-preview:large, max-video-preview:-1\" \/>\n<link rel=\"canonical\" href=\"https:\/\/batijournal.com\/index.php\/travaux-doffice-menes-letat-sauver-maison-forte-de-pisy\/98754\/\" \/>\n<meta property=\"og:locale\" content=\"fr_FR\" \/>\n<meta property=\"og:type\" content=\"article\" \/>\n<meta property=\"og:title\" content=\"Travaux d\u2019office men\u00e9s par l\u2019Etat pour sauver la maison forte de PISY\" \/>\n<meta property=\"og:description\" content=\"La maison forte de Pisy appartient au syst\u00e8me de protection et de d\u00e9fense implant\u00e9 \u00e0 la limite du duch\u00e9 de Bourgogne et du royaume de France. Le ch\u00e2teau est construit \u00e0 l&rsquo;extr\u00e9mit\u00e9 ouest d&rsquo;un promontoire dominant la vall\u00e9e d&rsquo;un affluent du Serein. Les b\u00e2timents sont r\u00e9partis autour d&rsquo;une cour carr\u00e9e \u00e0 laquelle on acc\u00e8de du [&hellip;]\" \/>\n<meta property=\"og:url\" content=\"https:\/\/batijournal.com\/index.php\/travaux-doffice-menes-letat-sauver-maison-forte-de-pisy\/98754\/\" \/>\n<meta property=\"og:site_name\" content=\"Batijournal\" \/>\n<meta property=\"article:published_time\" content=\"2018-03-28T06:12:12+00:00\" \/>\n<meta property=\"article:modified_time\" content=\"2019-07-15T09:15:10+00:00\" \/>\n<meta property=\"og:image\" content=\"https:\/\/batijournal.com\/wp-content\/uploads\/2018\/03\/Chateau_de_Pisy.jpg\" \/>\n\t<meta property=\"og:image:width\" content=\"1024\" \/>\n\t<meta property=\"og:image:height\" content=\"681\" \/>\n\t<meta property=\"og:image:type\" content=\"image\/jpeg\" \/>\n<meta name=\"author\" content=\"St\u00e9phane Miget\" \/>\n<meta name=\"twitter:card\" content=\"summary_large_image\" \/>\n<meta name=\"twitter:creator\" content=\"@bati_journal\" \/>\n<meta name=\"twitter:site\" content=\"@bati_journal\" \/>\n<meta name=\"twitter:label1\" content=\"\u00c9crit par\" \/>\n\t<meta name=\"twitter:data1\" content=\"St\u00e9phane Miget\" \/>\n\t<meta name=\"twitter:label2\" content=\"Dur\u00e9e de lecture estim\u00e9e\" \/>\n\t<meta name=\"twitter:data2\" content=\"4 minutes\" \/>\n<script type=\"application\/ld+json\" class=\"yoast-schema-graph\">{\"@context\":\"https:\\\/\\\/schema.org\",\"@graph\":[{\"@type\":\"Article\",\"@id\":\"https:\\\/\\\/batijournal.com\\\/index.php\\\/travaux-doffice-menes-letat-sauver-maison-forte-de-pisy\\\/98754\\\/#article\",\"isPartOf\":{\"@id\":\"https:\\\/\\\/batijournal.com\\\/index.php\\\/travaux-doffice-menes-letat-sauver-maison-forte-de-pisy\\\/98754\\\/\"},\"author\":{\"name\":\"St\u00e9phane Miget\",\"@id\":\"https:\\\/\\\/batijournal.com\\\/#\\\/schema\\\/person\\\/1dc96ec6957aa1ccb25ebe78bb19f100\"},\"headline\":\"Travaux d\u2019office men\u00e9s par l\u2019Etat pour sauver la maison forte de PISY\",\"datePublished\":\"2018-03-28T06:12:12+00:00\",\"dateModified\":\"2019-07-15T09:15:10+00:00\",\"mainEntityOfPage\":{\"@id\":\"https:\\\/\\\/batijournal.com\\\/index.php\\\/travaux-doffice-menes-letat-sauver-maison-forte-de-pisy\\\/98754\\\/\"},\"wordCount\":846,\"image\":{\"@id\":\"https:\\\/\\\/batijournal.com\\\/index.php\\\/travaux-doffice-menes-letat-sauver-maison-forte-de-pisy\\\/98754\\\/#primaryimage\"},\"thumbnailUrl\":\"https:\\\/\\\/batijournal.com\\\/wp-content\\\/uploads\\\/2018\\\/03\\\/Chateau_de_Pisy.jpg\",\"keywords\":[\"monument historique\",\"sauvegarde du patrimoine\"],\"articleSection\":[\"Actualit\u00e9s\",\"Architecture &amp; Conception\",\"zz_Atrium Patrimoine\"],\"inLanguage\":\"fr-FR\"},{\"@type\":\"WebPage\",\"@id\":\"https:\\\/\\\/batijournal.com\\\/index.php\\\/travaux-doffice-menes-letat-sauver-maison-forte-de-pisy\\\/98754\\\/\",\"url\":\"https:\\\/\\\/batijournal.com\\\/index.php\\\/travaux-doffice-menes-letat-sauver-maison-forte-de-pisy\\\/98754\\\/\",\"name\":\"Travaux d\u2019office men\u00e9s par l\u2019Etat pour sauver la maison forte de PISY\",\"isPartOf\":{\"@id\":\"https:\\\/\\\/batijournal.com\\\/#website\"},\"primaryImageOfPage\":{\"@id\":\"https:\\\/\\\/batijournal.com\\\/index.php\\\/travaux-doffice-menes-letat-sauver-maison-forte-de-pisy\\\/98754\\\/#primaryimage\"},\"image\":{\"@id\":\"https:\\\/\\\/batijournal.com\\\/index.php\\\/travaux-doffice-menes-letat-sauver-maison-forte-de-pisy\\\/98754\\\/#primaryimage\"},\"thumbnailUrl\":\"https:\\\/\\\/batijournal.com\\\/wp-content\\\/uploads\\\/2018\\\/03\\\/Chateau_de_Pisy.jpg\",\"datePublished\":\"2018-03-28T06:12:12+00:00\",\"dateModified\":\"2019-07-15T09:15:10+00:00\",\"author\":{\"@id\":\"https:\\\/\\\/batijournal.com\\\/#\\\/schema\\\/person\\\/1dc96ec6957aa1ccb25ebe78bb19f100\"},\"breadcrumb\":{\"@id\":\"https:\\\/\\\/batijournal.com\\\/index.php\\\/travaux-doffice-menes-letat-sauver-maison-forte-de-pisy\\\/98754\\\/#breadcrumb\"},\"inLanguage\":\"fr-FR\",\"potentialAction\":[{\"@type\":\"ReadAction\",\"target\":[\"https:\\\/\\\/batijournal.com\\\/index.php\\\/travaux-doffice-menes-letat-sauver-maison-forte-de-pisy\\\/98754\\\/\"]}]},{\"@type\":\"ImageObject\",\"inLanguage\":\"fr-FR\",\"@id\":\"https:\\\/\\\/batijournal.com\\\/index.php\\\/travaux-doffice-menes-letat-sauver-maison-forte-de-pisy\\\/98754\\\/#primaryimage\",\"url\":\"https:\\\/\\\/batijournal.com\\\/wp-content\\\/uploads\\\/2018\\\/03\\\/Chateau_de_Pisy.jpg\",\"contentUrl\":\"https:\\\/\\\/batijournal.com\\\/wp-content\\\/uploads\\\/2018\\\/03\\\/Chateau_de_Pisy.jpg\",\"width\":1024,\"height\":681},{\"@type\":\"BreadcrumbList\",\"@id\":\"https:\\\/\\\/batijournal.com\\\/index.php\\\/travaux-doffice-menes-letat-sauver-maison-forte-de-pisy\\\/98754\\\/#breadcrumb\",\"itemListElement\":[{\"@type\":\"ListItem\",\"position\":1,\"name\":\"Accueil\",\"item\":\"https:\\\/\\\/batijournal.com\\\/\"},{\"@type\":\"ListItem\",\"position\":2,\"name\":\"Actualit\u00e9s\",\"item\":\"https:\\\/\\\/batijournal.com\\\/index.php\\\/category\\\/actualites\\\/\"},{\"@type\":\"ListItem\",\"position\":3,\"name\":\"Travaux d\u2019office men\u00e9s par l\u2019Etat pour sauver la maison forte de PISY\"}]},{\"@type\":\"WebSite\",\"@id\":\"https:\\\/\\\/batijournal.com\\\/#website\",\"url\":\"https:\\\/\\\/batijournal.com\\\/\",\"name\":\"Batijournal\",\"description\":\"L&#039;actualit\u00e9 du b\u00e2timent\",\"potentialAction\":[{\"@type\":\"SearchAction\",\"target\":{\"@type\":\"EntryPoint\",\"urlTemplate\":\"https:\\\/\\\/batijournal.com\\\/?s={search_term_string}\"},\"query-input\":{\"@type\":\"PropertyValueSpecification\",\"valueRequired\":true,\"valueName\":\"search_term_string\"}}],\"inLanguage\":\"fr-FR\"},{\"@type\":\"Person\",\"@id\":\"https:\\\/\\\/batijournal.com\\\/#\\\/schema\\\/person\\\/1dc96ec6957aa1ccb25ebe78bb19f100\",\"name\":\"St\u00e9phane Miget\",\"image\":{\"@type\":\"ImageObject\",\"inLanguage\":\"fr-FR\",\"@id\":\"https:\\\/\\\/secure.gravatar.com\\\/avatar\\\/89915563d925342126b8ef0281b93d9d7fc337043e8df017f780908eb9644451?s=96&d=mm&r=g\",\"url\":\"https:\\\/\\\/secure.gravatar.com\\\/avatar\\\/89915563d925342126b8ef0281b93d9d7fc337043e8df017f780908eb9644451?s=96&d=mm&r=g\",\"contentUrl\":\"https:\\\/\\\/secure.gravatar.com\\\/avatar\\\/89915563d925342126b8ef0281b93d9d7fc337043e8df017f780908eb9644451?s=96&d=mm&r=g\",\"caption\":\"St\u00e9phane Miget\"},\"url\":\"https:\\\/\\\/batijournal.com\\\/index.php\\\/author\\\/stephane\\\/\"}]}<\/script>\n<!-- \/ Yoast SEO plugin. -->","yoast_head_json":{"title":"Travaux d\u2019office men\u00e9s par l\u2019Etat pour sauver la maison forte de PISY","robots":{"index":"index","follow":"follow","max-snippet":"max-snippet:-1","max-image-preview":"max-image-preview:large","max-video-preview":"max-video-preview:-1"},"canonical":"https:\/\/batijournal.com\/index.php\/travaux-doffice-menes-letat-sauver-maison-forte-de-pisy\/98754\/","og_locale":"fr_FR","og_type":"article","og_title":"Travaux d\u2019office men\u00e9s par l\u2019Etat pour sauver la maison forte de PISY","og_description":"La maison forte de Pisy appartient au syst\u00e8me de protection et de d\u00e9fense implant\u00e9 \u00e0 la limite du duch\u00e9 de Bourgogne et du royaume de France. Le ch\u00e2teau est construit \u00e0 l&rsquo;extr\u00e9mit\u00e9 ouest d&rsquo;un promontoire dominant la vall\u00e9e d&rsquo;un affluent du Serein. Les b\u00e2timents sont r\u00e9partis autour d&rsquo;une cour carr\u00e9e \u00e0 laquelle on acc\u00e8de du [&hellip;]","og_url":"https:\/\/batijournal.com\/index.php\/travaux-doffice-menes-letat-sauver-maison-forte-de-pisy\/98754\/","og_site_name":"Batijournal","article_published_time":"2018-03-28T06:12:12+00:00","article_modified_time":"2019-07-15T09:15:10+00:00","og_image":[{"width":1024,"height":681,"url":"https:\/\/batijournal.com\/wp-content\/uploads\/2018\/03\/Chateau_de_Pisy.jpg","type":"image\/jpeg"}],"author":"St\u00e9phane Miget","twitter_card":"summary_large_image","twitter_creator":"@bati_journal","twitter_site":"@bati_journal","twitter_misc":{"\u00c9crit par":"St\u00e9phane Miget","Dur\u00e9e de lecture estim\u00e9e":"4 minutes"},"schema":{"@context":"https:\/\/schema.org","@graph":[{"@type":"Article","@id":"https:\/\/batijournal.com\/index.php\/travaux-doffice-menes-letat-sauver-maison-forte-de-pisy\/98754\/#article","isPartOf":{"@id":"https:\/\/batijournal.com\/index.php\/travaux-doffice-menes-letat-sauver-maison-forte-de-pisy\/98754\/"},"author":{"name":"St\u00e9phane Miget","@id":"https:\/\/batijournal.com\/#\/schema\/person\/1dc96ec6957aa1ccb25ebe78bb19f100"},"headline":"Travaux d\u2019office men\u00e9s par l\u2019Etat pour sauver la maison forte de PISY","datePublished":"2018-03-28T06:12:12+00:00","dateModified":"2019-07-15T09:15:10+00:00","mainEntityOfPage":{"@id":"https:\/\/batijournal.com\/index.php\/travaux-doffice-menes-letat-sauver-maison-forte-de-pisy\/98754\/"},"wordCount":846,"image":{"@id":"https:\/\/batijournal.com\/index.php\/travaux-doffice-menes-letat-sauver-maison-forte-de-pisy\/98754\/#primaryimage"},"thumbnailUrl":"https:\/\/batijournal.com\/wp-content\/uploads\/2018\/03\/Chateau_de_Pisy.jpg","keywords":["monument historique","sauvegarde du patrimoine"],"articleSection":["Actualit\u00e9s","Architecture &amp; Conception","zz_Atrium Patrimoine"],"inLanguage":"fr-FR"},{"@type":"WebPage","@id":"https:\/\/batijournal.com\/index.php\/travaux-doffice-menes-letat-sauver-maison-forte-de-pisy\/98754\/","url":"https:\/\/batijournal.com\/index.php\/travaux-doffice-menes-letat-sauver-maison-forte-de-pisy\/98754\/","name":"Travaux d\u2019office men\u00e9s par l\u2019Etat pour sauver la maison forte de PISY","isPartOf":{"@id":"https:\/\/batijournal.com\/#website"},"primaryImageOfPage":{"@id":"https:\/\/batijournal.com\/index.php\/travaux-doffice-menes-letat-sauver-maison-forte-de-pisy\/98754\/#primaryimage"},"image":{"@id":"https:\/\/batijournal.com\/index.php\/travaux-doffice-menes-letat-sauver-maison-forte-de-pisy\/98754\/#primaryimage"},"thumbnailUrl":"https:\/\/batijournal.com\/wp-content\/uploads\/2018\/03\/Chateau_de_Pisy.jpg","datePublished":"2018-03-28T06:12:12+00:00","dateModified":"2019-07-15T09:15:10+00:00","author":{"@id":"https:\/\/batijournal.com\/#\/schema\/person\/1dc96ec6957aa1ccb25ebe78bb19f100"},"breadcrumb":{"@id":"https:\/\/batijournal.com\/index.php\/travaux-doffice-menes-letat-sauver-maison-forte-de-pisy\/98754\/#breadcrumb"},"inLanguage":"fr-FR","potentialAction":[{"@type":"ReadAction","target":["https:\/\/batijournal.com\/index.php\/travaux-doffice-menes-letat-sauver-maison-forte-de-pisy\/98754\/"]}]},{"@type":"ImageObject","inLanguage":"fr-FR","@id":"https:\/\/batijournal.com\/index.php\/travaux-doffice-menes-letat-sauver-maison-forte-de-pisy\/98754\/#primaryimage","url":"https:\/\/batijournal.com\/wp-content\/uploads\/2018\/03\/Chateau_de_Pisy.jpg","contentUrl":"https:\/\/batijournal.com\/wp-content\/uploads\/2018\/03\/Chateau_de_Pisy.jpg","width":1024,"height":681},{"@type":"BreadcrumbList","@id":"https:\/\/batijournal.com\/index.php\/travaux-doffice-menes-letat-sauver-maison-forte-de-pisy\/98754\/#breadcrumb","itemListElement":[{"@type":"ListItem","position":1,"name":"Accueil","item":"https:\/\/batijournal.com\/"},{"@type":"ListItem","position":2,"name":"Actualit\u00e9s","item":"https:\/\/batijournal.com\/index.php\/category\/actualites\/"},{"@type":"ListItem","position":3,"name":"Travaux d\u2019office men\u00e9s par l\u2019Etat pour sauver la maison forte de PISY"}]},{"@type":"WebSite","@id":"https:\/\/batijournal.com\/#website","url":"https:\/\/batijournal.com\/","name":"Batijournal","description":"L&#039;actualit\u00e9 du b\u00e2timent","potentialAction":[{"@type":"SearchAction","target":{"@type":"EntryPoint","urlTemplate":"https:\/\/batijournal.com\/?s={search_term_string}"},"query-input":{"@type":"PropertyValueSpecification","valueRequired":true,"valueName":"search_term_string"}}],"inLanguage":"fr-FR"},{"@type":"Person","@id":"https:\/\/batijournal.com\/#\/schema\/person\/1dc96ec6957aa1ccb25ebe78bb19f100","name":"St\u00e9phane Miget","image":{"@type":"ImageObject","inLanguage":"fr-FR","@id":"https:\/\/secure.gravatar.com\/avatar\/89915563d925342126b8ef0281b93d9d7fc337043e8df017f780908eb9644451?s=96&d=mm&r=g","url":"https:\/\/secure.gravatar.com\/avatar\/89915563d925342126b8ef0281b93d9d7fc337043e8df017f780908eb9644451?s=96&d=mm&r=g","contentUrl":"https:\/\/secure.gravatar.com\/avatar\/89915563d925342126b8ef0281b93d9d7fc337043e8df017f780908eb9644451?s=96&d=mm&r=g","caption":"St\u00e9phane Miget"},"url":"https:\/\/batijournal.com\/index.php\/author\/stephane\/"}]}},"_links":{"self":[{"href":"https:\/\/batijournal.com\/index.php\/wp-json\/wp\/v2\/posts\/98754","targetHints":{"allow":["GET"]}}],"collection":[{"href":"https:\/\/batijournal.com\/index.php\/wp-json\/wp\/v2\/posts"}],"about":[{"href":"https:\/\/batijournal.com\/index.php\/wp-json\/wp\/v2\/types\/post"}],"author":[{"embeddable":true,"href":"https:\/\/batijournal.com\/index.php\/wp-json\/wp\/v2\/users\/17"}],"replies":[{"embeddable":true,"href":"https:\/\/batijournal.com\/index.php\/wp-json\/wp\/v2\/comments?post=98754"}],"version-history":[{"count":0,"href":"https:\/\/batijournal.com\/index.php\/wp-json\/wp\/v2\/posts\/98754\/revisions"}],"wp:featuredmedia":[{"embeddable":true,"href":"https:\/\/batijournal.com\/index.php\/wp-json\/wp\/v2\/media\/98755"}],"wp:attachment":[{"href":"https:\/\/batijournal.com\/index.php\/wp-json\/wp\/v2\/media?parent=98754"}],"wp:term":[{"taxonomy":"category","embeddable":true,"href":"https:\/\/batijournal.com\/index.php\/wp-json\/wp\/v2\/categories?post=98754"},{"taxonomy":"post_tag","embeddable":true,"href":"https:\/\/batijournal.com\/index.php\/wp-json\/wp\/v2\/tags?post=98754"}],"curies":[{"name":"wp","href":"https:\/\/api.w.org\/{rel}","templated":true}]}}