{"id":98762,"date":"2018-03-29T08:20:32","date_gmt":"2018-03-29T06:20:32","guid":{"rendered":"http:\/\/batijournal.com\/?p=98762"},"modified":"2018-03-29T08:20:32","modified_gmt":"2018-03-29T06:20:32","slug":"le-beton-et-les-artisans","status":"publish","type":"post","link":"https:\/\/batijournal.com\/index.php\/le-beton-et-les-artisans\/98762\/","title":{"rendered":"Le b\u00e9ton et les artisans"},"content":{"rendered":"<p>Le SNBPE pr\u00e9sentera aux Journ\u00e9es de la Construction organis\u00e9es par la Capeb \u00e0 Brest, du 25 au 27 avril 2018, les leviers et les outils mis en place par la profession pour atteindre les objectifs du label E+C- (b\u00e2timent \u00e0 \u00e9nergie positive et r\u00e9duction carbone) fix\u00e9s par les pouvoirs publics. L\u2019objectif\u00a0? Accompagner les artisans-ma\u00e7ons dans la mise en \u0153uvre des objectifs de r\u00e9duction de l\u2019empreinte carbone des b\u00e2timents.<\/p>\n","protected":false},"excerpt":{"rendered":"<p>Le SNBPE pr\u00e9sentera aux Journ\u00e9es de la Construction organis\u00e9es par la Capeb \u00e0 Brest, du 25 au 27 avril 2018, les leviers et les outils mis en place par la profession pour atteindre les objectifs du label E+C- (b\u00e2timent \u00e0 \u00e9nergie positive et r\u00e9duction carbone) fix\u00e9s par les pouvoirs publics. L\u2019objectif\u00a0? Accompagner les artisans-ma\u00e7ons dans [&hellip;]<\/p>\n","protected":false},"author":17,"featured_media":94908,"comment_status":"closed","ping_status":"closed","sticky":false,"template":"","format":"standard","meta":{"_et_pb_use_builder":"","_et_pb_old_content":"","_et_gb_content_width":"","footnotes":""},"categories":[10530,6345,9192,10771],"tags":[1128,647,11585],"class_list":["post-98762","post","type-post","status-publish","format-standard","has-post-thumbnail","hentry","category-actualites","category-economie-marches","category-evenements","category-5facades","tag-beton","tag-capeb","tag-snbpe"],"yoast_head":"<!-- This site is optimized with the Yoast SEO plugin v27.4 - https:\/\/yoast.com\/product\/yoast-seo-wordpress\/ -->\n<title>Le b\u00e9ton et les artisans<\/title>\n<meta name=\"robots\" content=\"index, follow, max-snippet:-1, max-image-preview:large, max-video-preview:-1\" \/>\n<link rel=\"canonical\" href=\"https:\/\/batijournal.com\/index.php\/le-beton-et-les-artisans\/98762\/\" \/>\n<meta property=\"og:locale\" content=\"fr_FR\" \/>\n<meta property=\"og:type\" content=\"article\" \/>\n<meta property=\"og:title\" content=\"Le b\u00e9ton et les artisans\" \/>\n<meta property=\"og:description\" content=\"Le SNBPE pr\u00e9sentera aux Journ\u00e9es de la Construction organis\u00e9es par la Capeb \u00e0 Brest, du 25 au 27 avril 2018, les leviers et les outils mis en place par la profession pour atteindre les objectifs du label E+C- (b\u00e2timent \u00e0 \u00e9nergie positive et r\u00e9duction carbone) fix\u00e9s par les pouvoirs publics. L\u2019objectif\u00a0? Accompagner les artisans-ma\u00e7ons dans [&hellip;]\" \/>\n<meta property=\"og:url\" content=\"https:\/\/batijournal.com\/index.php\/le-beton-et-les-artisans\/98762\/\" \/>\n<meta property=\"og:site_name\" content=\"Batijournal\" \/>\n<meta property=\"article:published_time\" content=\"2018-03-29T06:20:32+00:00\" \/>\n<meta property=\"og:image\" content=\"https:\/\/batijournal.com\/wp-content\/uploads\/2017\/02\/industrie-ciment.jpg\" \/>\n\t<meta property=\"og:image:width\" content=\"1200\" \/>\n\t<meta property=\"og:image:height\" content=\"677\" \/>\n\t<meta property=\"og:image:type\" content=\"image\/jpeg\" \/>\n<meta name=\"author\" content=\"St\u00e9phane Miget\" \/>\n<meta name=\"twitter:card\" content=\"summary_large_image\" \/>\n<meta name=\"twitter:creator\" content=\"@bati_journal\" \/>\n<meta name=\"twitter:site\" content=\"@bati_journal\" \/>\n<meta name=\"twitter:label1\" content=\"\u00c9crit par\" \/>\n\t<meta name=\"twitter:data1\" content=\"St\u00e9phane Miget\" \/>\n<script type=\"application\/ld+json\" class=\"yoast-schema-graph\">{\"@context\":\"https:\\\/\\\/schema.org\",\"@graph\":[{\"@type\":\"Article\",\"@id\":\"https:\\\/\\\/batijournal.com\\\/index.php\\\/le-beton-et-les-artisans\\\/98762\\\/#article\",\"isPartOf\":{\"@id\":\"https:\\\/\\\/batijournal.com\\\/index.php\\\/le-beton-et-les-artisans\\\/98762\\\/\"},\"author\":{\"name\":\"St\u00e9phane Miget\",\"@id\":\"https:\\\/\\\/batijournal.com\\\/#\\\/schema\\\/person\\\/1dc96ec6957aa1ccb25ebe78bb19f100\"},\"headline\":\"Le b\u00e9ton et les artisans\",\"datePublished\":\"2018-03-29T06:20:32+00:00\",\"mainEntityOfPage\":{\"@id\":\"https:\\\/\\\/batijournal.com\\\/index.php\\\/le-beton-et-les-artisans\\\/98762\\\/\"},\"wordCount\":81,\"image\":{\"@id\":\"https:\\\/\\\/batijournal.com\\\/index.php\\\/le-beton-et-les-artisans\\\/98762\\\/#primaryimage\"},\"thumbnailUrl\":\"https:\\\/\\\/batijournal.com\\\/wp-content\\\/uploads\\\/2017\\\/02\\\/industrie-ciment.jpg\",\"keywords\":[\"b\u00e9ton\",\"CAPEB\",\"snbpe\"],\"articleSection\":[\"Actualit\u00e9s\",\"\u00c9conomie &amp; March\u00e9s\",\"\u00c9v\u00e9nements\",\"zz_5fa\u00e7ades\"],\"inLanguage\":\"fr-FR\"},{\"@type\":\"WebPage\",\"@id\":\"https:\\\/\\\/batijournal.com\\\/index.php\\\/le-beton-et-les-artisans\\\/98762\\\/\",\"url\":\"https:\\\/\\\/batijournal.com\\\/index.php\\\/le-beton-et-les-artisans\\\/98762\\\/\",\"name\":\"Le b\u00e9ton et les artisans\",\"isPartOf\":{\"@id\":\"https:\\\/\\\/batijournal.com\\\/#website\"},\"primaryImageOfPage\":{\"@id\":\"https:\\\/\\\/batijournal.com\\\/index.php\\\/le-beton-et-les-artisans\\\/98762\\\/#primaryimage\"},\"image\":{\"@id\":\"https:\\\/\\\/batijournal.com\\\/index.php\\\/le-beton-et-les-artisans\\\/98762\\\/#primaryimage\"},\"thumbnailUrl\":\"https:\\\/\\\/batijournal.com\\\/wp-content\\\/uploads\\\/2017\\\/02\\\/industrie-ciment.jpg\",\"datePublished\":\"2018-03-29T06:20:32+00:00\",\"author\":{\"@id\":\"https:\\\/\\\/batijournal.com\\\/#\\\/schema\\\/person\\\/1dc96ec6957aa1ccb25ebe78bb19f100\"},\"breadcrumb\":{\"@id\":\"https:\\\/\\\/batijournal.com\\\/index.php\\\/le-beton-et-les-artisans\\\/98762\\\/#breadcrumb\"},\"inLanguage\":\"fr-FR\",\"potentialAction\":[{\"@type\":\"ReadAction\",\"target\":[\"https:\\\/\\\/batijournal.com\\\/index.php\\\/le-beton-et-les-artisans\\\/98762\\\/\"]}]},{\"@type\":\"ImageObject\",\"inLanguage\":\"fr-FR\",\"@id\":\"https:\\\/\\\/batijournal.com\\\/index.php\\\/le-beton-et-les-artisans\\\/98762\\\/#primaryimage\",\"url\":\"https:\\\/\\\/batijournal.com\\\/wp-content\\\/uploads\\\/2017\\\/02\\\/industrie-ciment.jpg\",\"contentUrl\":\"https:\\\/\\\/batijournal.com\\\/wp-content\\\/uploads\\\/2017\\\/02\\\/industrie-ciment.jpg\",\"width\":1200,\"height\":677,\"caption\":\"le Syndicat Francais de l Industrie Cimentiere lance Cement Lab\"},{\"@type\":\"BreadcrumbList\",\"@id\":\"https:\\\/\\\/batijournal.com\\\/index.php\\\/le-beton-et-les-artisans\\\/98762\\\/#breadcrumb\",\"itemListElement\":[{\"@type\":\"ListItem\",\"position\":1,\"name\":\"Accueil\",\"item\":\"https:\\\/\\\/batijournal.com\\\/\"},{\"@type\":\"ListItem\",\"position\":2,\"name\":\"Actualit\u00e9s\",\"item\":\"https:\\\/\\\/batijournal.com\\\/index.php\\\/category\\\/actualites\\\/\"},{\"@type\":\"ListItem\",\"position\":3,\"name\":\"Le b\u00e9ton et les artisans\"}]},{\"@type\":\"WebSite\",\"@id\":\"https:\\\/\\\/batijournal.com\\\/#website\",\"url\":\"https:\\\/\\\/batijournal.com\\\/\",\"name\":\"Batijournal\",\"description\":\"L&#039;actualit\u00e9 du b\u00e2timent\",\"potentialAction\":[{\"@type\":\"SearchAction\",\"target\":{\"@type\":\"EntryPoint\",\"urlTemplate\":\"https:\\\/\\\/batijournal.com\\\/?s={search_term_string}\"},\"query-input\":{\"@type\":\"PropertyValueSpecification\",\"valueRequired\":true,\"valueName\":\"search_term_string\"}}],\"inLanguage\":\"fr-FR\"},{\"@type\":\"Person\",\"@id\":\"https:\\\/\\\/batijournal.com\\\/#\\\/schema\\\/person\\\/1dc96ec6957aa1ccb25ebe78bb19f100\",\"name\":\"St\u00e9phane Miget\",\"image\":{\"@type\":\"ImageObject\",\"inLanguage\":\"fr-FR\",\"@id\":\"https:\\\/\\\/secure.gravatar.com\\\/avatar\\\/89915563d925342126b8ef0281b93d9d7fc337043e8df017f780908eb9644451?s=96&d=mm&r=g\",\"url\":\"https:\\\/\\\/secure.gravatar.com\\\/avatar\\\/89915563d925342126b8ef0281b93d9d7fc337043e8df017f780908eb9644451?s=96&d=mm&r=g\",\"contentUrl\":\"https:\\\/\\\/secure.gravatar.com\\\/avatar\\\/89915563d925342126b8ef0281b93d9d7fc337043e8df017f780908eb9644451?s=96&d=mm&r=g\",\"caption\":\"St\u00e9phane Miget\"},\"url\":\"https:\\\/\\\/batijournal.com\\\/index.php\\\/author\\\/stephane\\\/\"}]}<\/script>\n<!-- \/ Yoast SEO plugin. -->","yoast_head_json":{"title":"Le b\u00e9ton et les artisans","robots":{"index":"index","follow":"follow","max-snippet":"max-snippet:-1","max-image-preview":"max-image-preview:large","max-video-preview":"max-video-preview:-1"},"canonical":"https:\/\/batijournal.com\/index.php\/le-beton-et-les-artisans\/98762\/","og_locale":"fr_FR","og_type":"article","og_title":"Le b\u00e9ton et les artisans","og_description":"Le SNBPE pr\u00e9sentera aux Journ\u00e9es de la Construction organis\u00e9es par la Capeb \u00e0 Brest, du 25 au 27 avril 2018, les leviers et les outils mis en place par la profession pour atteindre les objectifs du label E+C- (b\u00e2timent \u00e0 \u00e9nergie positive et r\u00e9duction carbone) fix\u00e9s par les pouvoirs publics. L\u2019objectif\u00a0? Accompagner les artisans-ma\u00e7ons dans [&hellip;]","og_url":"https:\/\/batijournal.com\/index.php\/le-beton-et-les-artisans\/98762\/","og_site_name":"Batijournal","article_published_time":"2018-03-29T06:20:32+00:00","og_image":[{"width":1200,"height":677,"url":"https:\/\/batijournal.com\/wp-content\/uploads\/2017\/02\/industrie-ciment.jpg","type":"image\/jpeg"}],"author":"St\u00e9phane Miget","twitter_card":"summary_large_image","twitter_creator":"@bati_journal","twitter_site":"@bati_journal","twitter_misc":{"\u00c9crit par":"St\u00e9phane Miget"},"schema":{"@context":"https:\/\/schema.org","@graph":[{"@type":"Article","@id":"https:\/\/batijournal.com\/index.php\/le-beton-et-les-artisans\/98762\/#article","isPartOf":{"@id":"https:\/\/batijournal.com\/index.php\/le-beton-et-les-artisans\/98762\/"},"author":{"name":"St\u00e9phane Miget","@id":"https:\/\/batijournal.com\/#\/schema\/person\/1dc96ec6957aa1ccb25ebe78bb19f100"},"headline":"Le b\u00e9ton et les artisans","datePublished":"2018-03-29T06:20:32+00:00","mainEntityOfPage":{"@id":"https:\/\/batijournal.com\/index.php\/le-beton-et-les-artisans\/98762\/"},"wordCount":81,"image":{"@id":"https:\/\/batijournal.com\/index.php\/le-beton-et-les-artisans\/98762\/#primaryimage"},"thumbnailUrl":"https:\/\/batijournal.com\/wp-content\/uploads\/2017\/02\/industrie-ciment.jpg","keywords":["b\u00e9ton","CAPEB","snbpe"],"articleSection":["Actualit\u00e9s","\u00c9conomie &amp; March\u00e9s","\u00c9v\u00e9nements","zz_5fa\u00e7ades"],"inLanguage":"fr-FR"},{"@type":"WebPage","@id":"https:\/\/batijournal.com\/index.php\/le-beton-et-les-artisans\/98762\/","url":"https:\/\/batijournal.com\/index.php\/le-beton-et-les-artisans\/98762\/","name":"Le b\u00e9ton et les artisans","isPartOf":{"@id":"https:\/\/batijournal.com\/#website"},"primaryImageOfPage":{"@id":"https:\/\/batijournal.com\/index.php\/le-beton-et-les-artisans\/98762\/#primaryimage"},"image":{"@id":"https:\/\/batijournal.com\/index.php\/le-beton-et-les-artisans\/98762\/#primaryimage"},"thumbnailUrl":"https:\/\/batijournal.com\/wp-content\/uploads\/2017\/02\/industrie-ciment.jpg","datePublished":"2018-03-29T06:20:32+00:00","author":{"@id":"https:\/\/batijournal.com\/#\/schema\/person\/1dc96ec6957aa1ccb25ebe78bb19f100"},"breadcrumb":{"@id":"https:\/\/batijournal.com\/index.php\/le-beton-et-les-artisans\/98762\/#breadcrumb"},"inLanguage":"fr-FR","potentialAction":[{"@type":"ReadAction","target":["https:\/\/batijournal.com\/index.php\/le-beton-et-les-artisans\/98762\/"]}]},{"@type":"ImageObject","inLanguage":"fr-FR","@id":"https:\/\/batijournal.com\/index.php\/le-beton-et-les-artisans\/98762\/#primaryimage","url":"https:\/\/batijournal.com\/wp-content\/uploads\/2017\/02\/industrie-ciment.jpg","contentUrl":"https:\/\/batijournal.com\/wp-content\/uploads\/2017\/02\/industrie-ciment.jpg","width":1200,"height":677,"caption":"le Syndicat Francais de l Industrie Cimentiere lance Cement Lab"},{"@type":"BreadcrumbList","@id":"https:\/\/batijournal.com\/index.php\/le-beton-et-les-artisans\/98762\/#breadcrumb","itemListElement":[{"@type":"ListItem","position":1,"name":"Accueil","item":"https:\/\/batijournal.com\/"},{"@type":"ListItem","position":2,"name":"Actualit\u00e9s","item":"https:\/\/batijournal.com\/index.php\/category\/actualites\/"},{"@type":"ListItem","position":3,"name":"Le b\u00e9ton et les artisans"}]},{"@type":"WebSite","@id":"https:\/\/batijournal.com\/#website","url":"https:\/\/batijournal.com\/","name":"Batijournal","description":"L&#039;actualit\u00e9 du b\u00e2timent","potentialAction":[{"@type":"SearchAction","target":{"@type":"EntryPoint","urlTemplate":"https:\/\/batijournal.com\/?s={search_term_string}"},"query-input":{"@type":"PropertyValueSpecification","valueRequired":true,"valueName":"search_term_string"}}],"inLanguage":"fr-FR"},{"@type":"Person","@id":"https:\/\/batijournal.com\/#\/schema\/person\/1dc96ec6957aa1ccb25ebe78bb19f100","name":"St\u00e9phane Miget","image":{"@type":"ImageObject","inLanguage":"fr-FR","@id":"https:\/\/secure.gravatar.com\/avatar\/89915563d925342126b8ef0281b93d9d7fc337043e8df017f780908eb9644451?s=96&d=mm&r=g","url":"https:\/\/secure.gravatar.com\/avatar\/89915563d925342126b8ef0281b93d9d7fc337043e8df017f780908eb9644451?s=96&d=mm&r=g","contentUrl":"https:\/\/secure.gravatar.com\/avatar\/89915563d925342126b8ef0281b93d9d7fc337043e8df017f780908eb9644451?s=96&d=mm&r=g","caption":"St\u00e9phane Miget"},"url":"https:\/\/batijournal.com\/index.php\/author\/stephane\/"}]}},"_links":{"self":[{"href":"https:\/\/batijournal.com\/index.php\/wp-json\/wp\/v2\/posts\/98762","targetHints":{"allow":["GET"]}}],"collection":[{"href":"https:\/\/batijournal.com\/index.php\/wp-json\/wp\/v2\/posts"}],"about":[{"href":"https:\/\/batijournal.com\/index.php\/wp-json\/wp\/v2\/types\/post"}],"author":[{"embeddable":true,"href":"https:\/\/batijournal.com\/index.php\/wp-json\/wp\/v2\/users\/17"}],"replies":[{"embeddable":true,"href":"https:\/\/batijournal.com\/index.php\/wp-json\/wp\/v2\/comments?post=98762"}],"version-history":[{"count":0,"href":"https:\/\/batijournal.com\/index.php\/wp-json\/wp\/v2\/posts\/98762\/revisions"}],"wp:featuredmedia":[{"embeddable":true,"href":"https:\/\/batijournal.com\/index.php\/wp-json\/wp\/v2\/media\/94908"}],"wp:attachment":[{"href":"https:\/\/batijournal.com\/index.php\/wp-json\/wp\/v2\/media?parent=98762"}],"wp:term":[{"taxonomy":"category","embeddable":true,"href":"https:\/\/batijournal.com\/index.php\/wp-json\/wp\/v2\/categories?post=98762"},{"taxonomy":"post_tag","embeddable":true,"href":"https:\/\/batijournal.com\/index.php\/wp-json\/wp\/v2\/tags?post=98762"}],"curies":[{"name":"wp","href":"https:\/\/api.w.org\/{rel}","templated":true}]}}