{"id":98779,"date":"2018-03-30T06:42:59","date_gmt":"2018-03-30T04:42:59","guid":{"rendered":"http:\/\/batijournal.com\/?p=98779"},"modified":"2019-07-15T11:26:57","modified_gmt":"2019-07-15T09:26:57","slug":"bois-francais-immeuble-quartier-eurorennes","status":"publish","type":"post","link":"https:\/\/batijournal.com\/index.php\/bois-francais-immeuble-quartier-eurorennes\/98779\/","title":{"rendered":"Du bois fran\u00e7ais pour l&rsquo;immeuble du quartier EuroRennes"},"content":{"rendered":"<p>Du bois fran\u00e7ais pour l&rsquo;immeuble du quartier EuroRennes<\/p>\n<p>D&rsquo;ici 2020, un nouvel immeuble marquera le paysage du quartier EuroRennes de sa silhouette originale, \u00e0 l&rsquo;est du pont Saint-H\u00e9lier : Horizons bois. Ce programme immobilier s&rsquo;\u00e9l\u00e8vera sur 12 niveaux avec 5555 m\u00b2 de surface plancher. C&rsquo;est un projet n\u00e9 d&rsquo;une initiative priv\u00e9e de l&rsquo;architecte Thierry Soquet, et port\u00e9 par le promoteur Lamotte, associ\u00e9 \u00e0 Architecture Plurielle (Rennes). Il s&rsquo;agira d&rsquo;un b\u00e2timent d\u00e9monstrateur de la fili\u00e8re du bois fran\u00e7ais, passif. Exemplaire de la mixit\u00e9 des usages, Horizons bois accueillera des bureaux sur 3 niveaux et 48 logements (accession libre) sur les 9 niveaux sup\u00e9rieurs. S&rsquo;articulant autour d&rsquo;un noyau b\u00e9ton, o\u00f9 sont regroup\u00e9s l&rsquo;ascenseur et l&rsquo;escalier desservant les logements, l&rsquo;ensemble de la structure porteuse et des planchers du b\u00e2timent sont en bois.<\/p>\n<p><em>\u00ab\u00a0Horizons Bois constitue un signal urbain puissant, un signal \u00e0 la fois architectural, mais aussi un signal du \u00a0\u00bb construire autrement \u00ab\u00a0, pour d\u00e9montrer la qualit\u00e9 d&rsquo;usage qu&rsquo;offre un immeuble bois. Un b\u00e2timent r\u00e9f\u00e9rent et p\u00e9dagogique en termes de performance \u00e9nerg\u00e9tique, d&rsquo;\u00e9co-construction, de mat\u00e9riaux biosourc\u00e9s, de syst\u00e8me d&rsquo;exploitation innovants des \u00e9nergies renouvelables avec sa toiture photovolta\u00efque.<\/em><br \/>\n<em>HorizonsS Bois met en avant un mat\u00e9riau, le bois, sous toutes ses formes : structure, isolation, d\u00e9coration, agencement&#8230; Les essences et les produits locaux seront largement valoris\u00e9s afin de r\u00e9pondre \u00e0 une d\u00e9marche \u00a0\u00bb objectif z\u00e9ro Carbone \u00ab\u00a0. Il s&rsquo;agit ainsi du h\u00eatre pour la structure, du ch\u00e2taignier pour les bardages, du douglas pour les terrasses, de l&rsquo;\u00e9pic\u00e9a pour les murs manteaux&#8230;\u00a0\u00bb<\/em> Thierry Soquet, Architecture Plurielle<\/p>\n<p>Visuel : Architecture Plurielle<\/p>\n","protected":false},"excerpt":{"rendered":"<p>Du bois fran\u00e7ais pour l&rsquo;immeuble du quartier EuroRennes D&rsquo;ici 2020, un nouvel immeuble marquera le paysage du quartier EuroRennes de sa silhouette originale, \u00e0 l&rsquo;est du pont Saint-H\u00e9lier : Horizons bois. Ce programme immobilier s&rsquo;\u00e9l\u00e8vera sur 12 niveaux avec 5555 m\u00b2 de surface plancher. C&rsquo;est un projet n\u00e9 d&rsquo;une initiative priv\u00e9e de l&rsquo;architecte Thierry Soquet, [&hellip;]<\/p>\n","protected":false},"author":17,"featured_media":98780,"comment_status":"closed","ping_status":"closed","sticky":false,"template":"","format":"standard","meta":{"_et_pb_use_builder":"","_et_pb_old_content":"","_et_gb_content_width":"","footnotes":""},"categories":[10530,6340,10764],"tags":[374],"class_list":["post-98779","post","type-post","status-publish","format-standard","has-post-thumbnail","hentry","category-actualites","category-architecture-conception","category-woodsurfer","tag-construction-bois-2"],"yoast_head":"<!-- This site is optimized with the Yoast SEO plugin v27.4 - https:\/\/yoast.com\/product\/yoast-seo-wordpress\/ -->\n<title>Quartier EuroRennes : du bois fran\u00e7ais pour l&#039;immeuble<\/title>\n<meta name=\"description\" content=\"D&#039;ici 2020, un nouvel immeuble marquera le paysage du quartier EuroRennes de sa silhouette originale, \u00e0 l&#039;est du pont Saint-H\u00e9lier : Horizons bois.\" \/>\n<meta name=\"robots\" content=\"index, follow, max-snippet:-1, max-image-preview:large, max-video-preview:-1\" \/>\n<link rel=\"canonical\" href=\"https:\/\/batijournal.com\/index.php\/bois-francais-immeuble-quartier-eurorennes\/98779\/\" \/>\n<meta property=\"og:locale\" content=\"fr_FR\" \/>\n<meta property=\"og:type\" content=\"article\" \/>\n<meta property=\"og:title\" content=\"Quartier EuroRennes : du bois fran\u00e7ais pour l&#039;immeuble\" \/>\n<meta property=\"og:description\" content=\"D&#039;ici 2020, un nouvel immeuble marquera le paysage du quartier EuroRennes de sa silhouette originale, \u00e0 l&#039;est du pont Saint-H\u00e9lier : Horizons bois.\" \/>\n<meta property=\"og:url\" content=\"https:\/\/batijournal.com\/index.php\/bois-francais-immeuble-quartier-eurorennes\/98779\/\" \/>\n<meta property=\"og:site_name\" content=\"Batijournal\" \/>\n<meta property=\"article:published_time\" content=\"2018-03-30T04:42:59+00:00\" \/>\n<meta property=\"article:modified_time\" content=\"2019-07-15T09:26:57+00:00\" \/>\n<meta property=\"og:image\" content=\"https:\/\/batijournal.com\/wp-content\/uploads\/2018\/03\/Horizons-bois-Eurorennes.jpg\" \/>\n\t<meta property=\"og:image:width\" content=\"1200\" \/>\n\t<meta property=\"og:image:height\" content=\"900\" \/>\n\t<meta property=\"og:image:type\" content=\"image\/jpeg\" \/>\n<meta name=\"author\" content=\"St\u00e9phane Miget\" \/>\n<meta name=\"twitter:card\" content=\"summary_large_image\" \/>\n<meta name=\"twitter:creator\" content=\"@bati_journal\" \/>\n<meta name=\"twitter:site\" content=\"@bati_journal\" \/>\n<meta name=\"twitter:label1\" content=\"\u00c9crit par\" \/>\n\t<meta name=\"twitter:data1\" content=\"St\u00e9phane Miget\" \/>\n\t<meta name=\"twitter:label2\" content=\"Dur\u00e9e de lecture estim\u00e9e\" \/>\n\t<meta name=\"twitter:data2\" content=\"1 minute\" \/>\n<script type=\"application\/ld+json\" class=\"yoast-schema-graph\">{\"@context\":\"https:\\\/\\\/schema.org\",\"@graph\":[{\"@type\":\"Article\",\"@id\":\"https:\\\/\\\/batijournal.com\\\/index.php\\\/bois-francais-immeuble-quartier-eurorennes\\\/98779\\\/#article\",\"isPartOf\":{\"@id\":\"https:\\\/\\\/batijournal.com\\\/index.php\\\/bois-francais-immeuble-quartier-eurorennes\\\/98779\\\/\"},\"author\":{\"name\":\"St\u00e9phane Miget\",\"@id\":\"https:\\\/\\\/batijournal.com\\\/#\\\/schema\\\/person\\\/1dc96ec6957aa1ccb25ebe78bb19f100\"},\"headline\":\"Du bois fran\u00e7ais pour l&rsquo;immeuble du quartier EuroRennes\",\"datePublished\":\"2018-03-30T04:42:59+00:00\",\"dateModified\":\"2019-07-15T09:26:57+00:00\",\"mainEntityOfPage\":{\"@id\":\"https:\\\/\\\/batijournal.com\\\/index.php\\\/bois-francais-immeuble-quartier-eurorennes\\\/98779\\\/\"},\"wordCount\":299,\"image\":{\"@id\":\"https:\\\/\\\/batijournal.com\\\/index.php\\\/bois-francais-immeuble-quartier-eurorennes\\\/98779\\\/#primaryimage\"},\"thumbnailUrl\":\"https:\\\/\\\/batijournal.com\\\/wp-content\\\/uploads\\\/2018\\\/03\\\/Horizons-bois-Eurorennes.jpg\",\"keywords\":[\"construction bois\"],\"articleSection\":[\"Actualit\u00e9s\",\"Architecture &amp; Conception\",\"zz_Woodsurfer\"],\"inLanguage\":\"fr-FR\"},{\"@type\":\"WebPage\",\"@id\":\"https:\\\/\\\/batijournal.com\\\/index.php\\\/bois-francais-immeuble-quartier-eurorennes\\\/98779\\\/\",\"url\":\"https:\\\/\\\/batijournal.com\\\/index.php\\\/bois-francais-immeuble-quartier-eurorennes\\\/98779\\\/\",\"name\":\"Quartier EuroRennes : du bois fran\u00e7ais pour l'immeuble\",\"isPartOf\":{\"@id\":\"https:\\\/\\\/batijournal.com\\\/#website\"},\"primaryImageOfPage\":{\"@id\":\"https:\\\/\\\/batijournal.com\\\/index.php\\\/bois-francais-immeuble-quartier-eurorennes\\\/98779\\\/#primaryimage\"},\"image\":{\"@id\":\"https:\\\/\\\/batijournal.com\\\/index.php\\\/bois-francais-immeuble-quartier-eurorennes\\\/98779\\\/#primaryimage\"},\"thumbnailUrl\":\"https:\\\/\\\/batijournal.com\\\/wp-content\\\/uploads\\\/2018\\\/03\\\/Horizons-bois-Eurorennes.jpg\",\"datePublished\":\"2018-03-30T04:42:59+00:00\",\"dateModified\":\"2019-07-15T09:26:57+00:00\",\"author\":{\"@id\":\"https:\\\/\\\/batijournal.com\\\/#\\\/schema\\\/person\\\/1dc96ec6957aa1ccb25ebe78bb19f100\"},\"description\":\"D'ici 2020, un nouvel immeuble marquera le paysage du quartier EuroRennes de sa silhouette originale, \u00e0 l'est du pont Saint-H\u00e9lier : Horizons bois.\",\"breadcrumb\":{\"@id\":\"https:\\\/\\\/batijournal.com\\\/index.php\\\/bois-francais-immeuble-quartier-eurorennes\\\/98779\\\/#breadcrumb\"},\"inLanguage\":\"fr-FR\",\"potentialAction\":[{\"@type\":\"ReadAction\",\"target\":[\"https:\\\/\\\/batijournal.com\\\/index.php\\\/bois-francais-immeuble-quartier-eurorennes\\\/98779\\\/\"]}]},{\"@type\":\"ImageObject\",\"inLanguage\":\"fr-FR\",\"@id\":\"https:\\\/\\\/batijournal.com\\\/index.php\\\/bois-francais-immeuble-quartier-eurorennes\\\/98779\\\/#primaryimage\",\"url\":\"https:\\\/\\\/batijournal.com\\\/wp-content\\\/uploads\\\/2018\\\/03\\\/Horizons-bois-Eurorennes.jpg\",\"contentUrl\":\"https:\\\/\\\/batijournal.com\\\/wp-content\\\/uploads\\\/2018\\\/03\\\/Horizons-bois-Eurorennes.jpg\",\"width\":1200,\"height\":900,\"caption\":\"bois-francais-immeuble-quartier-eurorennes\"},{\"@type\":\"BreadcrumbList\",\"@id\":\"https:\\\/\\\/batijournal.com\\\/index.php\\\/bois-francais-immeuble-quartier-eurorennes\\\/98779\\\/#breadcrumb\",\"itemListElement\":[{\"@type\":\"ListItem\",\"position\":1,\"name\":\"Accueil\",\"item\":\"https:\\\/\\\/batijournal.com\\\/\"},{\"@type\":\"ListItem\",\"position\":2,\"name\":\"Actualit\u00e9s\",\"item\":\"https:\\\/\\\/batijournal.com\\\/index.php\\\/category\\\/actualites\\\/\"},{\"@type\":\"ListItem\",\"position\":3,\"name\":\"Du bois fran\u00e7ais pour l&rsquo;immeuble du quartier EuroRennes\"}]},{\"@type\":\"WebSite\",\"@id\":\"https:\\\/\\\/batijournal.com\\\/#website\",\"url\":\"https:\\\/\\\/batijournal.com\\\/\",\"name\":\"Batijournal\",\"description\":\"L&#039;actualit\u00e9 du b\u00e2timent\",\"potentialAction\":[{\"@type\":\"SearchAction\",\"target\":{\"@type\":\"EntryPoint\",\"urlTemplate\":\"https:\\\/\\\/batijournal.com\\\/?s={search_term_string}\"},\"query-input\":{\"@type\":\"PropertyValueSpecification\",\"valueRequired\":true,\"valueName\":\"search_term_string\"}}],\"inLanguage\":\"fr-FR\"},{\"@type\":\"Person\",\"@id\":\"https:\\\/\\\/batijournal.com\\\/#\\\/schema\\\/person\\\/1dc96ec6957aa1ccb25ebe78bb19f100\",\"name\":\"St\u00e9phane Miget\",\"image\":{\"@type\":\"ImageObject\",\"inLanguage\":\"fr-FR\",\"@id\":\"https:\\\/\\\/secure.gravatar.com\\\/avatar\\\/89915563d925342126b8ef0281b93d9d7fc337043e8df017f780908eb9644451?s=96&d=mm&r=g\",\"url\":\"https:\\\/\\\/secure.gravatar.com\\\/avatar\\\/89915563d925342126b8ef0281b93d9d7fc337043e8df017f780908eb9644451?s=96&d=mm&r=g\",\"contentUrl\":\"https:\\\/\\\/secure.gravatar.com\\\/avatar\\\/89915563d925342126b8ef0281b93d9d7fc337043e8df017f780908eb9644451?s=96&d=mm&r=g\",\"caption\":\"St\u00e9phane Miget\"},\"url\":\"https:\\\/\\\/batijournal.com\\\/index.php\\\/author\\\/stephane\\\/\"}]}<\/script>\n<!-- \/ Yoast SEO plugin. -->","yoast_head_json":{"title":"Quartier EuroRennes : du bois fran\u00e7ais pour l'immeuble","description":"D'ici 2020, un nouvel immeuble marquera le paysage du quartier EuroRennes de sa silhouette originale, \u00e0 l'est du pont Saint-H\u00e9lier : Horizons bois.","robots":{"index":"index","follow":"follow","max-snippet":"max-snippet:-1","max-image-preview":"max-image-preview:large","max-video-preview":"max-video-preview:-1"},"canonical":"https:\/\/batijournal.com\/index.php\/bois-francais-immeuble-quartier-eurorennes\/98779\/","og_locale":"fr_FR","og_type":"article","og_title":"Quartier EuroRennes : du bois fran\u00e7ais pour l'immeuble","og_description":"D'ici 2020, un nouvel immeuble marquera le paysage du quartier EuroRennes de sa silhouette originale, \u00e0 l'est du pont Saint-H\u00e9lier : Horizons bois.","og_url":"https:\/\/batijournal.com\/index.php\/bois-francais-immeuble-quartier-eurorennes\/98779\/","og_site_name":"Batijournal","article_published_time":"2018-03-30T04:42:59+00:00","article_modified_time":"2019-07-15T09:26:57+00:00","og_image":[{"width":1200,"height":900,"url":"https:\/\/batijournal.com\/wp-content\/uploads\/2018\/03\/Horizons-bois-Eurorennes.jpg","type":"image\/jpeg"}],"author":"St\u00e9phane Miget","twitter_card":"summary_large_image","twitter_creator":"@bati_journal","twitter_site":"@bati_journal","twitter_misc":{"\u00c9crit par":"St\u00e9phane Miget","Dur\u00e9e de lecture estim\u00e9e":"1 minute"},"schema":{"@context":"https:\/\/schema.org","@graph":[{"@type":"Article","@id":"https:\/\/batijournal.com\/index.php\/bois-francais-immeuble-quartier-eurorennes\/98779\/#article","isPartOf":{"@id":"https:\/\/batijournal.com\/index.php\/bois-francais-immeuble-quartier-eurorennes\/98779\/"},"author":{"name":"St\u00e9phane Miget","@id":"https:\/\/batijournal.com\/#\/schema\/person\/1dc96ec6957aa1ccb25ebe78bb19f100"},"headline":"Du bois fran\u00e7ais pour l&rsquo;immeuble du quartier EuroRennes","datePublished":"2018-03-30T04:42:59+00:00","dateModified":"2019-07-15T09:26:57+00:00","mainEntityOfPage":{"@id":"https:\/\/batijournal.com\/index.php\/bois-francais-immeuble-quartier-eurorennes\/98779\/"},"wordCount":299,"image":{"@id":"https:\/\/batijournal.com\/index.php\/bois-francais-immeuble-quartier-eurorennes\/98779\/#primaryimage"},"thumbnailUrl":"https:\/\/batijournal.com\/wp-content\/uploads\/2018\/03\/Horizons-bois-Eurorennes.jpg","keywords":["construction bois"],"articleSection":["Actualit\u00e9s","Architecture &amp; Conception","zz_Woodsurfer"],"inLanguage":"fr-FR"},{"@type":"WebPage","@id":"https:\/\/batijournal.com\/index.php\/bois-francais-immeuble-quartier-eurorennes\/98779\/","url":"https:\/\/batijournal.com\/index.php\/bois-francais-immeuble-quartier-eurorennes\/98779\/","name":"Quartier EuroRennes : du bois fran\u00e7ais pour l'immeuble","isPartOf":{"@id":"https:\/\/batijournal.com\/#website"},"primaryImageOfPage":{"@id":"https:\/\/batijournal.com\/index.php\/bois-francais-immeuble-quartier-eurorennes\/98779\/#primaryimage"},"image":{"@id":"https:\/\/batijournal.com\/index.php\/bois-francais-immeuble-quartier-eurorennes\/98779\/#primaryimage"},"thumbnailUrl":"https:\/\/batijournal.com\/wp-content\/uploads\/2018\/03\/Horizons-bois-Eurorennes.jpg","datePublished":"2018-03-30T04:42:59+00:00","dateModified":"2019-07-15T09:26:57+00:00","author":{"@id":"https:\/\/batijournal.com\/#\/schema\/person\/1dc96ec6957aa1ccb25ebe78bb19f100"},"description":"D'ici 2020, un nouvel immeuble marquera le paysage du quartier EuroRennes de sa silhouette originale, \u00e0 l'est du pont Saint-H\u00e9lier : Horizons bois.","breadcrumb":{"@id":"https:\/\/batijournal.com\/index.php\/bois-francais-immeuble-quartier-eurorennes\/98779\/#breadcrumb"},"inLanguage":"fr-FR","potentialAction":[{"@type":"ReadAction","target":["https:\/\/batijournal.com\/index.php\/bois-francais-immeuble-quartier-eurorennes\/98779\/"]}]},{"@type":"ImageObject","inLanguage":"fr-FR","@id":"https:\/\/batijournal.com\/index.php\/bois-francais-immeuble-quartier-eurorennes\/98779\/#primaryimage","url":"https:\/\/batijournal.com\/wp-content\/uploads\/2018\/03\/Horizons-bois-Eurorennes.jpg","contentUrl":"https:\/\/batijournal.com\/wp-content\/uploads\/2018\/03\/Horizons-bois-Eurorennes.jpg","width":1200,"height":900,"caption":"bois-francais-immeuble-quartier-eurorennes"},{"@type":"BreadcrumbList","@id":"https:\/\/batijournal.com\/index.php\/bois-francais-immeuble-quartier-eurorennes\/98779\/#breadcrumb","itemListElement":[{"@type":"ListItem","position":1,"name":"Accueil","item":"https:\/\/batijournal.com\/"},{"@type":"ListItem","position":2,"name":"Actualit\u00e9s","item":"https:\/\/batijournal.com\/index.php\/category\/actualites\/"},{"@type":"ListItem","position":3,"name":"Du bois fran\u00e7ais pour l&rsquo;immeuble du quartier EuroRennes"}]},{"@type":"WebSite","@id":"https:\/\/batijournal.com\/#website","url":"https:\/\/batijournal.com\/","name":"Batijournal","description":"L&#039;actualit\u00e9 du b\u00e2timent","potentialAction":[{"@type":"SearchAction","target":{"@type":"EntryPoint","urlTemplate":"https:\/\/batijournal.com\/?s={search_term_string}"},"query-input":{"@type":"PropertyValueSpecification","valueRequired":true,"valueName":"search_term_string"}}],"inLanguage":"fr-FR"},{"@type":"Person","@id":"https:\/\/batijournal.com\/#\/schema\/person\/1dc96ec6957aa1ccb25ebe78bb19f100","name":"St\u00e9phane Miget","image":{"@type":"ImageObject","inLanguage":"fr-FR","@id":"https:\/\/secure.gravatar.com\/avatar\/89915563d925342126b8ef0281b93d9d7fc337043e8df017f780908eb9644451?s=96&d=mm&r=g","url":"https:\/\/secure.gravatar.com\/avatar\/89915563d925342126b8ef0281b93d9d7fc337043e8df017f780908eb9644451?s=96&d=mm&r=g","contentUrl":"https:\/\/secure.gravatar.com\/avatar\/89915563d925342126b8ef0281b93d9d7fc337043e8df017f780908eb9644451?s=96&d=mm&r=g","caption":"St\u00e9phane Miget"},"url":"https:\/\/batijournal.com\/index.php\/author\/stephane\/"}]}},"_links":{"self":[{"href":"https:\/\/batijournal.com\/index.php\/wp-json\/wp\/v2\/posts\/98779","targetHints":{"allow":["GET"]}}],"collection":[{"href":"https:\/\/batijournal.com\/index.php\/wp-json\/wp\/v2\/posts"}],"about":[{"href":"https:\/\/batijournal.com\/index.php\/wp-json\/wp\/v2\/types\/post"}],"author":[{"embeddable":true,"href":"https:\/\/batijournal.com\/index.php\/wp-json\/wp\/v2\/users\/17"}],"replies":[{"embeddable":true,"href":"https:\/\/batijournal.com\/index.php\/wp-json\/wp\/v2\/comments?post=98779"}],"version-history":[{"count":0,"href":"https:\/\/batijournal.com\/index.php\/wp-json\/wp\/v2\/posts\/98779\/revisions"}],"wp:featuredmedia":[{"embeddable":true,"href":"https:\/\/batijournal.com\/index.php\/wp-json\/wp\/v2\/media\/98780"}],"wp:attachment":[{"href":"https:\/\/batijournal.com\/index.php\/wp-json\/wp\/v2\/media?parent=98779"}],"wp:term":[{"taxonomy":"category","embeddable":true,"href":"https:\/\/batijournal.com\/index.php\/wp-json\/wp\/v2\/categories?post=98779"},{"taxonomy":"post_tag","embeddable":true,"href":"https:\/\/batijournal.com\/index.php\/wp-json\/wp\/v2\/tags?post=98779"}],"curies":[{"name":"wp","href":"https:\/\/api.w.org\/{rel}","templated":true}]}}