{"id":98783,"date":"2018-04-03T08:49:03","date_gmt":"2018-04-03T06:49:03","guid":{"rendered":"http:\/\/batijournal.com\/?p=98783"},"modified":"2018-04-03T08:49:03","modified_gmt":"2018-04-03T06:49:03","slug":"loi-elan-maitrise-doeuvre-souligne-oublis","status":"publish","type":"post","link":"https:\/\/batijournal.com\/index.php\/loi-elan-maitrise-doeuvre-souligne-oublis\/98783\/","title":{"rendered":"Loi ELAN : la ma\u00eetrise d\u2019\u0153uvre souligne les oublis"},"content":{"rendered":"<p><strong>Les acteurs de la ma\u00eetrise d\u2019\u0153uvre (CINOV, SYNTEC-Ing\u00e9nierie, UNSFA et UNTEC) regrettent que le projet de texte l\u00e9gislatif de la ELAN (\u00c9volution du Logement, de l\u2019Am\u00e9nagement et du Num\u00e9rique) ne soit pas plus ambitieux.<\/strong><\/p>\n<p>O\u00f9 est pass\u00e9 le carnet num\u00e9rique du b\u00e2timent, qui doit permettre aux professionnels comme aux particuliers d\u2019acc\u00e9der \u00e0 une information fiable, simple et d\u00e9mat\u00e9rialis\u00e9e pour bien utiliser et entretenir son logement et r\u00e9duire les d\u00e9penses \u00e9nerg\u00e9tiques ? Quelle place accorde-t-on au BIM, qui en s\u2019appuyant sur une ing\u00e9nierie efficace et valoris\u00e9e \u00e0 sa juste valeur contribuera \u00e0 am\u00e9liorer la performance des b\u00e2timents ?<\/p>\n<p><strong>Pour une ma\u00eetrise d&rsquo;ouvrage publique forte et une ma\u00eetrise d\u2019\u0153uvre priv\u00e9e ind\u00e9pendante au service des territoires<\/strong><br \/>\nLe projet de loi autorise dans le cadre des Grandes Op\u00e9rations d\u2019Am\u00e9nagement (GOU) les op\u00e9rateurs tels que les EPCI, EPA et filiales des soci\u00e9t\u00e9s d\u2019HLM \u00e0 construire des logements et des \u00e9quipements (gymnases, \u00e9coles, etc.) \u00e0 l\u2019\u00e9chelle d\u2018un quartier, au risque d\u2019\u00e9vincer les acteurs de la ma\u00eetrise d\u2019\u0153uvre urbaine de leurs missions habituelles.<\/p>\n<p><strong>Construire mieux : pour une meilleure prise en compte de la qualit\u00e9 des constructions<\/strong><\/p>\n<p><strong>Adapter la loi MOP<\/strong><br \/>\nPourquoi pr\u00e9voir plusieurs d\u00e9rogations \u00e0 la loi MOP pour les bailleurs sociaux, alors qu\u2019elle apporte des garanties \u00e0 la qualit\u00e9 d\u2019un ouvrage ? \u00a0Recourir \u00e0 un ma\u00eetre d\u2019\u0153uvre ind\u00e9pendant et responsable a toujours \u00e9t\u00e9 le gage d\u2019une meilleure qualit\u00e9 de construction. Plut\u00f4t que de vider la loi MOP de son contenu, ne faut-il pas la faire \u00e9voluer ? Les acteurs de la ma\u00eetrise d\u2019\u0153uvre appelent \u00e0 lui redonner un champ d\u2019application \u00e9tendu et \u00e0 la compl\u00e9ter par de nouvelles missions qui r\u00e9pondent aux enjeux d\u2019aujourd\u2019hui et de demain (transition \u00e9nerg\u00e9tique et digitale, \u00e9conomie des ressources, \u00e9volutivit\u00e9 des usages des b\u00e2timents, etc.).<\/p>\n<p><strong>Ne recourir aux contrats globaux que sous certaines conditions<\/strong><br \/>\nL\u2019utilisation de la conception-r\u00e9alisation pour la construction de logements ne garantissant pas l\u2019ind\u00e9pendance de la ma\u00eetrise d\u2019\u0153uvre vis-\u00e0-vis de la ma\u00eetrise d\u2019ouvrage, elle peut nuire \u00e0 la qualit\u00e9 et la s\u00e9curit\u00e9 des projets au d\u00e9triment des usagers. Elle pourrait conduire \u00e0 une massification qui serait potentiellement pr\u00e9judiciable pour nombre d\u2019entreprises et particuli\u00e8rement les TPME. Les acteurs de la ma\u00eetrise d\u2019\u0153uvre veulent que toute prolongation de la conception-r\u00e9alisation puisse \u00eatre accompagn\u00e9e d\u2019une v\u00e9ritable \u00e9valuation, \u00e0 l\u2019instar de celle r\u00e9alis\u00e9e par l\u2019Etat dans la construction d\u2019ouvrages de sant\u00e9 et p\u00e9nitentiaires.<\/p>\n<p><strong>Conserver le concours de ma\u00eetrise d\u2019\u0153uvre<\/strong><br \/>\nLe concours de ma\u00eetrise d\u2019\u0153uvre est un outil de valorisation de la commande publique. Pourquoi le supprimer alors qu\u2019il a largement fait ses preuves en mati\u00e8re d\u2019innovation qu\u2019il participe \u00e0 la qualit\u00e9 de la conception des projets de logements et permet d\u2019anticiper les \u00e9tudes de conception, d\u2019ex\u00e9cution et de planification autour d\u2019une \u00e9quipe de ma\u00eetrise d\u2019\u0153uvre ind\u00e9pendante d\u00e9di\u00e9e ?<\/p>\n<p><strong>Pour une r\u00e9ponse rapide et efficace \u00e0 une demande grandissante de logements<\/strong><br \/>\nLa ma\u00eetrise d\u2019ouvrage sociale doit pouvoir recourir \u00e0 tous les modes de construction et d\u2019innovation pour r\u00e9pondre \u00e0 la demande grandissante de logements. La pr\u00e9fabrication comme les proc\u00e9d\u00e9s de construction traditionnelle doivent b\u00e9n\u00e9ficier des avanc\u00e9es technologiques et industrielles et satisfaire aux exigences de qualit\u00e9 architecturale, environnementale et soci\u00e9tale. Dans cette perspective, la loi devra pr\u00e9ciser le p\u00e9rim\u00e8tre de la pr\u00e9fabrication.<br \/>\nEnfin, si le projet de loi ELAN ouvre des perspectives int\u00e9ressantes, il reste trop cantonn\u00e9 \u00e0 la construction neuve ; 20 millions de logements construits en France avant 1975 n\u00e9cessitent une r\u00e9habilitation lourde. Au rythme pr\u00e9vu par le Gouvernement, il faudrait 40 ans pour am\u00e9liorer leur performance \u00e9nerg\u00e9tique.<\/p>\n<p>Ce projet de loi oublie \u00e9galement de prendre en compte l&rsquo;entretien et la maintenance des b\u00e2timents, qui sont pourtant des enjeux cruciaux pour le logement social.\u00a0L\u2019innovation dans les logements, leur \u00e9volutivit\u00e9, leur adaptation aux nouveaux modes de vie, au t\u00e9l\u00e9travail, au vieillissement&#8230;, leur r\u00e9versibilit\u00e9, la mixit\u00e9 des usages dans les b\u00e2timents sont autant de th\u00e8mes pour lesquels les acteurs de ma\u00eetrise d&rsquo;\u0153uvre ont fait de nombreuses propositions mais qui sont absents du d\u00e9bat.<\/p>\n","protected":false},"excerpt":{"rendered":"<p>Les acteurs de la ma\u00eetrise d\u2019\u0153uvre (CINOV, SYNTEC-Ing\u00e9nierie, UNSFA et UNTEC) regrettent que le projet de texte l\u00e9gislatif de la ELAN (\u00c9volution du Logement, de l\u2019Am\u00e9nagement et du Num\u00e9rique) ne soit pas plus ambitieux. O\u00f9 est pass\u00e9 le carnet num\u00e9rique du b\u00e2timent, qui doit permettre aux professionnels comme aux particuliers d\u2019acc\u00e9der \u00e0 une information fiable, [&hellip;]<\/p>\n","protected":false},"author":17,"featured_media":95957,"comment_status":"closed","ping_status":"closed","sticky":false,"template":"","format":"standard","meta":{"_et_pb_use_builder":"","_et_pb_old_content":"","_et_gb_content_width":"","footnotes":""},"categories":[10530,6340],"tags":[12352,9406],"class_list":["post-98783","post","type-post","status-publish","format-standard","has-post-thumbnail","hentry","category-actualites","category-architecture-conception","tag-loi-elan","tag-maitrise-doeuvre"],"yoast_head":"<!-- This site is optimized with the Yoast SEO plugin v27.4 - https:\/\/yoast.com\/product\/yoast-seo-wordpress\/ -->\n<title>Loi ELAN : la ma\u00eetrise d\u2019\u0153uvre souligne les oublis<\/title>\n<meta name=\"robots\" content=\"index, follow, max-snippet:-1, max-image-preview:large, max-video-preview:-1\" \/>\n<link rel=\"canonical\" href=\"https:\/\/batijournal.com\/index.php\/loi-elan-maitrise-doeuvre-souligne-oublis\/98783\/\" \/>\n<meta property=\"og:locale\" content=\"fr_FR\" \/>\n<meta property=\"og:type\" content=\"article\" \/>\n<meta property=\"og:title\" content=\"Loi ELAN : la ma\u00eetrise d\u2019\u0153uvre souligne les oublis\" \/>\n<meta property=\"og:description\" content=\"Les acteurs de la ma\u00eetrise d\u2019\u0153uvre (CINOV, SYNTEC-Ing\u00e9nierie, UNSFA et UNTEC) regrettent que le projet de texte l\u00e9gislatif de la ELAN (\u00c9volution du Logement, de l\u2019Am\u00e9nagement et du Num\u00e9rique) ne soit pas plus ambitieux. O\u00f9 est pass\u00e9 le carnet num\u00e9rique du b\u00e2timent, qui doit permettre aux professionnels comme aux particuliers d\u2019acc\u00e9der \u00e0 une information fiable, [&hellip;]\" \/>\n<meta property=\"og:url\" content=\"https:\/\/batijournal.com\/index.php\/loi-elan-maitrise-doeuvre-souligne-oublis\/98783\/\" \/>\n<meta property=\"og:site_name\" content=\"Batijournal\" \/>\n<meta property=\"article:published_time\" content=\"2018-04-03T06:49:03+00:00\" \/>\n<meta property=\"og:image\" content=\"https:\/\/batijournal.com\/wp-content\/uploads\/2017\/05\/chantier-batiment.jpg\" \/>\n\t<meta property=\"og:image:width\" content=\"1200\" \/>\n\t<meta property=\"og:image:height\" content=\"676\" \/>\n\t<meta property=\"og:image:type\" content=\"image\/jpeg\" \/>\n<meta name=\"author\" content=\"St\u00e9phane Miget\" \/>\n<meta name=\"twitter:card\" content=\"summary_large_image\" \/>\n<meta name=\"twitter:creator\" content=\"@bati_journal\" \/>\n<meta name=\"twitter:site\" content=\"@bati_journal\" \/>\n<meta name=\"twitter:label1\" content=\"\u00c9crit par\" \/>\n\t<meta name=\"twitter:data1\" content=\"St\u00e9phane Miget\" \/>\n\t<meta name=\"twitter:label2\" content=\"Dur\u00e9e de lecture estim\u00e9e\" \/>\n\t<meta name=\"twitter:data2\" content=\"4 minutes\" \/>\n<script type=\"application\/ld+json\" class=\"yoast-schema-graph\">{\"@context\":\"https:\\\/\\\/schema.org\",\"@graph\":[{\"@type\":\"Article\",\"@id\":\"https:\\\/\\\/batijournal.com\\\/index.php\\\/loi-elan-maitrise-doeuvre-souligne-oublis\\\/98783\\\/#article\",\"isPartOf\":{\"@id\":\"https:\\\/\\\/batijournal.com\\\/index.php\\\/loi-elan-maitrise-doeuvre-souligne-oublis\\\/98783\\\/\"},\"author\":{\"name\":\"St\u00e9phane Miget\",\"@id\":\"https:\\\/\\\/batijournal.com\\\/#\\\/schema\\\/person\\\/1dc96ec6957aa1ccb25ebe78bb19f100\"},\"headline\":\"Loi ELAN : la ma\u00eetrise d\u2019\u0153uvre souligne les oublis\",\"datePublished\":\"2018-04-03T06:49:03+00:00\",\"mainEntityOfPage\":{\"@id\":\"https:\\\/\\\/batijournal.com\\\/index.php\\\/loi-elan-maitrise-doeuvre-souligne-oublis\\\/98783\\\/\"},\"wordCount\":757,\"image\":{\"@id\":\"https:\\\/\\\/batijournal.com\\\/index.php\\\/loi-elan-maitrise-doeuvre-souligne-oublis\\\/98783\\\/#primaryimage\"},\"thumbnailUrl\":\"https:\\\/\\\/batijournal.com\\\/wp-content\\\/uploads\\\/2017\\\/05\\\/chantier-batiment.jpg\",\"keywords\":[\"Loi Elan\",\"maitrise doeuvre\"],\"articleSection\":[\"Actualit\u00e9s\",\"Architecture &amp; Conception\"],\"inLanguage\":\"fr-FR\"},{\"@type\":\"WebPage\",\"@id\":\"https:\\\/\\\/batijournal.com\\\/index.php\\\/loi-elan-maitrise-doeuvre-souligne-oublis\\\/98783\\\/\",\"url\":\"https:\\\/\\\/batijournal.com\\\/index.php\\\/loi-elan-maitrise-doeuvre-souligne-oublis\\\/98783\\\/\",\"name\":\"Loi ELAN : la ma\u00eetrise d\u2019\u0153uvre souligne les oublis\",\"isPartOf\":{\"@id\":\"https:\\\/\\\/batijournal.com\\\/#website\"},\"primaryImageOfPage\":{\"@id\":\"https:\\\/\\\/batijournal.com\\\/index.php\\\/loi-elan-maitrise-doeuvre-souligne-oublis\\\/98783\\\/#primaryimage\"},\"image\":{\"@id\":\"https:\\\/\\\/batijournal.com\\\/index.php\\\/loi-elan-maitrise-doeuvre-souligne-oublis\\\/98783\\\/#primaryimage\"},\"thumbnailUrl\":\"https:\\\/\\\/batijournal.com\\\/wp-content\\\/uploads\\\/2017\\\/05\\\/chantier-batiment.jpg\",\"datePublished\":\"2018-04-03T06:49:03+00:00\",\"author\":{\"@id\":\"https:\\\/\\\/batijournal.com\\\/#\\\/schema\\\/person\\\/1dc96ec6957aa1ccb25ebe78bb19f100\"},\"breadcrumb\":{\"@id\":\"https:\\\/\\\/batijournal.com\\\/index.php\\\/loi-elan-maitrise-doeuvre-souligne-oublis\\\/98783\\\/#breadcrumb\"},\"inLanguage\":\"fr-FR\",\"potentialAction\":[{\"@type\":\"ReadAction\",\"target\":[\"https:\\\/\\\/batijournal.com\\\/index.php\\\/loi-elan-maitrise-doeuvre-souligne-oublis\\\/98783\\\/\"]}]},{\"@type\":\"ImageObject\",\"inLanguage\":\"fr-FR\",\"@id\":\"https:\\\/\\\/batijournal.com\\\/index.php\\\/loi-elan-maitrise-doeuvre-souligne-oublis\\\/98783\\\/#primaryimage\",\"url\":\"https:\\\/\\\/batijournal.com\\\/wp-content\\\/uploads\\\/2017\\\/05\\\/chantier-batiment.jpg\",\"contentUrl\":\"https:\\\/\\\/batijournal.com\\\/wp-content\\\/uploads\\\/2017\\\/05\\\/chantier-batiment.jpg\",\"width\":1200,\"height\":676},{\"@type\":\"BreadcrumbList\",\"@id\":\"https:\\\/\\\/batijournal.com\\\/index.php\\\/loi-elan-maitrise-doeuvre-souligne-oublis\\\/98783\\\/#breadcrumb\",\"itemListElement\":[{\"@type\":\"ListItem\",\"position\":1,\"name\":\"Accueil\",\"item\":\"https:\\\/\\\/batijournal.com\\\/\"},{\"@type\":\"ListItem\",\"position\":2,\"name\":\"Actualit\u00e9s\",\"item\":\"https:\\\/\\\/batijournal.com\\\/index.php\\\/category\\\/actualites\\\/\"},{\"@type\":\"ListItem\",\"position\":3,\"name\":\"Loi ELAN : la ma\u00eetrise d\u2019\u0153uvre souligne les oublis\"}]},{\"@type\":\"WebSite\",\"@id\":\"https:\\\/\\\/batijournal.com\\\/#website\",\"url\":\"https:\\\/\\\/batijournal.com\\\/\",\"name\":\"Batijournal\",\"description\":\"L&#039;actualit\u00e9 du b\u00e2timent\",\"potentialAction\":[{\"@type\":\"SearchAction\",\"target\":{\"@type\":\"EntryPoint\",\"urlTemplate\":\"https:\\\/\\\/batijournal.com\\\/?s={search_term_string}\"},\"query-input\":{\"@type\":\"PropertyValueSpecification\",\"valueRequired\":true,\"valueName\":\"search_term_string\"}}],\"inLanguage\":\"fr-FR\"},{\"@type\":\"Person\",\"@id\":\"https:\\\/\\\/batijournal.com\\\/#\\\/schema\\\/person\\\/1dc96ec6957aa1ccb25ebe78bb19f100\",\"name\":\"St\u00e9phane Miget\",\"image\":{\"@type\":\"ImageObject\",\"inLanguage\":\"fr-FR\",\"@id\":\"https:\\\/\\\/secure.gravatar.com\\\/avatar\\\/89915563d925342126b8ef0281b93d9d7fc337043e8df017f780908eb9644451?s=96&d=mm&r=g\",\"url\":\"https:\\\/\\\/secure.gravatar.com\\\/avatar\\\/89915563d925342126b8ef0281b93d9d7fc337043e8df017f780908eb9644451?s=96&d=mm&r=g\",\"contentUrl\":\"https:\\\/\\\/secure.gravatar.com\\\/avatar\\\/89915563d925342126b8ef0281b93d9d7fc337043e8df017f780908eb9644451?s=96&d=mm&r=g\",\"caption\":\"St\u00e9phane Miget\"},\"url\":\"https:\\\/\\\/batijournal.com\\\/index.php\\\/author\\\/stephane\\\/\"}]}<\/script>\n<!-- \/ Yoast SEO plugin. -->","yoast_head_json":{"title":"Loi ELAN : la ma\u00eetrise d\u2019\u0153uvre souligne les oublis","robots":{"index":"index","follow":"follow","max-snippet":"max-snippet:-1","max-image-preview":"max-image-preview:large","max-video-preview":"max-video-preview:-1"},"canonical":"https:\/\/batijournal.com\/index.php\/loi-elan-maitrise-doeuvre-souligne-oublis\/98783\/","og_locale":"fr_FR","og_type":"article","og_title":"Loi ELAN : la ma\u00eetrise d\u2019\u0153uvre souligne les oublis","og_description":"Les acteurs de la ma\u00eetrise d\u2019\u0153uvre (CINOV, SYNTEC-Ing\u00e9nierie, UNSFA et UNTEC) regrettent que le projet de texte l\u00e9gislatif de la ELAN (\u00c9volution du Logement, de l\u2019Am\u00e9nagement et du Num\u00e9rique) ne soit pas plus ambitieux. O\u00f9 est pass\u00e9 le carnet num\u00e9rique du b\u00e2timent, qui doit permettre aux professionnels comme aux particuliers d\u2019acc\u00e9der \u00e0 une information fiable, [&hellip;]","og_url":"https:\/\/batijournal.com\/index.php\/loi-elan-maitrise-doeuvre-souligne-oublis\/98783\/","og_site_name":"Batijournal","article_published_time":"2018-04-03T06:49:03+00:00","og_image":[{"width":1200,"height":676,"url":"https:\/\/batijournal.com\/wp-content\/uploads\/2017\/05\/chantier-batiment.jpg","type":"image\/jpeg"}],"author":"St\u00e9phane Miget","twitter_card":"summary_large_image","twitter_creator":"@bati_journal","twitter_site":"@bati_journal","twitter_misc":{"\u00c9crit par":"St\u00e9phane Miget","Dur\u00e9e de lecture estim\u00e9e":"4 minutes"},"schema":{"@context":"https:\/\/schema.org","@graph":[{"@type":"Article","@id":"https:\/\/batijournal.com\/index.php\/loi-elan-maitrise-doeuvre-souligne-oublis\/98783\/#article","isPartOf":{"@id":"https:\/\/batijournal.com\/index.php\/loi-elan-maitrise-doeuvre-souligne-oublis\/98783\/"},"author":{"name":"St\u00e9phane Miget","@id":"https:\/\/batijournal.com\/#\/schema\/person\/1dc96ec6957aa1ccb25ebe78bb19f100"},"headline":"Loi ELAN : la ma\u00eetrise d\u2019\u0153uvre souligne les oublis","datePublished":"2018-04-03T06:49:03+00:00","mainEntityOfPage":{"@id":"https:\/\/batijournal.com\/index.php\/loi-elan-maitrise-doeuvre-souligne-oublis\/98783\/"},"wordCount":757,"image":{"@id":"https:\/\/batijournal.com\/index.php\/loi-elan-maitrise-doeuvre-souligne-oublis\/98783\/#primaryimage"},"thumbnailUrl":"https:\/\/batijournal.com\/wp-content\/uploads\/2017\/05\/chantier-batiment.jpg","keywords":["Loi Elan","maitrise doeuvre"],"articleSection":["Actualit\u00e9s","Architecture &amp; Conception"],"inLanguage":"fr-FR"},{"@type":"WebPage","@id":"https:\/\/batijournal.com\/index.php\/loi-elan-maitrise-doeuvre-souligne-oublis\/98783\/","url":"https:\/\/batijournal.com\/index.php\/loi-elan-maitrise-doeuvre-souligne-oublis\/98783\/","name":"Loi ELAN : la ma\u00eetrise d\u2019\u0153uvre souligne les oublis","isPartOf":{"@id":"https:\/\/batijournal.com\/#website"},"primaryImageOfPage":{"@id":"https:\/\/batijournal.com\/index.php\/loi-elan-maitrise-doeuvre-souligne-oublis\/98783\/#primaryimage"},"image":{"@id":"https:\/\/batijournal.com\/index.php\/loi-elan-maitrise-doeuvre-souligne-oublis\/98783\/#primaryimage"},"thumbnailUrl":"https:\/\/batijournal.com\/wp-content\/uploads\/2017\/05\/chantier-batiment.jpg","datePublished":"2018-04-03T06:49:03+00:00","author":{"@id":"https:\/\/batijournal.com\/#\/schema\/person\/1dc96ec6957aa1ccb25ebe78bb19f100"},"breadcrumb":{"@id":"https:\/\/batijournal.com\/index.php\/loi-elan-maitrise-doeuvre-souligne-oublis\/98783\/#breadcrumb"},"inLanguage":"fr-FR","potentialAction":[{"@type":"ReadAction","target":["https:\/\/batijournal.com\/index.php\/loi-elan-maitrise-doeuvre-souligne-oublis\/98783\/"]}]},{"@type":"ImageObject","inLanguage":"fr-FR","@id":"https:\/\/batijournal.com\/index.php\/loi-elan-maitrise-doeuvre-souligne-oublis\/98783\/#primaryimage","url":"https:\/\/batijournal.com\/wp-content\/uploads\/2017\/05\/chantier-batiment.jpg","contentUrl":"https:\/\/batijournal.com\/wp-content\/uploads\/2017\/05\/chantier-batiment.jpg","width":1200,"height":676},{"@type":"BreadcrumbList","@id":"https:\/\/batijournal.com\/index.php\/loi-elan-maitrise-doeuvre-souligne-oublis\/98783\/#breadcrumb","itemListElement":[{"@type":"ListItem","position":1,"name":"Accueil","item":"https:\/\/batijournal.com\/"},{"@type":"ListItem","position":2,"name":"Actualit\u00e9s","item":"https:\/\/batijournal.com\/index.php\/category\/actualites\/"},{"@type":"ListItem","position":3,"name":"Loi ELAN : la ma\u00eetrise d\u2019\u0153uvre souligne les oublis"}]},{"@type":"WebSite","@id":"https:\/\/batijournal.com\/#website","url":"https:\/\/batijournal.com\/","name":"Batijournal","description":"L&#039;actualit\u00e9 du b\u00e2timent","potentialAction":[{"@type":"SearchAction","target":{"@type":"EntryPoint","urlTemplate":"https:\/\/batijournal.com\/?s={search_term_string}"},"query-input":{"@type":"PropertyValueSpecification","valueRequired":true,"valueName":"search_term_string"}}],"inLanguage":"fr-FR"},{"@type":"Person","@id":"https:\/\/batijournal.com\/#\/schema\/person\/1dc96ec6957aa1ccb25ebe78bb19f100","name":"St\u00e9phane Miget","image":{"@type":"ImageObject","inLanguage":"fr-FR","@id":"https:\/\/secure.gravatar.com\/avatar\/89915563d925342126b8ef0281b93d9d7fc337043e8df017f780908eb9644451?s=96&d=mm&r=g","url":"https:\/\/secure.gravatar.com\/avatar\/89915563d925342126b8ef0281b93d9d7fc337043e8df017f780908eb9644451?s=96&d=mm&r=g","contentUrl":"https:\/\/secure.gravatar.com\/avatar\/89915563d925342126b8ef0281b93d9d7fc337043e8df017f780908eb9644451?s=96&d=mm&r=g","caption":"St\u00e9phane Miget"},"url":"https:\/\/batijournal.com\/index.php\/author\/stephane\/"}]}},"_links":{"self":[{"href":"https:\/\/batijournal.com\/index.php\/wp-json\/wp\/v2\/posts\/98783","targetHints":{"allow":["GET"]}}],"collection":[{"href":"https:\/\/batijournal.com\/index.php\/wp-json\/wp\/v2\/posts"}],"about":[{"href":"https:\/\/batijournal.com\/index.php\/wp-json\/wp\/v2\/types\/post"}],"author":[{"embeddable":true,"href":"https:\/\/batijournal.com\/index.php\/wp-json\/wp\/v2\/users\/17"}],"replies":[{"embeddable":true,"href":"https:\/\/batijournal.com\/index.php\/wp-json\/wp\/v2\/comments?post=98783"}],"version-history":[{"count":0,"href":"https:\/\/batijournal.com\/index.php\/wp-json\/wp\/v2\/posts\/98783\/revisions"}],"wp:featuredmedia":[{"embeddable":true,"href":"https:\/\/batijournal.com\/index.php\/wp-json\/wp\/v2\/media\/95957"}],"wp:attachment":[{"href":"https:\/\/batijournal.com\/index.php\/wp-json\/wp\/v2\/media?parent=98783"}],"wp:term":[{"taxonomy":"category","embeddable":true,"href":"https:\/\/batijournal.com\/index.php\/wp-json\/wp\/v2\/categories?post=98783"},{"taxonomy":"post_tag","embeddable":true,"href":"https:\/\/batijournal.com\/index.php\/wp-json\/wp\/v2\/tags?post=98783"}],"curies":[{"name":"wp","href":"https:\/\/api.w.org\/{rel}","templated":true}]}}