{"id":98795,"date":"2018-04-04T13:48:11","date_gmt":"2018-04-04T11:48:11","guid":{"rendered":"http:\/\/batijournal.com\/?p=98795"},"modified":"2019-07-15T11:15:09","modified_gmt":"2019-07-15T09:15:09","slug":"promotion-2018-des-albums-des-jeunes-architectes-et-paysagistes-ajap","status":"publish","type":"post","link":"https:\/\/batijournal.com\/index.php\/promotion-2018-des-albums-des-jeunes-architectes-et-paysagistes-ajap\/98795\/","title":{"rendered":"Promotion 2018 des Albums des jeunes architectes et paysagistes (AJAP)"},"content":{"rendered":"<p>[et_pb_section bb_built=\u00a0\u00bb1&Prime;][et_pb_row][et_pb_column type=\u00a0\u00bb4_4&Prime;][et_pb_text]<\/p>\n<p>Les Albums des jeunes architectes et des paysagistes illustrent la volont\u00e9 du minist\u00e8re de la Culture de soutenir ces deux domaines professionnels de fa\u00e7on plus efficace encore que par le pass\u00e9. Les objectifs et les enjeux de cette politique du minist\u00e8re de la Culture sont multiples :\u00a0aider de jeunes professionnels de talent \u00e0 acc\u00e9der \u00e0 la commande et faire ainsi \u00e9voluer les comportements en faveur d\u2019un recours plus fr\u00e9quent des ma\u00eetres d\u2019ouvrage \u00e0 la jeune g\u00e9n\u00e9ration ;\u00a0\u00a0\u00e9largir le choix des \u00e9quipes de ma\u00eetrise d\u2019\u0153uvre en faisant conna\u00eetre r\u00e9guli\u00e8rement de nouveaux architectes et paysagistes qui se sont illustr\u00e9s par la qualit\u00e9 de leur travail ;\u00a0\u00a0promouvoir le talent, les id\u00e9es et le savoir-faire de jeunes architectes et paysagistes, notamment dans certains secteurs d\u2019intervention encore peu investis ;\u00a0\u00a0souligner la qualit\u00e9 de projets souvent modestes, mais exemplaires par leur traitement et la pertinence de la r\u00e9ponse apport\u00e9e aux ma\u00eetres d\u2019ouvrage et\u00a0contribuer \u00e0 cr\u00e9er une \u00e9mulation parmi les jeunes architectes et paysagistes, leurs a\u00een\u00e9s et les \u00e9tudiants des \u00e9coles d\u2019architecture et de paysage.<\/p>\n<p>Les laur\u00e9ats de la session 2018 des Albums des jeunes architectes et paysagistes sont :<\/p>\n<p>Paysagistes<\/p>\n<p>Gr\u00e9gory MORISSEAU de l&rsquo;agence CHOR\u00c8ME<br \/>\nElise et Martin HENNEBICQUE<br \/>\nHerv\u00e9 DER SAHAKIAN de l&rsquo;atelier HERV\u00c9 DER SAHAKIAN CONCEPTEUR PAYSAGISTE<br \/>\nMathieu DELMAS et L\u00e9a HOMMAGE de l&rsquo;atelier LA FORME ET L&rsquo;USAGE<br \/>\nFran\u00e7ois H\u00c9RISSET et Damien ROGER de l&rsquo;agence PALUDES<\/p>\n<p>Architectes<\/p>\n<p>Charlotte LOVERA et Elise GIORDANO de l\u2019atelier A\u00cfNO<br \/>\nLaurent DIDIER, Mathieu LE NY et Louis LEGER de l\u2019agence BAST<br \/>\nSophie DELAGE et Mathieu GRENIER de l\u2019atelier COMBAS ARCHITECTES<br \/>\nMathilde GAUDEMET et Arthur OZENNE de l\u2019agence DIXNEUFCENTQUATREVINGTSIX<br \/>\nJean-Beno\u00eet V\u00c9TILLARD de l\u2019agence JEAN-BENO\u00ceT V\u00c9TILLARD ARCHITECTURE<br \/>\nJean-Fran\u00e7ois MADEC de l\u2019agence JEAN-FRAN\u00c7OIS MADEC ARCHITECTE<br \/>\nJ\u00e9r\u00f4me GLAIROUX de l\u2019agence LINK ARCHITECTES<br \/>\nS\u00e9bastien MAGREZ de l\u2019atelier MIMA<br \/>\nJean-Mathieu de LIPOWSKI, Alicia ORSINI et Fran\u00e7ois TRAMONI de l\u2019agence ORMA ARCHITETTURA<br \/>\nPaul VINCENT de l\u2019agence PAUL VINCENT ARCHITECTURE<br \/>\nR\u00e9gis ROUDIL de l\u2019atelier R\u00c9GIS ROUDIL ARCHITECTES<br \/>\nValentine GUICHARDAZ-VERSINI de l\u2019atelier RITA<br \/>\nDamien ANTONI et Achille BOURDON de l\u2019agence SYVIL &#8211; ARCHITECTURES DU SYST\u00c8ME VILLE<br \/>\nMathieu BARR\u00c9, Fran\u00e7ois GUINAUDEAU et Romain PRADEAU de l\u2019agence TITAN<br \/>\nLudovic ZACCHI de l\u2019agence ZACCHI<\/p>\n<p>Les laur\u00e9ats AJAP 2018 b\u00e9n\u00e9ficieront pendant deux ans d\u2019une campagne de promotion et de valorisation mise en place par le minist\u00e8re de la Culture, en collaboration avec la Cit\u00e9 de l\u2019architecture et du patrimoine et l\u2019Institut fran\u00e7ais.<\/p>\n<p>[\/et_pb_text][\/et_pb_column][\/et_pb_row][\/et_pb_section]<\/p>\n","protected":false},"excerpt":{"rendered":"<p><div class=\"et_pb_row et_pb_row_0 et_pb_row_empty\">\n\t\t\t\t\n\t\t\t\t\n\t\t\t\t\n\t\t\t\t\n\t\t\t\t\n\t\t\t<\/div><div class=\"et_pb_module et_pb_text et_pb_text_0  et_pb_text_align_left et_pb_bg_layout_light\">\n\t\t\t\t\n\t\t\t\t\n\t\t\t\t\n\t\t\t\t\n\t\t\t\t\n\t\t\t<\/div> Les Albums des jeunes architectes et des paysagistes illustrent la volont\u00e9 du minist\u00e8re de la Culture de soutenir ces deux domaines professionnels de fa\u00e7on plus efficace encore que par le pass\u00e9. Les objectifs et les enjeux de cette politique du minist\u00e8re de la Culture sont multiples :\u00a0aider de jeunes professionnels de talent \u00e0 acc\u00e9der [&hellip;]<\/p>\n","protected":false},"author":17,"featured_media":98796,"comment_status":"closed","ping_status":"closed","sticky":false,"template":"","format":"standard","meta":{"_et_pb_use_builder":"on","_et_pb_old_content":"<p>Les Albums des jeunes architectes et des paysagistes illustrent la volont\u00e9 du minist\u00e8re de la Culture de soutenir ces deux domaines professionnels de fa\u00e7on plus efficace encore que par le pass\u00e9. Les objectifs et les enjeux de cette politique du minist\u00e8re de la Culture sont multiples :\u00a0aider de jeunes professionnels de talent \u00e0 acc\u00e9der \u00e0 la commande et faire ainsi \u00e9voluer les comportements en faveur d\u2019un recours plus fr\u00e9quent des ma\u00eetres d\u2019ouvrage \u00e0 la jeune g\u00e9n\u00e9ration ;\u00a0\u00a0\u00e9largir le choix des \u00e9quipes de ma\u00eetrise d\u2019\u0153uvre en faisant conna\u00eetre r\u00e9guli\u00e8rement de nouveaux architectes et paysagistes qui se sont illustr\u00e9s par la qualit\u00e9 de leur travail ;\u00a0\u00a0promouvoir le talent, les id\u00e9es et le savoir-faire de jeunes architectes et paysagistes, notamment dans certains secteurs d\u2019intervention encore peu investis ;\u00a0\u00a0souligner la qualit\u00e9 de projets souvent modestes, mais exemplaires par leur traitement et la pertinence de la r\u00e9ponse apport\u00e9e aux ma\u00eetres d\u2019ouvrage et\u00a0contribuer \u00e0 cr\u00e9er une \u00e9mulation parmi les jeunes architectes et paysagistes, leurs a\u00een\u00e9s et les \u00e9tudiants des \u00e9coles d\u2019architecture et de paysage.<\/p><p>Les laur\u00e9ats de la session 2018 des Albums des jeunes architectes et paysagistes sont :<\/p><p>Paysagistes<\/p><p>Gr\u00e9gory MORISSEAU de l'agence CHOR\u00c8ME<br \/>Elise et Martin HENNEBICQUE<br \/>Herv\u00e9 DER SAHAKIAN de l'atelier HERV\u00c9 DER SAHAKIAN CONCEPTEUR PAYSAGISTE<br \/>Mathieu DELMAS et L\u00e9a HOMMAGE de l'atelier LA FORME ET L'USAGE<br \/>Fran\u00e7ois H\u00c9RISSET et Damien ROGER de l'agence PALUDES<\/p><p>Architectes<\/p><p>Charlotte LOVERA et Elise GIORDANO de l\u2019atelier A\u00cfNO <br \/>Laurent DIDIER, Mathieu LE NY et Louis LEGER de l\u2019agence BAST<br \/>Sophie DELAGE et Mathieu GRENIER de l\u2019atelier COMBAS ARCHITECTES<br \/>Mathilde GAUDEMET et Arthur OZENNE de l\u2019agence DIXNEUFCENTQUATREVINGTSIX<br \/>Jean-Beno\u00eet V\u00c9TILLARD de l\u2019agence JEAN-BENO\u00ceT V\u00c9TILLARD ARCHITECTURE <br \/>Jean-Fran\u00e7ois MADEC de l\u2019agence JEAN-FRAN\u00c7OIS MADEC ARCHITECTE <br \/>J\u00e9r\u00f4me GLAIROUX de l\u2019agence LINK ARCHITECTES<br \/>S\u00e9bastien MAGREZ de l\u2019atelier MIMA <br \/>Jean-Mathieu de LIPOWSKI, Alicia ORSINI et Fran\u00e7ois TRAMONI de l\u2019agence ORMA ARCHITETTURA<br \/>Paul VINCENT de l\u2019agence PAUL VINCENT ARCHITECTURE<br \/>R\u00e9gis ROUDIL de l\u2019atelier R\u00c9GIS ROUDIL ARCHITECTES <br \/>Valentine GUICHARDAZ-VERSINI de l\u2019atelier RITA <br \/>Damien ANTONI et Achille BOURDON de l\u2019agence SYVIL - ARCHITECTURES DU SYST\u00c8ME VILLE<br \/>Mathieu BARR\u00c9, Fran\u00e7ois GUINAUDEAU et Romain PRADEAU de l\u2019agence TITAN<br \/>Ludovic ZACCHI de l\u2019agence ZACCHI<\/p><p>Les laur\u00e9ats AJAP 2018 b\u00e9n\u00e9ficieront pendant deux ans d\u2019une campagne de promotion et de valorisation mise en place par le minist\u00e8re de la Culture, en collaboration avec la Cit\u00e9 de l\u2019architecture et du patrimoine et l\u2019Institut fran\u00e7ais.<\/p>","_et_gb_content_width":"","footnotes":""},"categories":[10530,6340,10785],"tags":[9344],"class_list":["post-98795","post","type-post","status-publish","format-standard","has-post-thumbnail","hentry","category-actualites","category-architecture-conception","category-atrium","tag-paysagiste"],"yoast_head":"<!-- This site is optimized with the Yoast SEO plugin v27.4 - https:\/\/yoast.com\/product\/yoast-seo-wordpress\/ -->\n<title>Promotion 2018 des Albums des jeunes architectes et paysagistes (AJAP)<\/title>\n<meta name=\"robots\" content=\"index, follow, max-snippet:-1, max-image-preview:large, max-video-preview:-1\" \/>\n<link rel=\"canonical\" href=\"https:\/\/batijournal.com\/index.php\/promotion-2018-des-albums-des-jeunes-architectes-et-paysagistes-ajap\/98795\/\" \/>\n<meta property=\"og:locale\" content=\"fr_FR\" \/>\n<meta property=\"og:type\" content=\"article\" \/>\n<meta property=\"og:title\" content=\"Promotion 2018 des Albums des jeunes architectes et paysagistes (AJAP)\" \/>\n<meta property=\"og:description\" content=\"Les Albums des jeunes architectes et des paysagistes illustrent la volont\u00e9 du minist\u00e8re de la Culture de soutenir ces deux domaines professionnels de fa\u00e7on plus efficace encore que par le pass\u00e9. Les objectifs et les enjeux de cette politique du minist\u00e8re de la Culture sont multiples :\u00a0aider de jeunes professionnels de talent \u00e0 acc\u00e9der [&hellip;]\" \/>\n<meta property=\"og:url\" content=\"https:\/\/batijournal.com\/index.php\/promotion-2018-des-albums-des-jeunes-architectes-et-paysagistes-ajap\/98795\/\" \/>\n<meta property=\"og:site_name\" content=\"Batijournal\" \/>\n<meta property=\"article:published_time\" content=\"2018-04-04T11:48:11+00:00\" \/>\n<meta property=\"article:modified_time\" content=\"2019-07-15T09:15:09+00:00\" \/>\n<meta property=\"og:image\" content=\"https:\/\/batijournal.com\/wp-content\/uploads\/2018\/04\/ajap-2018.png\" \/>\n\t<meta property=\"og:image:width\" content=\"473\" \/>\n\t<meta property=\"og:image:height\" content=\"428\" \/>\n\t<meta property=\"og:image:type\" content=\"image\/png\" \/>\n<meta name=\"author\" content=\"St\u00e9phane Miget\" \/>\n<meta name=\"twitter:card\" content=\"summary_large_image\" \/>\n<meta name=\"twitter:creator\" content=\"@bati_journal\" \/>\n<meta name=\"twitter:site\" content=\"@bati_journal\" \/>\n<meta name=\"twitter:label1\" content=\"\u00c9crit par\" \/>\n\t<meta name=\"twitter:data1\" content=\"St\u00e9phane Miget\" \/>\n\t<meta name=\"twitter:label2\" content=\"Dur\u00e9e de lecture estim\u00e9e\" \/>\n\t<meta name=\"twitter:data2\" content=\"2 minutes\" \/>\n<script type=\"application\/ld+json\" class=\"yoast-schema-graph\">{\"@context\":\"https:\\\/\\\/schema.org\",\"@graph\":[{\"@type\":\"Article\",\"@id\":\"https:\\\/\\\/batijournal.com\\\/index.php\\\/promotion-2018-des-albums-des-jeunes-architectes-et-paysagistes-ajap\\\/98795\\\/#article\",\"isPartOf\":{\"@id\":\"https:\\\/\\\/batijournal.com\\\/index.php\\\/promotion-2018-des-albums-des-jeunes-architectes-et-paysagistes-ajap\\\/98795\\\/\"},\"author\":{\"name\":\"St\u00e9phane Miget\",\"@id\":\"https:\\\/\\\/batijournal.com\\\/#\\\/schema\\\/person\\\/1dc96ec6957aa1ccb25ebe78bb19f100\"},\"headline\":\"Promotion 2018 des Albums des jeunes architectes et paysagistes (AJAP)\",\"datePublished\":\"2018-04-04T11:48:11+00:00\",\"dateModified\":\"2019-07-15T09:15:09+00:00\",\"mainEntityOfPage\":{\"@id\":\"https:\\\/\\\/batijournal.com\\\/index.php\\\/promotion-2018-des-albums-des-jeunes-architectes-et-paysagistes-ajap\\\/98795\\\/\"},\"wordCount\":485,\"image\":{\"@id\":\"https:\\\/\\\/batijournal.com\\\/index.php\\\/promotion-2018-des-albums-des-jeunes-architectes-et-paysagistes-ajap\\\/98795\\\/#primaryimage\"},\"thumbnailUrl\":\"https:\\\/\\\/batijournal.com\\\/wp-content\\\/uploads\\\/2018\\\/04\\\/ajap-2018.png\",\"keywords\":[\"paysagiste\"],\"articleSection\":[\"Actualit\u00e9s\",\"Architecture &amp; Conception\",\"zz_Atrium Patrimoine\"],\"inLanguage\":\"fr-FR\"},{\"@type\":\"WebPage\",\"@id\":\"https:\\\/\\\/batijournal.com\\\/index.php\\\/promotion-2018-des-albums-des-jeunes-architectes-et-paysagistes-ajap\\\/98795\\\/\",\"url\":\"https:\\\/\\\/batijournal.com\\\/index.php\\\/promotion-2018-des-albums-des-jeunes-architectes-et-paysagistes-ajap\\\/98795\\\/\",\"name\":\"Promotion 2018 des Albums des jeunes architectes et paysagistes (AJAP)\",\"isPartOf\":{\"@id\":\"https:\\\/\\\/batijournal.com\\\/#website\"},\"primaryImageOfPage\":{\"@id\":\"https:\\\/\\\/batijournal.com\\\/index.php\\\/promotion-2018-des-albums-des-jeunes-architectes-et-paysagistes-ajap\\\/98795\\\/#primaryimage\"},\"image\":{\"@id\":\"https:\\\/\\\/batijournal.com\\\/index.php\\\/promotion-2018-des-albums-des-jeunes-architectes-et-paysagistes-ajap\\\/98795\\\/#primaryimage\"},\"thumbnailUrl\":\"https:\\\/\\\/batijournal.com\\\/wp-content\\\/uploads\\\/2018\\\/04\\\/ajap-2018.png\",\"datePublished\":\"2018-04-04T11:48:11+00:00\",\"dateModified\":\"2019-07-15T09:15:09+00:00\",\"author\":{\"@id\":\"https:\\\/\\\/batijournal.com\\\/#\\\/schema\\\/person\\\/1dc96ec6957aa1ccb25ebe78bb19f100\"},\"breadcrumb\":{\"@id\":\"https:\\\/\\\/batijournal.com\\\/index.php\\\/promotion-2018-des-albums-des-jeunes-architectes-et-paysagistes-ajap\\\/98795\\\/#breadcrumb\"},\"inLanguage\":\"fr-FR\",\"potentialAction\":[{\"@type\":\"ReadAction\",\"target\":[\"https:\\\/\\\/batijournal.com\\\/index.php\\\/promotion-2018-des-albums-des-jeunes-architectes-et-paysagistes-ajap\\\/98795\\\/\"]}]},{\"@type\":\"ImageObject\",\"inLanguage\":\"fr-FR\",\"@id\":\"https:\\\/\\\/batijournal.com\\\/index.php\\\/promotion-2018-des-albums-des-jeunes-architectes-et-paysagistes-ajap\\\/98795\\\/#primaryimage\",\"url\":\"https:\\\/\\\/batijournal.com\\\/wp-content\\\/uploads\\\/2018\\\/04\\\/ajap-2018.png\",\"contentUrl\":\"https:\\\/\\\/batijournal.com\\\/wp-content\\\/uploads\\\/2018\\\/04\\\/ajap-2018.png\",\"width\":473,\"height\":428},{\"@type\":\"BreadcrumbList\",\"@id\":\"https:\\\/\\\/batijournal.com\\\/index.php\\\/promotion-2018-des-albums-des-jeunes-architectes-et-paysagistes-ajap\\\/98795\\\/#breadcrumb\",\"itemListElement\":[{\"@type\":\"ListItem\",\"position\":1,\"name\":\"Accueil\",\"item\":\"https:\\\/\\\/batijournal.com\\\/\"},{\"@type\":\"ListItem\",\"position\":2,\"name\":\"Actualit\u00e9s\",\"item\":\"https:\\\/\\\/batijournal.com\\\/index.php\\\/category\\\/actualites\\\/\"},{\"@type\":\"ListItem\",\"position\":3,\"name\":\"Promotion 2018 des Albums des jeunes architectes et paysagistes (AJAP)\"}]},{\"@type\":\"WebSite\",\"@id\":\"https:\\\/\\\/batijournal.com\\\/#website\",\"url\":\"https:\\\/\\\/batijournal.com\\\/\",\"name\":\"Batijournal\",\"description\":\"L&#039;actualit\u00e9 du b\u00e2timent\",\"potentialAction\":[{\"@type\":\"SearchAction\",\"target\":{\"@type\":\"EntryPoint\",\"urlTemplate\":\"https:\\\/\\\/batijournal.com\\\/?s={search_term_string}\"},\"query-input\":{\"@type\":\"PropertyValueSpecification\",\"valueRequired\":true,\"valueName\":\"search_term_string\"}}],\"inLanguage\":\"fr-FR\"},{\"@type\":\"Person\",\"@id\":\"https:\\\/\\\/batijournal.com\\\/#\\\/schema\\\/person\\\/1dc96ec6957aa1ccb25ebe78bb19f100\",\"name\":\"St\u00e9phane Miget\",\"image\":{\"@type\":\"ImageObject\",\"inLanguage\":\"fr-FR\",\"@id\":\"https:\\\/\\\/secure.gravatar.com\\\/avatar\\\/89915563d925342126b8ef0281b93d9d7fc337043e8df017f780908eb9644451?s=96&d=mm&r=g\",\"url\":\"https:\\\/\\\/secure.gravatar.com\\\/avatar\\\/89915563d925342126b8ef0281b93d9d7fc337043e8df017f780908eb9644451?s=96&d=mm&r=g\",\"contentUrl\":\"https:\\\/\\\/secure.gravatar.com\\\/avatar\\\/89915563d925342126b8ef0281b93d9d7fc337043e8df017f780908eb9644451?s=96&d=mm&r=g\",\"caption\":\"St\u00e9phane Miget\"},\"url\":\"https:\\\/\\\/batijournal.com\\\/index.php\\\/author\\\/stephane\\\/\"}]}<\/script>\n<!-- \/ Yoast SEO plugin. -->","yoast_head_json":{"title":"Promotion 2018 des Albums des jeunes architectes et paysagistes (AJAP)","robots":{"index":"index","follow":"follow","max-snippet":"max-snippet:-1","max-image-preview":"max-image-preview:large","max-video-preview":"max-video-preview:-1"},"canonical":"https:\/\/batijournal.com\/index.php\/promotion-2018-des-albums-des-jeunes-architectes-et-paysagistes-ajap\/98795\/","og_locale":"fr_FR","og_type":"article","og_title":"Promotion 2018 des Albums des jeunes architectes et paysagistes (AJAP)","og_description":"Les Albums des jeunes architectes et des paysagistes illustrent la volont\u00e9 du minist\u00e8re de la Culture de soutenir ces deux domaines professionnels de fa\u00e7on plus efficace encore que par le pass\u00e9. Les objectifs et les enjeux de cette politique du minist\u00e8re de la Culture sont multiples :\u00a0aider de jeunes professionnels de talent \u00e0 acc\u00e9der [&hellip;]","og_url":"https:\/\/batijournal.com\/index.php\/promotion-2018-des-albums-des-jeunes-architectes-et-paysagistes-ajap\/98795\/","og_site_name":"Batijournal","article_published_time":"2018-04-04T11:48:11+00:00","article_modified_time":"2019-07-15T09:15:09+00:00","og_image":[{"width":473,"height":428,"url":"https:\/\/batijournal.com\/wp-content\/uploads\/2018\/04\/ajap-2018.png","type":"image\/png"}],"author":"St\u00e9phane Miget","twitter_card":"summary_large_image","twitter_creator":"@bati_journal","twitter_site":"@bati_journal","twitter_misc":{"\u00c9crit par":"St\u00e9phane Miget","Dur\u00e9e de lecture estim\u00e9e":"2 minutes"},"schema":{"@context":"https:\/\/schema.org","@graph":[{"@type":"Article","@id":"https:\/\/batijournal.com\/index.php\/promotion-2018-des-albums-des-jeunes-architectes-et-paysagistes-ajap\/98795\/#article","isPartOf":{"@id":"https:\/\/batijournal.com\/index.php\/promotion-2018-des-albums-des-jeunes-architectes-et-paysagistes-ajap\/98795\/"},"author":{"name":"St\u00e9phane Miget","@id":"https:\/\/batijournal.com\/#\/schema\/person\/1dc96ec6957aa1ccb25ebe78bb19f100"},"headline":"Promotion 2018 des Albums des jeunes architectes et paysagistes (AJAP)","datePublished":"2018-04-04T11:48:11+00:00","dateModified":"2019-07-15T09:15:09+00:00","mainEntityOfPage":{"@id":"https:\/\/batijournal.com\/index.php\/promotion-2018-des-albums-des-jeunes-architectes-et-paysagistes-ajap\/98795\/"},"wordCount":485,"image":{"@id":"https:\/\/batijournal.com\/index.php\/promotion-2018-des-albums-des-jeunes-architectes-et-paysagistes-ajap\/98795\/#primaryimage"},"thumbnailUrl":"https:\/\/batijournal.com\/wp-content\/uploads\/2018\/04\/ajap-2018.png","keywords":["paysagiste"],"articleSection":["Actualit\u00e9s","Architecture &amp; Conception","zz_Atrium Patrimoine"],"inLanguage":"fr-FR"},{"@type":"WebPage","@id":"https:\/\/batijournal.com\/index.php\/promotion-2018-des-albums-des-jeunes-architectes-et-paysagistes-ajap\/98795\/","url":"https:\/\/batijournal.com\/index.php\/promotion-2018-des-albums-des-jeunes-architectes-et-paysagistes-ajap\/98795\/","name":"Promotion 2018 des Albums des jeunes architectes et paysagistes (AJAP)","isPartOf":{"@id":"https:\/\/batijournal.com\/#website"},"primaryImageOfPage":{"@id":"https:\/\/batijournal.com\/index.php\/promotion-2018-des-albums-des-jeunes-architectes-et-paysagistes-ajap\/98795\/#primaryimage"},"image":{"@id":"https:\/\/batijournal.com\/index.php\/promotion-2018-des-albums-des-jeunes-architectes-et-paysagistes-ajap\/98795\/#primaryimage"},"thumbnailUrl":"https:\/\/batijournal.com\/wp-content\/uploads\/2018\/04\/ajap-2018.png","datePublished":"2018-04-04T11:48:11+00:00","dateModified":"2019-07-15T09:15:09+00:00","author":{"@id":"https:\/\/batijournal.com\/#\/schema\/person\/1dc96ec6957aa1ccb25ebe78bb19f100"},"breadcrumb":{"@id":"https:\/\/batijournal.com\/index.php\/promotion-2018-des-albums-des-jeunes-architectes-et-paysagistes-ajap\/98795\/#breadcrumb"},"inLanguage":"fr-FR","potentialAction":[{"@type":"ReadAction","target":["https:\/\/batijournal.com\/index.php\/promotion-2018-des-albums-des-jeunes-architectes-et-paysagistes-ajap\/98795\/"]}]},{"@type":"ImageObject","inLanguage":"fr-FR","@id":"https:\/\/batijournal.com\/index.php\/promotion-2018-des-albums-des-jeunes-architectes-et-paysagistes-ajap\/98795\/#primaryimage","url":"https:\/\/batijournal.com\/wp-content\/uploads\/2018\/04\/ajap-2018.png","contentUrl":"https:\/\/batijournal.com\/wp-content\/uploads\/2018\/04\/ajap-2018.png","width":473,"height":428},{"@type":"BreadcrumbList","@id":"https:\/\/batijournal.com\/index.php\/promotion-2018-des-albums-des-jeunes-architectes-et-paysagistes-ajap\/98795\/#breadcrumb","itemListElement":[{"@type":"ListItem","position":1,"name":"Accueil","item":"https:\/\/batijournal.com\/"},{"@type":"ListItem","position":2,"name":"Actualit\u00e9s","item":"https:\/\/batijournal.com\/index.php\/category\/actualites\/"},{"@type":"ListItem","position":3,"name":"Promotion 2018 des Albums des jeunes architectes et paysagistes (AJAP)"}]},{"@type":"WebSite","@id":"https:\/\/batijournal.com\/#website","url":"https:\/\/batijournal.com\/","name":"Batijournal","description":"L&#039;actualit\u00e9 du b\u00e2timent","potentialAction":[{"@type":"SearchAction","target":{"@type":"EntryPoint","urlTemplate":"https:\/\/batijournal.com\/?s={search_term_string}"},"query-input":{"@type":"PropertyValueSpecification","valueRequired":true,"valueName":"search_term_string"}}],"inLanguage":"fr-FR"},{"@type":"Person","@id":"https:\/\/batijournal.com\/#\/schema\/person\/1dc96ec6957aa1ccb25ebe78bb19f100","name":"St\u00e9phane Miget","image":{"@type":"ImageObject","inLanguage":"fr-FR","@id":"https:\/\/secure.gravatar.com\/avatar\/89915563d925342126b8ef0281b93d9d7fc337043e8df017f780908eb9644451?s=96&d=mm&r=g","url":"https:\/\/secure.gravatar.com\/avatar\/89915563d925342126b8ef0281b93d9d7fc337043e8df017f780908eb9644451?s=96&d=mm&r=g","contentUrl":"https:\/\/secure.gravatar.com\/avatar\/89915563d925342126b8ef0281b93d9d7fc337043e8df017f780908eb9644451?s=96&d=mm&r=g","caption":"St\u00e9phane Miget"},"url":"https:\/\/batijournal.com\/index.php\/author\/stephane\/"}]}},"_links":{"self":[{"href":"https:\/\/batijournal.com\/index.php\/wp-json\/wp\/v2\/posts\/98795","targetHints":{"allow":["GET"]}}],"collection":[{"href":"https:\/\/batijournal.com\/index.php\/wp-json\/wp\/v2\/posts"}],"about":[{"href":"https:\/\/batijournal.com\/index.php\/wp-json\/wp\/v2\/types\/post"}],"author":[{"embeddable":true,"href":"https:\/\/batijournal.com\/index.php\/wp-json\/wp\/v2\/users\/17"}],"replies":[{"embeddable":true,"href":"https:\/\/batijournal.com\/index.php\/wp-json\/wp\/v2\/comments?post=98795"}],"version-history":[{"count":0,"href":"https:\/\/batijournal.com\/index.php\/wp-json\/wp\/v2\/posts\/98795\/revisions"}],"wp:featuredmedia":[{"embeddable":true,"href":"https:\/\/batijournal.com\/index.php\/wp-json\/wp\/v2\/media\/98796"}],"wp:attachment":[{"href":"https:\/\/batijournal.com\/index.php\/wp-json\/wp\/v2\/media?parent=98795"}],"wp:term":[{"taxonomy":"category","embeddable":true,"href":"https:\/\/batijournal.com\/index.php\/wp-json\/wp\/v2\/categories?post=98795"},{"taxonomy":"post_tag","embeddable":true,"href":"https:\/\/batijournal.com\/index.php\/wp-json\/wp\/v2\/tags?post=98795"}],"curies":[{"name":"wp","href":"https:\/\/api.w.org\/{rel}","templated":true}]}}