{"id":98819,"date":"2018-04-05T09:45:32","date_gmt":"2018-04-05T07:45:32","guid":{"rendered":"http:\/\/batijournal.com\/?p=98819"},"modified":"2019-07-15T11:26:56","modified_gmt":"2019-07-15T09:26:56","slug":"habillage-en-damier","status":"publish","type":"post","link":"https:\/\/batijournal.com\/index.php\/habillage-en-damier\/98819\/","title":{"rendered":"Habillage en damier"},"content":{"rendered":"<p align=\"JUSTIFY\"><span style=\"color: #000000;\"><span style=\"font-family: Arial, sans-serif;\"><span style=\"font-size: medium;\"><img loading=\"lazy\" decoding=\"async\" class=\"alignleft size-medium wp-image-98825\" src=\"https:\/\/batijournal.com\/wp-content\/uploads\/2018\/04\/Accoya2-1-230x300.jpg\" alt=\"Accoya, fa\u00e7ade\" width=\"230\" height=\"300\" srcset=\"https:\/\/batijournal.com\/wp-content\/uploads\/2018\/04\/Accoya2-1-230x300.jpg 230w, https:\/\/batijournal.com\/wp-content\/uploads\/2018\/04\/Accoya2-1-115x150.jpg 115w, https:\/\/batijournal.com\/wp-content\/uploads\/2018\/04\/Accoya2-1-768x1004.jpg 768w, https:\/\/batijournal.com\/wp-content\/uploads\/2018\/04\/Accoya2-1-784x1024.jpg 784w, https:\/\/batijournal.com\/wp-content\/uploads\/2018\/04\/Accoya2-1-600x784.jpg 600w, https:\/\/batijournal.com\/wp-content\/uploads\/2018\/04\/Accoya2-1-1080x1411.jpg 1080w\" sizes=\"(max-width: 230px) 100vw, 230px\" \/>Petits panneaux de bois au premier plan et b\u00e9ton matric\u00e9 visible en creux alternent pour rythmer la fa\u00e7ade de la centrale biomasse de Saint-Pierre-des-Corps (37) \u00e0 la mani\u00e8re du carton perfor\u00e9 d&rsquo;un orgue de Barbarie. Chaque \u00e9l\u00e9ment de 270 mm de largeur ins\u00e9r\u00e9 dans la structure m\u00e9tallique r\u00e9sulte de l&rsquo;assemblage \u00e0 rainure et languette de deux lames de bois massif modifi\u00e9 Accoya, usin\u00e9es et teint\u00e9es au saturateur noir (<\/span><\/span><\/span><em><span style=\"color: #000000;\"><span style=\"font-family: Arial, sans-serif;\"><span style=\"font-size: medium;\">Teknos)<\/span><\/span><\/span><\/em><span style=\"color: #000000;\"><span style=\"font-family: Arial, sans-serif;\"><span style=\"font-size: medium;\">. Effet recherch\u00e9\u00a0: l&rsquo;aspect bois br\u00fbl\u00e9 qui \u00e9voque la fonctionnalit\u00e9 du site, lequel fabrique de l&rsquo;\u00e9lectricit\u00e9 gr\u00e2ce \u00e0 la chaleur d\u00e9gag\u00e9e par la combustion de plaquettes de bois de provenance locale. Bien que les finitions fonc\u00e9es montent en temp\u00e9rature, ces lames r\u00e9sisteront aux d\u00e9formations gr\u00e2ce \u00e0 la durabilit\u00e9 de plus de 50 ans en ext\u00e9rieur du mat\u00e9riau.<\/span><\/span><\/span><\/p>\n<p><span style=\"font-family: Arial, sans-serif;\"><span style=\"font-size: medium;\">Architecte\u00a0: Fran\u00e7ois Bouvard \u2022 Fabricant bardage Accoya\u00a0: Norsilk \u2022 Distributeur\u00a0: Peltier Bois, CFA La Rochelle \u2022 Poseur\u00a0: La Charpente Thouarsaise<\/span><\/span><\/p>\n<p><span style=\"font-family: Arial, sans-serif;\"><span style=\"font-size: medium;\">Photos\u00a0: S\u00e9bastien Andr\u00e9i\/Fran\u00e7ois Bouvard<\/span><\/span><\/p>\n","protected":false},"excerpt":{"rendered":"<p>Petits panneaux de bois au premier plan et b\u00e9ton matric\u00e9 visible en creux alternent pour rythmer la fa\u00e7ade de la centrale biomasse de Saint-Pierre-des-Corps (37) \u00e0 la mani\u00e8re du carton perfor\u00e9 d&rsquo;un orgue de Barbarie. Chaque \u00e9l\u00e9ment de 270 mm de largeur ins\u00e9r\u00e9 dans la structure m\u00e9tallique r\u00e9sulte de l&rsquo;assemblage \u00e0 rainure et languette de [&hellip;]<\/p>\n","protected":false},"author":17,"featured_media":98820,"comment_status":"closed","ping_status":"closed","sticky":false,"template":"","format":"standard","meta":{"_et_pb_use_builder":"","_et_pb_old_content":"","_et_gb_content_width":"","footnotes":""},"categories":[6340,10775],"tags":[126],"class_list":["post-98819","post","type-post","status-publish","format-standard","has-post-thumbnail","hentry","category-architecture-conception","category-actualites-5facades","tag-facade"],"yoast_head":"<!-- This site is optimized with the Yoast SEO plugin v27.4 - https:\/\/yoast.com\/product\/yoast-seo-wordpress\/ -->\n<title>Habillage en damier<\/title>\n<meta name=\"robots\" content=\"index, follow, max-snippet:-1, max-image-preview:large, max-video-preview:-1\" \/>\n<link rel=\"canonical\" href=\"https:\/\/batijournal.com\/index.php\/habillage-en-damier\/98819\/\" \/>\n<meta property=\"og:locale\" content=\"fr_FR\" \/>\n<meta property=\"og:type\" content=\"article\" \/>\n<meta property=\"og:title\" content=\"Habillage en damier\" \/>\n<meta property=\"og:description\" content=\"Petits panneaux de bois au premier plan et b\u00e9ton matric\u00e9 visible en creux alternent pour rythmer la fa\u00e7ade de la centrale biomasse de Saint-Pierre-des-Corps (37) \u00e0 la mani\u00e8re du carton perfor\u00e9 d&rsquo;un orgue de Barbarie. Chaque \u00e9l\u00e9ment de 270 mm de largeur ins\u00e9r\u00e9 dans la structure m\u00e9tallique r\u00e9sulte de l&rsquo;assemblage \u00e0 rainure et languette de [&hellip;]\" \/>\n<meta property=\"og:url\" content=\"https:\/\/batijournal.com\/index.php\/habillage-en-damier\/98819\/\" \/>\n<meta property=\"og:site_name\" content=\"Batijournal\" \/>\n<meta property=\"article:published_time\" content=\"2018-04-05T07:45:32+00:00\" \/>\n<meta property=\"article:modified_time\" content=\"2019-07-15T09:26:56+00:00\" \/>\n<meta property=\"og:image\" content=\"https:\/\/batijournal.com\/wp-content\/uploads\/2018\/04\/Accoya.jpg\" \/>\n\t<meta property=\"og:image:width\" content=\"5396\" \/>\n\t<meta property=\"og:image:height\" content=\"2830\" \/>\n\t<meta property=\"og:image:type\" content=\"image\/jpeg\" \/>\n<meta name=\"author\" content=\"St\u00e9phane Miget\" \/>\n<meta name=\"twitter:card\" content=\"summary_large_image\" \/>\n<meta name=\"twitter:creator\" content=\"@bati_journal\" \/>\n<meta name=\"twitter:site\" content=\"@bati_journal\" \/>\n<meta name=\"twitter:label1\" content=\"\u00c9crit par\" \/>\n\t<meta name=\"twitter:data1\" content=\"St\u00e9phane Miget\" \/>\n\t<meta name=\"twitter:label2\" content=\"Dur\u00e9e de lecture estim\u00e9e\" \/>\n\t<meta name=\"twitter:data2\" content=\"1 minute\" \/>\n<script type=\"application\/ld+json\" class=\"yoast-schema-graph\">{\"@context\":\"https:\\\/\\\/schema.org\",\"@graph\":[{\"@type\":\"Article\",\"@id\":\"https:\\\/\\\/batijournal.com\\\/index.php\\\/habillage-en-damier\\\/98819\\\/#article\",\"isPartOf\":{\"@id\":\"https:\\\/\\\/batijournal.com\\\/index.php\\\/habillage-en-damier\\\/98819\\\/\"},\"author\":{\"name\":\"St\u00e9phane Miget\",\"@id\":\"https:\\\/\\\/batijournal.com\\\/#\\\/schema\\\/person\\\/1dc96ec6957aa1ccb25ebe78bb19f100\"},\"headline\":\"Habillage en damier\",\"datePublished\":\"2018-04-05T07:45:32+00:00\",\"dateModified\":\"2019-07-15T09:26:56+00:00\",\"mainEntityOfPage\":{\"@id\":\"https:\\\/\\\/batijournal.com\\\/index.php\\\/habillage-en-damier\\\/98819\\\/\"},\"wordCount\":171,\"image\":{\"@id\":\"https:\\\/\\\/batijournal.com\\\/index.php\\\/habillage-en-damier\\\/98819\\\/#primaryimage\"},\"thumbnailUrl\":\"https:\\\/\\\/batijournal.com\\\/wp-content\\\/uploads\\\/2018\\\/04\\\/Accoya.jpg\",\"keywords\":[\"fa\u00e7ade\"],\"articleSection\":[\"Architecture &amp; Conception\",\"zz_Actualit\u00e9s - 5fa\u00e7ades\"],\"inLanguage\":\"fr-FR\"},{\"@type\":\"WebPage\",\"@id\":\"https:\\\/\\\/batijournal.com\\\/index.php\\\/habillage-en-damier\\\/98819\\\/\",\"url\":\"https:\\\/\\\/batijournal.com\\\/index.php\\\/habillage-en-damier\\\/98819\\\/\",\"name\":\"Habillage en damier\",\"isPartOf\":{\"@id\":\"https:\\\/\\\/batijournal.com\\\/#website\"},\"primaryImageOfPage\":{\"@id\":\"https:\\\/\\\/batijournal.com\\\/index.php\\\/habillage-en-damier\\\/98819\\\/#primaryimage\"},\"image\":{\"@id\":\"https:\\\/\\\/batijournal.com\\\/index.php\\\/habillage-en-damier\\\/98819\\\/#primaryimage\"},\"thumbnailUrl\":\"https:\\\/\\\/batijournal.com\\\/wp-content\\\/uploads\\\/2018\\\/04\\\/Accoya.jpg\",\"datePublished\":\"2018-04-05T07:45:32+00:00\",\"dateModified\":\"2019-07-15T09:26:56+00:00\",\"author\":{\"@id\":\"https:\\\/\\\/batijournal.com\\\/#\\\/schema\\\/person\\\/1dc96ec6957aa1ccb25ebe78bb19f100\"},\"breadcrumb\":{\"@id\":\"https:\\\/\\\/batijournal.com\\\/index.php\\\/habillage-en-damier\\\/98819\\\/#breadcrumb\"},\"inLanguage\":\"fr-FR\",\"potentialAction\":[{\"@type\":\"ReadAction\",\"target\":[\"https:\\\/\\\/batijournal.com\\\/index.php\\\/habillage-en-damier\\\/98819\\\/\"]}]},{\"@type\":\"ImageObject\",\"inLanguage\":\"fr-FR\",\"@id\":\"https:\\\/\\\/batijournal.com\\\/index.php\\\/habillage-en-damier\\\/98819\\\/#primaryimage\",\"url\":\"https:\\\/\\\/batijournal.com\\\/wp-content\\\/uploads\\\/2018\\\/04\\\/Accoya.jpg\",\"contentUrl\":\"https:\\\/\\\/batijournal.com\\\/wp-content\\\/uploads\\\/2018\\\/04\\\/Accoya.jpg\",\"width\":5396,\"height\":2830,\"caption\":\"Accoya, fa\u00e7ade\"},{\"@type\":\"BreadcrumbList\",\"@id\":\"https:\\\/\\\/batijournal.com\\\/index.php\\\/habillage-en-damier\\\/98819\\\/#breadcrumb\",\"itemListElement\":[{\"@type\":\"ListItem\",\"position\":1,\"name\":\"Accueil\",\"item\":\"https:\\\/\\\/batijournal.com\\\/\"},{\"@type\":\"ListItem\",\"position\":2,\"name\":\"Actualit\u00e9s\",\"item\":\"https:\\\/\\\/batijournal.com\\\/index.php\\\/category\\\/actualites\\\/\"},{\"@type\":\"ListItem\",\"position\":3,\"name\":\"Architecture &amp; Conception\",\"item\":\"https:\\\/\\\/batijournal.com\\\/index.php\\\/category\\\/actualites\\\/architecture-conception\\\/\"},{\"@type\":\"ListItem\",\"position\":4,\"name\":\"Habillage en damier\"}]},{\"@type\":\"WebSite\",\"@id\":\"https:\\\/\\\/batijournal.com\\\/#website\",\"url\":\"https:\\\/\\\/batijournal.com\\\/\",\"name\":\"Batijournal\",\"description\":\"L&#039;actualit\u00e9 du b\u00e2timent\",\"potentialAction\":[{\"@type\":\"SearchAction\",\"target\":{\"@type\":\"EntryPoint\",\"urlTemplate\":\"https:\\\/\\\/batijournal.com\\\/?s={search_term_string}\"},\"query-input\":{\"@type\":\"PropertyValueSpecification\",\"valueRequired\":true,\"valueName\":\"search_term_string\"}}],\"inLanguage\":\"fr-FR\"},{\"@type\":\"Person\",\"@id\":\"https:\\\/\\\/batijournal.com\\\/#\\\/schema\\\/person\\\/1dc96ec6957aa1ccb25ebe78bb19f100\",\"name\":\"St\u00e9phane Miget\",\"image\":{\"@type\":\"ImageObject\",\"inLanguage\":\"fr-FR\",\"@id\":\"https:\\\/\\\/secure.gravatar.com\\\/avatar\\\/89915563d925342126b8ef0281b93d9d7fc337043e8df017f780908eb9644451?s=96&d=mm&r=g\",\"url\":\"https:\\\/\\\/secure.gravatar.com\\\/avatar\\\/89915563d925342126b8ef0281b93d9d7fc337043e8df017f780908eb9644451?s=96&d=mm&r=g\",\"contentUrl\":\"https:\\\/\\\/secure.gravatar.com\\\/avatar\\\/89915563d925342126b8ef0281b93d9d7fc337043e8df017f780908eb9644451?s=96&d=mm&r=g\",\"caption\":\"St\u00e9phane Miget\"},\"url\":\"https:\\\/\\\/batijournal.com\\\/index.php\\\/author\\\/stephane\\\/\"}]}<\/script>\n<!-- \/ Yoast SEO plugin. -->","yoast_head_json":{"title":"Habillage en damier","robots":{"index":"index","follow":"follow","max-snippet":"max-snippet:-1","max-image-preview":"max-image-preview:large","max-video-preview":"max-video-preview:-1"},"canonical":"https:\/\/batijournal.com\/index.php\/habillage-en-damier\/98819\/","og_locale":"fr_FR","og_type":"article","og_title":"Habillage en damier","og_description":"Petits panneaux de bois au premier plan et b\u00e9ton matric\u00e9 visible en creux alternent pour rythmer la fa\u00e7ade de la centrale biomasse de Saint-Pierre-des-Corps (37) \u00e0 la mani\u00e8re du carton perfor\u00e9 d&rsquo;un orgue de Barbarie. Chaque \u00e9l\u00e9ment de 270 mm de largeur ins\u00e9r\u00e9 dans la structure m\u00e9tallique r\u00e9sulte de l&rsquo;assemblage \u00e0 rainure et languette de [&hellip;]","og_url":"https:\/\/batijournal.com\/index.php\/habillage-en-damier\/98819\/","og_site_name":"Batijournal","article_published_time":"2018-04-05T07:45:32+00:00","article_modified_time":"2019-07-15T09:26:56+00:00","og_image":[{"width":5396,"height":2830,"url":"https:\/\/batijournal.com\/wp-content\/uploads\/2018\/04\/Accoya.jpg","type":"image\/jpeg"}],"author":"St\u00e9phane Miget","twitter_card":"summary_large_image","twitter_creator":"@bati_journal","twitter_site":"@bati_journal","twitter_misc":{"\u00c9crit par":"St\u00e9phane Miget","Dur\u00e9e de lecture estim\u00e9e":"1 minute"},"schema":{"@context":"https:\/\/schema.org","@graph":[{"@type":"Article","@id":"https:\/\/batijournal.com\/index.php\/habillage-en-damier\/98819\/#article","isPartOf":{"@id":"https:\/\/batijournal.com\/index.php\/habillage-en-damier\/98819\/"},"author":{"name":"St\u00e9phane Miget","@id":"https:\/\/batijournal.com\/#\/schema\/person\/1dc96ec6957aa1ccb25ebe78bb19f100"},"headline":"Habillage en damier","datePublished":"2018-04-05T07:45:32+00:00","dateModified":"2019-07-15T09:26:56+00:00","mainEntityOfPage":{"@id":"https:\/\/batijournal.com\/index.php\/habillage-en-damier\/98819\/"},"wordCount":171,"image":{"@id":"https:\/\/batijournal.com\/index.php\/habillage-en-damier\/98819\/#primaryimage"},"thumbnailUrl":"https:\/\/batijournal.com\/wp-content\/uploads\/2018\/04\/Accoya.jpg","keywords":["fa\u00e7ade"],"articleSection":["Architecture &amp; Conception","zz_Actualit\u00e9s - 5fa\u00e7ades"],"inLanguage":"fr-FR"},{"@type":"WebPage","@id":"https:\/\/batijournal.com\/index.php\/habillage-en-damier\/98819\/","url":"https:\/\/batijournal.com\/index.php\/habillage-en-damier\/98819\/","name":"Habillage en damier","isPartOf":{"@id":"https:\/\/batijournal.com\/#website"},"primaryImageOfPage":{"@id":"https:\/\/batijournal.com\/index.php\/habillage-en-damier\/98819\/#primaryimage"},"image":{"@id":"https:\/\/batijournal.com\/index.php\/habillage-en-damier\/98819\/#primaryimage"},"thumbnailUrl":"https:\/\/batijournal.com\/wp-content\/uploads\/2018\/04\/Accoya.jpg","datePublished":"2018-04-05T07:45:32+00:00","dateModified":"2019-07-15T09:26:56+00:00","author":{"@id":"https:\/\/batijournal.com\/#\/schema\/person\/1dc96ec6957aa1ccb25ebe78bb19f100"},"breadcrumb":{"@id":"https:\/\/batijournal.com\/index.php\/habillage-en-damier\/98819\/#breadcrumb"},"inLanguage":"fr-FR","potentialAction":[{"@type":"ReadAction","target":["https:\/\/batijournal.com\/index.php\/habillage-en-damier\/98819\/"]}]},{"@type":"ImageObject","inLanguage":"fr-FR","@id":"https:\/\/batijournal.com\/index.php\/habillage-en-damier\/98819\/#primaryimage","url":"https:\/\/batijournal.com\/wp-content\/uploads\/2018\/04\/Accoya.jpg","contentUrl":"https:\/\/batijournal.com\/wp-content\/uploads\/2018\/04\/Accoya.jpg","width":5396,"height":2830,"caption":"Accoya, fa\u00e7ade"},{"@type":"BreadcrumbList","@id":"https:\/\/batijournal.com\/index.php\/habillage-en-damier\/98819\/#breadcrumb","itemListElement":[{"@type":"ListItem","position":1,"name":"Accueil","item":"https:\/\/batijournal.com\/"},{"@type":"ListItem","position":2,"name":"Actualit\u00e9s","item":"https:\/\/batijournal.com\/index.php\/category\/actualites\/"},{"@type":"ListItem","position":3,"name":"Architecture &amp; Conception","item":"https:\/\/batijournal.com\/index.php\/category\/actualites\/architecture-conception\/"},{"@type":"ListItem","position":4,"name":"Habillage en damier"}]},{"@type":"WebSite","@id":"https:\/\/batijournal.com\/#website","url":"https:\/\/batijournal.com\/","name":"Batijournal","description":"L&#039;actualit\u00e9 du b\u00e2timent","potentialAction":[{"@type":"SearchAction","target":{"@type":"EntryPoint","urlTemplate":"https:\/\/batijournal.com\/?s={search_term_string}"},"query-input":{"@type":"PropertyValueSpecification","valueRequired":true,"valueName":"search_term_string"}}],"inLanguage":"fr-FR"},{"@type":"Person","@id":"https:\/\/batijournal.com\/#\/schema\/person\/1dc96ec6957aa1ccb25ebe78bb19f100","name":"St\u00e9phane Miget","image":{"@type":"ImageObject","inLanguage":"fr-FR","@id":"https:\/\/secure.gravatar.com\/avatar\/89915563d925342126b8ef0281b93d9d7fc337043e8df017f780908eb9644451?s=96&d=mm&r=g","url":"https:\/\/secure.gravatar.com\/avatar\/89915563d925342126b8ef0281b93d9d7fc337043e8df017f780908eb9644451?s=96&d=mm&r=g","contentUrl":"https:\/\/secure.gravatar.com\/avatar\/89915563d925342126b8ef0281b93d9d7fc337043e8df017f780908eb9644451?s=96&d=mm&r=g","caption":"St\u00e9phane Miget"},"url":"https:\/\/batijournal.com\/index.php\/author\/stephane\/"}]}},"_links":{"self":[{"href":"https:\/\/batijournal.com\/index.php\/wp-json\/wp\/v2\/posts\/98819","targetHints":{"allow":["GET"]}}],"collection":[{"href":"https:\/\/batijournal.com\/index.php\/wp-json\/wp\/v2\/posts"}],"about":[{"href":"https:\/\/batijournal.com\/index.php\/wp-json\/wp\/v2\/types\/post"}],"author":[{"embeddable":true,"href":"https:\/\/batijournal.com\/index.php\/wp-json\/wp\/v2\/users\/17"}],"replies":[{"embeddable":true,"href":"https:\/\/batijournal.com\/index.php\/wp-json\/wp\/v2\/comments?post=98819"}],"version-history":[{"count":0,"href":"https:\/\/batijournal.com\/index.php\/wp-json\/wp\/v2\/posts\/98819\/revisions"}],"wp:featuredmedia":[{"embeddable":true,"href":"https:\/\/batijournal.com\/index.php\/wp-json\/wp\/v2\/media\/98820"}],"wp:attachment":[{"href":"https:\/\/batijournal.com\/index.php\/wp-json\/wp\/v2\/media?parent=98819"}],"wp:term":[{"taxonomy":"category","embeddable":true,"href":"https:\/\/batijournal.com\/index.php\/wp-json\/wp\/v2\/categories?post=98819"},{"taxonomy":"post_tag","embeddable":true,"href":"https:\/\/batijournal.com\/index.php\/wp-json\/wp\/v2\/tags?post=98819"}],"curies":[{"name":"wp","href":"https:\/\/api.w.org\/{rel}","templated":true}]}}