{"id":98867,"date":"2018-04-10T12:30:20","date_gmt":"2018-04-10T10:30:20","guid":{"rendered":"http:\/\/batijournal.com\/?p=98867"},"modified":"2018-09-12T16:46:40","modified_gmt":"2018-09-12T14:46:40","slug":"appel-a-manifestation-dinteret","status":"publish","type":"post","link":"https:\/\/batijournal.com\/index.php\/appel-a-manifestation-dinteret\/98867\/","title":{"rendered":"Appel \u00e0 manifestation d&rsquo;int\u00e9r\u00eat &#8211; Le Printemps du Bois"},"content":{"rendered":"<p>REI Habitat, promoteur immobilier pionnier de la construction bois depuis 2009, annonce le lancement du Printemps du Bois, un appel \u00e0 manifestation d&rsquo;int\u00e9r\u00eat (AMI) pour la structuration de la fili\u00e8re for\u00eat-bois construction.<\/p>\n<p>La d\u00e9marche s&rsquo;adresse \u00e0 l&rsquo;ensemble de la nouvelle \u00e9conomie du bois : <span style=\"font-size: large\">1\u00e8re et 2\u00e8me transformation, constructeurs,\u00a0charpentiers, industriels, scieurs, professionnels de l&rsquo;amont forestier, experts, architectes, bureaux d&rsquo;\u00e9tudes, start-ups<\/span><span style=\"font-size: large\">&#8230; <\/span><span style=\"font-size: large\">\u00c0<\/span><span style=\"font-size: large\"> l&rsquo;issue de l&rsquo;AMI Printemps du Bois, une s\u00e9rie de workshops sera organis\u00e9e en mai 2018. Ils serviront \u00e0 \u00e9tablir une feuille de route op\u00e9rationnelle ainsi que de nouveaux partenariats autour de diff\u00e9rents th\u00e8mes essentiels au d\u00e9veloppement de la fili\u00e8re : comp\u00e9titivit\u00e9 des co\u00fbts de construction, mont\u00e9e en puissance des entreprises, innovation de process, tra\u00e7abilit\u00e9 des bois&#8230;<\/span><\/p>\n<p>Date limite de r\u00e9ponse\u00a0: 27 avril 2018<\/p>\n<p><a href=\"http:\/\/www.printempsdubois.com\" target=\"_blank\" rel=\"noopener\">www.printempsdubois.com<\/a><\/p>\n<p>Illustration\u00a0: Wood&rsquo;Up &#8211; Paris 13e<\/p>\n<p>Doc.\u00a0: REI Habitat \/ Compagnie de Phalsbourg \/ LAN Architecte<\/p>\n","protected":false},"excerpt":{"rendered":"<p>REI Habitat, promoteur immobilier pionnier de la construction bois depuis 2009, annonce le lancement du Printemps du Bois, un appel \u00e0 manifestation d&rsquo;int\u00e9r\u00eat (AMI) pour la structuration de la fili\u00e8re for\u00eat-bois construction. La d\u00e9marche s&rsquo;adresse \u00e0 l&rsquo;ensemble de la nouvelle \u00e9conomie du bois : 1\u00e8re et 2\u00e8me transformation, constructeurs,\u00a0charpentiers, industriels, scieurs, professionnels de l&rsquo;amont forestier, [&hellip;]<\/p>\n","protected":false},"author":17,"featured_media":98868,"comment_status":"closed","ping_status":"closed","sticky":false,"template":"","format":"standard","meta":{"_et_pb_use_builder":"","_et_pb_old_content":"","_et_gb_content_width":"","footnotes":""},"categories":[10530,6345,9192,10764],"tags":[],"class_list":["post-98867","post","type-post","status-publish","format-standard","has-post-thumbnail","hentry","category-actualites","category-economie-marches","category-evenements","category-woodsurfer"],"yoast_head":"<!-- This site is optimized with the Yoast SEO plugin v27.4 - https:\/\/yoast.com\/product\/yoast-seo-wordpress\/ -->\n<title>REI Habitat annonce le lancement du Printemps du Bois<\/title>\n<meta name=\"description\" content=\"REI Habitat, promoteur immobilier pionnier de la construction bois depuis 2009, annonce le lancement du Printemps du Bois\" \/>\n<meta name=\"robots\" content=\"index, follow, max-snippet:-1, max-image-preview:large, max-video-preview:-1\" \/>\n<link rel=\"canonical\" href=\"https:\/\/batijournal.com\/index.php\/appel-a-manifestation-dinteret\/98867\/\" \/>\n<meta property=\"og:locale\" content=\"fr_FR\" \/>\n<meta property=\"og:type\" content=\"article\" \/>\n<meta property=\"og:title\" content=\"REI Habitat annonce le lancement du Printemps du Bois\" \/>\n<meta property=\"og:description\" content=\"REI Habitat, promoteur immobilier pionnier de la construction bois depuis 2009, annonce le lancement du Printemps du Bois\" \/>\n<meta property=\"og:url\" content=\"https:\/\/batijournal.com\/index.php\/appel-a-manifestation-dinteret\/98867\/\" \/>\n<meta property=\"og:site_name\" content=\"Batijournal\" \/>\n<meta property=\"article:published_time\" content=\"2018-04-10T10:30:20+00:00\" \/>\n<meta property=\"article:modified_time\" content=\"2018-09-12T14:46:40+00:00\" \/>\n<meta property=\"og:image\" content=\"https:\/\/batijournal.com\/wp-content\/uploads\/2018\/04\/4a6107a0-fb1c-4f5e-9fbc-c884572ba809.png\" \/>\n\t<meta property=\"og:image:width\" content=\"800\" \/>\n\t<meta property=\"og:image:height\" content=\"563\" \/>\n\t<meta property=\"og:image:type\" content=\"image\/png\" \/>\n<meta name=\"author\" content=\"St\u00e9phane Miget\" \/>\n<meta name=\"twitter:card\" content=\"summary_large_image\" \/>\n<meta name=\"twitter:creator\" content=\"@bati_journal\" \/>\n<meta name=\"twitter:site\" content=\"@bati_journal\" \/>\n<meta name=\"twitter:label1\" content=\"\u00c9crit par\" \/>\n\t<meta name=\"twitter:data1\" content=\"St\u00e9phane Miget\" \/>\n\t<meta name=\"twitter:label2\" content=\"Dur\u00e9e de lecture estim\u00e9e\" \/>\n\t<meta name=\"twitter:data2\" content=\"1 minute\" \/>\n<script type=\"application\/ld+json\" class=\"yoast-schema-graph\">{\"@context\":\"https:\\\/\\\/schema.org\",\"@graph\":[{\"@type\":\"Article\",\"@id\":\"https:\\\/\\\/batijournal.com\\\/index.php\\\/appel-a-manifestation-dinteret\\\/98867\\\/#article\",\"isPartOf\":{\"@id\":\"https:\\\/\\\/batijournal.com\\\/index.php\\\/appel-a-manifestation-dinteret\\\/98867\\\/\"},\"author\":{\"name\":\"St\u00e9phane Miget\",\"@id\":\"https:\\\/\\\/batijournal.com\\\/#\\\/schema\\\/person\\\/1dc96ec6957aa1ccb25ebe78bb19f100\"},\"headline\":\"Appel \u00e0 manifestation d&rsquo;int\u00e9r\u00eat &#8211; Le Printemps du Bois\",\"datePublished\":\"2018-04-10T10:30:20+00:00\",\"dateModified\":\"2018-09-12T14:46:40+00:00\",\"mainEntityOfPage\":{\"@id\":\"https:\\\/\\\/batijournal.com\\\/index.php\\\/appel-a-manifestation-dinteret\\\/98867\\\/\"},\"wordCount\":167,\"image\":{\"@id\":\"https:\\\/\\\/batijournal.com\\\/index.php\\\/appel-a-manifestation-dinteret\\\/98867\\\/#primaryimage\"},\"thumbnailUrl\":\"https:\\\/\\\/batijournal.com\\\/wp-content\\\/uploads\\\/2018\\\/04\\\/4a6107a0-fb1c-4f5e-9fbc-c884572ba809.png\",\"articleSection\":[\"Actualit\u00e9s\",\"\u00c9conomie &amp; March\u00e9s\",\"\u00c9v\u00e9nements\",\"zz_Woodsurfer\"],\"inLanguage\":\"fr-FR\"},{\"@type\":\"WebPage\",\"@id\":\"https:\\\/\\\/batijournal.com\\\/index.php\\\/appel-a-manifestation-dinteret\\\/98867\\\/\",\"url\":\"https:\\\/\\\/batijournal.com\\\/index.php\\\/appel-a-manifestation-dinteret\\\/98867\\\/\",\"name\":\"REI Habitat annonce le lancement du Printemps du Bois\",\"isPartOf\":{\"@id\":\"https:\\\/\\\/batijournal.com\\\/#website\"},\"primaryImageOfPage\":{\"@id\":\"https:\\\/\\\/batijournal.com\\\/index.php\\\/appel-a-manifestation-dinteret\\\/98867\\\/#primaryimage\"},\"image\":{\"@id\":\"https:\\\/\\\/batijournal.com\\\/index.php\\\/appel-a-manifestation-dinteret\\\/98867\\\/#primaryimage\"},\"thumbnailUrl\":\"https:\\\/\\\/batijournal.com\\\/wp-content\\\/uploads\\\/2018\\\/04\\\/4a6107a0-fb1c-4f5e-9fbc-c884572ba809.png\",\"datePublished\":\"2018-04-10T10:30:20+00:00\",\"dateModified\":\"2018-09-12T14:46:40+00:00\",\"author\":{\"@id\":\"https:\\\/\\\/batijournal.com\\\/#\\\/schema\\\/person\\\/1dc96ec6957aa1ccb25ebe78bb19f100\"},\"description\":\"REI Habitat, promoteur immobilier pionnier de la construction bois depuis 2009, annonce le lancement du Printemps du Bois\",\"breadcrumb\":{\"@id\":\"https:\\\/\\\/batijournal.com\\\/index.php\\\/appel-a-manifestation-dinteret\\\/98867\\\/#breadcrumb\"},\"inLanguage\":\"fr-FR\",\"potentialAction\":[{\"@type\":\"ReadAction\",\"target\":[\"https:\\\/\\\/batijournal.com\\\/index.php\\\/appel-a-manifestation-dinteret\\\/98867\\\/\"]}]},{\"@type\":\"ImageObject\",\"inLanguage\":\"fr-FR\",\"@id\":\"https:\\\/\\\/batijournal.com\\\/index.php\\\/appel-a-manifestation-dinteret\\\/98867\\\/#primaryimage\",\"url\":\"https:\\\/\\\/batijournal.com\\\/wp-content\\\/uploads\\\/2018\\\/04\\\/4a6107a0-fb1c-4f5e-9fbc-c884572ba809.png\",\"contentUrl\":\"https:\\\/\\\/batijournal.com\\\/wp-content\\\/uploads\\\/2018\\\/04\\\/4a6107a0-fb1c-4f5e-9fbc-c884572ba809.png\",\"width\":800,\"height\":563,\"caption\":\"REI Habitat\"},{\"@type\":\"BreadcrumbList\",\"@id\":\"https:\\\/\\\/batijournal.com\\\/index.php\\\/appel-a-manifestation-dinteret\\\/98867\\\/#breadcrumb\",\"itemListElement\":[{\"@type\":\"ListItem\",\"position\":1,\"name\":\"Accueil\",\"item\":\"https:\\\/\\\/batijournal.com\\\/\"},{\"@type\":\"ListItem\",\"position\":2,\"name\":\"Actualit\u00e9s\",\"item\":\"https:\\\/\\\/batijournal.com\\\/index.php\\\/category\\\/actualites\\\/\"},{\"@type\":\"ListItem\",\"position\":3,\"name\":\"\u00c9conomie &amp; March\u00e9s\",\"item\":\"https:\\\/\\\/batijournal.com\\\/index.php\\\/category\\\/actualites\\\/economie-marches\\\/\"},{\"@type\":\"ListItem\",\"position\":4,\"name\":\"Appel \u00e0 manifestation d&rsquo;int\u00e9r\u00eat &#8211; Le Printemps du Bois\"}]},{\"@type\":\"WebSite\",\"@id\":\"https:\\\/\\\/batijournal.com\\\/#website\",\"url\":\"https:\\\/\\\/batijournal.com\\\/\",\"name\":\"Batijournal\",\"description\":\"L&#039;actualit\u00e9 du b\u00e2timent\",\"potentialAction\":[{\"@type\":\"SearchAction\",\"target\":{\"@type\":\"EntryPoint\",\"urlTemplate\":\"https:\\\/\\\/batijournal.com\\\/?s={search_term_string}\"},\"query-input\":{\"@type\":\"PropertyValueSpecification\",\"valueRequired\":true,\"valueName\":\"search_term_string\"}}],\"inLanguage\":\"fr-FR\"},{\"@type\":\"Person\",\"@id\":\"https:\\\/\\\/batijournal.com\\\/#\\\/schema\\\/person\\\/1dc96ec6957aa1ccb25ebe78bb19f100\",\"name\":\"St\u00e9phane Miget\",\"image\":{\"@type\":\"ImageObject\",\"inLanguage\":\"fr-FR\",\"@id\":\"https:\\\/\\\/secure.gravatar.com\\\/avatar\\\/89915563d925342126b8ef0281b93d9d7fc337043e8df017f780908eb9644451?s=96&d=mm&r=g\",\"url\":\"https:\\\/\\\/secure.gravatar.com\\\/avatar\\\/89915563d925342126b8ef0281b93d9d7fc337043e8df017f780908eb9644451?s=96&d=mm&r=g\",\"contentUrl\":\"https:\\\/\\\/secure.gravatar.com\\\/avatar\\\/89915563d925342126b8ef0281b93d9d7fc337043e8df017f780908eb9644451?s=96&d=mm&r=g\",\"caption\":\"St\u00e9phane Miget\"},\"url\":\"https:\\\/\\\/batijournal.com\\\/index.php\\\/author\\\/stephane\\\/\"}]}<\/script>\n<!-- \/ Yoast SEO plugin. -->","yoast_head_json":{"title":"REI Habitat annonce le lancement du Printemps du Bois","description":"REI Habitat, promoteur immobilier pionnier de la construction bois depuis 2009, annonce le lancement du Printemps du Bois","robots":{"index":"index","follow":"follow","max-snippet":"max-snippet:-1","max-image-preview":"max-image-preview:large","max-video-preview":"max-video-preview:-1"},"canonical":"https:\/\/batijournal.com\/index.php\/appel-a-manifestation-dinteret\/98867\/","og_locale":"fr_FR","og_type":"article","og_title":"REI Habitat annonce le lancement du Printemps du Bois","og_description":"REI Habitat, promoteur immobilier pionnier de la construction bois depuis 2009, annonce le lancement du Printemps du Bois","og_url":"https:\/\/batijournal.com\/index.php\/appel-a-manifestation-dinteret\/98867\/","og_site_name":"Batijournal","article_published_time":"2018-04-10T10:30:20+00:00","article_modified_time":"2018-09-12T14:46:40+00:00","og_image":[{"width":800,"height":563,"url":"https:\/\/batijournal.com\/wp-content\/uploads\/2018\/04\/4a6107a0-fb1c-4f5e-9fbc-c884572ba809.png","type":"image\/png"}],"author":"St\u00e9phane Miget","twitter_card":"summary_large_image","twitter_creator":"@bati_journal","twitter_site":"@bati_journal","twitter_misc":{"\u00c9crit par":"St\u00e9phane Miget","Dur\u00e9e de lecture estim\u00e9e":"1 minute"},"schema":{"@context":"https:\/\/schema.org","@graph":[{"@type":"Article","@id":"https:\/\/batijournal.com\/index.php\/appel-a-manifestation-dinteret\/98867\/#article","isPartOf":{"@id":"https:\/\/batijournal.com\/index.php\/appel-a-manifestation-dinteret\/98867\/"},"author":{"name":"St\u00e9phane Miget","@id":"https:\/\/batijournal.com\/#\/schema\/person\/1dc96ec6957aa1ccb25ebe78bb19f100"},"headline":"Appel \u00e0 manifestation d&rsquo;int\u00e9r\u00eat &#8211; Le Printemps du Bois","datePublished":"2018-04-10T10:30:20+00:00","dateModified":"2018-09-12T14:46:40+00:00","mainEntityOfPage":{"@id":"https:\/\/batijournal.com\/index.php\/appel-a-manifestation-dinteret\/98867\/"},"wordCount":167,"image":{"@id":"https:\/\/batijournal.com\/index.php\/appel-a-manifestation-dinteret\/98867\/#primaryimage"},"thumbnailUrl":"https:\/\/batijournal.com\/wp-content\/uploads\/2018\/04\/4a6107a0-fb1c-4f5e-9fbc-c884572ba809.png","articleSection":["Actualit\u00e9s","\u00c9conomie &amp; March\u00e9s","\u00c9v\u00e9nements","zz_Woodsurfer"],"inLanguage":"fr-FR"},{"@type":"WebPage","@id":"https:\/\/batijournal.com\/index.php\/appel-a-manifestation-dinteret\/98867\/","url":"https:\/\/batijournal.com\/index.php\/appel-a-manifestation-dinteret\/98867\/","name":"REI Habitat annonce le lancement du Printemps du Bois","isPartOf":{"@id":"https:\/\/batijournal.com\/#website"},"primaryImageOfPage":{"@id":"https:\/\/batijournal.com\/index.php\/appel-a-manifestation-dinteret\/98867\/#primaryimage"},"image":{"@id":"https:\/\/batijournal.com\/index.php\/appel-a-manifestation-dinteret\/98867\/#primaryimage"},"thumbnailUrl":"https:\/\/batijournal.com\/wp-content\/uploads\/2018\/04\/4a6107a0-fb1c-4f5e-9fbc-c884572ba809.png","datePublished":"2018-04-10T10:30:20+00:00","dateModified":"2018-09-12T14:46:40+00:00","author":{"@id":"https:\/\/batijournal.com\/#\/schema\/person\/1dc96ec6957aa1ccb25ebe78bb19f100"},"description":"REI Habitat, promoteur immobilier pionnier de la construction bois depuis 2009, annonce le lancement du Printemps du Bois","breadcrumb":{"@id":"https:\/\/batijournal.com\/index.php\/appel-a-manifestation-dinteret\/98867\/#breadcrumb"},"inLanguage":"fr-FR","potentialAction":[{"@type":"ReadAction","target":["https:\/\/batijournal.com\/index.php\/appel-a-manifestation-dinteret\/98867\/"]}]},{"@type":"ImageObject","inLanguage":"fr-FR","@id":"https:\/\/batijournal.com\/index.php\/appel-a-manifestation-dinteret\/98867\/#primaryimage","url":"https:\/\/batijournal.com\/wp-content\/uploads\/2018\/04\/4a6107a0-fb1c-4f5e-9fbc-c884572ba809.png","contentUrl":"https:\/\/batijournal.com\/wp-content\/uploads\/2018\/04\/4a6107a0-fb1c-4f5e-9fbc-c884572ba809.png","width":800,"height":563,"caption":"REI Habitat"},{"@type":"BreadcrumbList","@id":"https:\/\/batijournal.com\/index.php\/appel-a-manifestation-dinteret\/98867\/#breadcrumb","itemListElement":[{"@type":"ListItem","position":1,"name":"Accueil","item":"https:\/\/batijournal.com\/"},{"@type":"ListItem","position":2,"name":"Actualit\u00e9s","item":"https:\/\/batijournal.com\/index.php\/category\/actualites\/"},{"@type":"ListItem","position":3,"name":"\u00c9conomie &amp; March\u00e9s","item":"https:\/\/batijournal.com\/index.php\/category\/actualites\/economie-marches\/"},{"@type":"ListItem","position":4,"name":"Appel \u00e0 manifestation d&rsquo;int\u00e9r\u00eat &#8211; Le Printemps du Bois"}]},{"@type":"WebSite","@id":"https:\/\/batijournal.com\/#website","url":"https:\/\/batijournal.com\/","name":"Batijournal","description":"L&#039;actualit\u00e9 du b\u00e2timent","potentialAction":[{"@type":"SearchAction","target":{"@type":"EntryPoint","urlTemplate":"https:\/\/batijournal.com\/?s={search_term_string}"},"query-input":{"@type":"PropertyValueSpecification","valueRequired":true,"valueName":"search_term_string"}}],"inLanguage":"fr-FR"},{"@type":"Person","@id":"https:\/\/batijournal.com\/#\/schema\/person\/1dc96ec6957aa1ccb25ebe78bb19f100","name":"St\u00e9phane Miget","image":{"@type":"ImageObject","inLanguage":"fr-FR","@id":"https:\/\/secure.gravatar.com\/avatar\/89915563d925342126b8ef0281b93d9d7fc337043e8df017f780908eb9644451?s=96&d=mm&r=g","url":"https:\/\/secure.gravatar.com\/avatar\/89915563d925342126b8ef0281b93d9d7fc337043e8df017f780908eb9644451?s=96&d=mm&r=g","contentUrl":"https:\/\/secure.gravatar.com\/avatar\/89915563d925342126b8ef0281b93d9d7fc337043e8df017f780908eb9644451?s=96&d=mm&r=g","caption":"St\u00e9phane Miget"},"url":"https:\/\/batijournal.com\/index.php\/author\/stephane\/"}]}},"_links":{"self":[{"href":"https:\/\/batijournal.com\/index.php\/wp-json\/wp\/v2\/posts\/98867","targetHints":{"allow":["GET"]}}],"collection":[{"href":"https:\/\/batijournal.com\/index.php\/wp-json\/wp\/v2\/posts"}],"about":[{"href":"https:\/\/batijournal.com\/index.php\/wp-json\/wp\/v2\/types\/post"}],"author":[{"embeddable":true,"href":"https:\/\/batijournal.com\/index.php\/wp-json\/wp\/v2\/users\/17"}],"replies":[{"embeddable":true,"href":"https:\/\/batijournal.com\/index.php\/wp-json\/wp\/v2\/comments?post=98867"}],"version-history":[{"count":0,"href":"https:\/\/batijournal.com\/index.php\/wp-json\/wp\/v2\/posts\/98867\/revisions"}],"wp:featuredmedia":[{"embeddable":true,"href":"https:\/\/batijournal.com\/index.php\/wp-json\/wp\/v2\/media\/98868"}],"wp:attachment":[{"href":"https:\/\/batijournal.com\/index.php\/wp-json\/wp\/v2\/media?parent=98867"}],"wp:term":[{"taxonomy":"category","embeddable":true,"href":"https:\/\/batijournal.com\/index.php\/wp-json\/wp\/v2\/categories?post=98867"},{"taxonomy":"post_tag","embeddable":true,"href":"https:\/\/batijournal.com\/index.php\/wp-json\/wp\/v2\/tags?post=98867"}],"curies":[{"name":"wp","href":"https:\/\/api.w.org\/{rel}","templated":true}]}}