{"id":98884,"date":"2018-04-11T12:22:52","date_gmt":"2018-04-11T10:22:52","guid":{"rendered":"http:\/\/batijournal.com\/?p=98884"},"modified":"2019-07-15T11:15:08","modified_gmt":"2019-07-15T09:15:08","slug":"le-centre-des-monuments-nationaux-accueille-les-startups-du-patrimoine","status":"publish","type":"post","link":"https:\/\/batijournal.com\/index.php\/le-centre-des-monuments-nationaux-accueille-les-startups-du-patrimoine\/98884\/","title":{"rendered":"Le Centre des monuments nationaux accueille les startups du patrimoine"},"content":{"rendered":"<p>Le Centre des monuments nationaux a cr\u00e9\u00e9 l\u2019Incubateur du patrimoine, une structure d\u2019accompagnement et d\u2019exp\u00e9rimentation d\u00e9di\u00e9e \u00e0 toute jeune entreprise ou \u00e9quipe projet souhaitant apporter une contribution au secteur patrimonial. Une premi\u00e8re promotion d\u2019entreprises et d\u2019\u00e9quipes sera accueillie d\u00e8s juin 2018. En s\u2019associant \u00e0 Creatis, l\u2019incubateur d\u2019entrepreneurs culturels et des industries cr\u00e9atives port\u00e9 par le groupe Scintillo, le CMN a mis en place, au cours d\u2019une p\u00e9riode de pr\u00e9figuration, une d\u00e9marche structur\u00e9e et rigoureuse afin de cr\u00e9er les conditions id\u00e9ales pour l\u2019accueil des start-ups Des groupes de travail et des entretiens individuels pour mieux comprendre les candidats potentiels et leurs besoins ont notamment \u00e9t\u00e9 organis\u00e9s. Le CMN d\u00e9die un budget estim\u00e9 \u00e0 120 000 euros et un investissement de ses \u00e9quipes sur ces premiers mois d\u2019activit\u00e9 qui lui permettront de contribuer \u00e0 l\u2019avenir de l\u2019entreprenariat culturel et du patrimoine avec les jeunes pousses de cette premi\u00e8re promotion. Les candidats pourront soumettre leurs dossiers du 9 avril au 25 mai 2018 inclus sur <a href=\"http:\/\/www.lincubateurdupatrimoine.fr\" target=\"_blank\" rel=\"noopener noreferrer\">www.lincubateurdupatrimoine.fr<\/a>.<\/p>\n","protected":false},"excerpt":{"rendered":"<p>Le Centre des monuments nationaux a cr\u00e9\u00e9 l\u2019Incubateur du patrimoine, une structure d\u2019accompagnement et d\u2019exp\u00e9rimentation d\u00e9di\u00e9e \u00e0 toute jeune entreprise ou \u00e9quipe projet souhaitant apporter une contribution au secteur patrimonial. Une premi\u00e8re promotion d\u2019entreprises et d\u2019\u00e9quipes sera accueillie d\u00e8s juin 2018. En s\u2019associant \u00e0 Creatis, l\u2019incubateur d\u2019entrepreneurs culturels et des industries cr\u00e9atives port\u00e9 par le [&hellip;]<\/p>\n","protected":false},"author":17,"featured_media":98885,"comment_status":"closed","ping_status":"closed","sticky":false,"template":"","format":"standard","meta":{"_et_pb_use_builder":"","_et_pb_old_content":"","_et_gb_content_width":"","footnotes":""},"categories":[10530,6340,10785],"tags":[4474],"class_list":["post-98884","post","type-post","status-publish","format-standard","has-post-thumbnail","hentry","category-actualites","category-architecture-conception","category-atrium","tag-monuments-historiques"],"yoast_head":"<!-- This site is optimized with the Yoast SEO plugin v27.4 - https:\/\/yoast.com\/product\/yoast-seo-wordpress\/ -->\n<title>Le Centre des monuments nationaux accueille les startups du patrimoine<\/title>\n<meta name=\"robots\" content=\"index, follow, max-snippet:-1, max-image-preview:large, max-video-preview:-1\" \/>\n<link rel=\"canonical\" href=\"https:\/\/batijournal.com\/index.php\/le-centre-des-monuments-nationaux-accueille-les-startups-du-patrimoine\/98884\/\" \/>\n<meta property=\"og:locale\" content=\"fr_FR\" \/>\n<meta property=\"og:type\" content=\"article\" \/>\n<meta property=\"og:title\" content=\"Le Centre des monuments nationaux accueille les startups du patrimoine\" \/>\n<meta property=\"og:description\" content=\"Le Centre des monuments nationaux a cr\u00e9\u00e9 l\u2019Incubateur du patrimoine, une structure d\u2019accompagnement et d\u2019exp\u00e9rimentation d\u00e9di\u00e9e \u00e0 toute jeune entreprise ou \u00e9quipe projet souhaitant apporter une contribution au secteur patrimonial. Une premi\u00e8re promotion d\u2019entreprises et d\u2019\u00e9quipes sera accueillie d\u00e8s juin 2018. En s\u2019associant \u00e0 Creatis, l\u2019incubateur d\u2019entrepreneurs culturels et des industries cr\u00e9atives port\u00e9 par le [&hellip;]\" \/>\n<meta property=\"og:url\" content=\"https:\/\/batijournal.com\/index.php\/le-centre-des-monuments-nationaux-accueille-les-startups-du-patrimoine\/98884\/\" \/>\n<meta property=\"og:site_name\" content=\"Batijournal\" \/>\n<meta property=\"article:published_time\" content=\"2018-04-11T10:22:52+00:00\" \/>\n<meta property=\"article:modified_time\" content=\"2019-07-15T09:15:08+00:00\" \/>\n<meta property=\"og:image\" content=\"https:\/\/batijournal.com\/wp-content\/uploads\/2018\/04\/incubateur-du-patrimoine.png\" \/>\n\t<meta property=\"og:image:width\" content=\"976\" \/>\n\t<meta property=\"og:image:height\" content=\"433\" \/>\n\t<meta property=\"og:image:type\" content=\"image\/png\" \/>\n<meta name=\"author\" content=\"St\u00e9phane Miget\" \/>\n<meta name=\"twitter:card\" content=\"summary_large_image\" \/>\n<meta name=\"twitter:creator\" content=\"@bati_journal\" \/>\n<meta name=\"twitter:site\" content=\"@bati_journal\" \/>\n<meta name=\"twitter:label1\" content=\"\u00c9crit par\" \/>\n\t<meta name=\"twitter:data1\" content=\"St\u00e9phane Miget\" \/>\n\t<meta name=\"twitter:label2\" content=\"Dur\u00e9e de lecture estim\u00e9e\" \/>\n\t<meta name=\"twitter:data2\" content=\"1 minute\" \/>\n<script type=\"application\/ld+json\" class=\"yoast-schema-graph\">{\"@context\":\"https:\\\/\\\/schema.org\",\"@graph\":[{\"@type\":\"Article\",\"@id\":\"https:\\\/\\\/batijournal.com\\\/index.php\\\/le-centre-des-monuments-nationaux-accueille-les-startups-du-patrimoine\\\/98884\\\/#article\",\"isPartOf\":{\"@id\":\"https:\\\/\\\/batijournal.com\\\/index.php\\\/le-centre-des-monuments-nationaux-accueille-les-startups-du-patrimoine\\\/98884\\\/\"},\"author\":{\"name\":\"St\u00e9phane Miget\",\"@id\":\"https:\\\/\\\/batijournal.com\\\/#\\\/schema\\\/person\\\/1dc96ec6957aa1ccb25ebe78bb19f100\"},\"headline\":\"Le Centre des monuments nationaux accueille les startups du patrimoine\",\"datePublished\":\"2018-04-11T10:22:52+00:00\",\"dateModified\":\"2019-07-15T09:15:08+00:00\",\"mainEntityOfPage\":{\"@id\":\"https:\\\/\\\/batijournal.com\\\/index.php\\\/le-centre-des-monuments-nationaux-accueille-les-startups-du-patrimoine\\\/98884\\\/\"},\"wordCount\":193,\"image\":{\"@id\":\"https:\\\/\\\/batijournal.com\\\/index.php\\\/le-centre-des-monuments-nationaux-accueille-les-startups-du-patrimoine\\\/98884\\\/#primaryimage\"},\"thumbnailUrl\":\"https:\\\/\\\/batijournal.com\\\/wp-content\\\/uploads\\\/2018\\\/04\\\/incubateur-du-patrimoine.png\",\"keywords\":[\"monuments historiques\"],\"articleSection\":[\"Actualit\u00e9s\",\"Architecture &amp; Conception\",\"zz_Atrium Patrimoine\"],\"inLanguage\":\"fr-FR\"},{\"@type\":\"WebPage\",\"@id\":\"https:\\\/\\\/batijournal.com\\\/index.php\\\/le-centre-des-monuments-nationaux-accueille-les-startups-du-patrimoine\\\/98884\\\/\",\"url\":\"https:\\\/\\\/batijournal.com\\\/index.php\\\/le-centre-des-monuments-nationaux-accueille-les-startups-du-patrimoine\\\/98884\\\/\",\"name\":\"Le Centre des monuments nationaux accueille les startups du patrimoine\",\"isPartOf\":{\"@id\":\"https:\\\/\\\/batijournal.com\\\/#website\"},\"primaryImageOfPage\":{\"@id\":\"https:\\\/\\\/batijournal.com\\\/index.php\\\/le-centre-des-monuments-nationaux-accueille-les-startups-du-patrimoine\\\/98884\\\/#primaryimage\"},\"image\":{\"@id\":\"https:\\\/\\\/batijournal.com\\\/index.php\\\/le-centre-des-monuments-nationaux-accueille-les-startups-du-patrimoine\\\/98884\\\/#primaryimage\"},\"thumbnailUrl\":\"https:\\\/\\\/batijournal.com\\\/wp-content\\\/uploads\\\/2018\\\/04\\\/incubateur-du-patrimoine.png\",\"datePublished\":\"2018-04-11T10:22:52+00:00\",\"dateModified\":\"2019-07-15T09:15:08+00:00\",\"author\":{\"@id\":\"https:\\\/\\\/batijournal.com\\\/#\\\/schema\\\/person\\\/1dc96ec6957aa1ccb25ebe78bb19f100\"},\"breadcrumb\":{\"@id\":\"https:\\\/\\\/batijournal.com\\\/index.php\\\/le-centre-des-monuments-nationaux-accueille-les-startups-du-patrimoine\\\/98884\\\/#breadcrumb\"},\"inLanguage\":\"fr-FR\",\"potentialAction\":[{\"@type\":\"ReadAction\",\"target\":[\"https:\\\/\\\/batijournal.com\\\/index.php\\\/le-centre-des-monuments-nationaux-accueille-les-startups-du-patrimoine\\\/98884\\\/\"]}]},{\"@type\":\"ImageObject\",\"inLanguage\":\"fr-FR\",\"@id\":\"https:\\\/\\\/batijournal.com\\\/index.php\\\/le-centre-des-monuments-nationaux-accueille-les-startups-du-patrimoine\\\/98884\\\/#primaryimage\",\"url\":\"https:\\\/\\\/batijournal.com\\\/wp-content\\\/uploads\\\/2018\\\/04\\\/incubateur-du-patrimoine.png\",\"contentUrl\":\"https:\\\/\\\/batijournal.com\\\/wp-content\\\/uploads\\\/2018\\\/04\\\/incubateur-du-patrimoine.png\",\"width\":976,\"height\":433},{\"@type\":\"BreadcrumbList\",\"@id\":\"https:\\\/\\\/batijournal.com\\\/index.php\\\/le-centre-des-monuments-nationaux-accueille-les-startups-du-patrimoine\\\/98884\\\/#breadcrumb\",\"itemListElement\":[{\"@type\":\"ListItem\",\"position\":1,\"name\":\"Accueil\",\"item\":\"https:\\\/\\\/batijournal.com\\\/\"},{\"@type\":\"ListItem\",\"position\":2,\"name\":\"Actualit\u00e9s\",\"item\":\"https:\\\/\\\/batijournal.com\\\/index.php\\\/category\\\/actualites\\\/\"},{\"@type\":\"ListItem\",\"position\":3,\"name\":\"Le Centre des monuments nationaux accueille les startups du patrimoine\"}]},{\"@type\":\"WebSite\",\"@id\":\"https:\\\/\\\/batijournal.com\\\/#website\",\"url\":\"https:\\\/\\\/batijournal.com\\\/\",\"name\":\"Batijournal\",\"description\":\"L&#039;actualit\u00e9 du b\u00e2timent\",\"potentialAction\":[{\"@type\":\"SearchAction\",\"target\":{\"@type\":\"EntryPoint\",\"urlTemplate\":\"https:\\\/\\\/batijournal.com\\\/?s={search_term_string}\"},\"query-input\":{\"@type\":\"PropertyValueSpecification\",\"valueRequired\":true,\"valueName\":\"search_term_string\"}}],\"inLanguage\":\"fr-FR\"},{\"@type\":\"Person\",\"@id\":\"https:\\\/\\\/batijournal.com\\\/#\\\/schema\\\/person\\\/1dc96ec6957aa1ccb25ebe78bb19f100\",\"name\":\"St\u00e9phane Miget\",\"image\":{\"@type\":\"ImageObject\",\"inLanguage\":\"fr-FR\",\"@id\":\"https:\\\/\\\/secure.gravatar.com\\\/avatar\\\/89915563d925342126b8ef0281b93d9d7fc337043e8df017f780908eb9644451?s=96&d=mm&r=g\",\"url\":\"https:\\\/\\\/secure.gravatar.com\\\/avatar\\\/89915563d925342126b8ef0281b93d9d7fc337043e8df017f780908eb9644451?s=96&d=mm&r=g\",\"contentUrl\":\"https:\\\/\\\/secure.gravatar.com\\\/avatar\\\/89915563d925342126b8ef0281b93d9d7fc337043e8df017f780908eb9644451?s=96&d=mm&r=g\",\"caption\":\"St\u00e9phane Miget\"},\"url\":\"https:\\\/\\\/batijournal.com\\\/index.php\\\/author\\\/stephane\\\/\"}]}<\/script>\n<!-- \/ Yoast SEO plugin. -->","yoast_head_json":{"title":"Le Centre des monuments nationaux accueille les startups du patrimoine","robots":{"index":"index","follow":"follow","max-snippet":"max-snippet:-1","max-image-preview":"max-image-preview:large","max-video-preview":"max-video-preview:-1"},"canonical":"https:\/\/batijournal.com\/index.php\/le-centre-des-monuments-nationaux-accueille-les-startups-du-patrimoine\/98884\/","og_locale":"fr_FR","og_type":"article","og_title":"Le Centre des monuments nationaux accueille les startups du patrimoine","og_description":"Le Centre des monuments nationaux a cr\u00e9\u00e9 l\u2019Incubateur du patrimoine, une structure d\u2019accompagnement et d\u2019exp\u00e9rimentation d\u00e9di\u00e9e \u00e0 toute jeune entreprise ou \u00e9quipe projet souhaitant apporter une contribution au secteur patrimonial. Une premi\u00e8re promotion d\u2019entreprises et d\u2019\u00e9quipes sera accueillie d\u00e8s juin 2018. En s\u2019associant \u00e0 Creatis, l\u2019incubateur d\u2019entrepreneurs culturels et des industries cr\u00e9atives port\u00e9 par le [&hellip;]","og_url":"https:\/\/batijournal.com\/index.php\/le-centre-des-monuments-nationaux-accueille-les-startups-du-patrimoine\/98884\/","og_site_name":"Batijournal","article_published_time":"2018-04-11T10:22:52+00:00","article_modified_time":"2019-07-15T09:15:08+00:00","og_image":[{"width":976,"height":433,"url":"https:\/\/batijournal.com\/wp-content\/uploads\/2018\/04\/incubateur-du-patrimoine.png","type":"image\/png"}],"author":"St\u00e9phane Miget","twitter_card":"summary_large_image","twitter_creator":"@bati_journal","twitter_site":"@bati_journal","twitter_misc":{"\u00c9crit par":"St\u00e9phane Miget","Dur\u00e9e de lecture estim\u00e9e":"1 minute"},"schema":{"@context":"https:\/\/schema.org","@graph":[{"@type":"Article","@id":"https:\/\/batijournal.com\/index.php\/le-centre-des-monuments-nationaux-accueille-les-startups-du-patrimoine\/98884\/#article","isPartOf":{"@id":"https:\/\/batijournal.com\/index.php\/le-centre-des-monuments-nationaux-accueille-les-startups-du-patrimoine\/98884\/"},"author":{"name":"St\u00e9phane Miget","@id":"https:\/\/batijournal.com\/#\/schema\/person\/1dc96ec6957aa1ccb25ebe78bb19f100"},"headline":"Le Centre des monuments nationaux accueille les startups du patrimoine","datePublished":"2018-04-11T10:22:52+00:00","dateModified":"2019-07-15T09:15:08+00:00","mainEntityOfPage":{"@id":"https:\/\/batijournal.com\/index.php\/le-centre-des-monuments-nationaux-accueille-les-startups-du-patrimoine\/98884\/"},"wordCount":193,"image":{"@id":"https:\/\/batijournal.com\/index.php\/le-centre-des-monuments-nationaux-accueille-les-startups-du-patrimoine\/98884\/#primaryimage"},"thumbnailUrl":"https:\/\/batijournal.com\/wp-content\/uploads\/2018\/04\/incubateur-du-patrimoine.png","keywords":["monuments historiques"],"articleSection":["Actualit\u00e9s","Architecture &amp; Conception","zz_Atrium Patrimoine"],"inLanguage":"fr-FR"},{"@type":"WebPage","@id":"https:\/\/batijournal.com\/index.php\/le-centre-des-monuments-nationaux-accueille-les-startups-du-patrimoine\/98884\/","url":"https:\/\/batijournal.com\/index.php\/le-centre-des-monuments-nationaux-accueille-les-startups-du-patrimoine\/98884\/","name":"Le Centre des monuments nationaux accueille les startups du patrimoine","isPartOf":{"@id":"https:\/\/batijournal.com\/#website"},"primaryImageOfPage":{"@id":"https:\/\/batijournal.com\/index.php\/le-centre-des-monuments-nationaux-accueille-les-startups-du-patrimoine\/98884\/#primaryimage"},"image":{"@id":"https:\/\/batijournal.com\/index.php\/le-centre-des-monuments-nationaux-accueille-les-startups-du-patrimoine\/98884\/#primaryimage"},"thumbnailUrl":"https:\/\/batijournal.com\/wp-content\/uploads\/2018\/04\/incubateur-du-patrimoine.png","datePublished":"2018-04-11T10:22:52+00:00","dateModified":"2019-07-15T09:15:08+00:00","author":{"@id":"https:\/\/batijournal.com\/#\/schema\/person\/1dc96ec6957aa1ccb25ebe78bb19f100"},"breadcrumb":{"@id":"https:\/\/batijournal.com\/index.php\/le-centre-des-monuments-nationaux-accueille-les-startups-du-patrimoine\/98884\/#breadcrumb"},"inLanguage":"fr-FR","potentialAction":[{"@type":"ReadAction","target":["https:\/\/batijournal.com\/index.php\/le-centre-des-monuments-nationaux-accueille-les-startups-du-patrimoine\/98884\/"]}]},{"@type":"ImageObject","inLanguage":"fr-FR","@id":"https:\/\/batijournal.com\/index.php\/le-centre-des-monuments-nationaux-accueille-les-startups-du-patrimoine\/98884\/#primaryimage","url":"https:\/\/batijournal.com\/wp-content\/uploads\/2018\/04\/incubateur-du-patrimoine.png","contentUrl":"https:\/\/batijournal.com\/wp-content\/uploads\/2018\/04\/incubateur-du-patrimoine.png","width":976,"height":433},{"@type":"BreadcrumbList","@id":"https:\/\/batijournal.com\/index.php\/le-centre-des-monuments-nationaux-accueille-les-startups-du-patrimoine\/98884\/#breadcrumb","itemListElement":[{"@type":"ListItem","position":1,"name":"Accueil","item":"https:\/\/batijournal.com\/"},{"@type":"ListItem","position":2,"name":"Actualit\u00e9s","item":"https:\/\/batijournal.com\/index.php\/category\/actualites\/"},{"@type":"ListItem","position":3,"name":"Le Centre des monuments nationaux accueille les startups du patrimoine"}]},{"@type":"WebSite","@id":"https:\/\/batijournal.com\/#website","url":"https:\/\/batijournal.com\/","name":"Batijournal","description":"L&#039;actualit\u00e9 du b\u00e2timent","potentialAction":[{"@type":"SearchAction","target":{"@type":"EntryPoint","urlTemplate":"https:\/\/batijournal.com\/?s={search_term_string}"},"query-input":{"@type":"PropertyValueSpecification","valueRequired":true,"valueName":"search_term_string"}}],"inLanguage":"fr-FR"},{"@type":"Person","@id":"https:\/\/batijournal.com\/#\/schema\/person\/1dc96ec6957aa1ccb25ebe78bb19f100","name":"St\u00e9phane Miget","image":{"@type":"ImageObject","inLanguage":"fr-FR","@id":"https:\/\/secure.gravatar.com\/avatar\/89915563d925342126b8ef0281b93d9d7fc337043e8df017f780908eb9644451?s=96&d=mm&r=g","url":"https:\/\/secure.gravatar.com\/avatar\/89915563d925342126b8ef0281b93d9d7fc337043e8df017f780908eb9644451?s=96&d=mm&r=g","contentUrl":"https:\/\/secure.gravatar.com\/avatar\/89915563d925342126b8ef0281b93d9d7fc337043e8df017f780908eb9644451?s=96&d=mm&r=g","caption":"St\u00e9phane Miget"},"url":"https:\/\/batijournal.com\/index.php\/author\/stephane\/"}]}},"_links":{"self":[{"href":"https:\/\/batijournal.com\/index.php\/wp-json\/wp\/v2\/posts\/98884","targetHints":{"allow":["GET"]}}],"collection":[{"href":"https:\/\/batijournal.com\/index.php\/wp-json\/wp\/v2\/posts"}],"about":[{"href":"https:\/\/batijournal.com\/index.php\/wp-json\/wp\/v2\/types\/post"}],"author":[{"embeddable":true,"href":"https:\/\/batijournal.com\/index.php\/wp-json\/wp\/v2\/users\/17"}],"replies":[{"embeddable":true,"href":"https:\/\/batijournal.com\/index.php\/wp-json\/wp\/v2\/comments?post=98884"}],"version-history":[{"count":0,"href":"https:\/\/batijournal.com\/index.php\/wp-json\/wp\/v2\/posts\/98884\/revisions"}],"wp:featuredmedia":[{"embeddable":true,"href":"https:\/\/batijournal.com\/index.php\/wp-json\/wp\/v2\/media\/98885"}],"wp:attachment":[{"href":"https:\/\/batijournal.com\/index.php\/wp-json\/wp\/v2\/media?parent=98884"}],"wp:term":[{"taxonomy":"category","embeddable":true,"href":"https:\/\/batijournal.com\/index.php\/wp-json\/wp\/v2\/categories?post=98884"},{"taxonomy":"post_tag","embeddable":true,"href":"https:\/\/batijournal.com\/index.php\/wp-json\/wp\/v2\/tags?post=98884"}],"curies":[{"name":"wp","href":"https:\/\/api.w.org\/{rel}","templated":true}]}}