{"id":98886,"date":"2018-04-11T12:24:35","date_gmt":"2018-04-11T10:24:35","guid":{"rendered":"http:\/\/batijournal.com\/?p=98886"},"modified":"2019-07-15T11:15:08","modified_gmt":"2019-07-15T09:15:08","slug":"derniere-ligne-droite-pour-le-musee-de-la-romanite-a-nimes","status":"publish","type":"post","link":"https:\/\/batijournal.com\/index.php\/derniere-ligne-droite-pour-le-musee-de-la-romanite-a-nimes\/98886\/","title":{"rendered":"Derni\u00e8re ligne droite pour le mus\u00e9e de la romanit\u00e9 \u00e0 N\u00eemes"},"content":{"rendered":"<p><strong>Face aux Ar\u00e8nes bimill\u00e9naires, en plein centre de N\u00eemes, le Mus\u00e9e de la Romanit\u00e9 ouvrira ses portes le 2 juin 2018. B\u00e2timent contemporain con\u00e7u par Elizabeth de Portzamparc, ce nouveau mus\u00e9e au rayonnement international constitue un splendide \u00e9crin pour pr\u00e9senter au public quelque 5 000 \u0153uvres patrimoniales, dont la valeur arch\u00e9ologique et artistique est exceptionnelle. Le mus\u00e9e de la romanit\u00e9 est l\u2019un des plus grands projets architecturaux et culturels contemporains en France. Ses exceptionnelles collections arch\u00e9ologiques invitent \u00e0 une exp\u00e9rience historique unique \u00e0 travers 25 si\u00e8cles d\u2019histoire gr\u00e2ce \u00e0 une mus\u00e9ographie immersive sur 3 500 m2.<\/strong><\/p>\n<p>Face aux ar\u00e8nes n\u00eemoises, le Mus\u00e9e se trouve en bordure de l\u2019\u00e9cusson, dans le c\u0153ur historique de la ville. travers\u00e9 par les vestiges du rempart romain, il prend place sur l\u2019\u00e9pine dorsale du site, autrefois limite entre la ville moyen\u00e2geuse et la ville moderne. Le mus\u00e9e est con\u00e7u comme la porte d\u2019entr\u00e9e d&rsquo;un parcours urbain : par un dispositif de perc\u00e9es urbaines et une mise en sc\u00e8ne des perspectives, les tr\u00e9sors du patrimoine romain et celui plus moderne de l\u2019architecture b\u00e2tie autour sont valoris\u00e9s. Le b\u00e2timent s\u2019organise autour d\u2019une rue int\u00e9rieure suivant les traces de l\u2019ancien rempart august\u00e9en. accessible \u00e0 tous, ce passage public cr\u00e9e une ouverture visuelle et relie le parvis des ar\u00e8nes au jardin arch\u00e9ologique. en traversant le rez-de-chauss\u00e9e du mus\u00e9e enti\u00e8rement transparent, les visiteurs et promeneurs sont invit\u00e9s \u00e0 la d\u00e9couverte. En son centre, un atrium de 17 m de haut r\u00e9v\u00e8le un fragment du propyl\u00e9e du sanctuaire de la Fontaine, dans une reconstitution spectaculaire de ce lieu sacr\u00e9 datant de la fondation de la cit\u00e9 pr\u00e9-romaine. Gr\u00e2ce \u00e0 des ouvertures dispos\u00e9es en fa\u00e7ade, de multiples points de vue sont offerts sur les Ar\u00e8nes et sur le jardin arch\u00e9ologique. tout au long des espaces d\u2019exposition, un dialogue constant est maintenu entre la mus\u00e9ographie et l\u2019ext\u00e9rieur, faisant p\u00e9n\u00e9trer la ville dans le mus\u00e9e.<\/p>\n<p>Les fa\u00e7ades constituent la ponctuation finale d\u2019un b\u00e2timent, elles ont la double fonction identitaire et pratique. elles sont les cartes de visite des b\u00e2timents et communiquent ainsi leurs valeurs. Le drap\u00e9 souple de la fa\u00e7ade \u00e9voque la toge romaine et les carreaux de verre qui la constituent conjuguent la transparence moderne et la tradition d\u2019un art majeur romain : la mosa\u00efque. elle \u00e9voque ainsi avec subtilit\u00e9 un \u00e9l\u00e9ment phare des collections du mus\u00e9e. Cette peau de verre translucide se compose de pr\u00e8s de 7 000 lames de verre s\u00e9rigraphi\u00e9 couvrant une surface de 2 500 m2. Les reflets et les ondulations de cette mosa\u00efque de verre changent selon les diff\u00e9rents moments de la journ\u00e9e.<\/p>\n<p>Le toit terrasse v\u00e9g\u00e9talis\u00e9 a \u00e9t\u00e9 pens\u00e9 comme une cinqui\u00e8me fa\u00e7ade ouverte sur le ciel. Point culminant du parcours ascensionnel, il ponctue la visite en offrant un belv\u00e9d\u00e8re avec une vue prodigieuse \u00e0 360\u00b0 sur N\u00eemes et sur ses 26 si\u00e8cles d\u2019Histoire, avec en premier plan les ar\u00e8nes et plus loin la tour Magne, \u00e9rig\u00e9e sur une tour du rempart gaulois. espace public accessible \u00e0 tous, lieu de rencontre, cette place haute fait monter l\u2019espace urbain dans le mus\u00e9e.<\/p>\n<p>Am\u00e9nag\u00e9 autour de l\u2019enceinte romaine et d\u2019autres vestiges d\u00e9couverts au moment des fouilles de terrassement, le jardin arch\u00e9ologique est pens\u00e9 comme un \u00ab mus\u00e9e v\u00e9g\u00e9tal \u00bb. toutes les traces de l\u2019Histoire ont \u00e9t\u00e9 pr\u00e9serv\u00e9es et restaur\u00e9es et sont aujourd\u2019hui rendues accessibles gratuitement \u00e0 l\u2019ensemble des visiteurs et promeneurs. Cet espace v\u00e9g\u00e9tal public de 3 500 m2 est structur\u00e9 en trois strates correspondant aux grandes p\u00e9riodes \u2013 gauloise, romaine et m\u00e9di\u00e9vale \u2013 du parcours mus\u00e9ographique, enrichissant ainsi le propos scientifique. Un site sur la tradition romaine de l\u2019agriculture urbaine compl\u00e8te le jardin. Pour chaque niveau, arbres, arbustes et plantes vivaces ont \u00e9t\u00e9 choisis en fonction de leur \u00e9poque d\u2019introduction, au gr\u00e9 des \u00e9changes, des influences et des occupations.<\/p>\n<p>Visuel : agence 2Portzamparc<\/p>\n<p>&nbsp;<\/p>\n","protected":false},"excerpt":{"rendered":"<p>Face aux Ar\u00e8nes bimill\u00e9naires, en plein centre de N\u00eemes, le Mus\u00e9e de la Romanit\u00e9 ouvrira ses portes le 2 juin 2018. B\u00e2timent contemporain con\u00e7u par Elizabeth de Portzamparc, ce nouveau mus\u00e9e au rayonnement international constitue un splendide \u00e9crin pour pr\u00e9senter au public quelque 5 000 \u0153uvres patrimoniales, dont la valeur arch\u00e9ologique et artistique est exceptionnelle. [&hellip;]<\/p>\n","protected":false},"author":17,"featured_media":98887,"comment_status":"closed","ping_status":"closed","sticky":false,"template":"","format":"standard","meta":{"_et_pb_use_builder":"","_et_pb_old_content":"","_et_gb_content_width":"","footnotes":""},"categories":[10530,6340,10785],"tags":[],"class_list":["post-98886","post","type-post","status-publish","format-standard","has-post-thumbnail","hentry","category-actualites","category-architecture-conception","category-atrium"],"yoast_head":"<!-- This site is optimized with the Yoast SEO plugin v27.4 - https:\/\/yoast.com\/product\/yoast-seo-wordpress\/ -->\n<title>Derni\u00e8re ligne droite pour le mus\u00e9e de la romanit\u00e9 \u00e0 N\u00eemes<\/title>\n<meta name=\"robots\" content=\"index, follow, max-snippet:-1, max-image-preview:large, max-video-preview:-1\" \/>\n<link rel=\"canonical\" href=\"https:\/\/batijournal.com\/index.php\/derniere-ligne-droite-pour-le-musee-de-la-romanite-a-nimes\/98886\/\" \/>\n<meta property=\"og:locale\" content=\"fr_FR\" \/>\n<meta property=\"og:type\" content=\"article\" \/>\n<meta property=\"og:title\" content=\"Derni\u00e8re ligne droite pour le mus\u00e9e de la romanit\u00e9 \u00e0 N\u00eemes\" \/>\n<meta property=\"og:description\" content=\"Face aux Ar\u00e8nes bimill\u00e9naires, en plein centre de N\u00eemes, le Mus\u00e9e de la Romanit\u00e9 ouvrira ses portes le 2 juin 2018. B\u00e2timent contemporain con\u00e7u par Elizabeth de Portzamparc, ce nouveau mus\u00e9e au rayonnement international constitue un splendide \u00e9crin pour pr\u00e9senter au public quelque 5 000 \u0153uvres patrimoniales, dont la valeur arch\u00e9ologique et artistique est exceptionnelle. [&hellip;]\" \/>\n<meta property=\"og:url\" content=\"https:\/\/batijournal.com\/index.php\/derniere-ligne-droite-pour-le-musee-de-la-romanite-a-nimes\/98886\/\" \/>\n<meta property=\"og:site_name\" content=\"Batijournal\" \/>\n<meta property=\"article:published_time\" content=\"2018-04-11T10:24:35+00:00\" \/>\n<meta property=\"article:modified_time\" content=\"2019-07-15T09:15:08+00:00\" \/>\n<meta property=\"og:image\" content=\"https:\/\/batijournal.com\/wp-content\/uploads\/2018\/04\/musee-romanite-nimes.png\" \/>\n\t<meta property=\"og:image:width\" content=\"965\" \/>\n\t<meta property=\"og:image:height\" content=\"694\" \/>\n\t<meta property=\"og:image:type\" content=\"image\/png\" \/>\n<meta name=\"author\" content=\"St\u00e9phane Miget\" \/>\n<meta name=\"twitter:card\" content=\"summary_large_image\" \/>\n<meta name=\"twitter:creator\" content=\"@bati_journal\" \/>\n<meta name=\"twitter:site\" content=\"@bati_journal\" \/>\n<meta name=\"twitter:label1\" content=\"\u00c9crit par\" \/>\n\t<meta name=\"twitter:data1\" content=\"St\u00e9phane Miget\" \/>\n\t<meta name=\"twitter:label2\" content=\"Dur\u00e9e de lecture estim\u00e9e\" \/>\n\t<meta name=\"twitter:data2\" content=\"4 minutes\" \/>\n<script type=\"application\/ld+json\" class=\"yoast-schema-graph\">{\"@context\":\"https:\\\/\\\/schema.org\",\"@graph\":[{\"@type\":\"Article\",\"@id\":\"https:\\\/\\\/batijournal.com\\\/index.php\\\/derniere-ligne-droite-pour-le-musee-de-la-romanite-a-nimes\\\/98886\\\/#article\",\"isPartOf\":{\"@id\":\"https:\\\/\\\/batijournal.com\\\/index.php\\\/derniere-ligne-droite-pour-le-musee-de-la-romanite-a-nimes\\\/98886\\\/\"},\"author\":{\"name\":\"St\u00e9phane Miget\",\"@id\":\"https:\\\/\\\/batijournal.com\\\/#\\\/schema\\\/person\\\/1dc96ec6957aa1ccb25ebe78bb19f100\"},\"headline\":\"Derni\u00e8re ligne droite pour le mus\u00e9e de la romanit\u00e9 \u00e0 N\u00eemes\",\"datePublished\":\"2018-04-11T10:24:35+00:00\",\"dateModified\":\"2019-07-15T09:15:08+00:00\",\"mainEntityOfPage\":{\"@id\":\"https:\\\/\\\/batijournal.com\\\/index.php\\\/derniere-ligne-droite-pour-le-musee-de-la-romanite-a-nimes\\\/98886\\\/\"},\"wordCount\":722,\"image\":{\"@id\":\"https:\\\/\\\/batijournal.com\\\/index.php\\\/derniere-ligne-droite-pour-le-musee-de-la-romanite-a-nimes\\\/98886\\\/#primaryimage\"},\"thumbnailUrl\":\"https:\\\/\\\/batijournal.com\\\/wp-content\\\/uploads\\\/2018\\\/04\\\/musee-romanite-nimes.png\",\"articleSection\":[\"Actualit\u00e9s\",\"Architecture &amp; Conception\",\"zz_Atrium Patrimoine\"],\"inLanguage\":\"fr-FR\"},{\"@type\":\"WebPage\",\"@id\":\"https:\\\/\\\/batijournal.com\\\/index.php\\\/derniere-ligne-droite-pour-le-musee-de-la-romanite-a-nimes\\\/98886\\\/\",\"url\":\"https:\\\/\\\/batijournal.com\\\/index.php\\\/derniere-ligne-droite-pour-le-musee-de-la-romanite-a-nimes\\\/98886\\\/\",\"name\":\"Derni\u00e8re ligne droite pour le mus\u00e9e de la romanit\u00e9 \u00e0 N\u00eemes\",\"isPartOf\":{\"@id\":\"https:\\\/\\\/batijournal.com\\\/#website\"},\"primaryImageOfPage\":{\"@id\":\"https:\\\/\\\/batijournal.com\\\/index.php\\\/derniere-ligne-droite-pour-le-musee-de-la-romanite-a-nimes\\\/98886\\\/#primaryimage\"},\"image\":{\"@id\":\"https:\\\/\\\/batijournal.com\\\/index.php\\\/derniere-ligne-droite-pour-le-musee-de-la-romanite-a-nimes\\\/98886\\\/#primaryimage\"},\"thumbnailUrl\":\"https:\\\/\\\/batijournal.com\\\/wp-content\\\/uploads\\\/2018\\\/04\\\/musee-romanite-nimes.png\",\"datePublished\":\"2018-04-11T10:24:35+00:00\",\"dateModified\":\"2019-07-15T09:15:08+00:00\",\"author\":{\"@id\":\"https:\\\/\\\/batijournal.com\\\/#\\\/schema\\\/person\\\/1dc96ec6957aa1ccb25ebe78bb19f100\"},\"breadcrumb\":{\"@id\":\"https:\\\/\\\/batijournal.com\\\/index.php\\\/derniere-ligne-droite-pour-le-musee-de-la-romanite-a-nimes\\\/98886\\\/#breadcrumb\"},\"inLanguage\":\"fr-FR\",\"potentialAction\":[{\"@type\":\"ReadAction\",\"target\":[\"https:\\\/\\\/batijournal.com\\\/index.php\\\/derniere-ligne-droite-pour-le-musee-de-la-romanite-a-nimes\\\/98886\\\/\"]}]},{\"@type\":\"ImageObject\",\"inLanguage\":\"fr-FR\",\"@id\":\"https:\\\/\\\/batijournal.com\\\/index.php\\\/derniere-ligne-droite-pour-le-musee-de-la-romanite-a-nimes\\\/98886\\\/#primaryimage\",\"url\":\"https:\\\/\\\/batijournal.com\\\/wp-content\\\/uploads\\\/2018\\\/04\\\/musee-romanite-nimes.png\",\"contentUrl\":\"https:\\\/\\\/batijournal.com\\\/wp-content\\\/uploads\\\/2018\\\/04\\\/musee-romanite-nimes.png\",\"width\":965,\"height\":694},{\"@type\":\"BreadcrumbList\",\"@id\":\"https:\\\/\\\/batijournal.com\\\/index.php\\\/derniere-ligne-droite-pour-le-musee-de-la-romanite-a-nimes\\\/98886\\\/#breadcrumb\",\"itemListElement\":[{\"@type\":\"ListItem\",\"position\":1,\"name\":\"Accueil\",\"item\":\"https:\\\/\\\/batijournal.com\\\/\"},{\"@type\":\"ListItem\",\"position\":2,\"name\":\"Actualit\u00e9s\",\"item\":\"https:\\\/\\\/batijournal.com\\\/index.php\\\/category\\\/actualites\\\/\"},{\"@type\":\"ListItem\",\"position\":3,\"name\":\"Derni\u00e8re ligne droite pour le mus\u00e9e de la romanit\u00e9 \u00e0 N\u00eemes\"}]},{\"@type\":\"WebSite\",\"@id\":\"https:\\\/\\\/batijournal.com\\\/#website\",\"url\":\"https:\\\/\\\/batijournal.com\\\/\",\"name\":\"Batijournal\",\"description\":\"L&#039;actualit\u00e9 du b\u00e2timent\",\"potentialAction\":[{\"@type\":\"SearchAction\",\"target\":{\"@type\":\"EntryPoint\",\"urlTemplate\":\"https:\\\/\\\/batijournal.com\\\/?s={search_term_string}\"},\"query-input\":{\"@type\":\"PropertyValueSpecification\",\"valueRequired\":true,\"valueName\":\"search_term_string\"}}],\"inLanguage\":\"fr-FR\"},{\"@type\":\"Person\",\"@id\":\"https:\\\/\\\/batijournal.com\\\/#\\\/schema\\\/person\\\/1dc96ec6957aa1ccb25ebe78bb19f100\",\"name\":\"St\u00e9phane Miget\",\"image\":{\"@type\":\"ImageObject\",\"inLanguage\":\"fr-FR\",\"@id\":\"https:\\\/\\\/secure.gravatar.com\\\/avatar\\\/89915563d925342126b8ef0281b93d9d7fc337043e8df017f780908eb9644451?s=96&d=mm&r=g\",\"url\":\"https:\\\/\\\/secure.gravatar.com\\\/avatar\\\/89915563d925342126b8ef0281b93d9d7fc337043e8df017f780908eb9644451?s=96&d=mm&r=g\",\"contentUrl\":\"https:\\\/\\\/secure.gravatar.com\\\/avatar\\\/89915563d925342126b8ef0281b93d9d7fc337043e8df017f780908eb9644451?s=96&d=mm&r=g\",\"caption\":\"St\u00e9phane Miget\"},\"url\":\"https:\\\/\\\/batijournal.com\\\/index.php\\\/author\\\/stephane\\\/\"}]}<\/script>\n<!-- \/ Yoast SEO plugin. -->","yoast_head_json":{"title":"Derni\u00e8re ligne droite pour le mus\u00e9e de la romanit\u00e9 \u00e0 N\u00eemes","robots":{"index":"index","follow":"follow","max-snippet":"max-snippet:-1","max-image-preview":"max-image-preview:large","max-video-preview":"max-video-preview:-1"},"canonical":"https:\/\/batijournal.com\/index.php\/derniere-ligne-droite-pour-le-musee-de-la-romanite-a-nimes\/98886\/","og_locale":"fr_FR","og_type":"article","og_title":"Derni\u00e8re ligne droite pour le mus\u00e9e de la romanit\u00e9 \u00e0 N\u00eemes","og_description":"Face aux Ar\u00e8nes bimill\u00e9naires, en plein centre de N\u00eemes, le Mus\u00e9e de la Romanit\u00e9 ouvrira ses portes le 2 juin 2018. B\u00e2timent contemporain con\u00e7u par Elizabeth de Portzamparc, ce nouveau mus\u00e9e au rayonnement international constitue un splendide \u00e9crin pour pr\u00e9senter au public quelque 5 000 \u0153uvres patrimoniales, dont la valeur arch\u00e9ologique et artistique est exceptionnelle. [&hellip;]","og_url":"https:\/\/batijournal.com\/index.php\/derniere-ligne-droite-pour-le-musee-de-la-romanite-a-nimes\/98886\/","og_site_name":"Batijournal","article_published_time":"2018-04-11T10:24:35+00:00","article_modified_time":"2019-07-15T09:15:08+00:00","og_image":[{"width":965,"height":694,"url":"https:\/\/batijournal.com\/wp-content\/uploads\/2018\/04\/musee-romanite-nimes.png","type":"image\/png"}],"author":"St\u00e9phane Miget","twitter_card":"summary_large_image","twitter_creator":"@bati_journal","twitter_site":"@bati_journal","twitter_misc":{"\u00c9crit par":"St\u00e9phane Miget","Dur\u00e9e de lecture estim\u00e9e":"4 minutes"},"schema":{"@context":"https:\/\/schema.org","@graph":[{"@type":"Article","@id":"https:\/\/batijournal.com\/index.php\/derniere-ligne-droite-pour-le-musee-de-la-romanite-a-nimes\/98886\/#article","isPartOf":{"@id":"https:\/\/batijournal.com\/index.php\/derniere-ligne-droite-pour-le-musee-de-la-romanite-a-nimes\/98886\/"},"author":{"name":"St\u00e9phane Miget","@id":"https:\/\/batijournal.com\/#\/schema\/person\/1dc96ec6957aa1ccb25ebe78bb19f100"},"headline":"Derni\u00e8re ligne droite pour le mus\u00e9e de la romanit\u00e9 \u00e0 N\u00eemes","datePublished":"2018-04-11T10:24:35+00:00","dateModified":"2019-07-15T09:15:08+00:00","mainEntityOfPage":{"@id":"https:\/\/batijournal.com\/index.php\/derniere-ligne-droite-pour-le-musee-de-la-romanite-a-nimes\/98886\/"},"wordCount":722,"image":{"@id":"https:\/\/batijournal.com\/index.php\/derniere-ligne-droite-pour-le-musee-de-la-romanite-a-nimes\/98886\/#primaryimage"},"thumbnailUrl":"https:\/\/batijournal.com\/wp-content\/uploads\/2018\/04\/musee-romanite-nimes.png","articleSection":["Actualit\u00e9s","Architecture &amp; Conception","zz_Atrium Patrimoine"],"inLanguage":"fr-FR"},{"@type":"WebPage","@id":"https:\/\/batijournal.com\/index.php\/derniere-ligne-droite-pour-le-musee-de-la-romanite-a-nimes\/98886\/","url":"https:\/\/batijournal.com\/index.php\/derniere-ligne-droite-pour-le-musee-de-la-romanite-a-nimes\/98886\/","name":"Derni\u00e8re ligne droite pour le mus\u00e9e de la romanit\u00e9 \u00e0 N\u00eemes","isPartOf":{"@id":"https:\/\/batijournal.com\/#website"},"primaryImageOfPage":{"@id":"https:\/\/batijournal.com\/index.php\/derniere-ligne-droite-pour-le-musee-de-la-romanite-a-nimes\/98886\/#primaryimage"},"image":{"@id":"https:\/\/batijournal.com\/index.php\/derniere-ligne-droite-pour-le-musee-de-la-romanite-a-nimes\/98886\/#primaryimage"},"thumbnailUrl":"https:\/\/batijournal.com\/wp-content\/uploads\/2018\/04\/musee-romanite-nimes.png","datePublished":"2018-04-11T10:24:35+00:00","dateModified":"2019-07-15T09:15:08+00:00","author":{"@id":"https:\/\/batijournal.com\/#\/schema\/person\/1dc96ec6957aa1ccb25ebe78bb19f100"},"breadcrumb":{"@id":"https:\/\/batijournal.com\/index.php\/derniere-ligne-droite-pour-le-musee-de-la-romanite-a-nimes\/98886\/#breadcrumb"},"inLanguage":"fr-FR","potentialAction":[{"@type":"ReadAction","target":["https:\/\/batijournal.com\/index.php\/derniere-ligne-droite-pour-le-musee-de-la-romanite-a-nimes\/98886\/"]}]},{"@type":"ImageObject","inLanguage":"fr-FR","@id":"https:\/\/batijournal.com\/index.php\/derniere-ligne-droite-pour-le-musee-de-la-romanite-a-nimes\/98886\/#primaryimage","url":"https:\/\/batijournal.com\/wp-content\/uploads\/2018\/04\/musee-romanite-nimes.png","contentUrl":"https:\/\/batijournal.com\/wp-content\/uploads\/2018\/04\/musee-romanite-nimes.png","width":965,"height":694},{"@type":"BreadcrumbList","@id":"https:\/\/batijournal.com\/index.php\/derniere-ligne-droite-pour-le-musee-de-la-romanite-a-nimes\/98886\/#breadcrumb","itemListElement":[{"@type":"ListItem","position":1,"name":"Accueil","item":"https:\/\/batijournal.com\/"},{"@type":"ListItem","position":2,"name":"Actualit\u00e9s","item":"https:\/\/batijournal.com\/index.php\/category\/actualites\/"},{"@type":"ListItem","position":3,"name":"Derni\u00e8re ligne droite pour le mus\u00e9e de la romanit\u00e9 \u00e0 N\u00eemes"}]},{"@type":"WebSite","@id":"https:\/\/batijournal.com\/#website","url":"https:\/\/batijournal.com\/","name":"Batijournal","description":"L&#039;actualit\u00e9 du b\u00e2timent","potentialAction":[{"@type":"SearchAction","target":{"@type":"EntryPoint","urlTemplate":"https:\/\/batijournal.com\/?s={search_term_string}"},"query-input":{"@type":"PropertyValueSpecification","valueRequired":true,"valueName":"search_term_string"}}],"inLanguage":"fr-FR"},{"@type":"Person","@id":"https:\/\/batijournal.com\/#\/schema\/person\/1dc96ec6957aa1ccb25ebe78bb19f100","name":"St\u00e9phane Miget","image":{"@type":"ImageObject","inLanguage":"fr-FR","@id":"https:\/\/secure.gravatar.com\/avatar\/89915563d925342126b8ef0281b93d9d7fc337043e8df017f780908eb9644451?s=96&d=mm&r=g","url":"https:\/\/secure.gravatar.com\/avatar\/89915563d925342126b8ef0281b93d9d7fc337043e8df017f780908eb9644451?s=96&d=mm&r=g","contentUrl":"https:\/\/secure.gravatar.com\/avatar\/89915563d925342126b8ef0281b93d9d7fc337043e8df017f780908eb9644451?s=96&d=mm&r=g","caption":"St\u00e9phane Miget"},"url":"https:\/\/batijournal.com\/index.php\/author\/stephane\/"}]}},"_links":{"self":[{"href":"https:\/\/batijournal.com\/index.php\/wp-json\/wp\/v2\/posts\/98886","targetHints":{"allow":["GET"]}}],"collection":[{"href":"https:\/\/batijournal.com\/index.php\/wp-json\/wp\/v2\/posts"}],"about":[{"href":"https:\/\/batijournal.com\/index.php\/wp-json\/wp\/v2\/types\/post"}],"author":[{"embeddable":true,"href":"https:\/\/batijournal.com\/index.php\/wp-json\/wp\/v2\/users\/17"}],"replies":[{"embeddable":true,"href":"https:\/\/batijournal.com\/index.php\/wp-json\/wp\/v2\/comments?post=98886"}],"version-history":[{"count":0,"href":"https:\/\/batijournal.com\/index.php\/wp-json\/wp\/v2\/posts\/98886\/revisions"}],"wp:featuredmedia":[{"embeddable":true,"href":"https:\/\/batijournal.com\/index.php\/wp-json\/wp\/v2\/media\/98887"}],"wp:attachment":[{"href":"https:\/\/batijournal.com\/index.php\/wp-json\/wp\/v2\/media?parent=98886"}],"wp:term":[{"taxonomy":"category","embeddable":true,"href":"https:\/\/batijournal.com\/index.php\/wp-json\/wp\/v2\/categories?post=98886"},{"taxonomy":"post_tag","embeddable":true,"href":"https:\/\/batijournal.com\/index.php\/wp-json\/wp\/v2\/tags?post=98886"}],"curies":[{"name":"wp","href":"https:\/\/api.w.org\/{rel}","templated":true}]}}