{"id":98901,"date":"2018-04-12T13:22:30","date_gmt":"2018-04-12T11:22:30","guid":{"rendered":"http:\/\/batijournal.com\/?p=98901"},"modified":"2019-07-15T11:26:56","modified_gmt":"2019-07-15T09:26:56","slug":"quartier-de-la-defense-une-nouvelle-tour-evasee","status":"publish","type":"post","link":"https:\/\/batijournal.com\/index.php\/quartier-de-la-defense-une-nouvelle-tour-evasee\/98901\/","title":{"rendered":"Quartier de la D\u00e9fense : une nouvelle Tour \u00e9vas\u00e9e"},"content":{"rendered":"<p>La Tour ALTO est l\u2019un des grands chantiers actuels du quartier de la D\u00e9fense. Elle mesurera 150 m, pour de 37 \u00e9tages, avec des formes arrondies. Elle s\u2019\u00e9vasera progressivement et \u00e9tend son emprise dans l\u2019espace par un d\u00e9calage de 12 cm vers l\u2019ext\u00e9rieur de la poutre de rive, \u00e0 chaque \u00e9tage. Gr\u00e2ce \u00e0 cette forme singuli\u00e8re la surface des niveaux passe de 700 m2 au pied de la tour \u00e0 1 500 m2 au sommet.\u00a0Unique par sa forme et mais aussi par son habillage en \u00e9cailles de verre, sa r\u00e9alisation exige un mode constructif particulier. Compte tenu des particularit\u00e9s de conception, Bouygues souhaitait une offre globale permettant d\u2019assurer un niveau de cadence \u00e9lev\u00e9 et de qualit\u00e9 irr\u00e9prochable \u00e0 ce chantier, elle a confi\u00e9 \u00e0 Capremib la pr\u00e9fabrication des all\u00e8ges et des poutres de structure de la Tour ALTO. Capremib produit en moyenne 4 all\u00e8ges courbes par jour. Les banches cintrables-r\u00e9glables permettent d\u2019adapter le rayon de chaque pi\u00e8ce sachant que le rayon des \u00e9l\u00e9ments est diff\u00e9rent pour chacun des 37 \u00e9tages. L\u2019atelier de ferraillage de l\u2019usine de Cormicy, compos\u00e9 actuellement de 26 soudeurs, dirig\u00e9 par Denis Legrand et Pascal Desimeur, est certifi\u00e9 AFACB. L\u2019effectif devrait passer prochainement \u00e0 30 personnes. Les fonds de moules en bois sont d\u00e9coup\u00e9s \u00e0 la commande num\u00e9rique. Tous les \u00e9l\u00e9ments pr\u00e9fabriqu\u00e9s font l\u2019objet d\u2019une exigence particuli\u00e8re en mati\u00e8re de r\u00e9sistance \u00e0 la compression et sont r\u00e9alis\u00e9s par Capremib en b\u00e9ton C80\/95.<\/p>\n<p>Architecte de conception : IF ARCHITECTES<br \/>\nArchitecte d\u2019ex\u00e9cution : SRA Architectes<br \/>\nSuperficie : 51 185 m\u00b2<br \/>\nAnn\u00e9e de livraison : 2020<\/p>\n<p>Visuels : @ILLUMINENS<\/p>\n<p>&nbsp;<\/p>\n","protected":false},"excerpt":{"rendered":"<p>La Tour ALTO est l\u2019un des grands chantiers actuels du quartier de la D\u00e9fense. Elle mesurera 150 m, pour de 37 \u00e9tages, avec des formes arrondies. Elle s\u2019\u00e9vasera progressivement et \u00e9tend son emprise dans l\u2019espace par un d\u00e9calage de 12 cm vers l\u2019ext\u00e9rieur de la poutre de rive, \u00e0 chaque \u00e9tage. Gr\u00e2ce \u00e0 cette forme [&hellip;]<\/p>\n","protected":false},"author":17,"featured_media":98902,"comment_status":"closed","ping_status":"closed","sticky":false,"template":"","format":"standard","meta":{"_et_pb_use_builder":"","_et_pb_old_content":"","_et_gb_content_width":"","footnotes":""},"categories":[10530,6340,10771,10775],"tags":[1150],"class_list":["post-98901","post","type-post","status-publish","format-standard","has-post-thumbnail","hentry","category-actualites","category-architecture-conception","category-5facades","category-actualites-5facades","tag-chantier"],"yoast_head":"<!-- This site is optimized with the Yoast SEO plugin v27.4 - https:\/\/yoast.com\/product\/yoast-seo-wordpress\/ -->\n<title>Quartier de la D\u00e9fense : une nouvelle Tour \u00e9vas\u00e9e<\/title>\n<meta name=\"robots\" content=\"index, follow, max-snippet:-1, max-image-preview:large, max-video-preview:-1\" \/>\n<link rel=\"canonical\" href=\"https:\/\/batijournal.com\/index.php\/quartier-de-la-defense-une-nouvelle-tour-evasee\/98901\/\" \/>\n<meta property=\"og:locale\" content=\"fr_FR\" \/>\n<meta property=\"og:type\" content=\"article\" \/>\n<meta property=\"og:title\" content=\"Quartier de la D\u00e9fense : une nouvelle Tour \u00e9vas\u00e9e\" \/>\n<meta property=\"og:description\" content=\"La Tour ALTO est l\u2019un des grands chantiers actuels du quartier de la D\u00e9fense. Elle mesurera 150 m, pour de 37 \u00e9tages, avec des formes arrondies. Elle s\u2019\u00e9vasera progressivement et \u00e9tend son emprise dans l\u2019espace par un d\u00e9calage de 12 cm vers l\u2019ext\u00e9rieur de la poutre de rive, \u00e0 chaque \u00e9tage. Gr\u00e2ce \u00e0 cette forme [&hellip;]\" \/>\n<meta property=\"og:url\" content=\"https:\/\/batijournal.com\/index.php\/quartier-de-la-defense-une-nouvelle-tour-evasee\/98901\/\" \/>\n<meta property=\"og:site_name\" content=\"Batijournal\" \/>\n<meta property=\"article:published_time\" content=\"2018-04-12T11:22:30+00:00\" \/>\n<meta property=\"article:modified_time\" content=\"2019-07-15T09:26:56+00:00\" \/>\n<meta property=\"og:image\" content=\"https:\/\/batijournal.com\/wp-content\/uploads\/2018\/04\/Tour-Alto.jpg\" \/>\n\t<meta property=\"og:image:width\" content=\"1000\" \/>\n\t<meta property=\"og:image:height\" content=\"1133\" \/>\n\t<meta property=\"og:image:type\" content=\"image\/jpeg\" \/>\n<meta name=\"author\" content=\"St\u00e9phane Miget\" \/>\n<meta name=\"twitter:card\" content=\"summary_large_image\" \/>\n<meta name=\"twitter:creator\" content=\"@bati_journal\" \/>\n<meta name=\"twitter:site\" content=\"@bati_journal\" \/>\n<meta name=\"twitter:label1\" content=\"\u00c9crit par\" \/>\n\t<meta name=\"twitter:data1\" content=\"St\u00e9phane Miget\" \/>\n\t<meta name=\"twitter:label2\" content=\"Dur\u00e9e de lecture estim\u00e9e\" \/>\n\t<meta name=\"twitter:data2\" content=\"1 minute\" \/>\n<script type=\"application\/ld+json\" class=\"yoast-schema-graph\">{\"@context\":\"https:\\\/\\\/schema.org\",\"@graph\":[{\"@type\":\"Article\",\"@id\":\"https:\\\/\\\/batijournal.com\\\/index.php\\\/quartier-de-la-defense-une-nouvelle-tour-evasee\\\/98901\\\/#article\",\"isPartOf\":{\"@id\":\"https:\\\/\\\/batijournal.com\\\/index.php\\\/quartier-de-la-defense-une-nouvelle-tour-evasee\\\/98901\\\/\"},\"author\":{\"name\":\"St\u00e9phane Miget\",\"@id\":\"https:\\\/\\\/batijournal.com\\\/#\\\/schema\\\/person\\\/1dc96ec6957aa1ccb25ebe78bb19f100\"},\"headline\":\"Quartier de la D\u00e9fense : une nouvelle Tour \u00e9vas\u00e9e\",\"datePublished\":\"2018-04-12T11:22:30+00:00\",\"dateModified\":\"2019-07-15T09:26:56+00:00\",\"mainEntityOfPage\":{\"@id\":\"https:\\\/\\\/batijournal.com\\\/index.php\\\/quartier-de-la-defense-une-nouvelle-tour-evasee\\\/98901\\\/\"},\"wordCount\":286,\"image\":{\"@id\":\"https:\\\/\\\/batijournal.com\\\/index.php\\\/quartier-de-la-defense-une-nouvelle-tour-evasee\\\/98901\\\/#primaryimage\"},\"thumbnailUrl\":\"https:\\\/\\\/batijournal.com\\\/wp-content\\\/uploads\\\/2018\\\/04\\\/Tour-Alto.jpg\",\"keywords\":[\"chantier\"],\"articleSection\":[\"Actualit\u00e9s\",\"Architecture &amp; Conception\",\"zz_5fa\u00e7ades\",\"zz_Actualit\u00e9s - 5fa\u00e7ades\"],\"inLanguage\":\"fr-FR\"},{\"@type\":\"WebPage\",\"@id\":\"https:\\\/\\\/batijournal.com\\\/index.php\\\/quartier-de-la-defense-une-nouvelle-tour-evasee\\\/98901\\\/\",\"url\":\"https:\\\/\\\/batijournal.com\\\/index.php\\\/quartier-de-la-defense-une-nouvelle-tour-evasee\\\/98901\\\/\",\"name\":\"Quartier de la D\u00e9fense : une nouvelle Tour \u00e9vas\u00e9e\",\"isPartOf\":{\"@id\":\"https:\\\/\\\/batijournal.com\\\/#website\"},\"primaryImageOfPage\":{\"@id\":\"https:\\\/\\\/batijournal.com\\\/index.php\\\/quartier-de-la-defense-une-nouvelle-tour-evasee\\\/98901\\\/#primaryimage\"},\"image\":{\"@id\":\"https:\\\/\\\/batijournal.com\\\/index.php\\\/quartier-de-la-defense-une-nouvelle-tour-evasee\\\/98901\\\/#primaryimage\"},\"thumbnailUrl\":\"https:\\\/\\\/batijournal.com\\\/wp-content\\\/uploads\\\/2018\\\/04\\\/Tour-Alto.jpg\",\"datePublished\":\"2018-04-12T11:22:30+00:00\",\"dateModified\":\"2019-07-15T09:26:56+00:00\",\"author\":{\"@id\":\"https:\\\/\\\/batijournal.com\\\/#\\\/schema\\\/person\\\/1dc96ec6957aa1ccb25ebe78bb19f100\"},\"breadcrumb\":{\"@id\":\"https:\\\/\\\/batijournal.com\\\/index.php\\\/quartier-de-la-defense-une-nouvelle-tour-evasee\\\/98901\\\/#breadcrumb\"},\"inLanguage\":\"fr-FR\",\"potentialAction\":[{\"@type\":\"ReadAction\",\"target\":[\"https:\\\/\\\/batijournal.com\\\/index.php\\\/quartier-de-la-defense-une-nouvelle-tour-evasee\\\/98901\\\/\"]}]},{\"@type\":\"ImageObject\",\"inLanguage\":\"fr-FR\",\"@id\":\"https:\\\/\\\/batijournal.com\\\/index.php\\\/quartier-de-la-defense-une-nouvelle-tour-evasee\\\/98901\\\/#primaryimage\",\"url\":\"https:\\\/\\\/batijournal.com\\\/wp-content\\\/uploads\\\/2018\\\/04\\\/Tour-Alto.jpg\",\"contentUrl\":\"https:\\\/\\\/batijournal.com\\\/wp-content\\\/uploads\\\/2018\\\/04\\\/Tour-Alto.jpg\",\"width\":1000,\"height\":1133},{\"@type\":\"BreadcrumbList\",\"@id\":\"https:\\\/\\\/batijournal.com\\\/index.php\\\/quartier-de-la-defense-une-nouvelle-tour-evasee\\\/98901\\\/#breadcrumb\",\"itemListElement\":[{\"@type\":\"ListItem\",\"position\":1,\"name\":\"Accueil\",\"item\":\"https:\\\/\\\/batijournal.com\\\/\"},{\"@type\":\"ListItem\",\"position\":2,\"name\":\"Actualit\u00e9s\",\"item\":\"https:\\\/\\\/batijournal.com\\\/index.php\\\/category\\\/actualites\\\/\"},{\"@type\":\"ListItem\",\"position\":3,\"name\":\"Quartier de la D\u00e9fense : une nouvelle Tour \u00e9vas\u00e9e\"}]},{\"@type\":\"WebSite\",\"@id\":\"https:\\\/\\\/batijournal.com\\\/#website\",\"url\":\"https:\\\/\\\/batijournal.com\\\/\",\"name\":\"Batijournal\",\"description\":\"L&#039;actualit\u00e9 du b\u00e2timent\",\"potentialAction\":[{\"@type\":\"SearchAction\",\"target\":{\"@type\":\"EntryPoint\",\"urlTemplate\":\"https:\\\/\\\/batijournal.com\\\/?s={search_term_string}\"},\"query-input\":{\"@type\":\"PropertyValueSpecification\",\"valueRequired\":true,\"valueName\":\"search_term_string\"}}],\"inLanguage\":\"fr-FR\"},{\"@type\":\"Person\",\"@id\":\"https:\\\/\\\/batijournal.com\\\/#\\\/schema\\\/person\\\/1dc96ec6957aa1ccb25ebe78bb19f100\",\"name\":\"St\u00e9phane Miget\",\"image\":{\"@type\":\"ImageObject\",\"inLanguage\":\"fr-FR\",\"@id\":\"https:\\\/\\\/secure.gravatar.com\\\/avatar\\\/89915563d925342126b8ef0281b93d9d7fc337043e8df017f780908eb9644451?s=96&d=mm&r=g\",\"url\":\"https:\\\/\\\/secure.gravatar.com\\\/avatar\\\/89915563d925342126b8ef0281b93d9d7fc337043e8df017f780908eb9644451?s=96&d=mm&r=g\",\"contentUrl\":\"https:\\\/\\\/secure.gravatar.com\\\/avatar\\\/89915563d925342126b8ef0281b93d9d7fc337043e8df017f780908eb9644451?s=96&d=mm&r=g\",\"caption\":\"St\u00e9phane Miget\"},\"url\":\"https:\\\/\\\/batijournal.com\\\/index.php\\\/author\\\/stephane\\\/\"}]}<\/script>\n<!-- \/ Yoast SEO plugin. -->","yoast_head_json":{"title":"Quartier de la D\u00e9fense : une nouvelle Tour \u00e9vas\u00e9e","robots":{"index":"index","follow":"follow","max-snippet":"max-snippet:-1","max-image-preview":"max-image-preview:large","max-video-preview":"max-video-preview:-1"},"canonical":"https:\/\/batijournal.com\/index.php\/quartier-de-la-defense-une-nouvelle-tour-evasee\/98901\/","og_locale":"fr_FR","og_type":"article","og_title":"Quartier de la D\u00e9fense : une nouvelle Tour \u00e9vas\u00e9e","og_description":"La Tour ALTO est l\u2019un des grands chantiers actuels du quartier de la D\u00e9fense. Elle mesurera 150 m, pour de 37 \u00e9tages, avec des formes arrondies. Elle s\u2019\u00e9vasera progressivement et \u00e9tend son emprise dans l\u2019espace par un d\u00e9calage de 12 cm vers l\u2019ext\u00e9rieur de la poutre de rive, \u00e0 chaque \u00e9tage. Gr\u00e2ce \u00e0 cette forme [&hellip;]","og_url":"https:\/\/batijournal.com\/index.php\/quartier-de-la-defense-une-nouvelle-tour-evasee\/98901\/","og_site_name":"Batijournal","article_published_time":"2018-04-12T11:22:30+00:00","article_modified_time":"2019-07-15T09:26:56+00:00","og_image":[{"width":1000,"height":1133,"url":"https:\/\/batijournal.com\/wp-content\/uploads\/2018\/04\/Tour-Alto.jpg","type":"image\/jpeg"}],"author":"St\u00e9phane Miget","twitter_card":"summary_large_image","twitter_creator":"@bati_journal","twitter_site":"@bati_journal","twitter_misc":{"\u00c9crit par":"St\u00e9phane Miget","Dur\u00e9e de lecture estim\u00e9e":"1 minute"},"schema":{"@context":"https:\/\/schema.org","@graph":[{"@type":"Article","@id":"https:\/\/batijournal.com\/index.php\/quartier-de-la-defense-une-nouvelle-tour-evasee\/98901\/#article","isPartOf":{"@id":"https:\/\/batijournal.com\/index.php\/quartier-de-la-defense-une-nouvelle-tour-evasee\/98901\/"},"author":{"name":"St\u00e9phane Miget","@id":"https:\/\/batijournal.com\/#\/schema\/person\/1dc96ec6957aa1ccb25ebe78bb19f100"},"headline":"Quartier de la D\u00e9fense : une nouvelle Tour \u00e9vas\u00e9e","datePublished":"2018-04-12T11:22:30+00:00","dateModified":"2019-07-15T09:26:56+00:00","mainEntityOfPage":{"@id":"https:\/\/batijournal.com\/index.php\/quartier-de-la-defense-une-nouvelle-tour-evasee\/98901\/"},"wordCount":286,"image":{"@id":"https:\/\/batijournal.com\/index.php\/quartier-de-la-defense-une-nouvelle-tour-evasee\/98901\/#primaryimage"},"thumbnailUrl":"https:\/\/batijournal.com\/wp-content\/uploads\/2018\/04\/Tour-Alto.jpg","keywords":["chantier"],"articleSection":["Actualit\u00e9s","Architecture &amp; Conception","zz_5fa\u00e7ades","zz_Actualit\u00e9s - 5fa\u00e7ades"],"inLanguage":"fr-FR"},{"@type":"WebPage","@id":"https:\/\/batijournal.com\/index.php\/quartier-de-la-defense-une-nouvelle-tour-evasee\/98901\/","url":"https:\/\/batijournal.com\/index.php\/quartier-de-la-defense-une-nouvelle-tour-evasee\/98901\/","name":"Quartier de la D\u00e9fense : une nouvelle Tour \u00e9vas\u00e9e","isPartOf":{"@id":"https:\/\/batijournal.com\/#website"},"primaryImageOfPage":{"@id":"https:\/\/batijournal.com\/index.php\/quartier-de-la-defense-une-nouvelle-tour-evasee\/98901\/#primaryimage"},"image":{"@id":"https:\/\/batijournal.com\/index.php\/quartier-de-la-defense-une-nouvelle-tour-evasee\/98901\/#primaryimage"},"thumbnailUrl":"https:\/\/batijournal.com\/wp-content\/uploads\/2018\/04\/Tour-Alto.jpg","datePublished":"2018-04-12T11:22:30+00:00","dateModified":"2019-07-15T09:26:56+00:00","author":{"@id":"https:\/\/batijournal.com\/#\/schema\/person\/1dc96ec6957aa1ccb25ebe78bb19f100"},"breadcrumb":{"@id":"https:\/\/batijournal.com\/index.php\/quartier-de-la-defense-une-nouvelle-tour-evasee\/98901\/#breadcrumb"},"inLanguage":"fr-FR","potentialAction":[{"@type":"ReadAction","target":["https:\/\/batijournal.com\/index.php\/quartier-de-la-defense-une-nouvelle-tour-evasee\/98901\/"]}]},{"@type":"ImageObject","inLanguage":"fr-FR","@id":"https:\/\/batijournal.com\/index.php\/quartier-de-la-defense-une-nouvelle-tour-evasee\/98901\/#primaryimage","url":"https:\/\/batijournal.com\/wp-content\/uploads\/2018\/04\/Tour-Alto.jpg","contentUrl":"https:\/\/batijournal.com\/wp-content\/uploads\/2018\/04\/Tour-Alto.jpg","width":1000,"height":1133},{"@type":"BreadcrumbList","@id":"https:\/\/batijournal.com\/index.php\/quartier-de-la-defense-une-nouvelle-tour-evasee\/98901\/#breadcrumb","itemListElement":[{"@type":"ListItem","position":1,"name":"Accueil","item":"https:\/\/batijournal.com\/"},{"@type":"ListItem","position":2,"name":"Actualit\u00e9s","item":"https:\/\/batijournal.com\/index.php\/category\/actualites\/"},{"@type":"ListItem","position":3,"name":"Quartier de la D\u00e9fense : une nouvelle Tour \u00e9vas\u00e9e"}]},{"@type":"WebSite","@id":"https:\/\/batijournal.com\/#website","url":"https:\/\/batijournal.com\/","name":"Batijournal","description":"L&#039;actualit\u00e9 du b\u00e2timent","potentialAction":[{"@type":"SearchAction","target":{"@type":"EntryPoint","urlTemplate":"https:\/\/batijournal.com\/?s={search_term_string}"},"query-input":{"@type":"PropertyValueSpecification","valueRequired":true,"valueName":"search_term_string"}}],"inLanguage":"fr-FR"},{"@type":"Person","@id":"https:\/\/batijournal.com\/#\/schema\/person\/1dc96ec6957aa1ccb25ebe78bb19f100","name":"St\u00e9phane Miget","image":{"@type":"ImageObject","inLanguage":"fr-FR","@id":"https:\/\/secure.gravatar.com\/avatar\/89915563d925342126b8ef0281b93d9d7fc337043e8df017f780908eb9644451?s=96&d=mm&r=g","url":"https:\/\/secure.gravatar.com\/avatar\/89915563d925342126b8ef0281b93d9d7fc337043e8df017f780908eb9644451?s=96&d=mm&r=g","contentUrl":"https:\/\/secure.gravatar.com\/avatar\/89915563d925342126b8ef0281b93d9d7fc337043e8df017f780908eb9644451?s=96&d=mm&r=g","caption":"St\u00e9phane Miget"},"url":"https:\/\/batijournal.com\/index.php\/author\/stephane\/"}]}},"_links":{"self":[{"href":"https:\/\/batijournal.com\/index.php\/wp-json\/wp\/v2\/posts\/98901","targetHints":{"allow":["GET"]}}],"collection":[{"href":"https:\/\/batijournal.com\/index.php\/wp-json\/wp\/v2\/posts"}],"about":[{"href":"https:\/\/batijournal.com\/index.php\/wp-json\/wp\/v2\/types\/post"}],"author":[{"embeddable":true,"href":"https:\/\/batijournal.com\/index.php\/wp-json\/wp\/v2\/users\/17"}],"replies":[{"embeddable":true,"href":"https:\/\/batijournal.com\/index.php\/wp-json\/wp\/v2\/comments?post=98901"}],"version-history":[{"count":0,"href":"https:\/\/batijournal.com\/index.php\/wp-json\/wp\/v2\/posts\/98901\/revisions"}],"wp:featuredmedia":[{"embeddable":true,"href":"https:\/\/batijournal.com\/index.php\/wp-json\/wp\/v2\/media\/98902"}],"wp:attachment":[{"href":"https:\/\/batijournal.com\/index.php\/wp-json\/wp\/v2\/media?parent=98901"}],"wp:term":[{"taxonomy":"category","embeddable":true,"href":"https:\/\/batijournal.com\/index.php\/wp-json\/wp\/v2\/categories?post=98901"},{"taxonomy":"post_tag","embeddable":true,"href":"https:\/\/batijournal.com\/index.php\/wp-json\/wp\/v2\/tags?post=98901"}],"curies":[{"name":"wp","href":"https:\/\/api.w.org\/{rel}","templated":true}]}}