{"id":98939,"date":"2018-04-16T08:02:53","date_gmt":"2018-04-16T06:02:53","guid":{"rendered":"http:\/\/batijournal.com\/?p=98939"},"modified":"2019-07-15T12:03:44","modified_gmt":"2019-07-15T10:03:44","slug":"la-fpi-defend-le-dispositif-pinel-face-a-la-cour-des-comptes","status":"publish","type":"post","link":"https:\/\/batijournal.com\/index.php\/la-fpi-defend-le-dispositif-pinel-face-a-la-cour-des-comptes\/98939\/","title":{"rendered":"La FPI d\u00e9fend le dispositif Pinel face \u00e0 la Cour des comptes"},"content":{"rendered":"<p>La F\u00e9d\u00e9ration des promoteurs immobiliers (FPI) partage les constats du r\u00e9f\u00e9r\u00e9 de la Cour des comptes relatif aux d\u00e9penses fiscales en faveur de l\u2019investissement locatif des m\u00e9nages : la faiblesse du pilotage du suivi et du contr\u00f4le des dispositifs, qui trouve son origine dans l\u2019insuffisance des donn\u00e9es produites par les services fiscaux. Mais la FPI ne partage pas les chiffres avanc\u00e9s par la Cour. La Cour laisse entendre que les plafonds de loyer seraient structurellement plus \u00e9lev\u00e9s que les loyers de march\u00e9. Aucune donn\u00e9e publique n\u2019appuie cette observation, qui peut correspondre \u00e0 des cas ponctuels, mais assur\u00e9ment pas \u00e0 une g\u00e9n\u00e9ralit\u00e9. Les co\u00fbts \u00e9nonc\u00e9s sont des co\u00fbts budg\u00e9taires bruts, qui ne tiennent pas compte des recettes fiscales d\u00e9gag\u00e9es par le Pinel (TVA et IS en particulier). La Cour \u00e9voque un co\u00fbt d\u2019un logement Pinel deux \u00e0 trois fois sup\u00e9rieur \u00e0 celui d\u2019un logement social, sans expliquer ce calcul. Or un logement Pinel, qui ne b\u00e9n\u00e9ficie que d\u2019une r\u00e9duction d\u2019imp\u00f4t sur le revenu, p\u00e8se beaucoup moins sur les finances publiques qu\u2019un logement social. La conclusion de la Cour ne s\u2019explique que si elle rapporte ces co\u00fbts aux dur\u00e9es de location respectives de ces logements. Or cette comparaison n\u2019a pas de sens : nul ne peut exiger de propri\u00e9taires particuliers qu\u2019ils louent leur bien pendant 40 ans comme un organisme HLM.<\/p>\n<p>La FPI consid\u00e8re que le dispositif Pinel remplit les objectifs qui lui sont assign\u00e9s : produire des volumes importants de logements interm\u00e9diaires neufs de qualit\u00e9 dans les zones tendues (60 000 logements vendus sous ce r\u00e9gime en 2017, \u00e0 plus de 80 % en Ile de France et dans les m\u00e9tropoles r\u00e9gionales les plus dynamiques). Leur efficacit\u00e9 et leur efficience ont d\u2019ailleurs \u00e9t\u00e9 continuellement renforc\u00e9es au cours des ann\u00e9es (forte baisse des plafonds de loyer, recentrage sur les zones tendues, baisse de la r\u00e9duction d\u2019imp\u00f4t, renforcement de la protection des investisseurs etc.). Si des dispositifs fiscaux de soutien \u00e0 l\u2019investissement locatif des particuliers existent depuis 1984, c\u2019est parce qu\u2019ils r\u00e9pondent aux dysfonctionnements du march\u00e9 locatif : d\u00e9saffection durable des investisseurs institutionnels, faible rentabilit\u00e9 li\u00e9e aux prix trop \u00e9lev\u00e9s et \u00e0 une fiscalit\u00e9 excessive etc. D\u00e8s lors, il ne sera possible, comme le recommande la Cour, de \u00ab mettre en \u0153uvre des dispositions transitoires permettant une sortie progressive et s\u00e9curis\u00e9e \u00bb de ces dispositifs, que si l\u2019Etat agit au pr\u00e9alable pour permettre la baisse des co\u00fbts de production dans les zones tendues et pour refonder la fiscalit\u00e9 des bailleurs.<\/p>\n","protected":false},"excerpt":{"rendered":"<p>La F\u00e9d\u00e9ration des promoteurs immobiliers (FPI) partage les constats du r\u00e9f\u00e9r\u00e9 de la Cour des comptes relatif aux d\u00e9penses fiscales en faveur de l\u2019investissement locatif des m\u00e9nages : la faiblesse du pilotage du suivi et du contr\u00f4le des dispositifs, qui trouve son origine dans l\u2019insuffisance des donn\u00e9es produites par les services fiscaux. Mais la FPI [&hellip;]<\/p>\n","protected":false},"author":17,"featured_media":90801,"comment_status":"closed","ping_status":"closed","sticky":false,"template":"","format":"standard","meta":{"_et_pb_use_builder":"","_et_pb_old_content":"","_et_gb_content_width":"","footnotes":""},"categories":[10530,6345],"tags":[1364],"class_list":["post-98939","post","type-post","status-publish","format-standard","has-post-thumbnail","hentry","category-actualites","category-economie-marches","tag-immobilier"],"yoast_head":"<!-- This site is optimized with the Yoast SEO plugin v27.4 - https:\/\/yoast.com\/product\/yoast-seo-wordpress\/ -->\n<title>La FPI d\u00e9fend le dispositif Pinel face \u00e0 la Cour des comptes<\/title>\n<meta name=\"robots\" content=\"index, follow, max-snippet:-1, max-image-preview:large, max-video-preview:-1\" \/>\n<link rel=\"canonical\" href=\"https:\/\/batijournal.com\/index.php\/la-fpi-defend-le-dispositif-pinel-face-a-la-cour-des-comptes\/98939\/\" \/>\n<meta property=\"og:locale\" content=\"fr_FR\" \/>\n<meta property=\"og:type\" content=\"article\" \/>\n<meta property=\"og:title\" content=\"La FPI d\u00e9fend le dispositif Pinel face \u00e0 la Cour des comptes\" \/>\n<meta property=\"og:description\" content=\"La F\u00e9d\u00e9ration des promoteurs immobiliers (FPI) partage les constats du r\u00e9f\u00e9r\u00e9 de la Cour des comptes relatif aux d\u00e9penses fiscales en faveur de l\u2019investissement locatif des m\u00e9nages : la faiblesse du pilotage du suivi et du contr\u00f4le des dispositifs, qui trouve son origine dans l\u2019insuffisance des donn\u00e9es produites par les services fiscaux. Mais la FPI [&hellip;]\" \/>\n<meta property=\"og:url\" content=\"https:\/\/batijournal.com\/index.php\/la-fpi-defend-le-dispositif-pinel-face-a-la-cour-des-comptes\/98939\/\" \/>\n<meta property=\"og:site_name\" content=\"Batijournal\" \/>\n<meta property=\"article:published_time\" content=\"2018-04-16T06:02:53+00:00\" \/>\n<meta property=\"article:modified_time\" content=\"2019-07-15T10:03:44+00:00\" \/>\n<meta property=\"og:image\" content=\"https:\/\/batijournal.com\/wp-content\/uploads\/2015\/12\/construction.jpg\" \/>\n\t<meta property=\"og:image:width\" content=\"1200\" \/>\n\t<meta property=\"og:image:height\" content=\"697\" \/>\n\t<meta property=\"og:image:type\" content=\"image\/jpeg\" \/>\n<meta name=\"author\" content=\"St\u00e9phane Miget\" \/>\n<meta name=\"twitter:card\" content=\"summary_large_image\" \/>\n<meta name=\"twitter:creator\" content=\"@bati_journal\" \/>\n<meta name=\"twitter:site\" content=\"@bati_journal\" \/>\n<meta name=\"twitter:label1\" content=\"\u00c9crit par\" \/>\n\t<meta name=\"twitter:data1\" content=\"St\u00e9phane Miget\" \/>\n\t<meta name=\"twitter:label2\" content=\"Dur\u00e9e de lecture estim\u00e9e\" \/>\n\t<meta name=\"twitter:data2\" content=\"2 minutes\" \/>\n<script type=\"application\/ld+json\" class=\"yoast-schema-graph\">{\"@context\":\"https:\\\/\\\/schema.org\",\"@graph\":[{\"@type\":\"Article\",\"@id\":\"https:\\\/\\\/batijournal.com\\\/index.php\\\/la-fpi-defend-le-dispositif-pinel-face-a-la-cour-des-comptes\\\/98939\\\/#article\",\"isPartOf\":{\"@id\":\"https:\\\/\\\/batijournal.com\\\/index.php\\\/la-fpi-defend-le-dispositif-pinel-face-a-la-cour-des-comptes\\\/98939\\\/\"},\"author\":{\"name\":\"St\u00e9phane Miget\",\"@id\":\"https:\\\/\\\/batijournal.com\\\/#\\\/schema\\\/person\\\/1dc96ec6957aa1ccb25ebe78bb19f100\"},\"headline\":\"La FPI d\u00e9fend le dispositif Pinel face \u00e0 la Cour des comptes\",\"datePublished\":\"2018-04-16T06:02:53+00:00\",\"dateModified\":\"2019-07-15T10:03:44+00:00\",\"mainEntityOfPage\":{\"@id\":\"https:\\\/\\\/batijournal.com\\\/index.php\\\/la-fpi-defend-le-dispositif-pinel-face-a-la-cour-des-comptes\\\/98939\\\/\"},\"wordCount\":465,\"image\":{\"@id\":\"https:\\\/\\\/batijournal.com\\\/index.php\\\/la-fpi-defend-le-dispositif-pinel-face-a-la-cour-des-comptes\\\/98939\\\/#primaryimage\"},\"thumbnailUrl\":\"https:\\\/\\\/batijournal.com\\\/wp-content\\\/uploads\\\/2015\\\/12\\\/construction.jpg\",\"keywords\":[\"immobilier\"],\"articleSection\":[\"Actualit\u00e9s\",\"\u00c9conomie &amp; March\u00e9s\"],\"inLanguage\":\"fr-FR\"},{\"@type\":\"WebPage\",\"@id\":\"https:\\\/\\\/batijournal.com\\\/index.php\\\/la-fpi-defend-le-dispositif-pinel-face-a-la-cour-des-comptes\\\/98939\\\/\",\"url\":\"https:\\\/\\\/batijournal.com\\\/index.php\\\/la-fpi-defend-le-dispositif-pinel-face-a-la-cour-des-comptes\\\/98939\\\/\",\"name\":\"La FPI d\u00e9fend le dispositif Pinel face \u00e0 la Cour des comptes\",\"isPartOf\":{\"@id\":\"https:\\\/\\\/batijournal.com\\\/#website\"},\"primaryImageOfPage\":{\"@id\":\"https:\\\/\\\/batijournal.com\\\/index.php\\\/la-fpi-defend-le-dispositif-pinel-face-a-la-cour-des-comptes\\\/98939\\\/#primaryimage\"},\"image\":{\"@id\":\"https:\\\/\\\/batijournal.com\\\/index.php\\\/la-fpi-defend-le-dispositif-pinel-face-a-la-cour-des-comptes\\\/98939\\\/#primaryimage\"},\"thumbnailUrl\":\"https:\\\/\\\/batijournal.com\\\/wp-content\\\/uploads\\\/2015\\\/12\\\/construction.jpg\",\"datePublished\":\"2018-04-16T06:02:53+00:00\",\"dateModified\":\"2019-07-15T10:03:44+00:00\",\"author\":{\"@id\":\"https:\\\/\\\/batijournal.com\\\/#\\\/schema\\\/person\\\/1dc96ec6957aa1ccb25ebe78bb19f100\"},\"breadcrumb\":{\"@id\":\"https:\\\/\\\/batijournal.com\\\/index.php\\\/la-fpi-defend-le-dispositif-pinel-face-a-la-cour-des-comptes\\\/98939\\\/#breadcrumb\"},\"inLanguage\":\"fr-FR\",\"potentialAction\":[{\"@type\":\"ReadAction\",\"target\":[\"https:\\\/\\\/batijournal.com\\\/index.php\\\/la-fpi-defend-le-dispositif-pinel-face-a-la-cour-des-comptes\\\/98939\\\/\"]}]},{\"@type\":\"ImageObject\",\"inLanguage\":\"fr-FR\",\"@id\":\"https:\\\/\\\/batijournal.com\\\/index.php\\\/la-fpi-defend-le-dispositif-pinel-face-a-la-cour-des-comptes\\\/98939\\\/#primaryimage\",\"url\":\"https:\\\/\\\/batijournal.com\\\/wp-content\\\/uploads\\\/2015\\\/12\\\/construction.jpg\",\"contentUrl\":\"https:\\\/\\\/batijournal.com\\\/wp-content\\\/uploads\\\/2015\\\/12\\\/construction.jpg\",\"width\":1200,\"height\":697,\"caption\":\"projet de loi de finances\"},{\"@type\":\"BreadcrumbList\",\"@id\":\"https:\\\/\\\/batijournal.com\\\/index.php\\\/la-fpi-defend-le-dispositif-pinel-face-a-la-cour-des-comptes\\\/98939\\\/#breadcrumb\",\"itemListElement\":[{\"@type\":\"ListItem\",\"position\":1,\"name\":\"Accueil\",\"item\":\"https:\\\/\\\/batijournal.com\\\/\"},{\"@type\":\"ListItem\",\"position\":2,\"name\":\"Actualit\u00e9s\",\"item\":\"https:\\\/\\\/batijournal.com\\\/index.php\\\/category\\\/actualites\\\/\"},{\"@type\":\"ListItem\",\"position\":3,\"name\":\"La FPI d\u00e9fend le dispositif Pinel face \u00e0 la Cour des comptes\"}]},{\"@type\":\"WebSite\",\"@id\":\"https:\\\/\\\/batijournal.com\\\/#website\",\"url\":\"https:\\\/\\\/batijournal.com\\\/\",\"name\":\"Batijournal\",\"description\":\"L&#039;actualit\u00e9 du b\u00e2timent\",\"potentialAction\":[{\"@type\":\"SearchAction\",\"target\":{\"@type\":\"EntryPoint\",\"urlTemplate\":\"https:\\\/\\\/batijournal.com\\\/?s={search_term_string}\"},\"query-input\":{\"@type\":\"PropertyValueSpecification\",\"valueRequired\":true,\"valueName\":\"search_term_string\"}}],\"inLanguage\":\"fr-FR\"},{\"@type\":\"Person\",\"@id\":\"https:\\\/\\\/batijournal.com\\\/#\\\/schema\\\/person\\\/1dc96ec6957aa1ccb25ebe78bb19f100\",\"name\":\"St\u00e9phane Miget\",\"image\":{\"@type\":\"ImageObject\",\"inLanguage\":\"fr-FR\",\"@id\":\"https:\\\/\\\/secure.gravatar.com\\\/avatar\\\/89915563d925342126b8ef0281b93d9d7fc337043e8df017f780908eb9644451?s=96&d=mm&r=g\",\"url\":\"https:\\\/\\\/secure.gravatar.com\\\/avatar\\\/89915563d925342126b8ef0281b93d9d7fc337043e8df017f780908eb9644451?s=96&d=mm&r=g\",\"contentUrl\":\"https:\\\/\\\/secure.gravatar.com\\\/avatar\\\/89915563d925342126b8ef0281b93d9d7fc337043e8df017f780908eb9644451?s=96&d=mm&r=g\",\"caption\":\"St\u00e9phane Miget\"},\"url\":\"https:\\\/\\\/batijournal.com\\\/index.php\\\/author\\\/stephane\\\/\"}]}<\/script>\n<!-- \/ Yoast SEO plugin. -->","yoast_head_json":{"title":"La FPI d\u00e9fend le dispositif Pinel face \u00e0 la Cour des comptes","robots":{"index":"index","follow":"follow","max-snippet":"max-snippet:-1","max-image-preview":"max-image-preview:large","max-video-preview":"max-video-preview:-1"},"canonical":"https:\/\/batijournal.com\/index.php\/la-fpi-defend-le-dispositif-pinel-face-a-la-cour-des-comptes\/98939\/","og_locale":"fr_FR","og_type":"article","og_title":"La FPI d\u00e9fend le dispositif Pinel face \u00e0 la Cour des comptes","og_description":"La F\u00e9d\u00e9ration des promoteurs immobiliers (FPI) partage les constats du r\u00e9f\u00e9r\u00e9 de la Cour des comptes relatif aux d\u00e9penses fiscales en faveur de l\u2019investissement locatif des m\u00e9nages : la faiblesse du pilotage du suivi et du contr\u00f4le des dispositifs, qui trouve son origine dans l\u2019insuffisance des donn\u00e9es produites par les services fiscaux. Mais la FPI [&hellip;]","og_url":"https:\/\/batijournal.com\/index.php\/la-fpi-defend-le-dispositif-pinel-face-a-la-cour-des-comptes\/98939\/","og_site_name":"Batijournal","article_published_time":"2018-04-16T06:02:53+00:00","article_modified_time":"2019-07-15T10:03:44+00:00","og_image":[{"width":1200,"height":697,"url":"https:\/\/batijournal.com\/wp-content\/uploads\/2015\/12\/construction.jpg","type":"image\/jpeg"}],"author":"St\u00e9phane Miget","twitter_card":"summary_large_image","twitter_creator":"@bati_journal","twitter_site":"@bati_journal","twitter_misc":{"\u00c9crit par":"St\u00e9phane Miget","Dur\u00e9e de lecture estim\u00e9e":"2 minutes"},"schema":{"@context":"https:\/\/schema.org","@graph":[{"@type":"Article","@id":"https:\/\/batijournal.com\/index.php\/la-fpi-defend-le-dispositif-pinel-face-a-la-cour-des-comptes\/98939\/#article","isPartOf":{"@id":"https:\/\/batijournal.com\/index.php\/la-fpi-defend-le-dispositif-pinel-face-a-la-cour-des-comptes\/98939\/"},"author":{"name":"St\u00e9phane Miget","@id":"https:\/\/batijournal.com\/#\/schema\/person\/1dc96ec6957aa1ccb25ebe78bb19f100"},"headline":"La FPI d\u00e9fend le dispositif Pinel face \u00e0 la Cour des comptes","datePublished":"2018-04-16T06:02:53+00:00","dateModified":"2019-07-15T10:03:44+00:00","mainEntityOfPage":{"@id":"https:\/\/batijournal.com\/index.php\/la-fpi-defend-le-dispositif-pinel-face-a-la-cour-des-comptes\/98939\/"},"wordCount":465,"image":{"@id":"https:\/\/batijournal.com\/index.php\/la-fpi-defend-le-dispositif-pinel-face-a-la-cour-des-comptes\/98939\/#primaryimage"},"thumbnailUrl":"https:\/\/batijournal.com\/wp-content\/uploads\/2015\/12\/construction.jpg","keywords":["immobilier"],"articleSection":["Actualit\u00e9s","\u00c9conomie &amp; March\u00e9s"],"inLanguage":"fr-FR"},{"@type":"WebPage","@id":"https:\/\/batijournal.com\/index.php\/la-fpi-defend-le-dispositif-pinel-face-a-la-cour-des-comptes\/98939\/","url":"https:\/\/batijournal.com\/index.php\/la-fpi-defend-le-dispositif-pinel-face-a-la-cour-des-comptes\/98939\/","name":"La FPI d\u00e9fend le dispositif Pinel face \u00e0 la Cour des comptes","isPartOf":{"@id":"https:\/\/batijournal.com\/#website"},"primaryImageOfPage":{"@id":"https:\/\/batijournal.com\/index.php\/la-fpi-defend-le-dispositif-pinel-face-a-la-cour-des-comptes\/98939\/#primaryimage"},"image":{"@id":"https:\/\/batijournal.com\/index.php\/la-fpi-defend-le-dispositif-pinel-face-a-la-cour-des-comptes\/98939\/#primaryimage"},"thumbnailUrl":"https:\/\/batijournal.com\/wp-content\/uploads\/2015\/12\/construction.jpg","datePublished":"2018-04-16T06:02:53+00:00","dateModified":"2019-07-15T10:03:44+00:00","author":{"@id":"https:\/\/batijournal.com\/#\/schema\/person\/1dc96ec6957aa1ccb25ebe78bb19f100"},"breadcrumb":{"@id":"https:\/\/batijournal.com\/index.php\/la-fpi-defend-le-dispositif-pinel-face-a-la-cour-des-comptes\/98939\/#breadcrumb"},"inLanguage":"fr-FR","potentialAction":[{"@type":"ReadAction","target":["https:\/\/batijournal.com\/index.php\/la-fpi-defend-le-dispositif-pinel-face-a-la-cour-des-comptes\/98939\/"]}]},{"@type":"ImageObject","inLanguage":"fr-FR","@id":"https:\/\/batijournal.com\/index.php\/la-fpi-defend-le-dispositif-pinel-face-a-la-cour-des-comptes\/98939\/#primaryimage","url":"https:\/\/batijournal.com\/wp-content\/uploads\/2015\/12\/construction.jpg","contentUrl":"https:\/\/batijournal.com\/wp-content\/uploads\/2015\/12\/construction.jpg","width":1200,"height":697,"caption":"projet de loi de finances"},{"@type":"BreadcrumbList","@id":"https:\/\/batijournal.com\/index.php\/la-fpi-defend-le-dispositif-pinel-face-a-la-cour-des-comptes\/98939\/#breadcrumb","itemListElement":[{"@type":"ListItem","position":1,"name":"Accueil","item":"https:\/\/batijournal.com\/"},{"@type":"ListItem","position":2,"name":"Actualit\u00e9s","item":"https:\/\/batijournal.com\/index.php\/category\/actualites\/"},{"@type":"ListItem","position":3,"name":"La FPI d\u00e9fend le dispositif Pinel face \u00e0 la Cour des comptes"}]},{"@type":"WebSite","@id":"https:\/\/batijournal.com\/#website","url":"https:\/\/batijournal.com\/","name":"Batijournal","description":"L&#039;actualit\u00e9 du b\u00e2timent","potentialAction":[{"@type":"SearchAction","target":{"@type":"EntryPoint","urlTemplate":"https:\/\/batijournal.com\/?s={search_term_string}"},"query-input":{"@type":"PropertyValueSpecification","valueRequired":true,"valueName":"search_term_string"}}],"inLanguage":"fr-FR"},{"@type":"Person","@id":"https:\/\/batijournal.com\/#\/schema\/person\/1dc96ec6957aa1ccb25ebe78bb19f100","name":"St\u00e9phane Miget","image":{"@type":"ImageObject","inLanguage":"fr-FR","@id":"https:\/\/secure.gravatar.com\/avatar\/89915563d925342126b8ef0281b93d9d7fc337043e8df017f780908eb9644451?s=96&d=mm&r=g","url":"https:\/\/secure.gravatar.com\/avatar\/89915563d925342126b8ef0281b93d9d7fc337043e8df017f780908eb9644451?s=96&d=mm&r=g","contentUrl":"https:\/\/secure.gravatar.com\/avatar\/89915563d925342126b8ef0281b93d9d7fc337043e8df017f780908eb9644451?s=96&d=mm&r=g","caption":"St\u00e9phane Miget"},"url":"https:\/\/batijournal.com\/index.php\/author\/stephane\/"}]}},"_links":{"self":[{"href":"https:\/\/batijournal.com\/index.php\/wp-json\/wp\/v2\/posts\/98939","targetHints":{"allow":["GET"]}}],"collection":[{"href":"https:\/\/batijournal.com\/index.php\/wp-json\/wp\/v2\/posts"}],"about":[{"href":"https:\/\/batijournal.com\/index.php\/wp-json\/wp\/v2\/types\/post"}],"author":[{"embeddable":true,"href":"https:\/\/batijournal.com\/index.php\/wp-json\/wp\/v2\/users\/17"}],"replies":[{"embeddable":true,"href":"https:\/\/batijournal.com\/index.php\/wp-json\/wp\/v2\/comments?post=98939"}],"version-history":[{"count":0,"href":"https:\/\/batijournal.com\/index.php\/wp-json\/wp\/v2\/posts\/98939\/revisions"}],"wp:featuredmedia":[{"embeddable":true,"href":"https:\/\/batijournal.com\/index.php\/wp-json\/wp\/v2\/media\/90801"}],"wp:attachment":[{"href":"https:\/\/batijournal.com\/index.php\/wp-json\/wp\/v2\/media?parent=98939"}],"wp:term":[{"taxonomy":"category","embeddable":true,"href":"https:\/\/batijournal.com\/index.php\/wp-json\/wp\/v2\/categories?post=98939"},{"taxonomy":"post_tag","embeddable":true,"href":"https:\/\/batijournal.com\/index.php\/wp-json\/wp\/v2\/tags?post=98939"}],"curies":[{"name":"wp","href":"https:\/\/api.w.org\/{rel}","templated":true}]}}