{"id":98945,"date":"2018-04-16T15:30:19","date_gmt":"2018-04-16T13:30:19","guid":{"rendered":"http:\/\/batijournal.com\/?p=98945"},"modified":"2018-09-12T16:42:07","modified_gmt":"2018-09-12T14:42:07","slug":"fibres-rendez-vous-des-professionnels-de-lameublement","status":"publish","type":"post","link":"https:\/\/batijournal.com\/index.php\/fibres-rendez-vous-des-professionnels-de-lameublement\/98945\/","title":{"rendered":"FIBRES : rendez-vous des professionnels de l&rsquo;ameublement"},"content":{"rendered":"<p><a name=\"__DdeLink__755_2036344012\"><\/a> <span style=\"color: #000000\"><span style=\"font-family: Arial, sans-serif\"><span style=\"font-size: large\">L&rsquo;Union nationale de l&rsquo;Artisanat des M\u00e9tiers de l&rsquo;Ameublement organise une journ\u00e9e d&rsquo;\u00e9change intitul\u00e9e FIBRES \u00ab\u00a0Circulez y a rien \u00e0 jeter\u00a0\u00bb, le 31 mai,\u00a0<\/span><\/span><\/span><span style=\"color: #000000\"><span style=\"font-family: Arial, sans-serif\"><span style=\"font-size: large\">au Parc des Expositions de la Beaujoire\u00a0<\/span><\/span><\/span><span style=\"color: #000000\"><span style=\"font-family: Arial, sans-serif\"><span style=\"font-size: large\">\u00e0 Nantes. L&rsquo;\u00e9v\u00e9nement, qui se d\u00e9roulera en parall\u00e8le du Carrefour international du Bois, s&rsquo;adresse aux professionnels de l&rsquo;ameublement (agenceurs, \u00e9b\u00e9nistes, menuisiers, tapissiers&#8230;) et concerne les perspectives offertes pour les entreprises et les m\u00e9tiers de l&rsquo;ameublement autour de 3 th\u00e9matiques\u00a0: l&rsquo;\u00e9conomie circulaire, le num\u00e9rique et le collaboratif. Il est organis\u00e9 en partenariat avec les Compagnons du Devoir et le p\u00f4le d&rsquo;innovation Pibois, les labels AEF (Artisans \u00c9b\u00e9nistes de France) et ATF (Artisans Tapissiers de France) avec la participation de FCBA, d&rsquo;Atlanbois et de l&rsquo;Ecole du Design de Nantes. <\/span><\/span><\/span><span style=\"color: #000000\"><span style=\"font-family: Arial, sans-serif\"><span style=\"font-size: large\">Les inscriptions sont gratuites mais obligatoires (nombre de places limit\u00e9).<\/span><\/span><\/span><\/p>\n<p><a href=\"http:\/\/services.unama.org\/evenement-fibres-31-mai-2018\/\">Programme et inscriptions<\/a><\/p>\n","protected":false},"excerpt":{"rendered":"<p>L&rsquo;Union nationale de l&rsquo;Artisanat des M\u00e9tiers de l&rsquo;Ameublement organise une journ\u00e9e d&rsquo;\u00e9change intitul\u00e9e FIBRES \u00ab\u00a0Circulez y a rien \u00e0 jeter\u00a0\u00bb, le 31 mai,\u00a0au Parc des Expositions de la Beaujoire\u00a0\u00e0 Nantes. L&rsquo;\u00e9v\u00e9nement, qui se d\u00e9roulera en parall\u00e8le du Carrefour international du Bois, s&rsquo;adresse aux professionnels de l&rsquo;ameublement (agenceurs, \u00e9b\u00e9nistes, menuisiers, tapissiers&#8230;) et concerne les perspectives offertes [&hellip;]<\/p>\n","protected":false},"author":17,"featured_media":98951,"comment_status":"closed","ping_status":"closed","sticky":false,"template":"","format":"standard","meta":{"_et_pb_use_builder":"","_et_pb_old_content":"","_et_gb_content_width":"","footnotes":""},"categories":[10530,9192,10764],"tags":[],"class_list":["post-98945","post","type-post","status-publish","format-standard","has-post-thumbnail","hentry","category-actualites","category-evenements","category-woodsurfer"],"yoast_head":"<!-- This site is optimized with the Yoast SEO plugin v27.4 - https:\/\/yoast.com\/product\/yoast-seo-wordpress\/ -->\n<title>FIBRES : rendez-vous des professionnels de l&#039;ameublement<\/title>\n<meta name=\"description\" content=\"L&#039;Union nationale de l&#039;Artisanat des M\u00e9tiers de l&#039;Ameublement organise une journ\u00e9e d&#039;\u00e9change intitul\u00e9e FIBRES, le 31 mai 2018\" \/>\n<meta name=\"robots\" content=\"index, follow, max-snippet:-1, max-image-preview:large, max-video-preview:-1\" \/>\n<link rel=\"canonical\" href=\"https:\/\/batijournal.com\/index.php\/fibres-rendez-vous-des-professionnels-de-lameublement\/98945\/\" \/>\n<meta property=\"og:locale\" content=\"fr_FR\" \/>\n<meta property=\"og:type\" content=\"article\" \/>\n<meta property=\"og:title\" content=\"FIBRES : rendez-vous des professionnels de l&#039;ameublement\" \/>\n<meta property=\"og:description\" content=\"L&#039;Union nationale de l&#039;Artisanat des M\u00e9tiers de l&#039;Ameublement organise une journ\u00e9e d&#039;\u00e9change intitul\u00e9e FIBRES, le 31 mai 2018\" \/>\n<meta property=\"og:url\" content=\"https:\/\/batijournal.com\/index.php\/fibres-rendez-vous-des-professionnels-de-lameublement\/98945\/\" \/>\n<meta property=\"og:site_name\" content=\"Batijournal\" \/>\n<meta property=\"article:published_time\" content=\"2018-04-16T13:30:19+00:00\" \/>\n<meta property=\"article:modified_time\" content=\"2018-09-12T14:42:07+00:00\" \/>\n<meta property=\"og:image\" content=\"https:\/\/batijournal.com\/wp-content\/uploads\/2018\/04\/fibres2.jpg\" \/>\n\t<meta property=\"og:image:width\" content=\"623\" \/>\n\t<meta property=\"og:image:height\" content=\"521\" \/>\n\t<meta property=\"og:image:type\" content=\"image\/jpeg\" \/>\n<meta name=\"author\" content=\"St\u00e9phane Miget\" \/>\n<meta name=\"twitter:card\" content=\"summary_large_image\" \/>\n<meta name=\"twitter:creator\" content=\"@bati_journal\" \/>\n<meta name=\"twitter:site\" content=\"@bati_journal\" \/>\n<meta name=\"twitter:label1\" content=\"\u00c9crit par\" \/>\n\t<meta name=\"twitter:data1\" content=\"St\u00e9phane Miget\" \/>\n\t<meta name=\"twitter:label2\" content=\"Dur\u00e9e de lecture estim\u00e9e\" \/>\n\t<meta name=\"twitter:data2\" content=\"1 minute\" \/>\n<script type=\"application\/ld+json\" class=\"yoast-schema-graph\">{\"@context\":\"https:\\\/\\\/schema.org\",\"@graph\":[{\"@type\":\"Article\",\"@id\":\"https:\\\/\\\/batijournal.com\\\/index.php\\\/fibres-rendez-vous-des-professionnels-de-lameublement\\\/98945\\\/#article\",\"isPartOf\":{\"@id\":\"https:\\\/\\\/batijournal.com\\\/index.php\\\/fibres-rendez-vous-des-professionnels-de-lameublement\\\/98945\\\/\"},\"author\":{\"name\":\"St\u00e9phane Miget\",\"@id\":\"https:\\\/\\\/batijournal.com\\\/#\\\/schema\\\/person\\\/1dc96ec6957aa1ccb25ebe78bb19f100\"},\"headline\":\"FIBRES : rendez-vous des professionnels de l&rsquo;ameublement\",\"datePublished\":\"2018-04-16T13:30:19+00:00\",\"dateModified\":\"2018-09-12T14:42:07+00:00\",\"mainEntityOfPage\":{\"@id\":\"https:\\\/\\\/batijournal.com\\\/index.php\\\/fibres-rendez-vous-des-professionnels-de-lameublement\\\/98945\\\/\"},\"wordCount\":157,\"image\":{\"@id\":\"https:\\\/\\\/batijournal.com\\\/index.php\\\/fibres-rendez-vous-des-professionnels-de-lameublement\\\/98945\\\/#primaryimage\"},\"thumbnailUrl\":\"https:\\\/\\\/batijournal.com\\\/wp-content\\\/uploads\\\/2018\\\/04\\\/fibres2.jpg\",\"articleSection\":[\"Actualit\u00e9s\",\"\u00c9v\u00e9nements\",\"zz_Woodsurfer\"],\"inLanguage\":\"fr-FR\"},{\"@type\":\"WebPage\",\"@id\":\"https:\\\/\\\/batijournal.com\\\/index.php\\\/fibres-rendez-vous-des-professionnels-de-lameublement\\\/98945\\\/\",\"url\":\"https:\\\/\\\/batijournal.com\\\/index.php\\\/fibres-rendez-vous-des-professionnels-de-lameublement\\\/98945\\\/\",\"name\":\"FIBRES : rendez-vous des professionnels de l'ameublement\",\"isPartOf\":{\"@id\":\"https:\\\/\\\/batijournal.com\\\/#website\"},\"primaryImageOfPage\":{\"@id\":\"https:\\\/\\\/batijournal.com\\\/index.php\\\/fibres-rendez-vous-des-professionnels-de-lameublement\\\/98945\\\/#primaryimage\"},\"image\":{\"@id\":\"https:\\\/\\\/batijournal.com\\\/index.php\\\/fibres-rendez-vous-des-professionnels-de-lameublement\\\/98945\\\/#primaryimage\"},\"thumbnailUrl\":\"https:\\\/\\\/batijournal.com\\\/wp-content\\\/uploads\\\/2018\\\/04\\\/fibres2.jpg\",\"datePublished\":\"2018-04-16T13:30:19+00:00\",\"dateModified\":\"2018-09-12T14:42:07+00:00\",\"author\":{\"@id\":\"https:\\\/\\\/batijournal.com\\\/#\\\/schema\\\/person\\\/1dc96ec6957aa1ccb25ebe78bb19f100\"},\"description\":\"L'Union nationale de l'Artisanat des M\u00e9tiers de l'Ameublement organise une journ\u00e9e d'\u00e9change intitul\u00e9e FIBRES, le 31 mai 2018\",\"breadcrumb\":{\"@id\":\"https:\\\/\\\/batijournal.com\\\/index.php\\\/fibres-rendez-vous-des-professionnels-de-lameublement\\\/98945\\\/#breadcrumb\"},\"inLanguage\":\"fr-FR\",\"potentialAction\":[{\"@type\":\"ReadAction\",\"target\":[\"https:\\\/\\\/batijournal.com\\\/index.php\\\/fibres-rendez-vous-des-professionnels-de-lameublement\\\/98945\\\/\"]}]},{\"@type\":\"ImageObject\",\"inLanguage\":\"fr-FR\",\"@id\":\"https:\\\/\\\/batijournal.com\\\/index.php\\\/fibres-rendez-vous-des-professionnels-de-lameublement\\\/98945\\\/#primaryimage\",\"url\":\"https:\\\/\\\/batijournal.com\\\/wp-content\\\/uploads\\\/2018\\\/04\\\/fibres2.jpg\",\"contentUrl\":\"https:\\\/\\\/batijournal.com\\\/wp-content\\\/uploads\\\/2018\\\/04\\\/fibres2.jpg\",\"width\":623,\"height\":521,\"caption\":\"Fibres\"},{\"@type\":\"BreadcrumbList\",\"@id\":\"https:\\\/\\\/batijournal.com\\\/index.php\\\/fibres-rendez-vous-des-professionnels-de-lameublement\\\/98945\\\/#breadcrumb\",\"itemListElement\":[{\"@type\":\"ListItem\",\"position\":1,\"name\":\"Accueil\",\"item\":\"https:\\\/\\\/batijournal.com\\\/\"},{\"@type\":\"ListItem\",\"position\":2,\"name\":\"Actualit\u00e9s\",\"item\":\"https:\\\/\\\/batijournal.com\\\/index.php\\\/category\\\/actualites\\\/\"},{\"@type\":\"ListItem\",\"position\":3,\"name\":\"FIBRES : rendez-vous des professionnels de l&rsquo;ameublement\"}]},{\"@type\":\"WebSite\",\"@id\":\"https:\\\/\\\/batijournal.com\\\/#website\",\"url\":\"https:\\\/\\\/batijournal.com\\\/\",\"name\":\"Batijournal\",\"description\":\"L&#039;actualit\u00e9 du b\u00e2timent\",\"potentialAction\":[{\"@type\":\"SearchAction\",\"target\":{\"@type\":\"EntryPoint\",\"urlTemplate\":\"https:\\\/\\\/batijournal.com\\\/?s={search_term_string}\"},\"query-input\":{\"@type\":\"PropertyValueSpecification\",\"valueRequired\":true,\"valueName\":\"search_term_string\"}}],\"inLanguage\":\"fr-FR\"},{\"@type\":\"Person\",\"@id\":\"https:\\\/\\\/batijournal.com\\\/#\\\/schema\\\/person\\\/1dc96ec6957aa1ccb25ebe78bb19f100\",\"name\":\"St\u00e9phane Miget\",\"image\":{\"@type\":\"ImageObject\",\"inLanguage\":\"fr-FR\",\"@id\":\"https:\\\/\\\/secure.gravatar.com\\\/avatar\\\/89915563d925342126b8ef0281b93d9d7fc337043e8df017f780908eb9644451?s=96&d=mm&r=g\",\"url\":\"https:\\\/\\\/secure.gravatar.com\\\/avatar\\\/89915563d925342126b8ef0281b93d9d7fc337043e8df017f780908eb9644451?s=96&d=mm&r=g\",\"contentUrl\":\"https:\\\/\\\/secure.gravatar.com\\\/avatar\\\/89915563d925342126b8ef0281b93d9d7fc337043e8df017f780908eb9644451?s=96&d=mm&r=g\",\"caption\":\"St\u00e9phane Miget\"},\"url\":\"https:\\\/\\\/batijournal.com\\\/index.php\\\/author\\\/stephane\\\/\"}]}<\/script>\n<!-- \/ Yoast SEO plugin. -->","yoast_head_json":{"title":"FIBRES : rendez-vous des professionnels de l'ameublement","description":"L'Union nationale de l'Artisanat des M\u00e9tiers de l'Ameublement organise une journ\u00e9e d'\u00e9change intitul\u00e9e FIBRES, le 31 mai 2018","robots":{"index":"index","follow":"follow","max-snippet":"max-snippet:-1","max-image-preview":"max-image-preview:large","max-video-preview":"max-video-preview:-1"},"canonical":"https:\/\/batijournal.com\/index.php\/fibres-rendez-vous-des-professionnels-de-lameublement\/98945\/","og_locale":"fr_FR","og_type":"article","og_title":"FIBRES : rendez-vous des professionnels de l'ameublement","og_description":"L'Union nationale de l'Artisanat des M\u00e9tiers de l'Ameublement organise une journ\u00e9e d'\u00e9change intitul\u00e9e FIBRES, le 31 mai 2018","og_url":"https:\/\/batijournal.com\/index.php\/fibres-rendez-vous-des-professionnels-de-lameublement\/98945\/","og_site_name":"Batijournal","article_published_time":"2018-04-16T13:30:19+00:00","article_modified_time":"2018-09-12T14:42:07+00:00","og_image":[{"width":623,"height":521,"url":"https:\/\/batijournal.com\/wp-content\/uploads\/2018\/04\/fibres2.jpg","type":"image\/jpeg"}],"author":"St\u00e9phane Miget","twitter_card":"summary_large_image","twitter_creator":"@bati_journal","twitter_site":"@bati_journal","twitter_misc":{"\u00c9crit par":"St\u00e9phane Miget","Dur\u00e9e de lecture estim\u00e9e":"1 minute"},"schema":{"@context":"https:\/\/schema.org","@graph":[{"@type":"Article","@id":"https:\/\/batijournal.com\/index.php\/fibres-rendez-vous-des-professionnels-de-lameublement\/98945\/#article","isPartOf":{"@id":"https:\/\/batijournal.com\/index.php\/fibres-rendez-vous-des-professionnels-de-lameublement\/98945\/"},"author":{"name":"St\u00e9phane Miget","@id":"https:\/\/batijournal.com\/#\/schema\/person\/1dc96ec6957aa1ccb25ebe78bb19f100"},"headline":"FIBRES : rendez-vous des professionnels de l&rsquo;ameublement","datePublished":"2018-04-16T13:30:19+00:00","dateModified":"2018-09-12T14:42:07+00:00","mainEntityOfPage":{"@id":"https:\/\/batijournal.com\/index.php\/fibres-rendez-vous-des-professionnels-de-lameublement\/98945\/"},"wordCount":157,"image":{"@id":"https:\/\/batijournal.com\/index.php\/fibres-rendez-vous-des-professionnels-de-lameublement\/98945\/#primaryimage"},"thumbnailUrl":"https:\/\/batijournal.com\/wp-content\/uploads\/2018\/04\/fibres2.jpg","articleSection":["Actualit\u00e9s","\u00c9v\u00e9nements","zz_Woodsurfer"],"inLanguage":"fr-FR"},{"@type":"WebPage","@id":"https:\/\/batijournal.com\/index.php\/fibres-rendez-vous-des-professionnels-de-lameublement\/98945\/","url":"https:\/\/batijournal.com\/index.php\/fibres-rendez-vous-des-professionnels-de-lameublement\/98945\/","name":"FIBRES : rendez-vous des professionnels de l'ameublement","isPartOf":{"@id":"https:\/\/batijournal.com\/#website"},"primaryImageOfPage":{"@id":"https:\/\/batijournal.com\/index.php\/fibres-rendez-vous-des-professionnels-de-lameublement\/98945\/#primaryimage"},"image":{"@id":"https:\/\/batijournal.com\/index.php\/fibres-rendez-vous-des-professionnels-de-lameublement\/98945\/#primaryimage"},"thumbnailUrl":"https:\/\/batijournal.com\/wp-content\/uploads\/2018\/04\/fibres2.jpg","datePublished":"2018-04-16T13:30:19+00:00","dateModified":"2018-09-12T14:42:07+00:00","author":{"@id":"https:\/\/batijournal.com\/#\/schema\/person\/1dc96ec6957aa1ccb25ebe78bb19f100"},"description":"L'Union nationale de l'Artisanat des M\u00e9tiers de l'Ameublement organise une journ\u00e9e d'\u00e9change intitul\u00e9e FIBRES, le 31 mai 2018","breadcrumb":{"@id":"https:\/\/batijournal.com\/index.php\/fibres-rendez-vous-des-professionnels-de-lameublement\/98945\/#breadcrumb"},"inLanguage":"fr-FR","potentialAction":[{"@type":"ReadAction","target":["https:\/\/batijournal.com\/index.php\/fibres-rendez-vous-des-professionnels-de-lameublement\/98945\/"]}]},{"@type":"ImageObject","inLanguage":"fr-FR","@id":"https:\/\/batijournal.com\/index.php\/fibres-rendez-vous-des-professionnels-de-lameublement\/98945\/#primaryimage","url":"https:\/\/batijournal.com\/wp-content\/uploads\/2018\/04\/fibres2.jpg","contentUrl":"https:\/\/batijournal.com\/wp-content\/uploads\/2018\/04\/fibres2.jpg","width":623,"height":521,"caption":"Fibres"},{"@type":"BreadcrumbList","@id":"https:\/\/batijournal.com\/index.php\/fibres-rendez-vous-des-professionnels-de-lameublement\/98945\/#breadcrumb","itemListElement":[{"@type":"ListItem","position":1,"name":"Accueil","item":"https:\/\/batijournal.com\/"},{"@type":"ListItem","position":2,"name":"Actualit\u00e9s","item":"https:\/\/batijournal.com\/index.php\/category\/actualites\/"},{"@type":"ListItem","position":3,"name":"FIBRES : rendez-vous des professionnels de l&rsquo;ameublement"}]},{"@type":"WebSite","@id":"https:\/\/batijournal.com\/#website","url":"https:\/\/batijournal.com\/","name":"Batijournal","description":"L&#039;actualit\u00e9 du b\u00e2timent","potentialAction":[{"@type":"SearchAction","target":{"@type":"EntryPoint","urlTemplate":"https:\/\/batijournal.com\/?s={search_term_string}"},"query-input":{"@type":"PropertyValueSpecification","valueRequired":true,"valueName":"search_term_string"}}],"inLanguage":"fr-FR"},{"@type":"Person","@id":"https:\/\/batijournal.com\/#\/schema\/person\/1dc96ec6957aa1ccb25ebe78bb19f100","name":"St\u00e9phane Miget","image":{"@type":"ImageObject","inLanguage":"fr-FR","@id":"https:\/\/secure.gravatar.com\/avatar\/89915563d925342126b8ef0281b93d9d7fc337043e8df017f780908eb9644451?s=96&d=mm&r=g","url":"https:\/\/secure.gravatar.com\/avatar\/89915563d925342126b8ef0281b93d9d7fc337043e8df017f780908eb9644451?s=96&d=mm&r=g","contentUrl":"https:\/\/secure.gravatar.com\/avatar\/89915563d925342126b8ef0281b93d9d7fc337043e8df017f780908eb9644451?s=96&d=mm&r=g","caption":"St\u00e9phane Miget"},"url":"https:\/\/batijournal.com\/index.php\/author\/stephane\/"}]}},"_links":{"self":[{"href":"https:\/\/batijournal.com\/index.php\/wp-json\/wp\/v2\/posts\/98945","targetHints":{"allow":["GET"]}}],"collection":[{"href":"https:\/\/batijournal.com\/index.php\/wp-json\/wp\/v2\/posts"}],"about":[{"href":"https:\/\/batijournal.com\/index.php\/wp-json\/wp\/v2\/types\/post"}],"author":[{"embeddable":true,"href":"https:\/\/batijournal.com\/index.php\/wp-json\/wp\/v2\/users\/17"}],"replies":[{"embeddable":true,"href":"https:\/\/batijournal.com\/index.php\/wp-json\/wp\/v2\/comments?post=98945"}],"version-history":[{"count":0,"href":"https:\/\/batijournal.com\/index.php\/wp-json\/wp\/v2\/posts\/98945\/revisions"}],"wp:featuredmedia":[{"embeddable":true,"href":"https:\/\/batijournal.com\/index.php\/wp-json\/wp\/v2\/media\/98951"}],"wp:attachment":[{"href":"https:\/\/batijournal.com\/index.php\/wp-json\/wp\/v2\/media?parent=98945"}],"wp:term":[{"taxonomy":"category","embeddable":true,"href":"https:\/\/batijournal.com\/index.php\/wp-json\/wp\/v2\/categories?post=98945"},{"taxonomy":"post_tag","embeddable":true,"href":"https:\/\/batijournal.com\/index.php\/wp-json\/wp\/v2\/tags?post=98945"}],"curies":[{"name":"wp","href":"https:\/\/api.w.org\/{rel}","templated":true}]}}