{"id":98978,"date":"2018-04-18T12:05:09","date_gmt":"2018-04-18T10:05:09","guid":{"rendered":"http:\/\/batijournal.com\/?p=98978"},"modified":"2019-07-15T11:15:08","modified_gmt":"2019-07-15T09:15:08","slug":"les-inscriptions-pour-le-prix-metiers-dart-et-patrimoine-bati-sont-ouvertes","status":"publish","type":"post","link":"https:\/\/batijournal.com\/index.php\/les-inscriptions-pour-le-prix-metiers-dart-et-patrimoine-bati-sont-ouvertes\/98978\/","title":{"rendered":"Les inscriptions pour le prix \u00ab m\u00e9tiers d\u2019art et patrimoine b\u00e2ti \u00bb sont ouvertes"},"content":{"rendered":"<p>Chaque ann\u00e9e, le prix \u00ab m\u00e9tiers d\u2019art et patrimoine b\u00e2ti \u00bb r\u00e9compense une personne, une entreprise ou un organisme porteur d\u2019un projet ou ayant une action en cours en lien avec la transmission ou la valorisation comme la p\u00e9rennit\u00e9 d\u2019un savoir-faire rare, l&rsquo;utilisation d\u2019une technique ancienne&#8230; Ce concours est ouvert \u00e0 toute entreprise ou organisme r\u00e9pertori\u00e9 dans la cat\u00e9gorie des m\u00e9tiers d\u2019art au service du patrimoine b\u00e2ti, et \u00e0 tout salari\u00e9 de ces entreprises ou organismes : cr\u00e9ateur ou restaurateur de mobilier, luminaire, textile d\u2019ameublement, toiture, parquets, sculpteurs et tailleurs de pierre, ma\u00eetres verriers\u2026 Le laur\u00e9at recoit une dotation de 10 000 \u20ac et b\u00e9n\u00e9ficie d\u2019une mise en avant de son projet de la part d\u2019Ateliers d\u2019Art de France et Vieilles Maisons Fran\u00e7aises. La remise du prix aura lieu le 25 octobre 2018 lors du Salon International du Patrimoine Culturel au Carrousel du Louvre. Ce concours est organis\u00e9 conjointement par Ateliers d\u2019Art de France et Vieilles Maisons Fran\u00e7aises. Les candidat doivent remplir le formulaire de participation avant le 30 juin 2018.<\/p>\n<p><a href=\"https:\/\/www.patrimoineculturel.com\/prix-metiers-dart-et-patrimoine-bati\/?utm_content=3473&amp;utm_source=Dolist&amp;utm_medium=E-Mail&amp;utm_campaign=nl1pro-700017733\" target=\"_blank\" rel=\"noopener noreferrer\">S&rsquo;inscrire en ligne&#8230;<\/a><\/p>\n<p>&nbsp;<\/p>\n","protected":false},"excerpt":{"rendered":"<p>Chaque ann\u00e9e, le prix \u00ab m\u00e9tiers d\u2019art et patrimoine b\u00e2ti \u00bb r\u00e9compense une personne, une entreprise ou un organisme porteur d\u2019un projet ou ayant une action en cours en lien avec la transmission ou la valorisation comme la p\u00e9rennit\u00e9 d\u2019un savoir-faire rare, l&rsquo;utilisation d\u2019une technique ancienne&#8230; Ce concours est ouvert \u00e0 toute entreprise ou organisme [&hellip;]<\/p>\n","protected":false},"author":17,"featured_media":98980,"comment_status":"closed","ping_status":"closed","sticky":false,"template":"","format":"standard","meta":{"_et_pb_use_builder":"","_et_pb_old_content":"","_et_gb_content_width":"","footnotes":""},"categories":[10530,6340,10785],"tags":[6188],"class_list":["post-98978","post","type-post","status-publish","format-standard","has-post-thumbnail","hentry","category-actualites","category-architecture-conception","category-atrium","tag-metiers-dart"],"yoast_head":"<!-- This site is optimized with the Yoast SEO plugin v27.4 - https:\/\/yoast.com\/product\/yoast-seo-wordpress\/ -->\n<title>Les inscriptions pour le prix \u00ab m\u00e9tiers d\u2019art et patrimoine b\u00e2ti \u00bb sont ouvertes<\/title>\n<meta name=\"robots\" content=\"index, follow, max-snippet:-1, max-image-preview:large, max-video-preview:-1\" \/>\n<link rel=\"canonical\" href=\"https:\/\/batijournal.com\/index.php\/les-inscriptions-pour-le-prix-metiers-dart-et-patrimoine-bati-sont-ouvertes\/98978\/\" \/>\n<meta property=\"og:locale\" content=\"fr_FR\" \/>\n<meta property=\"og:type\" content=\"article\" \/>\n<meta property=\"og:title\" content=\"Les inscriptions pour le prix \u00ab m\u00e9tiers d\u2019art et patrimoine b\u00e2ti \u00bb sont ouvertes\" \/>\n<meta property=\"og:description\" content=\"Chaque ann\u00e9e, le prix \u00ab m\u00e9tiers d\u2019art et patrimoine b\u00e2ti \u00bb r\u00e9compense une personne, une entreprise ou un organisme porteur d\u2019un projet ou ayant une action en cours en lien avec la transmission ou la valorisation comme la p\u00e9rennit\u00e9 d\u2019un savoir-faire rare, l&rsquo;utilisation d\u2019une technique ancienne&#8230; Ce concours est ouvert \u00e0 toute entreprise ou organisme [&hellip;]\" \/>\n<meta property=\"og:url\" content=\"https:\/\/batijournal.com\/index.php\/les-inscriptions-pour-le-prix-metiers-dart-et-patrimoine-bati-sont-ouvertes\/98978\/\" \/>\n<meta property=\"og:site_name\" content=\"Batijournal\" \/>\n<meta property=\"article:published_time\" content=\"2018-04-18T10:05:09+00:00\" \/>\n<meta property=\"article:modified_time\" content=\"2019-07-15T09:15:08+00:00\" \/>\n<meta property=\"og:image\" content=\"https:\/\/batijournal.com\/wp-content\/uploads\/2018\/04\/prixvmf.jpg\" \/>\n\t<meta property=\"og:image:width\" content=\"600\" \/>\n\t<meta property=\"og:image:height\" content=\"190\" \/>\n\t<meta property=\"og:image:type\" content=\"image\/jpeg\" \/>\n<meta name=\"author\" content=\"St\u00e9phane Miget\" \/>\n<meta name=\"twitter:card\" content=\"summary_large_image\" \/>\n<meta name=\"twitter:creator\" content=\"@bati_journal\" \/>\n<meta name=\"twitter:site\" content=\"@bati_journal\" \/>\n<meta name=\"twitter:label1\" content=\"\u00c9crit par\" \/>\n\t<meta name=\"twitter:data1\" content=\"St\u00e9phane Miget\" \/>\n\t<meta name=\"twitter:label2\" content=\"Dur\u00e9e de lecture estim\u00e9e\" \/>\n\t<meta name=\"twitter:data2\" content=\"1 minute\" \/>\n<script type=\"application\/ld+json\" class=\"yoast-schema-graph\">{\"@context\":\"https:\\\/\\\/schema.org\",\"@graph\":[{\"@type\":\"Article\",\"@id\":\"https:\\\/\\\/batijournal.com\\\/index.php\\\/les-inscriptions-pour-le-prix-metiers-dart-et-patrimoine-bati-sont-ouvertes\\\/98978\\\/#article\",\"isPartOf\":{\"@id\":\"https:\\\/\\\/batijournal.com\\\/index.php\\\/les-inscriptions-pour-le-prix-metiers-dart-et-patrimoine-bati-sont-ouvertes\\\/98978\\\/\"},\"author\":{\"name\":\"St\u00e9phane Miget\",\"@id\":\"https:\\\/\\\/batijournal.com\\\/#\\\/schema\\\/person\\\/1dc96ec6957aa1ccb25ebe78bb19f100\"},\"headline\":\"Les inscriptions pour le prix \u00ab m\u00e9tiers d\u2019art et patrimoine b\u00e2ti \u00bb sont ouvertes\",\"datePublished\":\"2018-04-18T10:05:09+00:00\",\"dateModified\":\"2019-07-15T09:15:08+00:00\",\"mainEntityOfPage\":{\"@id\":\"https:\\\/\\\/batijournal.com\\\/index.php\\\/les-inscriptions-pour-le-prix-metiers-dart-et-patrimoine-bati-sont-ouvertes\\\/98978\\\/\"},\"wordCount\":206,\"image\":{\"@id\":\"https:\\\/\\\/batijournal.com\\\/index.php\\\/les-inscriptions-pour-le-prix-metiers-dart-et-patrimoine-bati-sont-ouvertes\\\/98978\\\/#primaryimage\"},\"thumbnailUrl\":\"https:\\\/\\\/batijournal.com\\\/wp-content\\\/uploads\\\/2018\\\/04\\\/prixvmf.jpg\",\"keywords\":[\"m\u00e9tiers d'art\"],\"articleSection\":[\"Actualit\u00e9s\",\"Architecture &amp; Conception\",\"zz_Atrium Patrimoine\"],\"inLanguage\":\"fr-FR\"},{\"@type\":\"WebPage\",\"@id\":\"https:\\\/\\\/batijournal.com\\\/index.php\\\/les-inscriptions-pour-le-prix-metiers-dart-et-patrimoine-bati-sont-ouvertes\\\/98978\\\/\",\"url\":\"https:\\\/\\\/batijournal.com\\\/index.php\\\/les-inscriptions-pour-le-prix-metiers-dart-et-patrimoine-bati-sont-ouvertes\\\/98978\\\/\",\"name\":\"Les inscriptions pour le prix \u00ab m\u00e9tiers d\u2019art et patrimoine b\u00e2ti \u00bb sont ouvertes\",\"isPartOf\":{\"@id\":\"https:\\\/\\\/batijournal.com\\\/#website\"},\"primaryImageOfPage\":{\"@id\":\"https:\\\/\\\/batijournal.com\\\/index.php\\\/les-inscriptions-pour-le-prix-metiers-dart-et-patrimoine-bati-sont-ouvertes\\\/98978\\\/#primaryimage\"},\"image\":{\"@id\":\"https:\\\/\\\/batijournal.com\\\/index.php\\\/les-inscriptions-pour-le-prix-metiers-dart-et-patrimoine-bati-sont-ouvertes\\\/98978\\\/#primaryimage\"},\"thumbnailUrl\":\"https:\\\/\\\/batijournal.com\\\/wp-content\\\/uploads\\\/2018\\\/04\\\/prixvmf.jpg\",\"datePublished\":\"2018-04-18T10:05:09+00:00\",\"dateModified\":\"2019-07-15T09:15:08+00:00\",\"author\":{\"@id\":\"https:\\\/\\\/batijournal.com\\\/#\\\/schema\\\/person\\\/1dc96ec6957aa1ccb25ebe78bb19f100\"},\"breadcrumb\":{\"@id\":\"https:\\\/\\\/batijournal.com\\\/index.php\\\/les-inscriptions-pour-le-prix-metiers-dart-et-patrimoine-bati-sont-ouvertes\\\/98978\\\/#breadcrumb\"},\"inLanguage\":\"fr-FR\",\"potentialAction\":[{\"@type\":\"ReadAction\",\"target\":[\"https:\\\/\\\/batijournal.com\\\/index.php\\\/les-inscriptions-pour-le-prix-metiers-dart-et-patrimoine-bati-sont-ouvertes\\\/98978\\\/\"]}]},{\"@type\":\"ImageObject\",\"inLanguage\":\"fr-FR\",\"@id\":\"https:\\\/\\\/batijournal.com\\\/index.php\\\/les-inscriptions-pour-le-prix-metiers-dart-et-patrimoine-bati-sont-ouvertes\\\/98978\\\/#primaryimage\",\"url\":\"https:\\\/\\\/batijournal.com\\\/wp-content\\\/uploads\\\/2018\\\/04\\\/prixvmf.jpg\",\"contentUrl\":\"https:\\\/\\\/batijournal.com\\\/wp-content\\\/uploads\\\/2018\\\/04\\\/prixvmf.jpg\",\"width\":600,\"height\":190},{\"@type\":\"BreadcrumbList\",\"@id\":\"https:\\\/\\\/batijournal.com\\\/index.php\\\/les-inscriptions-pour-le-prix-metiers-dart-et-patrimoine-bati-sont-ouvertes\\\/98978\\\/#breadcrumb\",\"itemListElement\":[{\"@type\":\"ListItem\",\"position\":1,\"name\":\"Accueil\",\"item\":\"https:\\\/\\\/batijournal.com\\\/\"},{\"@type\":\"ListItem\",\"position\":2,\"name\":\"Actualit\u00e9s\",\"item\":\"https:\\\/\\\/batijournal.com\\\/index.php\\\/category\\\/actualites\\\/\"},{\"@type\":\"ListItem\",\"position\":3,\"name\":\"Les inscriptions pour le prix \u00ab m\u00e9tiers d\u2019art et patrimoine b\u00e2ti \u00bb sont ouvertes\"}]},{\"@type\":\"WebSite\",\"@id\":\"https:\\\/\\\/batijournal.com\\\/#website\",\"url\":\"https:\\\/\\\/batijournal.com\\\/\",\"name\":\"Batijournal\",\"description\":\"L&#039;actualit\u00e9 du b\u00e2timent\",\"potentialAction\":[{\"@type\":\"SearchAction\",\"target\":{\"@type\":\"EntryPoint\",\"urlTemplate\":\"https:\\\/\\\/batijournal.com\\\/?s={search_term_string}\"},\"query-input\":{\"@type\":\"PropertyValueSpecification\",\"valueRequired\":true,\"valueName\":\"search_term_string\"}}],\"inLanguage\":\"fr-FR\"},{\"@type\":\"Person\",\"@id\":\"https:\\\/\\\/batijournal.com\\\/#\\\/schema\\\/person\\\/1dc96ec6957aa1ccb25ebe78bb19f100\",\"name\":\"St\u00e9phane Miget\",\"image\":{\"@type\":\"ImageObject\",\"inLanguage\":\"fr-FR\",\"@id\":\"https:\\\/\\\/secure.gravatar.com\\\/avatar\\\/89915563d925342126b8ef0281b93d9d7fc337043e8df017f780908eb9644451?s=96&d=mm&r=g\",\"url\":\"https:\\\/\\\/secure.gravatar.com\\\/avatar\\\/89915563d925342126b8ef0281b93d9d7fc337043e8df017f780908eb9644451?s=96&d=mm&r=g\",\"contentUrl\":\"https:\\\/\\\/secure.gravatar.com\\\/avatar\\\/89915563d925342126b8ef0281b93d9d7fc337043e8df017f780908eb9644451?s=96&d=mm&r=g\",\"caption\":\"St\u00e9phane Miget\"},\"url\":\"https:\\\/\\\/batijournal.com\\\/index.php\\\/author\\\/stephane\\\/\"}]}<\/script>\n<!-- \/ Yoast SEO plugin. -->","yoast_head_json":{"title":"Les inscriptions pour le prix \u00ab m\u00e9tiers d\u2019art et patrimoine b\u00e2ti \u00bb sont ouvertes","robots":{"index":"index","follow":"follow","max-snippet":"max-snippet:-1","max-image-preview":"max-image-preview:large","max-video-preview":"max-video-preview:-1"},"canonical":"https:\/\/batijournal.com\/index.php\/les-inscriptions-pour-le-prix-metiers-dart-et-patrimoine-bati-sont-ouvertes\/98978\/","og_locale":"fr_FR","og_type":"article","og_title":"Les inscriptions pour le prix \u00ab m\u00e9tiers d\u2019art et patrimoine b\u00e2ti \u00bb sont ouvertes","og_description":"Chaque ann\u00e9e, le prix \u00ab m\u00e9tiers d\u2019art et patrimoine b\u00e2ti \u00bb r\u00e9compense une personne, une entreprise ou un organisme porteur d\u2019un projet ou ayant une action en cours en lien avec la transmission ou la valorisation comme la p\u00e9rennit\u00e9 d\u2019un savoir-faire rare, l&rsquo;utilisation d\u2019une technique ancienne&#8230; Ce concours est ouvert \u00e0 toute entreprise ou organisme [&hellip;]","og_url":"https:\/\/batijournal.com\/index.php\/les-inscriptions-pour-le-prix-metiers-dart-et-patrimoine-bati-sont-ouvertes\/98978\/","og_site_name":"Batijournal","article_published_time":"2018-04-18T10:05:09+00:00","article_modified_time":"2019-07-15T09:15:08+00:00","og_image":[{"width":600,"height":190,"url":"https:\/\/batijournal.com\/wp-content\/uploads\/2018\/04\/prixvmf.jpg","type":"image\/jpeg"}],"author":"St\u00e9phane Miget","twitter_card":"summary_large_image","twitter_creator":"@bati_journal","twitter_site":"@bati_journal","twitter_misc":{"\u00c9crit par":"St\u00e9phane Miget","Dur\u00e9e de lecture estim\u00e9e":"1 minute"},"schema":{"@context":"https:\/\/schema.org","@graph":[{"@type":"Article","@id":"https:\/\/batijournal.com\/index.php\/les-inscriptions-pour-le-prix-metiers-dart-et-patrimoine-bati-sont-ouvertes\/98978\/#article","isPartOf":{"@id":"https:\/\/batijournal.com\/index.php\/les-inscriptions-pour-le-prix-metiers-dart-et-patrimoine-bati-sont-ouvertes\/98978\/"},"author":{"name":"St\u00e9phane Miget","@id":"https:\/\/batijournal.com\/#\/schema\/person\/1dc96ec6957aa1ccb25ebe78bb19f100"},"headline":"Les inscriptions pour le prix \u00ab m\u00e9tiers d\u2019art et patrimoine b\u00e2ti \u00bb sont ouvertes","datePublished":"2018-04-18T10:05:09+00:00","dateModified":"2019-07-15T09:15:08+00:00","mainEntityOfPage":{"@id":"https:\/\/batijournal.com\/index.php\/les-inscriptions-pour-le-prix-metiers-dart-et-patrimoine-bati-sont-ouvertes\/98978\/"},"wordCount":206,"image":{"@id":"https:\/\/batijournal.com\/index.php\/les-inscriptions-pour-le-prix-metiers-dart-et-patrimoine-bati-sont-ouvertes\/98978\/#primaryimage"},"thumbnailUrl":"https:\/\/batijournal.com\/wp-content\/uploads\/2018\/04\/prixvmf.jpg","keywords":["m\u00e9tiers d'art"],"articleSection":["Actualit\u00e9s","Architecture &amp; Conception","zz_Atrium Patrimoine"],"inLanguage":"fr-FR"},{"@type":"WebPage","@id":"https:\/\/batijournal.com\/index.php\/les-inscriptions-pour-le-prix-metiers-dart-et-patrimoine-bati-sont-ouvertes\/98978\/","url":"https:\/\/batijournal.com\/index.php\/les-inscriptions-pour-le-prix-metiers-dart-et-patrimoine-bati-sont-ouvertes\/98978\/","name":"Les inscriptions pour le prix \u00ab m\u00e9tiers d\u2019art et patrimoine b\u00e2ti \u00bb sont ouvertes","isPartOf":{"@id":"https:\/\/batijournal.com\/#website"},"primaryImageOfPage":{"@id":"https:\/\/batijournal.com\/index.php\/les-inscriptions-pour-le-prix-metiers-dart-et-patrimoine-bati-sont-ouvertes\/98978\/#primaryimage"},"image":{"@id":"https:\/\/batijournal.com\/index.php\/les-inscriptions-pour-le-prix-metiers-dart-et-patrimoine-bati-sont-ouvertes\/98978\/#primaryimage"},"thumbnailUrl":"https:\/\/batijournal.com\/wp-content\/uploads\/2018\/04\/prixvmf.jpg","datePublished":"2018-04-18T10:05:09+00:00","dateModified":"2019-07-15T09:15:08+00:00","author":{"@id":"https:\/\/batijournal.com\/#\/schema\/person\/1dc96ec6957aa1ccb25ebe78bb19f100"},"breadcrumb":{"@id":"https:\/\/batijournal.com\/index.php\/les-inscriptions-pour-le-prix-metiers-dart-et-patrimoine-bati-sont-ouvertes\/98978\/#breadcrumb"},"inLanguage":"fr-FR","potentialAction":[{"@type":"ReadAction","target":["https:\/\/batijournal.com\/index.php\/les-inscriptions-pour-le-prix-metiers-dart-et-patrimoine-bati-sont-ouvertes\/98978\/"]}]},{"@type":"ImageObject","inLanguage":"fr-FR","@id":"https:\/\/batijournal.com\/index.php\/les-inscriptions-pour-le-prix-metiers-dart-et-patrimoine-bati-sont-ouvertes\/98978\/#primaryimage","url":"https:\/\/batijournal.com\/wp-content\/uploads\/2018\/04\/prixvmf.jpg","contentUrl":"https:\/\/batijournal.com\/wp-content\/uploads\/2018\/04\/prixvmf.jpg","width":600,"height":190},{"@type":"BreadcrumbList","@id":"https:\/\/batijournal.com\/index.php\/les-inscriptions-pour-le-prix-metiers-dart-et-patrimoine-bati-sont-ouvertes\/98978\/#breadcrumb","itemListElement":[{"@type":"ListItem","position":1,"name":"Accueil","item":"https:\/\/batijournal.com\/"},{"@type":"ListItem","position":2,"name":"Actualit\u00e9s","item":"https:\/\/batijournal.com\/index.php\/category\/actualites\/"},{"@type":"ListItem","position":3,"name":"Les inscriptions pour le prix \u00ab m\u00e9tiers d\u2019art et patrimoine b\u00e2ti \u00bb sont ouvertes"}]},{"@type":"WebSite","@id":"https:\/\/batijournal.com\/#website","url":"https:\/\/batijournal.com\/","name":"Batijournal","description":"L&#039;actualit\u00e9 du b\u00e2timent","potentialAction":[{"@type":"SearchAction","target":{"@type":"EntryPoint","urlTemplate":"https:\/\/batijournal.com\/?s={search_term_string}"},"query-input":{"@type":"PropertyValueSpecification","valueRequired":true,"valueName":"search_term_string"}}],"inLanguage":"fr-FR"},{"@type":"Person","@id":"https:\/\/batijournal.com\/#\/schema\/person\/1dc96ec6957aa1ccb25ebe78bb19f100","name":"St\u00e9phane Miget","image":{"@type":"ImageObject","inLanguage":"fr-FR","@id":"https:\/\/secure.gravatar.com\/avatar\/89915563d925342126b8ef0281b93d9d7fc337043e8df017f780908eb9644451?s=96&d=mm&r=g","url":"https:\/\/secure.gravatar.com\/avatar\/89915563d925342126b8ef0281b93d9d7fc337043e8df017f780908eb9644451?s=96&d=mm&r=g","contentUrl":"https:\/\/secure.gravatar.com\/avatar\/89915563d925342126b8ef0281b93d9d7fc337043e8df017f780908eb9644451?s=96&d=mm&r=g","caption":"St\u00e9phane Miget"},"url":"https:\/\/batijournal.com\/index.php\/author\/stephane\/"}]}},"_links":{"self":[{"href":"https:\/\/batijournal.com\/index.php\/wp-json\/wp\/v2\/posts\/98978","targetHints":{"allow":["GET"]}}],"collection":[{"href":"https:\/\/batijournal.com\/index.php\/wp-json\/wp\/v2\/posts"}],"about":[{"href":"https:\/\/batijournal.com\/index.php\/wp-json\/wp\/v2\/types\/post"}],"author":[{"embeddable":true,"href":"https:\/\/batijournal.com\/index.php\/wp-json\/wp\/v2\/users\/17"}],"replies":[{"embeddable":true,"href":"https:\/\/batijournal.com\/index.php\/wp-json\/wp\/v2\/comments?post=98978"}],"version-history":[{"count":0,"href":"https:\/\/batijournal.com\/index.php\/wp-json\/wp\/v2\/posts\/98978\/revisions"}],"wp:featuredmedia":[{"embeddable":true,"href":"https:\/\/batijournal.com\/index.php\/wp-json\/wp\/v2\/media\/98980"}],"wp:attachment":[{"href":"https:\/\/batijournal.com\/index.php\/wp-json\/wp\/v2\/media?parent=98978"}],"wp:term":[{"taxonomy":"category","embeddable":true,"href":"https:\/\/batijournal.com\/index.php\/wp-json\/wp\/v2\/categories?post=98978"},{"taxonomy":"post_tag","embeddable":true,"href":"https:\/\/batijournal.com\/index.php\/wp-json\/wp\/v2\/tags?post=98978"}],"curies":[{"name":"wp","href":"https:\/\/api.w.org\/{rel}","templated":true}]}}