{"id":98983,"date":"2018-04-19T07:51:28","date_gmt":"2018-04-19T05:51:28","guid":{"rendered":"http:\/\/batijournal.com\/?p=98983"},"modified":"2019-07-15T11:15:08","modified_gmt":"2019-07-15T09:15:08","slug":"la-maison-de-la-radio-est-desormais-un-monument-historique","status":"publish","type":"post","link":"https:\/\/batijournal.com\/index.php\/la-maison-de-la-radio-est-desormais-un-monument-historique\/98983\/","title":{"rendered":"La Maison de la radio est d\u00e9sormais un monument historique"},"content":{"rendered":"<p><strong>La DRAC Ile-de-France vient d&rsquo;inscrire la Maison de la radio au titre des Monuments historiques. L\u2019\u00e9difice, notamment la fa\u00e7ade de ce b\u00e2timent embl\u00e9matique de l\u2019architecture des ann\u00e9es 60 con\u00e7u par l\u2019architecte Henry Bernard, est d\u00e9sormais prot\u00e9g\u00e9. Cette inscription reconna\u00eet aussi la singularit\u00e9 de la conception de la Maison de la radio, qui a permis son adaptation \u00e0 toutes les \u00e9volutions technologiques de l\u2019audiovisuel et de l\u2019acoustique.<\/strong><\/p>\n<p>B\u00e2timent hors norme pour son \u00e9poque avec une surface totale de 100 000 m\u00b2, inaugur\u00e9e par le g\u00e9n\u00e9ral de Gaulle en 1963, elle abritait le si\u00e8ge de la radio-t\u00e9l\u00e9vision publique. Elle constitue depuis ses d\u00e9buts l\u2019un des principaux centres de diffusion de la cr\u00e9ation artistique. Elle s\u2019impose comme l\u2019un des symboles majeurs de la cr\u00e9ation du 20\u00e8me si\u00e8cle et de ses techniques. Labellis\u00e9e \u00ab Patrimoine du XX\u00e8me si\u00e8cle \u00bb en novembre 2016, elle abrite l\u2019ensemble des m\u00e9tiers, techniques et artistiques, qui permettent la production et la diffusion quotidienne de centaines d\u2019heures de programmes, d\u2019informations radiophoniques et de concerts de Radio France.<\/p>\n<p>L\u2019ambitieux projet de r\u00e9habilitation, con\u00e7u par Architecture-Studio et engag\u00e9 depuis 2009 pour mettre aux normes le b\u00e2timent et moderniser les outils de production radiophonique de la Maison de la radio a \u00e9galement permis de restaurer les espaces et ouvrages d\u2019origine, dans le prolongement de l\u2019esprit de ses concepteurs et dans le respect de ses ouvrages embl\u00e9matiques.<\/p>\n<p>L\u2019inscription au titre des Monuments historiques confirme \u00e9galement l\u2019int\u00e9r\u00eat public de l\u2019\u00e9difice. Avec une architecture r\u00e9nov\u00e9e, ses nombreux espaces r\u00e9habilit\u00e9s \u2013 plus de 4000 m\u00e8tres carr\u00e9s pour les espaces d\u00e9di\u00e9s \u00e0 l\u2019accueil du public &#8211; , et une capacit\u00e9 d\u2019accueil de plus de 3000 places dans l\u2019ensemble de ses studios et salles de concert, la Maison de la radio propose un projet pluridisciplinaire innovant : \u00e9missions en public, d\u00e9bats, concerts, expositions ou \u00e9v\u00e9nements exceptionnels ont rassembl\u00e9 ainsi en 2017 pr\u00e8s de 300 000 personnes et font vivre la richesse, la vari\u00e9t\u00e9, la qualit\u00e9 des contenus produits par les sept cha\u00eenes de radio et les 4 formations musicales.<\/p>\n<p>L\u2019inscription comprend :<br \/>\n&#8211; L&#8217;emprise totale au sol de l&rsquo;\u00e9difice,<br \/>\n&#8211; La totalit\u00e9 des fa\u00e7ades et toitures,<br \/>\n&#8211; Le Hall et la Galerie Seine, y compris les \u0153uvres de Fran\u00e7ois Stahly (sculpteur)<br \/>\n&#8211; Le Studio 104 avec les bas-reliefs de Louis Leygue (sculpteur et graveur)<br \/>\n&#8211; Les Foyers 101, 105, B, C, D, E et F avec la peinture de Georges Mathieu et les mosa\u00efques de Jean Bazaine et de Gustave Singier,<br \/>\n&#8211; L\u2019ensemble du d\u00e9cor du bureau de la pr\u00e9sidence,<br \/>\n&#8211; Les escaliers dits \u00ab\u00a0Chambord\u00a0\u00bb des zones B, C, D, E et F.<br \/>\n&#8211; La tapisserie de Pierre Soulages est inscrite pour sa part dans les collections du Mobilier national<\/p>\n<p>&nbsp;<\/p>\n<p>&nbsp;<\/p>\n<p>Photo : G\u00e9rard Ducher &#8211; Wikimedia<\/p>\n<p>&nbsp;<\/p>\n<p>&nbsp;<\/p>\n","protected":false},"excerpt":{"rendered":"<p>La DRAC Ile-de-France vient d&rsquo;inscrire la Maison de la radio au titre des Monuments historiques. L\u2019\u00e9difice, notamment la fa\u00e7ade de ce b\u00e2timent embl\u00e9matique de l\u2019architecture des ann\u00e9es 60 con\u00e7u par l\u2019architecte Henry Bernard, est d\u00e9sormais prot\u00e9g\u00e9. Cette inscription reconna\u00eet aussi la singularit\u00e9 de la conception de la Maison de la radio, qui a permis son [&hellip;]<\/p>\n","protected":false},"author":17,"featured_media":98984,"comment_status":"closed","ping_status":"closed","sticky":false,"template":"","format":"standard","meta":{"_et_pb_use_builder":"","_et_pb_old_content":"","_et_gb_content_width":"","footnotes":""},"categories":[10530,6340,10785],"tags":[4474],"class_list":["post-98983","post","type-post","status-publish","format-standard","has-post-thumbnail","hentry","category-actualites","category-architecture-conception","category-atrium","tag-monuments-historiques"],"yoast_head":"<!-- This site is optimized with the Yoast SEO plugin v27.4 - https:\/\/yoast.com\/product\/yoast-seo-wordpress\/ -->\n<title>La Maison de la radio est d\u00e9sormais un monument historique<\/title>\n<meta name=\"robots\" content=\"index, follow, max-snippet:-1, max-image-preview:large, max-video-preview:-1\" \/>\n<link rel=\"canonical\" href=\"https:\/\/batijournal.com\/index.php\/la-maison-de-la-radio-est-desormais-un-monument-historique\/98983\/\" \/>\n<meta property=\"og:locale\" content=\"fr_FR\" \/>\n<meta property=\"og:type\" content=\"article\" \/>\n<meta property=\"og:title\" content=\"La Maison de la radio est d\u00e9sormais un monument historique\" \/>\n<meta property=\"og:description\" content=\"La DRAC Ile-de-France vient d&rsquo;inscrire la Maison de la radio au titre des Monuments historiques. L\u2019\u00e9difice, notamment la fa\u00e7ade de ce b\u00e2timent embl\u00e9matique de l\u2019architecture des ann\u00e9es 60 con\u00e7u par l\u2019architecte Henry Bernard, est d\u00e9sormais prot\u00e9g\u00e9. Cette inscription reconna\u00eet aussi la singularit\u00e9 de la conception de la Maison de la radio, qui a permis son [&hellip;]\" \/>\n<meta property=\"og:url\" content=\"https:\/\/batijournal.com\/index.php\/la-maison-de-la-radio-est-desormais-un-monument-historique\/98983\/\" \/>\n<meta property=\"og:site_name\" content=\"Batijournal\" \/>\n<meta property=\"article:published_time\" content=\"2018-04-19T05:51:28+00:00\" \/>\n<meta property=\"article:modified_time\" content=\"2019-07-15T09:15:08+00:00\" \/>\n<meta property=\"og:image\" content=\"https:\/\/batijournal.com\/wp-content\/uploads\/2018\/04\/Paris-Maison_de_la_Radio.jpg\" \/>\n\t<meta property=\"og:image:width\" content=\"800\" \/>\n\t<meta property=\"og:image:height\" content=\"600\" \/>\n\t<meta property=\"og:image:type\" content=\"image\/jpeg\" \/>\n<meta name=\"author\" content=\"St\u00e9phane Miget\" \/>\n<meta name=\"twitter:card\" content=\"summary_large_image\" \/>\n<meta name=\"twitter:creator\" content=\"@bati_journal\" \/>\n<meta name=\"twitter:site\" content=\"@bati_journal\" \/>\n<meta name=\"twitter:label1\" content=\"\u00c9crit par\" \/>\n\t<meta name=\"twitter:data1\" content=\"St\u00e9phane Miget\" \/>\n\t<meta name=\"twitter:label2\" content=\"Dur\u00e9e de lecture estim\u00e9e\" \/>\n\t<meta name=\"twitter:data2\" content=\"2 minutes\" \/>\n<script type=\"application\/ld+json\" class=\"yoast-schema-graph\">{\"@context\":\"https:\\\/\\\/schema.org\",\"@graph\":[{\"@type\":\"Article\",\"@id\":\"https:\\\/\\\/batijournal.com\\\/index.php\\\/la-maison-de-la-radio-est-desormais-un-monument-historique\\\/98983\\\/#article\",\"isPartOf\":{\"@id\":\"https:\\\/\\\/batijournal.com\\\/index.php\\\/la-maison-de-la-radio-est-desormais-un-monument-historique\\\/98983\\\/\"},\"author\":{\"name\":\"St\u00e9phane Miget\",\"@id\":\"https:\\\/\\\/batijournal.com\\\/#\\\/schema\\\/person\\\/1dc96ec6957aa1ccb25ebe78bb19f100\"},\"headline\":\"La Maison de la radio est d\u00e9sormais un monument historique\",\"datePublished\":\"2018-04-19T05:51:28+00:00\",\"dateModified\":\"2019-07-15T09:15:08+00:00\",\"mainEntityOfPage\":{\"@id\":\"https:\\\/\\\/batijournal.com\\\/index.php\\\/la-maison-de-la-radio-est-desormais-un-monument-historique\\\/98983\\\/\"},\"wordCount\":511,\"image\":{\"@id\":\"https:\\\/\\\/batijournal.com\\\/index.php\\\/la-maison-de-la-radio-est-desormais-un-monument-historique\\\/98983\\\/#primaryimage\"},\"thumbnailUrl\":\"https:\\\/\\\/batijournal.com\\\/wp-content\\\/uploads\\\/2018\\\/04\\\/Paris-Maison_de_la_Radio.jpg\",\"keywords\":[\"monuments historiques\"],\"articleSection\":[\"Actualit\u00e9s\",\"Architecture &amp; Conception\",\"zz_Atrium Patrimoine\"],\"inLanguage\":\"fr-FR\"},{\"@type\":\"WebPage\",\"@id\":\"https:\\\/\\\/batijournal.com\\\/index.php\\\/la-maison-de-la-radio-est-desormais-un-monument-historique\\\/98983\\\/\",\"url\":\"https:\\\/\\\/batijournal.com\\\/index.php\\\/la-maison-de-la-radio-est-desormais-un-monument-historique\\\/98983\\\/\",\"name\":\"La Maison de la radio est d\u00e9sormais un monument historique\",\"isPartOf\":{\"@id\":\"https:\\\/\\\/batijournal.com\\\/#website\"},\"primaryImageOfPage\":{\"@id\":\"https:\\\/\\\/batijournal.com\\\/index.php\\\/la-maison-de-la-radio-est-desormais-un-monument-historique\\\/98983\\\/#primaryimage\"},\"image\":{\"@id\":\"https:\\\/\\\/batijournal.com\\\/index.php\\\/la-maison-de-la-radio-est-desormais-un-monument-historique\\\/98983\\\/#primaryimage\"},\"thumbnailUrl\":\"https:\\\/\\\/batijournal.com\\\/wp-content\\\/uploads\\\/2018\\\/04\\\/Paris-Maison_de_la_Radio.jpg\",\"datePublished\":\"2018-04-19T05:51:28+00:00\",\"dateModified\":\"2019-07-15T09:15:08+00:00\",\"author\":{\"@id\":\"https:\\\/\\\/batijournal.com\\\/#\\\/schema\\\/person\\\/1dc96ec6957aa1ccb25ebe78bb19f100\"},\"breadcrumb\":{\"@id\":\"https:\\\/\\\/batijournal.com\\\/index.php\\\/la-maison-de-la-radio-est-desormais-un-monument-historique\\\/98983\\\/#breadcrumb\"},\"inLanguage\":\"fr-FR\",\"potentialAction\":[{\"@type\":\"ReadAction\",\"target\":[\"https:\\\/\\\/batijournal.com\\\/index.php\\\/la-maison-de-la-radio-est-desormais-un-monument-historique\\\/98983\\\/\"]}]},{\"@type\":\"ImageObject\",\"inLanguage\":\"fr-FR\",\"@id\":\"https:\\\/\\\/batijournal.com\\\/index.php\\\/la-maison-de-la-radio-est-desormais-un-monument-historique\\\/98983\\\/#primaryimage\",\"url\":\"https:\\\/\\\/batijournal.com\\\/wp-content\\\/uploads\\\/2018\\\/04\\\/Paris-Maison_de_la_Radio.jpg\",\"contentUrl\":\"https:\\\/\\\/batijournal.com\\\/wp-content\\\/uploads\\\/2018\\\/04\\\/Paris-Maison_de_la_Radio.jpg\",\"width\":800,\"height\":600},{\"@type\":\"BreadcrumbList\",\"@id\":\"https:\\\/\\\/batijournal.com\\\/index.php\\\/la-maison-de-la-radio-est-desormais-un-monument-historique\\\/98983\\\/#breadcrumb\",\"itemListElement\":[{\"@type\":\"ListItem\",\"position\":1,\"name\":\"Accueil\",\"item\":\"https:\\\/\\\/batijournal.com\\\/\"},{\"@type\":\"ListItem\",\"position\":2,\"name\":\"Actualit\u00e9s\",\"item\":\"https:\\\/\\\/batijournal.com\\\/index.php\\\/category\\\/actualites\\\/\"},{\"@type\":\"ListItem\",\"position\":3,\"name\":\"La Maison de la radio est d\u00e9sormais un monument historique\"}]},{\"@type\":\"WebSite\",\"@id\":\"https:\\\/\\\/batijournal.com\\\/#website\",\"url\":\"https:\\\/\\\/batijournal.com\\\/\",\"name\":\"Batijournal\",\"description\":\"L&#039;actualit\u00e9 du b\u00e2timent\",\"potentialAction\":[{\"@type\":\"SearchAction\",\"target\":{\"@type\":\"EntryPoint\",\"urlTemplate\":\"https:\\\/\\\/batijournal.com\\\/?s={search_term_string}\"},\"query-input\":{\"@type\":\"PropertyValueSpecification\",\"valueRequired\":true,\"valueName\":\"search_term_string\"}}],\"inLanguage\":\"fr-FR\"},{\"@type\":\"Person\",\"@id\":\"https:\\\/\\\/batijournal.com\\\/#\\\/schema\\\/person\\\/1dc96ec6957aa1ccb25ebe78bb19f100\",\"name\":\"St\u00e9phane Miget\",\"image\":{\"@type\":\"ImageObject\",\"inLanguage\":\"fr-FR\",\"@id\":\"https:\\\/\\\/secure.gravatar.com\\\/avatar\\\/89915563d925342126b8ef0281b93d9d7fc337043e8df017f780908eb9644451?s=96&d=mm&r=g\",\"url\":\"https:\\\/\\\/secure.gravatar.com\\\/avatar\\\/89915563d925342126b8ef0281b93d9d7fc337043e8df017f780908eb9644451?s=96&d=mm&r=g\",\"contentUrl\":\"https:\\\/\\\/secure.gravatar.com\\\/avatar\\\/89915563d925342126b8ef0281b93d9d7fc337043e8df017f780908eb9644451?s=96&d=mm&r=g\",\"caption\":\"St\u00e9phane Miget\"},\"url\":\"https:\\\/\\\/batijournal.com\\\/index.php\\\/author\\\/stephane\\\/\"}]}<\/script>\n<!-- \/ Yoast SEO plugin. -->","yoast_head_json":{"title":"La Maison de la radio est d\u00e9sormais un monument historique","robots":{"index":"index","follow":"follow","max-snippet":"max-snippet:-1","max-image-preview":"max-image-preview:large","max-video-preview":"max-video-preview:-1"},"canonical":"https:\/\/batijournal.com\/index.php\/la-maison-de-la-radio-est-desormais-un-monument-historique\/98983\/","og_locale":"fr_FR","og_type":"article","og_title":"La Maison de la radio est d\u00e9sormais un monument historique","og_description":"La DRAC Ile-de-France vient d&rsquo;inscrire la Maison de la radio au titre des Monuments historiques. L\u2019\u00e9difice, notamment la fa\u00e7ade de ce b\u00e2timent embl\u00e9matique de l\u2019architecture des ann\u00e9es 60 con\u00e7u par l\u2019architecte Henry Bernard, est d\u00e9sormais prot\u00e9g\u00e9. Cette inscription reconna\u00eet aussi la singularit\u00e9 de la conception de la Maison de la radio, qui a permis son [&hellip;]","og_url":"https:\/\/batijournal.com\/index.php\/la-maison-de-la-radio-est-desormais-un-monument-historique\/98983\/","og_site_name":"Batijournal","article_published_time":"2018-04-19T05:51:28+00:00","article_modified_time":"2019-07-15T09:15:08+00:00","og_image":[{"width":800,"height":600,"url":"https:\/\/batijournal.com\/wp-content\/uploads\/2018\/04\/Paris-Maison_de_la_Radio.jpg","type":"image\/jpeg"}],"author":"St\u00e9phane Miget","twitter_card":"summary_large_image","twitter_creator":"@bati_journal","twitter_site":"@bati_journal","twitter_misc":{"\u00c9crit par":"St\u00e9phane Miget","Dur\u00e9e de lecture estim\u00e9e":"2 minutes"},"schema":{"@context":"https:\/\/schema.org","@graph":[{"@type":"Article","@id":"https:\/\/batijournal.com\/index.php\/la-maison-de-la-radio-est-desormais-un-monument-historique\/98983\/#article","isPartOf":{"@id":"https:\/\/batijournal.com\/index.php\/la-maison-de-la-radio-est-desormais-un-monument-historique\/98983\/"},"author":{"name":"St\u00e9phane Miget","@id":"https:\/\/batijournal.com\/#\/schema\/person\/1dc96ec6957aa1ccb25ebe78bb19f100"},"headline":"La Maison de la radio est d\u00e9sormais un monument historique","datePublished":"2018-04-19T05:51:28+00:00","dateModified":"2019-07-15T09:15:08+00:00","mainEntityOfPage":{"@id":"https:\/\/batijournal.com\/index.php\/la-maison-de-la-radio-est-desormais-un-monument-historique\/98983\/"},"wordCount":511,"image":{"@id":"https:\/\/batijournal.com\/index.php\/la-maison-de-la-radio-est-desormais-un-monument-historique\/98983\/#primaryimage"},"thumbnailUrl":"https:\/\/batijournal.com\/wp-content\/uploads\/2018\/04\/Paris-Maison_de_la_Radio.jpg","keywords":["monuments historiques"],"articleSection":["Actualit\u00e9s","Architecture &amp; Conception","zz_Atrium Patrimoine"],"inLanguage":"fr-FR"},{"@type":"WebPage","@id":"https:\/\/batijournal.com\/index.php\/la-maison-de-la-radio-est-desormais-un-monument-historique\/98983\/","url":"https:\/\/batijournal.com\/index.php\/la-maison-de-la-radio-est-desormais-un-monument-historique\/98983\/","name":"La Maison de la radio est d\u00e9sormais un monument historique","isPartOf":{"@id":"https:\/\/batijournal.com\/#website"},"primaryImageOfPage":{"@id":"https:\/\/batijournal.com\/index.php\/la-maison-de-la-radio-est-desormais-un-monument-historique\/98983\/#primaryimage"},"image":{"@id":"https:\/\/batijournal.com\/index.php\/la-maison-de-la-radio-est-desormais-un-monument-historique\/98983\/#primaryimage"},"thumbnailUrl":"https:\/\/batijournal.com\/wp-content\/uploads\/2018\/04\/Paris-Maison_de_la_Radio.jpg","datePublished":"2018-04-19T05:51:28+00:00","dateModified":"2019-07-15T09:15:08+00:00","author":{"@id":"https:\/\/batijournal.com\/#\/schema\/person\/1dc96ec6957aa1ccb25ebe78bb19f100"},"breadcrumb":{"@id":"https:\/\/batijournal.com\/index.php\/la-maison-de-la-radio-est-desormais-un-monument-historique\/98983\/#breadcrumb"},"inLanguage":"fr-FR","potentialAction":[{"@type":"ReadAction","target":["https:\/\/batijournal.com\/index.php\/la-maison-de-la-radio-est-desormais-un-monument-historique\/98983\/"]}]},{"@type":"ImageObject","inLanguage":"fr-FR","@id":"https:\/\/batijournal.com\/index.php\/la-maison-de-la-radio-est-desormais-un-monument-historique\/98983\/#primaryimage","url":"https:\/\/batijournal.com\/wp-content\/uploads\/2018\/04\/Paris-Maison_de_la_Radio.jpg","contentUrl":"https:\/\/batijournal.com\/wp-content\/uploads\/2018\/04\/Paris-Maison_de_la_Radio.jpg","width":800,"height":600},{"@type":"BreadcrumbList","@id":"https:\/\/batijournal.com\/index.php\/la-maison-de-la-radio-est-desormais-un-monument-historique\/98983\/#breadcrumb","itemListElement":[{"@type":"ListItem","position":1,"name":"Accueil","item":"https:\/\/batijournal.com\/"},{"@type":"ListItem","position":2,"name":"Actualit\u00e9s","item":"https:\/\/batijournal.com\/index.php\/category\/actualites\/"},{"@type":"ListItem","position":3,"name":"La Maison de la radio est d\u00e9sormais un monument historique"}]},{"@type":"WebSite","@id":"https:\/\/batijournal.com\/#website","url":"https:\/\/batijournal.com\/","name":"Batijournal","description":"L&#039;actualit\u00e9 du b\u00e2timent","potentialAction":[{"@type":"SearchAction","target":{"@type":"EntryPoint","urlTemplate":"https:\/\/batijournal.com\/?s={search_term_string}"},"query-input":{"@type":"PropertyValueSpecification","valueRequired":true,"valueName":"search_term_string"}}],"inLanguage":"fr-FR"},{"@type":"Person","@id":"https:\/\/batijournal.com\/#\/schema\/person\/1dc96ec6957aa1ccb25ebe78bb19f100","name":"St\u00e9phane Miget","image":{"@type":"ImageObject","inLanguage":"fr-FR","@id":"https:\/\/secure.gravatar.com\/avatar\/89915563d925342126b8ef0281b93d9d7fc337043e8df017f780908eb9644451?s=96&d=mm&r=g","url":"https:\/\/secure.gravatar.com\/avatar\/89915563d925342126b8ef0281b93d9d7fc337043e8df017f780908eb9644451?s=96&d=mm&r=g","contentUrl":"https:\/\/secure.gravatar.com\/avatar\/89915563d925342126b8ef0281b93d9d7fc337043e8df017f780908eb9644451?s=96&d=mm&r=g","caption":"St\u00e9phane Miget"},"url":"https:\/\/batijournal.com\/index.php\/author\/stephane\/"}]}},"_links":{"self":[{"href":"https:\/\/batijournal.com\/index.php\/wp-json\/wp\/v2\/posts\/98983","targetHints":{"allow":["GET"]}}],"collection":[{"href":"https:\/\/batijournal.com\/index.php\/wp-json\/wp\/v2\/posts"}],"about":[{"href":"https:\/\/batijournal.com\/index.php\/wp-json\/wp\/v2\/types\/post"}],"author":[{"embeddable":true,"href":"https:\/\/batijournal.com\/index.php\/wp-json\/wp\/v2\/users\/17"}],"replies":[{"embeddable":true,"href":"https:\/\/batijournal.com\/index.php\/wp-json\/wp\/v2\/comments?post=98983"}],"version-history":[{"count":0,"href":"https:\/\/batijournal.com\/index.php\/wp-json\/wp\/v2\/posts\/98983\/revisions"}],"wp:featuredmedia":[{"embeddable":true,"href":"https:\/\/batijournal.com\/index.php\/wp-json\/wp\/v2\/media\/98984"}],"wp:attachment":[{"href":"https:\/\/batijournal.com\/index.php\/wp-json\/wp\/v2\/media?parent=98983"}],"wp:term":[{"taxonomy":"category","embeddable":true,"href":"https:\/\/batijournal.com\/index.php\/wp-json\/wp\/v2\/categories?post=98983"},{"taxonomy":"post_tag","embeddable":true,"href":"https:\/\/batijournal.com\/index.php\/wp-json\/wp\/v2\/tags?post=98983"}],"curies":[{"name":"wp","href":"https:\/\/api.w.org\/{rel}","templated":true}]}}