{"id":98996,"date":"2018-04-23T11:29:12","date_gmt":"2018-04-23T09:29:12","guid":{"rendered":"http:\/\/batijournal.com\/?p=98996"},"modified":"2018-09-12T17:22:13","modified_gmt":"2018-09-12T15:22:13","slug":"xylexpo-2018-tout-est-enfin-pret","status":"publish","type":"post","link":"https:\/\/batijournal.com\/index.php\/xylexpo-2018-tout-est-enfin-pret\/98996\/","title":{"rendered":"XYLEXPO 2018, tout est enfin pr\u00eat"},"content":{"rendered":"<p><img loading=\"lazy\" decoding=\"async\" class=\"alignright size-medium wp-image-98877\" src=\"https:\/\/batijournal.com\/wp-content\/uploads\/2018\/04\/foto3_news4-200x300.jpg\" alt=\"\" width=\"200\" height=\"300\" srcset=\"https:\/\/batijournal.com\/wp-content\/uploads\/2018\/04\/foto3_news4-200x300.jpg 200w, https:\/\/batijournal.com\/wp-content\/uploads\/2018\/04\/foto3_news4-100x150.jpg 100w, https:\/\/batijournal.com\/wp-content\/uploads\/2018\/04\/foto3_news4.jpg 400w\" sizes=\"(max-width: 200px) 100vw, 200px\" \/>L\u2019\u200b\u00e9dition d\u200be Xylexpo 2018 sera \u200bsans aucun doute \u200bun moment important dans l&rsquo;histoire \u200b\u200bde cet \u00e9v\u00e9nement qui a f\u00eat\u00e9 ses cinquante ans\u200b.<\/p>\n<p>La surface d&rsquo;exposition est pratiquement enti\u00e8rement lou\u00e9e depuis quelques semaines, merci \u00e0 l&rsquo;ouverture du quatri\u00e8me hall et atteindra les 35.000 m\u00e8tres carr\u00e9s de surface nette d\u2019exposition. Un bond significatif par rapport \u00e0 l\u2019\u00e9dition de 2016 avec ses 29.190 m\u00e8tres carr\u00e9s de surface, quand celle-ci avait d\u00e9j\u00e0 connue une croissance de 2.000 m\u00e8tres carr\u00e9s par rapport \u00e0 l\u2019\u00e9dition 2014.<\/p>\n<p>La biennale internationale XYLEXPO d\u00e9di\u00e9e aux technologies et fournitures pour l\u2019industrie du bois et du meuble, qui se tiendra \u00e0 FieraMilano-Rho du 08 au 12 mai 2018, affirme sa v\u00e9ritable vitesse de croisi\u00e8re gr\u00e2ce \u00e0 la pr\u00e9sence de tous les acteurs offrant des produits de plus en plus \u00ab\u00a0techniques\u00a0\u00bb, signe d\u2019un parfait alignement avec un monde en pleine mutation technologique. Nous parlons ici de l\u2019\u00a0\u00ab\u00a0IndustrieX.0\u00a0\u00bb plut\u00f4t qu\u2019aux nombreux concepts et dynamiques connect\u00e9es \u00e0 la nouvelle r\u00e9alit\u00e9 \u00ab\u00a0IoT\u00a0\u00bb, tendances et nouveaux process de production qui seront tr\u00e8s pr\u00e9sents \u00e0 Xylexpo.<\/p>\n<p>La biennale de Milan a en effet, depuis quelques ann\u00e9es, choisi de se tourner d\u00e9lib\u00e9r\u00e9ment vers les \u00ab\u00a0hautes technologies\u00a0\u00bb pour la seconde transformation. XYLEXPO se positionne aujourd\u2019hui comme LE Salon de r\u00e9f\u00e9rence pour tous les secteurs de la fili\u00e8re bois o\u00f9 la vitesse de \u00ab\u00a0rotation des technologies\u00a0\u00bb est tr\u00e8s rapide et o\u00f9 les exigences des utilisateurs imposent des changements rapides de syst\u00e8me de production.<\/p>\n<p><a href=\"http:\/\/www.xylexpo.com\/index.php\/en\/pagina\/visitatori\/\" target=\"_blank\" rel=\"noopener\"><span class=\"s1\">Cliquer ici pour vous enregistrer en ligne<\/span><\/a><\/p>\n","protected":false},"excerpt":{"rendered":"<p>L\u2019\u200b\u00e9dition d\u200be Xylexpo 2018 sera \u200bsans aucun doute \u200bun moment important dans l&rsquo;histoire \u200b\u200bde cet \u00e9v\u00e9nement qui a f\u00eat\u00e9 ses cinquante ans\u200b. La surface d&rsquo;exposition est pratiquement enti\u00e8rement lou\u00e9e depuis quelques semaines, merci \u00e0 l&rsquo;ouverture du quatri\u00e8me hall et atteindra les 35.000 m\u00e8tres carr\u00e9s de surface nette d\u2019exposition. Un bond significatif par rapport \u00e0 l\u2019\u00e9dition [&hellip;]<\/p>\n","protected":false},"author":1,"featured_media":98878,"comment_status":"closed","ping_status":"closed","sticky":false,"template":"","format":"standard","meta":{"_et_pb_use_builder":"","_et_pb_old_content":"","_et_gb_content_width":"","footnotes":""},"categories":[9192,10903],"tags":[12507],"class_list":["post-98996","post","type-post","status-publish","format-standard","has-post-thumbnail","hentry","category-evenements","category-publi-info","tag-xylexpo-2018"],"yoast_head":"<!-- This site is optimized with the Yoast SEO plugin v27.4 - https:\/\/yoast.com\/product\/yoast-seo-wordpress\/ -->\n<title>XYLEXPO 2018, tout est enfin pr\u00eat<\/title>\n<meta name=\"description\" content=\"L\u2019\u200b\u00e9dition d\u200be Xylexpo 2018 sera \u200bsans aucun doute \u200bun moment important dans l&#039;histoire \u200b\u200bde cet \u00e9v\u00e9nement qui a f\u00eat\u00e9 ses cinquante ans\u200b.\" \/>\n<meta name=\"robots\" content=\"index, follow, max-snippet:-1, max-image-preview:large, max-video-preview:-1\" \/>\n<link rel=\"canonical\" href=\"https:\/\/batijournal.com\/index.php\/xylexpo-2018-tout-est-enfin-pret\/98996\/\" \/>\n<meta property=\"og:locale\" content=\"fr_FR\" \/>\n<meta property=\"og:type\" content=\"article\" \/>\n<meta property=\"og:title\" content=\"XYLEXPO 2018, tout est enfin pr\u00eat\" \/>\n<meta property=\"og:description\" content=\"L\u2019\u200b\u00e9dition d\u200be Xylexpo 2018 sera \u200bsans aucun doute \u200bun moment important dans l&#039;histoire \u200b\u200bde cet \u00e9v\u00e9nement qui a f\u00eat\u00e9 ses cinquante ans\u200b.\" \/>\n<meta property=\"og:url\" content=\"https:\/\/batijournal.com\/index.php\/xylexpo-2018-tout-est-enfin-pret\/98996\/\" \/>\n<meta property=\"og:site_name\" content=\"Batijournal\" \/>\n<meta property=\"article:published_time\" content=\"2018-04-23T09:29:12+00:00\" \/>\n<meta property=\"article:modified_time\" content=\"2018-09-12T15:22:13+00:00\" \/>\n<meta property=\"og:image\" content=\"https:\/\/batijournal.com\/wp-content\/uploads\/2018\/04\/3.jpg\" \/>\n\t<meta property=\"og:image:width\" content=\"1200\" \/>\n\t<meta property=\"og:image:height\" content=\"759\" \/>\n\t<meta property=\"og:image:type\" content=\"image\/jpeg\" \/>\n<meta name=\"author\" content=\"Bati-journal\" \/>\n<meta name=\"twitter:card\" content=\"summary_large_image\" \/>\n<meta name=\"twitter:creator\" content=\"@bati_journal\" \/>\n<meta name=\"twitter:site\" content=\"@bati_journal\" \/>\n<meta name=\"twitter:label1\" content=\"\u00c9crit par\" \/>\n\t<meta name=\"twitter:data1\" content=\"Bati-journal\" \/>\n\t<meta name=\"twitter:label2\" content=\"Dur\u00e9e de lecture estim\u00e9e\" \/>\n\t<meta name=\"twitter:data2\" content=\"1 minute\" \/>\n<script type=\"application\/ld+json\" class=\"yoast-schema-graph\">{\"@context\":\"https:\\\/\\\/schema.org\",\"@graph\":[{\"@type\":\"Article\",\"@id\":\"https:\\\/\\\/batijournal.com\\\/index.php\\\/xylexpo-2018-tout-est-enfin-pret\\\/98996\\\/#article\",\"isPartOf\":{\"@id\":\"https:\\\/\\\/batijournal.com\\\/index.php\\\/xylexpo-2018-tout-est-enfin-pret\\\/98996\\\/\"},\"author\":{\"name\":\"Bati-journal\",\"@id\":\"https:\\\/\\\/batijournal.com\\\/#\\\/schema\\\/person\\\/6a657e8967569e1b299972574848aa76\"},\"headline\":\"XYLEXPO 2018, tout est enfin pr\u00eat\",\"datePublished\":\"2018-04-23T09:29:12+00:00\",\"dateModified\":\"2018-09-12T15:22:13+00:00\",\"mainEntityOfPage\":{\"@id\":\"https:\\\/\\\/batijournal.com\\\/index.php\\\/xylexpo-2018-tout-est-enfin-pret\\\/98996\\\/\"},\"wordCount\":275,\"image\":{\"@id\":\"https:\\\/\\\/batijournal.com\\\/index.php\\\/xylexpo-2018-tout-est-enfin-pret\\\/98996\\\/#primaryimage\"},\"thumbnailUrl\":\"https:\\\/\\\/batijournal.com\\\/wp-content\\\/uploads\\\/2018\\\/04\\\/3.jpg\",\"keywords\":[\"Xylexpo 2018\"],\"articleSection\":[\"\u00c9v\u00e9nements\",\"Publi-info\"],\"inLanguage\":\"fr-FR\"},{\"@type\":\"WebPage\",\"@id\":\"https:\\\/\\\/batijournal.com\\\/index.php\\\/xylexpo-2018-tout-est-enfin-pret\\\/98996\\\/\",\"url\":\"https:\\\/\\\/batijournal.com\\\/index.php\\\/xylexpo-2018-tout-est-enfin-pret\\\/98996\\\/\",\"name\":\"XYLEXPO 2018, tout est enfin pr\u00eat\",\"isPartOf\":{\"@id\":\"https:\\\/\\\/batijournal.com\\\/#website\"},\"primaryImageOfPage\":{\"@id\":\"https:\\\/\\\/batijournal.com\\\/index.php\\\/xylexpo-2018-tout-est-enfin-pret\\\/98996\\\/#primaryimage\"},\"image\":{\"@id\":\"https:\\\/\\\/batijournal.com\\\/index.php\\\/xylexpo-2018-tout-est-enfin-pret\\\/98996\\\/#primaryimage\"},\"thumbnailUrl\":\"https:\\\/\\\/batijournal.com\\\/wp-content\\\/uploads\\\/2018\\\/04\\\/3.jpg\",\"datePublished\":\"2018-04-23T09:29:12+00:00\",\"dateModified\":\"2018-09-12T15:22:13+00:00\",\"author\":{\"@id\":\"https:\\\/\\\/batijournal.com\\\/#\\\/schema\\\/person\\\/6a657e8967569e1b299972574848aa76\"},\"description\":\"L\u2019\u200b\u00e9dition d\u200be Xylexpo 2018 sera \u200bsans aucun doute \u200bun moment important dans l'histoire \u200b\u200bde cet \u00e9v\u00e9nement qui a f\u00eat\u00e9 ses cinquante ans\u200b.\",\"breadcrumb\":{\"@id\":\"https:\\\/\\\/batijournal.com\\\/index.php\\\/xylexpo-2018-tout-est-enfin-pret\\\/98996\\\/#breadcrumb\"},\"inLanguage\":\"fr-FR\",\"potentialAction\":[{\"@type\":\"ReadAction\",\"target\":[\"https:\\\/\\\/batijournal.com\\\/index.php\\\/xylexpo-2018-tout-est-enfin-pret\\\/98996\\\/\"]}]},{\"@type\":\"ImageObject\",\"inLanguage\":\"fr-FR\",\"@id\":\"https:\\\/\\\/batijournal.com\\\/index.php\\\/xylexpo-2018-tout-est-enfin-pret\\\/98996\\\/#primaryimage\",\"url\":\"https:\\\/\\\/batijournal.com\\\/wp-content\\\/uploads\\\/2018\\\/04\\\/3.jpg\",\"contentUrl\":\"https:\\\/\\\/batijournal.com\\\/wp-content\\\/uploads\\\/2018\\\/04\\\/3.jpg\",\"width\":1200,\"height\":759,\"caption\":\"salon Xylexpo\u00a02018\"},{\"@type\":\"BreadcrumbList\",\"@id\":\"https:\\\/\\\/batijournal.com\\\/index.php\\\/xylexpo-2018-tout-est-enfin-pret\\\/98996\\\/#breadcrumb\",\"itemListElement\":[{\"@type\":\"ListItem\",\"position\":1,\"name\":\"Accueil\",\"item\":\"https:\\\/\\\/batijournal.com\\\/\"},{\"@type\":\"ListItem\",\"position\":2,\"name\":\"\u00c9v\u00e9nements\",\"item\":\"https:\\\/\\\/batijournal.com\\\/index.php\\\/category\\\/evenements\\\/\"},{\"@type\":\"ListItem\",\"position\":3,\"name\":\"XYLEXPO 2018, tout est enfin pr\u00eat\"}]},{\"@type\":\"WebSite\",\"@id\":\"https:\\\/\\\/batijournal.com\\\/#website\",\"url\":\"https:\\\/\\\/batijournal.com\\\/\",\"name\":\"Batijournal\",\"description\":\"L&#039;actualit\u00e9 du b\u00e2timent\",\"potentialAction\":[{\"@type\":\"SearchAction\",\"target\":{\"@type\":\"EntryPoint\",\"urlTemplate\":\"https:\\\/\\\/batijournal.com\\\/?s={search_term_string}\"},\"query-input\":{\"@type\":\"PropertyValueSpecification\",\"valueRequired\":true,\"valueName\":\"search_term_string\"}}],\"inLanguage\":\"fr-FR\"},{\"@type\":\"Person\",\"@id\":\"https:\\\/\\\/batijournal.com\\\/#\\\/schema\\\/person\\\/6a657e8967569e1b299972574848aa76\",\"name\":\"Bati-journal\",\"image\":{\"@type\":\"ImageObject\",\"inLanguage\":\"fr-FR\",\"@id\":\"https:\\\/\\\/secure.gravatar.com\\\/avatar\\\/a64364ea26392f9b4dd47e017ddaec74ff03aefc073b49e492e847201258f777?s=96&d=mm&r=g\",\"url\":\"https:\\\/\\\/secure.gravatar.com\\\/avatar\\\/a64364ea26392f9b4dd47e017ddaec74ff03aefc073b49e492e847201258f777?s=96&d=mm&r=g\",\"contentUrl\":\"https:\\\/\\\/secure.gravatar.com\\\/avatar\\\/a64364ea26392f9b4dd47e017ddaec74ff03aefc073b49e492e847201258f777?s=96&d=mm&r=g\",\"caption\":\"Bati-journal\"},\"url\":\"https:\\\/\\\/batijournal.com\\\/index.php\\\/author\\\/elodie\\\/\"}]}<\/script>\n<!-- \/ Yoast SEO plugin. -->","yoast_head_json":{"title":"XYLEXPO 2018, tout est enfin pr\u00eat","description":"L\u2019\u200b\u00e9dition d\u200be Xylexpo 2018 sera \u200bsans aucun doute \u200bun moment important dans l'histoire \u200b\u200bde cet \u00e9v\u00e9nement qui a f\u00eat\u00e9 ses cinquante ans\u200b.","robots":{"index":"index","follow":"follow","max-snippet":"max-snippet:-1","max-image-preview":"max-image-preview:large","max-video-preview":"max-video-preview:-1"},"canonical":"https:\/\/batijournal.com\/index.php\/xylexpo-2018-tout-est-enfin-pret\/98996\/","og_locale":"fr_FR","og_type":"article","og_title":"XYLEXPO 2018, tout est enfin pr\u00eat","og_description":"L\u2019\u200b\u00e9dition d\u200be Xylexpo 2018 sera \u200bsans aucun doute \u200bun moment important dans l'histoire \u200b\u200bde cet \u00e9v\u00e9nement qui a f\u00eat\u00e9 ses cinquante ans\u200b.","og_url":"https:\/\/batijournal.com\/index.php\/xylexpo-2018-tout-est-enfin-pret\/98996\/","og_site_name":"Batijournal","article_published_time":"2018-04-23T09:29:12+00:00","article_modified_time":"2018-09-12T15:22:13+00:00","og_image":[{"width":1200,"height":759,"url":"https:\/\/batijournal.com\/wp-content\/uploads\/2018\/04\/3.jpg","type":"image\/jpeg"}],"author":"Bati-journal","twitter_card":"summary_large_image","twitter_creator":"@bati_journal","twitter_site":"@bati_journal","twitter_misc":{"\u00c9crit par":"Bati-journal","Dur\u00e9e de lecture estim\u00e9e":"1 minute"},"schema":{"@context":"https:\/\/schema.org","@graph":[{"@type":"Article","@id":"https:\/\/batijournal.com\/index.php\/xylexpo-2018-tout-est-enfin-pret\/98996\/#article","isPartOf":{"@id":"https:\/\/batijournal.com\/index.php\/xylexpo-2018-tout-est-enfin-pret\/98996\/"},"author":{"name":"Bati-journal","@id":"https:\/\/batijournal.com\/#\/schema\/person\/6a657e8967569e1b299972574848aa76"},"headline":"XYLEXPO 2018, tout est enfin pr\u00eat","datePublished":"2018-04-23T09:29:12+00:00","dateModified":"2018-09-12T15:22:13+00:00","mainEntityOfPage":{"@id":"https:\/\/batijournal.com\/index.php\/xylexpo-2018-tout-est-enfin-pret\/98996\/"},"wordCount":275,"image":{"@id":"https:\/\/batijournal.com\/index.php\/xylexpo-2018-tout-est-enfin-pret\/98996\/#primaryimage"},"thumbnailUrl":"https:\/\/batijournal.com\/wp-content\/uploads\/2018\/04\/3.jpg","keywords":["Xylexpo 2018"],"articleSection":["\u00c9v\u00e9nements","Publi-info"],"inLanguage":"fr-FR"},{"@type":"WebPage","@id":"https:\/\/batijournal.com\/index.php\/xylexpo-2018-tout-est-enfin-pret\/98996\/","url":"https:\/\/batijournal.com\/index.php\/xylexpo-2018-tout-est-enfin-pret\/98996\/","name":"XYLEXPO 2018, tout est enfin pr\u00eat","isPartOf":{"@id":"https:\/\/batijournal.com\/#website"},"primaryImageOfPage":{"@id":"https:\/\/batijournal.com\/index.php\/xylexpo-2018-tout-est-enfin-pret\/98996\/#primaryimage"},"image":{"@id":"https:\/\/batijournal.com\/index.php\/xylexpo-2018-tout-est-enfin-pret\/98996\/#primaryimage"},"thumbnailUrl":"https:\/\/batijournal.com\/wp-content\/uploads\/2018\/04\/3.jpg","datePublished":"2018-04-23T09:29:12+00:00","dateModified":"2018-09-12T15:22:13+00:00","author":{"@id":"https:\/\/batijournal.com\/#\/schema\/person\/6a657e8967569e1b299972574848aa76"},"description":"L\u2019\u200b\u00e9dition d\u200be Xylexpo 2018 sera \u200bsans aucun doute \u200bun moment important dans l'histoire \u200b\u200bde cet \u00e9v\u00e9nement qui a f\u00eat\u00e9 ses cinquante ans\u200b.","breadcrumb":{"@id":"https:\/\/batijournal.com\/index.php\/xylexpo-2018-tout-est-enfin-pret\/98996\/#breadcrumb"},"inLanguage":"fr-FR","potentialAction":[{"@type":"ReadAction","target":["https:\/\/batijournal.com\/index.php\/xylexpo-2018-tout-est-enfin-pret\/98996\/"]}]},{"@type":"ImageObject","inLanguage":"fr-FR","@id":"https:\/\/batijournal.com\/index.php\/xylexpo-2018-tout-est-enfin-pret\/98996\/#primaryimage","url":"https:\/\/batijournal.com\/wp-content\/uploads\/2018\/04\/3.jpg","contentUrl":"https:\/\/batijournal.com\/wp-content\/uploads\/2018\/04\/3.jpg","width":1200,"height":759,"caption":"salon Xylexpo\u00a02018"},{"@type":"BreadcrumbList","@id":"https:\/\/batijournal.com\/index.php\/xylexpo-2018-tout-est-enfin-pret\/98996\/#breadcrumb","itemListElement":[{"@type":"ListItem","position":1,"name":"Accueil","item":"https:\/\/batijournal.com\/"},{"@type":"ListItem","position":2,"name":"\u00c9v\u00e9nements","item":"https:\/\/batijournal.com\/index.php\/category\/evenements\/"},{"@type":"ListItem","position":3,"name":"XYLEXPO 2018, tout est enfin pr\u00eat"}]},{"@type":"WebSite","@id":"https:\/\/batijournal.com\/#website","url":"https:\/\/batijournal.com\/","name":"Batijournal","description":"L&#039;actualit\u00e9 du b\u00e2timent","potentialAction":[{"@type":"SearchAction","target":{"@type":"EntryPoint","urlTemplate":"https:\/\/batijournal.com\/?s={search_term_string}"},"query-input":{"@type":"PropertyValueSpecification","valueRequired":true,"valueName":"search_term_string"}}],"inLanguage":"fr-FR"},{"@type":"Person","@id":"https:\/\/batijournal.com\/#\/schema\/person\/6a657e8967569e1b299972574848aa76","name":"Bati-journal","image":{"@type":"ImageObject","inLanguage":"fr-FR","@id":"https:\/\/secure.gravatar.com\/avatar\/a64364ea26392f9b4dd47e017ddaec74ff03aefc073b49e492e847201258f777?s=96&d=mm&r=g","url":"https:\/\/secure.gravatar.com\/avatar\/a64364ea26392f9b4dd47e017ddaec74ff03aefc073b49e492e847201258f777?s=96&d=mm&r=g","contentUrl":"https:\/\/secure.gravatar.com\/avatar\/a64364ea26392f9b4dd47e017ddaec74ff03aefc073b49e492e847201258f777?s=96&d=mm&r=g","caption":"Bati-journal"},"url":"https:\/\/batijournal.com\/index.php\/author\/elodie\/"}]}},"_links":{"self":[{"href":"https:\/\/batijournal.com\/index.php\/wp-json\/wp\/v2\/posts\/98996","targetHints":{"allow":["GET"]}}],"collection":[{"href":"https:\/\/batijournal.com\/index.php\/wp-json\/wp\/v2\/posts"}],"about":[{"href":"https:\/\/batijournal.com\/index.php\/wp-json\/wp\/v2\/types\/post"}],"author":[{"embeddable":true,"href":"https:\/\/batijournal.com\/index.php\/wp-json\/wp\/v2\/users\/1"}],"replies":[{"embeddable":true,"href":"https:\/\/batijournal.com\/index.php\/wp-json\/wp\/v2\/comments?post=98996"}],"version-history":[{"count":0,"href":"https:\/\/batijournal.com\/index.php\/wp-json\/wp\/v2\/posts\/98996\/revisions"}],"wp:featuredmedia":[{"embeddable":true,"href":"https:\/\/batijournal.com\/index.php\/wp-json\/wp\/v2\/media\/98878"}],"wp:attachment":[{"href":"https:\/\/batijournal.com\/index.php\/wp-json\/wp\/v2\/media?parent=98996"}],"wp:term":[{"taxonomy":"category","embeddable":true,"href":"https:\/\/batijournal.com\/index.php\/wp-json\/wp\/v2\/categories?post=98996"},{"taxonomy":"post_tag","embeddable":true,"href":"https:\/\/batijournal.com\/index.php\/wp-json\/wp\/v2\/tags?post=98996"}],"curies":[{"name":"wp","href":"https:\/\/api.w.org\/{rel}","templated":true}]}}