{"id":99008,"date":"2018-04-25T11:56:50","date_gmt":"2018-04-25T09:56:50","guid":{"rendered":"http:\/\/batijournal.com\/?p=99008"},"modified":"2019-07-15T11:15:08","modified_gmt":"2019-07-15T09:15:08","slug":"chantier-ecole-au-ministere-de-la-justice","status":"publish","type":"post","link":"https:\/\/batijournal.com\/index.php\/chantier-ecole-au-ministere-de-la-justice\/99008\/","title":{"rendered":"Chantier-\u00e9cole au Minist\u00e8re de la justice"},"content":{"rendered":"<p>Pendant une semaine des \u00e9l\u00e8ves de l&rsquo;Institut national du patrimoine (INP) supervis\u00e9s par leurs professeurs, ont travaill\u00e9 \u00e0 la conservation et \u00e0 la restauration d\u2019un patrimoine qui a 200 ans : deux salles embl\u00e9matiques de la Chancellerie, le salon des oiseaux et la galerie Peyronnet. 6 \u00e9l\u00e8ves ont fait des restaurations respectueuses des mat\u00e9riaux anciens sur les consoles et boiseries du Salon des oiseaux et les meubles d&rsquo;appui d\u2019\u00e9poque Restauration de la galerie Peyronnet. L&rsquo;ensemble des op\u00e9rations s\u2019est fait dans le respect des r\u00e8gles de d\u00e9ontologie de la restauration du patrimoine avec un emploi de mat\u00e9riaux stables et r\u00e9versibles, et des interventions non excessives. Il a fallu \u00e9liminer les amas de projections de cire accumul\u00e9s sur le bas des meubles d\u2019appui et r\u00e9aliser des tests de solubilit\u00e9 pour utiliser un solvant adapt\u00e9. Il s\u2019agissait \u00e9galement de refixer des bronzes, de reprendre des lacunes de dorure et d\u2019effectuer des comblements et des retouches, notamment \u00e0 l\u2019aquarelle.<\/p>\n<p>Source : INP \/\u00a0Minist\u00e8re de la justice<\/p>\n<p>&nbsp;<\/p>\n","protected":false},"excerpt":{"rendered":"<p>Pendant une semaine des \u00e9l\u00e8ves de l&rsquo;Institut national du patrimoine (INP) supervis\u00e9s par leurs professeurs, ont travaill\u00e9 \u00e0 la conservation et \u00e0 la restauration d\u2019un patrimoine qui a 200 ans : deux salles embl\u00e9matiques de la Chancellerie, le salon des oiseaux et la galerie Peyronnet. 6 \u00e9l\u00e8ves ont fait des restaurations respectueuses des mat\u00e9riaux anciens [&hellip;]<\/p>\n","protected":false},"author":17,"featured_media":99009,"comment_status":"closed","ping_status":"closed","sticky":false,"template":"","format":"standard","meta":{"_et_pb_use_builder":"","_et_pb_old_content":"","_et_gb_content_width":"","footnotes":""},"categories":[10530,6340,10785],"tags":[12372,7202],"class_list":["post-99008","post","type-post","status-publish","format-standard","has-post-thumbnail","hentry","category-actualites","category-architecture-conception","category-atrium","tag-ebenisterie","tag-restauration-du-patrimoine"],"yoast_head":"<!-- This site is optimized with the Yoast SEO plugin v27.4 - https:\/\/yoast.com\/product\/yoast-seo-wordpress\/ -->\n<title>Chantier-\u00e9cole au Minist\u00e8re de la justice<\/title>\n<meta name=\"robots\" content=\"index, follow, max-snippet:-1, max-image-preview:large, max-video-preview:-1\" \/>\n<link rel=\"canonical\" href=\"https:\/\/batijournal.com\/index.php\/chantier-ecole-au-ministere-de-la-justice\/99008\/\" \/>\n<meta property=\"og:locale\" content=\"fr_FR\" \/>\n<meta property=\"og:type\" content=\"article\" \/>\n<meta property=\"og:title\" content=\"Chantier-\u00e9cole au Minist\u00e8re de la justice\" \/>\n<meta property=\"og:description\" content=\"Pendant une semaine des \u00e9l\u00e8ves de l&rsquo;Institut national du patrimoine (INP) supervis\u00e9s par leurs professeurs, ont travaill\u00e9 \u00e0 la conservation et \u00e0 la restauration d\u2019un patrimoine qui a 200 ans : deux salles embl\u00e9matiques de la Chancellerie, le salon des oiseaux et la galerie Peyronnet. 6 \u00e9l\u00e8ves ont fait des restaurations respectueuses des mat\u00e9riaux anciens [&hellip;]\" \/>\n<meta property=\"og:url\" content=\"https:\/\/batijournal.com\/index.php\/chantier-ecole-au-ministere-de-la-justice\/99008\/\" \/>\n<meta property=\"og:site_name\" content=\"Batijournal\" \/>\n<meta property=\"article:published_time\" content=\"2018-04-25T09:56:50+00:00\" \/>\n<meta property=\"article:modified_time\" content=\"2019-07-15T09:15:08+00:00\" \/>\n<meta property=\"og:image\" content=\"https:\/\/batijournal.com\/wp-content\/uploads\/2018\/04\/restauration-meubles-ministere-justice.jpg\" \/>\n\t<meta property=\"og:image:width\" content=\"592\" \/>\n\t<meta property=\"og:image:height\" content=\"393\" \/>\n\t<meta property=\"og:image:type\" content=\"image\/jpeg\" \/>\n<meta name=\"author\" content=\"St\u00e9phane Miget\" \/>\n<meta name=\"twitter:card\" content=\"summary_large_image\" \/>\n<meta name=\"twitter:creator\" content=\"@bati_journal\" \/>\n<meta name=\"twitter:site\" content=\"@bati_journal\" \/>\n<meta name=\"twitter:label1\" content=\"\u00c9crit par\" \/>\n\t<meta name=\"twitter:data1\" content=\"St\u00e9phane Miget\" \/>\n\t<meta name=\"twitter:label2\" content=\"Dur\u00e9e de lecture estim\u00e9e\" \/>\n\t<meta name=\"twitter:data2\" content=\"1 minute\" \/>\n<script type=\"application\/ld+json\" class=\"yoast-schema-graph\">{\"@context\":\"https:\\\/\\\/schema.org\",\"@graph\":[{\"@type\":\"Article\",\"@id\":\"https:\\\/\\\/batijournal.com\\\/index.php\\\/chantier-ecole-au-ministere-de-la-justice\\\/99008\\\/#article\",\"isPartOf\":{\"@id\":\"https:\\\/\\\/batijournal.com\\\/index.php\\\/chantier-ecole-au-ministere-de-la-justice\\\/99008\\\/\"},\"author\":{\"name\":\"St\u00e9phane Miget\",\"@id\":\"https:\\\/\\\/batijournal.com\\\/#\\\/schema\\\/person\\\/1dc96ec6957aa1ccb25ebe78bb19f100\"},\"headline\":\"Chantier-\u00e9cole au Minist\u00e8re de la justice\",\"datePublished\":\"2018-04-25T09:56:50+00:00\",\"dateModified\":\"2019-07-15T09:15:08+00:00\",\"mainEntityOfPage\":{\"@id\":\"https:\\\/\\\/batijournal.com\\\/index.php\\\/chantier-ecole-au-ministere-de-la-justice\\\/99008\\\/\"},\"wordCount\":187,\"image\":{\"@id\":\"https:\\\/\\\/batijournal.com\\\/index.php\\\/chantier-ecole-au-ministere-de-la-justice\\\/99008\\\/#primaryimage\"},\"thumbnailUrl\":\"https:\\\/\\\/batijournal.com\\\/wp-content\\\/uploads\\\/2018\\\/04\\\/restauration-meubles-ministere-justice.jpg\",\"keywords\":[\"\u00e9benisterie\",\"restauration du patrimoine\"],\"articleSection\":[\"Actualit\u00e9s\",\"Architecture &amp; Conception\",\"zz_Atrium Patrimoine\"],\"inLanguage\":\"fr-FR\"},{\"@type\":\"WebPage\",\"@id\":\"https:\\\/\\\/batijournal.com\\\/index.php\\\/chantier-ecole-au-ministere-de-la-justice\\\/99008\\\/\",\"url\":\"https:\\\/\\\/batijournal.com\\\/index.php\\\/chantier-ecole-au-ministere-de-la-justice\\\/99008\\\/\",\"name\":\"Chantier-\u00e9cole au Minist\u00e8re de la justice\",\"isPartOf\":{\"@id\":\"https:\\\/\\\/batijournal.com\\\/#website\"},\"primaryImageOfPage\":{\"@id\":\"https:\\\/\\\/batijournal.com\\\/index.php\\\/chantier-ecole-au-ministere-de-la-justice\\\/99008\\\/#primaryimage\"},\"image\":{\"@id\":\"https:\\\/\\\/batijournal.com\\\/index.php\\\/chantier-ecole-au-ministere-de-la-justice\\\/99008\\\/#primaryimage\"},\"thumbnailUrl\":\"https:\\\/\\\/batijournal.com\\\/wp-content\\\/uploads\\\/2018\\\/04\\\/restauration-meubles-ministere-justice.jpg\",\"datePublished\":\"2018-04-25T09:56:50+00:00\",\"dateModified\":\"2019-07-15T09:15:08+00:00\",\"author\":{\"@id\":\"https:\\\/\\\/batijournal.com\\\/#\\\/schema\\\/person\\\/1dc96ec6957aa1ccb25ebe78bb19f100\"},\"breadcrumb\":{\"@id\":\"https:\\\/\\\/batijournal.com\\\/index.php\\\/chantier-ecole-au-ministere-de-la-justice\\\/99008\\\/#breadcrumb\"},\"inLanguage\":\"fr-FR\",\"potentialAction\":[{\"@type\":\"ReadAction\",\"target\":[\"https:\\\/\\\/batijournal.com\\\/index.php\\\/chantier-ecole-au-ministere-de-la-justice\\\/99008\\\/\"]}]},{\"@type\":\"ImageObject\",\"inLanguage\":\"fr-FR\",\"@id\":\"https:\\\/\\\/batijournal.com\\\/index.php\\\/chantier-ecole-au-ministere-de-la-justice\\\/99008\\\/#primaryimage\",\"url\":\"https:\\\/\\\/batijournal.com\\\/wp-content\\\/uploads\\\/2018\\\/04\\\/restauration-meubles-ministere-justice.jpg\",\"contentUrl\":\"https:\\\/\\\/batijournal.com\\\/wp-content\\\/uploads\\\/2018\\\/04\\\/restauration-meubles-ministere-justice.jpg\",\"width\":592,\"height\":393},{\"@type\":\"BreadcrumbList\",\"@id\":\"https:\\\/\\\/batijournal.com\\\/index.php\\\/chantier-ecole-au-ministere-de-la-justice\\\/99008\\\/#breadcrumb\",\"itemListElement\":[{\"@type\":\"ListItem\",\"position\":1,\"name\":\"Accueil\",\"item\":\"https:\\\/\\\/batijournal.com\\\/\"},{\"@type\":\"ListItem\",\"position\":2,\"name\":\"Actualit\u00e9s\",\"item\":\"https:\\\/\\\/batijournal.com\\\/index.php\\\/category\\\/actualites\\\/\"},{\"@type\":\"ListItem\",\"position\":3,\"name\":\"Chantier-\u00e9cole au Minist\u00e8re de la justice\"}]},{\"@type\":\"WebSite\",\"@id\":\"https:\\\/\\\/batijournal.com\\\/#website\",\"url\":\"https:\\\/\\\/batijournal.com\\\/\",\"name\":\"Batijournal\",\"description\":\"L&#039;actualit\u00e9 du b\u00e2timent\",\"potentialAction\":[{\"@type\":\"SearchAction\",\"target\":{\"@type\":\"EntryPoint\",\"urlTemplate\":\"https:\\\/\\\/batijournal.com\\\/?s={search_term_string}\"},\"query-input\":{\"@type\":\"PropertyValueSpecification\",\"valueRequired\":true,\"valueName\":\"search_term_string\"}}],\"inLanguage\":\"fr-FR\"},{\"@type\":\"Person\",\"@id\":\"https:\\\/\\\/batijournal.com\\\/#\\\/schema\\\/person\\\/1dc96ec6957aa1ccb25ebe78bb19f100\",\"name\":\"St\u00e9phane Miget\",\"image\":{\"@type\":\"ImageObject\",\"inLanguage\":\"fr-FR\",\"@id\":\"https:\\\/\\\/secure.gravatar.com\\\/avatar\\\/89915563d925342126b8ef0281b93d9d7fc337043e8df017f780908eb9644451?s=96&d=mm&r=g\",\"url\":\"https:\\\/\\\/secure.gravatar.com\\\/avatar\\\/89915563d925342126b8ef0281b93d9d7fc337043e8df017f780908eb9644451?s=96&d=mm&r=g\",\"contentUrl\":\"https:\\\/\\\/secure.gravatar.com\\\/avatar\\\/89915563d925342126b8ef0281b93d9d7fc337043e8df017f780908eb9644451?s=96&d=mm&r=g\",\"caption\":\"St\u00e9phane Miget\"},\"url\":\"https:\\\/\\\/batijournal.com\\\/index.php\\\/author\\\/stephane\\\/\"}]}<\/script>\n<!-- \/ Yoast SEO plugin. -->","yoast_head_json":{"title":"Chantier-\u00e9cole au Minist\u00e8re de la justice","robots":{"index":"index","follow":"follow","max-snippet":"max-snippet:-1","max-image-preview":"max-image-preview:large","max-video-preview":"max-video-preview:-1"},"canonical":"https:\/\/batijournal.com\/index.php\/chantier-ecole-au-ministere-de-la-justice\/99008\/","og_locale":"fr_FR","og_type":"article","og_title":"Chantier-\u00e9cole au Minist\u00e8re de la justice","og_description":"Pendant une semaine des \u00e9l\u00e8ves de l&rsquo;Institut national du patrimoine (INP) supervis\u00e9s par leurs professeurs, ont travaill\u00e9 \u00e0 la conservation et \u00e0 la restauration d\u2019un patrimoine qui a 200 ans : deux salles embl\u00e9matiques de la Chancellerie, le salon des oiseaux et la galerie Peyronnet. 6 \u00e9l\u00e8ves ont fait des restaurations respectueuses des mat\u00e9riaux anciens [&hellip;]","og_url":"https:\/\/batijournal.com\/index.php\/chantier-ecole-au-ministere-de-la-justice\/99008\/","og_site_name":"Batijournal","article_published_time":"2018-04-25T09:56:50+00:00","article_modified_time":"2019-07-15T09:15:08+00:00","og_image":[{"width":592,"height":393,"url":"https:\/\/batijournal.com\/wp-content\/uploads\/2018\/04\/restauration-meubles-ministere-justice.jpg","type":"image\/jpeg"}],"author":"St\u00e9phane Miget","twitter_card":"summary_large_image","twitter_creator":"@bati_journal","twitter_site":"@bati_journal","twitter_misc":{"\u00c9crit par":"St\u00e9phane Miget","Dur\u00e9e de lecture estim\u00e9e":"1 minute"},"schema":{"@context":"https:\/\/schema.org","@graph":[{"@type":"Article","@id":"https:\/\/batijournal.com\/index.php\/chantier-ecole-au-ministere-de-la-justice\/99008\/#article","isPartOf":{"@id":"https:\/\/batijournal.com\/index.php\/chantier-ecole-au-ministere-de-la-justice\/99008\/"},"author":{"name":"St\u00e9phane Miget","@id":"https:\/\/batijournal.com\/#\/schema\/person\/1dc96ec6957aa1ccb25ebe78bb19f100"},"headline":"Chantier-\u00e9cole au Minist\u00e8re de la justice","datePublished":"2018-04-25T09:56:50+00:00","dateModified":"2019-07-15T09:15:08+00:00","mainEntityOfPage":{"@id":"https:\/\/batijournal.com\/index.php\/chantier-ecole-au-ministere-de-la-justice\/99008\/"},"wordCount":187,"image":{"@id":"https:\/\/batijournal.com\/index.php\/chantier-ecole-au-ministere-de-la-justice\/99008\/#primaryimage"},"thumbnailUrl":"https:\/\/batijournal.com\/wp-content\/uploads\/2018\/04\/restauration-meubles-ministere-justice.jpg","keywords":["\u00e9benisterie","restauration du patrimoine"],"articleSection":["Actualit\u00e9s","Architecture &amp; Conception","zz_Atrium Patrimoine"],"inLanguage":"fr-FR"},{"@type":"WebPage","@id":"https:\/\/batijournal.com\/index.php\/chantier-ecole-au-ministere-de-la-justice\/99008\/","url":"https:\/\/batijournal.com\/index.php\/chantier-ecole-au-ministere-de-la-justice\/99008\/","name":"Chantier-\u00e9cole au Minist\u00e8re de la justice","isPartOf":{"@id":"https:\/\/batijournal.com\/#website"},"primaryImageOfPage":{"@id":"https:\/\/batijournal.com\/index.php\/chantier-ecole-au-ministere-de-la-justice\/99008\/#primaryimage"},"image":{"@id":"https:\/\/batijournal.com\/index.php\/chantier-ecole-au-ministere-de-la-justice\/99008\/#primaryimage"},"thumbnailUrl":"https:\/\/batijournal.com\/wp-content\/uploads\/2018\/04\/restauration-meubles-ministere-justice.jpg","datePublished":"2018-04-25T09:56:50+00:00","dateModified":"2019-07-15T09:15:08+00:00","author":{"@id":"https:\/\/batijournal.com\/#\/schema\/person\/1dc96ec6957aa1ccb25ebe78bb19f100"},"breadcrumb":{"@id":"https:\/\/batijournal.com\/index.php\/chantier-ecole-au-ministere-de-la-justice\/99008\/#breadcrumb"},"inLanguage":"fr-FR","potentialAction":[{"@type":"ReadAction","target":["https:\/\/batijournal.com\/index.php\/chantier-ecole-au-ministere-de-la-justice\/99008\/"]}]},{"@type":"ImageObject","inLanguage":"fr-FR","@id":"https:\/\/batijournal.com\/index.php\/chantier-ecole-au-ministere-de-la-justice\/99008\/#primaryimage","url":"https:\/\/batijournal.com\/wp-content\/uploads\/2018\/04\/restauration-meubles-ministere-justice.jpg","contentUrl":"https:\/\/batijournal.com\/wp-content\/uploads\/2018\/04\/restauration-meubles-ministere-justice.jpg","width":592,"height":393},{"@type":"BreadcrumbList","@id":"https:\/\/batijournal.com\/index.php\/chantier-ecole-au-ministere-de-la-justice\/99008\/#breadcrumb","itemListElement":[{"@type":"ListItem","position":1,"name":"Accueil","item":"https:\/\/batijournal.com\/"},{"@type":"ListItem","position":2,"name":"Actualit\u00e9s","item":"https:\/\/batijournal.com\/index.php\/category\/actualites\/"},{"@type":"ListItem","position":3,"name":"Chantier-\u00e9cole au Minist\u00e8re de la justice"}]},{"@type":"WebSite","@id":"https:\/\/batijournal.com\/#website","url":"https:\/\/batijournal.com\/","name":"Batijournal","description":"L&#039;actualit\u00e9 du b\u00e2timent","potentialAction":[{"@type":"SearchAction","target":{"@type":"EntryPoint","urlTemplate":"https:\/\/batijournal.com\/?s={search_term_string}"},"query-input":{"@type":"PropertyValueSpecification","valueRequired":true,"valueName":"search_term_string"}}],"inLanguage":"fr-FR"},{"@type":"Person","@id":"https:\/\/batijournal.com\/#\/schema\/person\/1dc96ec6957aa1ccb25ebe78bb19f100","name":"St\u00e9phane Miget","image":{"@type":"ImageObject","inLanguage":"fr-FR","@id":"https:\/\/secure.gravatar.com\/avatar\/89915563d925342126b8ef0281b93d9d7fc337043e8df017f780908eb9644451?s=96&d=mm&r=g","url":"https:\/\/secure.gravatar.com\/avatar\/89915563d925342126b8ef0281b93d9d7fc337043e8df017f780908eb9644451?s=96&d=mm&r=g","contentUrl":"https:\/\/secure.gravatar.com\/avatar\/89915563d925342126b8ef0281b93d9d7fc337043e8df017f780908eb9644451?s=96&d=mm&r=g","caption":"St\u00e9phane Miget"},"url":"https:\/\/batijournal.com\/index.php\/author\/stephane\/"}]}},"_links":{"self":[{"href":"https:\/\/batijournal.com\/index.php\/wp-json\/wp\/v2\/posts\/99008","targetHints":{"allow":["GET"]}}],"collection":[{"href":"https:\/\/batijournal.com\/index.php\/wp-json\/wp\/v2\/posts"}],"about":[{"href":"https:\/\/batijournal.com\/index.php\/wp-json\/wp\/v2\/types\/post"}],"author":[{"embeddable":true,"href":"https:\/\/batijournal.com\/index.php\/wp-json\/wp\/v2\/users\/17"}],"replies":[{"embeddable":true,"href":"https:\/\/batijournal.com\/index.php\/wp-json\/wp\/v2\/comments?post=99008"}],"version-history":[{"count":0,"href":"https:\/\/batijournal.com\/index.php\/wp-json\/wp\/v2\/posts\/99008\/revisions"}],"wp:featuredmedia":[{"embeddable":true,"href":"https:\/\/batijournal.com\/index.php\/wp-json\/wp\/v2\/media\/99009"}],"wp:attachment":[{"href":"https:\/\/batijournal.com\/index.php\/wp-json\/wp\/v2\/media?parent=99008"}],"wp:term":[{"taxonomy":"category","embeddable":true,"href":"https:\/\/batijournal.com\/index.php\/wp-json\/wp\/v2\/categories?post=99008"},{"taxonomy":"post_tag","embeddable":true,"href":"https:\/\/batijournal.com\/index.php\/wp-json\/wp\/v2\/tags?post=99008"}],"curies":[{"name":"wp","href":"https:\/\/api.w.org\/{rel}","templated":true}]}}