{"id":99010,"date":"2018-04-26T08:26:26","date_gmt":"2018-04-26T06:26:26","guid":{"rendered":"http:\/\/batijournal.com\/?p=99010"},"modified":"2019-06-13T13:06:22","modified_gmt":"2019-06-13T11:06:22","slug":"olympiades-des-metiers","status":"publish","type":"post","link":"https:\/\/batijournal.com\/index.php\/olympiades-des-metiers\/99010\/","title":{"rendered":"B\u00e9ton cr\u00e9atif pour les qualifications r\u00e9gionales des Olympiades des M\u00e9tiers"},"content":{"rendered":"<p>Les Olympiades des M\u00e9tiers se d\u00e9roulent en 3 \u00e9tapes : les s\u00e9lections r\u00e9gionales et les finales nationales, en France, puis la comp\u00e9tition mondiale en 2019 en Russie. Pour la premi\u00e8re fois en 2017 la \u201cConstruction en b\u00e9ton arm\u00e9\u201d est entr\u00e9e au sein de la cat\u00e9gorie \u201cM\u00e9tiers du B\u00e2timent et des Travaux Publics\u201d. Ciments Calcia a accompagn\u00e9 ce bapt\u00eame du b\u00e9ton, son mortier tr\u00e8s hautes performances i.design EFFIX CREA a \u00e9t\u00e9 mati\u00e8re \u00e0 cr\u00e9ation. Ciments Calcia signe une nouvelle collaboration avec les 45es Olympiades des M\u00e9tiers. Elle s\u2019est mobilis\u00e9e autour de jeunes cr\u00e9atifs participant aux qualifications r\u00e9gionales des Pays de La Loire et de Nouvelle Aquitaine, respectivement organis\u00e9es \u00e0 Angers les 16 et 17 mars 2018 et \u00e0 Bordeaux les 23 et 24 mars derniers. Les candidats concouraient en bin\u00f4me et c\u2019est pour l\u2019une des \u00e9preuves que Ciments Calcia a fourni son mortier tr\u00e8s hautes performances i.design EFFIX CREA : la r\u00e9alisation compl\u00e8te d\u2019un banc en b\u00e9ton blanc aux formes arrondies complexes, incluant confection du coffrage, coulage du mortier, d\u00e9moulage de l\u2019ouvrage, le tout en seulement 20 heures.<\/p>\n","protected":false},"excerpt":{"rendered":"<p>Les Olympiades des M\u00e9tiers se d\u00e9roulent en 3 \u00e9tapes : les s\u00e9lections r\u00e9gionales et les finales nationales, en France, puis la comp\u00e9tition mondiale en 2019 en Russie. Pour la premi\u00e8re fois en 2017 la \u201cConstruction en b\u00e9ton arm\u00e9\u201d est entr\u00e9e au sein de la cat\u00e9gorie \u201cM\u00e9tiers du B\u00e2timent et des Travaux Publics\u201d. Ciments Calcia a [&hellip;]<\/p>\n","protected":false},"author":17,"featured_media":99011,"comment_status":"closed","ping_status":"closed","sticky":false,"template":"","format":"standard","meta":{"_et_pb_use_builder":"","_et_pb_old_content":"","_et_gb_content_width":"","footnotes":""},"categories":[10530,6340,10771,10775],"tags":[1128,7180],"class_list":["post-99010","post","type-post","status-publish","format-standard","has-post-thumbnail","hentry","category-actualites","category-architecture-conception","category-5facades","category-actualites-5facades","tag-beton","tag-olympiades-des-metiers"],"yoast_head":"<!-- This site is optimized with the Yoast SEO plugin v27.4 - https:\/\/yoast.com\/product\/yoast-seo-wordpress\/ -->\n<title>Olympiades des M\u00e9tiers : b\u00e9ton cr\u00e9atif pour les qualifications r\u00e9gionales<\/title>\n<meta name=\"description\" content=\"Les Olympiades des M\u00e9tiers en 3 \u00e9tapes : les s\u00e9lections r\u00e9gionales et les finales nationales, en France, puis la comp\u00e9tition mondiale en 2019 en Russie.\" \/>\n<meta name=\"robots\" content=\"index, follow, max-snippet:-1, max-image-preview:large, max-video-preview:-1\" \/>\n<link rel=\"canonical\" href=\"https:\/\/batijournal.com\/index.php\/olympiades-des-metiers\/99010\/\" \/>\n<meta property=\"og:locale\" content=\"fr_FR\" \/>\n<meta property=\"og:type\" content=\"article\" \/>\n<meta property=\"og:title\" content=\"Olympiades des M\u00e9tiers : b\u00e9ton cr\u00e9atif pour les qualifications r\u00e9gionales\" \/>\n<meta property=\"og:description\" content=\"Les Olympiades des M\u00e9tiers en 3 \u00e9tapes : les s\u00e9lections r\u00e9gionales et les finales nationales, en France, puis la comp\u00e9tition mondiale en 2019 en Russie.\" \/>\n<meta property=\"og:url\" content=\"https:\/\/batijournal.com\/index.php\/olympiades-des-metiers\/99010\/\" \/>\n<meta property=\"og:site_name\" content=\"Batijournal\" \/>\n<meta property=\"article:published_time\" content=\"2018-04-26T06:26:26+00:00\" \/>\n<meta property=\"article:modified_time\" content=\"2019-06-13T11:06:22+00:00\" \/>\n<meta property=\"og:image\" content=\"https:\/\/batijournal.com\/wp-content\/uploads\/2018\/04\/Olympiades-metiers-Bordeaux-2018-03-24.jpg\" \/>\n\t<meta property=\"og:image:width\" content=\"1200\" \/>\n\t<meta property=\"og:image:height\" content=\"1020\" \/>\n\t<meta property=\"og:image:type\" content=\"image\/jpeg\" \/>\n<meta name=\"author\" content=\"St\u00e9phane Miget\" \/>\n<meta name=\"twitter:card\" content=\"summary_large_image\" \/>\n<meta name=\"twitter:creator\" content=\"@bati_journal\" \/>\n<meta name=\"twitter:site\" content=\"@bati_journal\" \/>\n<meta name=\"twitter:label1\" content=\"\u00c9crit par\" \/>\n\t<meta name=\"twitter:data1\" content=\"St\u00e9phane Miget\" \/>\n\t<meta name=\"twitter:label2\" content=\"Dur\u00e9e de lecture estim\u00e9e\" \/>\n\t<meta name=\"twitter:data2\" content=\"1 minute\" \/>\n<script type=\"application\/ld+json\" class=\"yoast-schema-graph\">{\"@context\":\"https:\\\/\\\/schema.org\",\"@graph\":[{\"@type\":\"Article\",\"@id\":\"https:\\\/\\\/batijournal.com\\\/index.php\\\/olympiades-des-metiers\\\/99010\\\/#article\",\"isPartOf\":{\"@id\":\"https:\\\/\\\/batijournal.com\\\/index.php\\\/olympiades-des-metiers\\\/99010\\\/\"},\"author\":{\"name\":\"St\u00e9phane Miget\",\"@id\":\"https:\\\/\\\/batijournal.com\\\/#\\\/schema\\\/person\\\/1dc96ec6957aa1ccb25ebe78bb19f100\"},\"headline\":\"B\u00e9ton cr\u00e9atif pour les qualifications r\u00e9gionales des Olympiades des M\u00e9tiers\",\"datePublished\":\"2018-04-26T06:26:26+00:00\",\"dateModified\":\"2019-06-13T11:06:22+00:00\",\"mainEntityOfPage\":{\"@id\":\"https:\\\/\\\/batijournal.com\\\/index.php\\\/olympiades-des-metiers\\\/99010\\\/\"},\"wordCount\":211,\"image\":{\"@id\":\"https:\\\/\\\/batijournal.com\\\/index.php\\\/olympiades-des-metiers\\\/99010\\\/#primaryimage\"},\"thumbnailUrl\":\"https:\\\/\\\/batijournal.com\\\/wp-content\\\/uploads\\\/2018\\\/04\\\/Olympiades-metiers-Bordeaux-2018-03-24.jpg\",\"keywords\":[\"b\u00e9ton\",\"olympiades des metiers\"],\"articleSection\":[\"Actualit\u00e9s\",\"Architecture &amp; Conception\",\"zz_5fa\u00e7ades\",\"zz_Actualit\u00e9s - 5fa\u00e7ades\"],\"inLanguage\":\"fr-FR\"},{\"@type\":\"WebPage\",\"@id\":\"https:\\\/\\\/batijournal.com\\\/index.php\\\/olympiades-des-metiers\\\/99010\\\/\",\"url\":\"https:\\\/\\\/batijournal.com\\\/index.php\\\/olympiades-des-metiers\\\/99010\\\/\",\"name\":\"Olympiades des M\u00e9tiers : b\u00e9ton cr\u00e9atif pour les qualifications r\u00e9gionales\",\"isPartOf\":{\"@id\":\"https:\\\/\\\/batijournal.com\\\/#website\"},\"primaryImageOfPage\":{\"@id\":\"https:\\\/\\\/batijournal.com\\\/index.php\\\/olympiades-des-metiers\\\/99010\\\/#primaryimage\"},\"image\":{\"@id\":\"https:\\\/\\\/batijournal.com\\\/index.php\\\/olympiades-des-metiers\\\/99010\\\/#primaryimage\"},\"thumbnailUrl\":\"https:\\\/\\\/batijournal.com\\\/wp-content\\\/uploads\\\/2018\\\/04\\\/Olympiades-metiers-Bordeaux-2018-03-24.jpg\",\"datePublished\":\"2018-04-26T06:26:26+00:00\",\"dateModified\":\"2019-06-13T11:06:22+00:00\",\"author\":{\"@id\":\"https:\\\/\\\/batijournal.com\\\/#\\\/schema\\\/person\\\/1dc96ec6957aa1ccb25ebe78bb19f100\"},\"description\":\"Les Olympiades des M\u00e9tiers en 3 \u00e9tapes : les s\u00e9lections r\u00e9gionales et les finales nationales, en France, puis la comp\u00e9tition mondiale en 2019 en Russie.\",\"breadcrumb\":{\"@id\":\"https:\\\/\\\/batijournal.com\\\/index.php\\\/olympiades-des-metiers\\\/99010\\\/#breadcrumb\"},\"inLanguage\":\"fr-FR\",\"potentialAction\":[{\"@type\":\"ReadAction\",\"target\":[\"https:\\\/\\\/batijournal.com\\\/index.php\\\/olympiades-des-metiers\\\/99010\\\/\"]}]},{\"@type\":\"ImageObject\",\"inLanguage\":\"fr-FR\",\"@id\":\"https:\\\/\\\/batijournal.com\\\/index.php\\\/olympiades-des-metiers\\\/99010\\\/#primaryimage\",\"url\":\"https:\\\/\\\/batijournal.com\\\/wp-content\\\/uploads\\\/2018\\\/04\\\/Olympiades-metiers-Bordeaux-2018-03-24.jpg\",\"contentUrl\":\"https:\\\/\\\/batijournal.com\\\/wp-content\\\/uploads\\\/2018\\\/04\\\/Olympiades-metiers-Bordeaux-2018-03-24.jpg\",\"width\":1200,\"height\":1020,\"caption\":\"olympiades-des-metiers\"},{\"@type\":\"BreadcrumbList\",\"@id\":\"https:\\\/\\\/batijournal.com\\\/index.php\\\/olympiades-des-metiers\\\/99010\\\/#breadcrumb\",\"itemListElement\":[{\"@type\":\"ListItem\",\"position\":1,\"name\":\"Accueil\",\"item\":\"https:\\\/\\\/batijournal.com\\\/\"},{\"@type\":\"ListItem\",\"position\":2,\"name\":\"Actualit\u00e9s\",\"item\":\"https:\\\/\\\/batijournal.com\\\/index.php\\\/category\\\/actualites\\\/\"},{\"@type\":\"ListItem\",\"position\":3,\"name\":\"B\u00e9ton cr\u00e9atif pour les qualifications r\u00e9gionales des Olympiades des M\u00e9tiers\"}]},{\"@type\":\"WebSite\",\"@id\":\"https:\\\/\\\/batijournal.com\\\/#website\",\"url\":\"https:\\\/\\\/batijournal.com\\\/\",\"name\":\"Batijournal\",\"description\":\"L&#039;actualit\u00e9 du b\u00e2timent\",\"potentialAction\":[{\"@type\":\"SearchAction\",\"target\":{\"@type\":\"EntryPoint\",\"urlTemplate\":\"https:\\\/\\\/batijournal.com\\\/?s={search_term_string}\"},\"query-input\":{\"@type\":\"PropertyValueSpecification\",\"valueRequired\":true,\"valueName\":\"search_term_string\"}}],\"inLanguage\":\"fr-FR\"},{\"@type\":\"Person\",\"@id\":\"https:\\\/\\\/batijournal.com\\\/#\\\/schema\\\/person\\\/1dc96ec6957aa1ccb25ebe78bb19f100\",\"name\":\"St\u00e9phane Miget\",\"image\":{\"@type\":\"ImageObject\",\"inLanguage\":\"fr-FR\",\"@id\":\"https:\\\/\\\/secure.gravatar.com\\\/avatar\\\/89915563d925342126b8ef0281b93d9d7fc337043e8df017f780908eb9644451?s=96&d=mm&r=g\",\"url\":\"https:\\\/\\\/secure.gravatar.com\\\/avatar\\\/89915563d925342126b8ef0281b93d9d7fc337043e8df017f780908eb9644451?s=96&d=mm&r=g\",\"contentUrl\":\"https:\\\/\\\/secure.gravatar.com\\\/avatar\\\/89915563d925342126b8ef0281b93d9d7fc337043e8df017f780908eb9644451?s=96&d=mm&r=g\",\"caption\":\"St\u00e9phane Miget\"},\"url\":\"https:\\\/\\\/batijournal.com\\\/index.php\\\/author\\\/stephane\\\/\"}]}<\/script>\n<!-- \/ Yoast SEO plugin. -->","yoast_head_json":{"title":"Olympiades des M\u00e9tiers : b\u00e9ton cr\u00e9atif pour les qualifications r\u00e9gionales","description":"Les Olympiades des M\u00e9tiers en 3 \u00e9tapes : les s\u00e9lections r\u00e9gionales et les finales nationales, en France, puis la comp\u00e9tition mondiale en 2019 en Russie.","robots":{"index":"index","follow":"follow","max-snippet":"max-snippet:-1","max-image-preview":"max-image-preview:large","max-video-preview":"max-video-preview:-1"},"canonical":"https:\/\/batijournal.com\/index.php\/olympiades-des-metiers\/99010\/","og_locale":"fr_FR","og_type":"article","og_title":"Olympiades des M\u00e9tiers : b\u00e9ton cr\u00e9atif pour les qualifications r\u00e9gionales","og_description":"Les Olympiades des M\u00e9tiers en 3 \u00e9tapes : les s\u00e9lections r\u00e9gionales et les finales nationales, en France, puis la comp\u00e9tition mondiale en 2019 en Russie.","og_url":"https:\/\/batijournal.com\/index.php\/olympiades-des-metiers\/99010\/","og_site_name":"Batijournal","article_published_time":"2018-04-26T06:26:26+00:00","article_modified_time":"2019-06-13T11:06:22+00:00","og_image":[{"width":1200,"height":1020,"url":"https:\/\/batijournal.com\/wp-content\/uploads\/2018\/04\/Olympiades-metiers-Bordeaux-2018-03-24.jpg","type":"image\/jpeg"}],"author":"St\u00e9phane Miget","twitter_card":"summary_large_image","twitter_creator":"@bati_journal","twitter_site":"@bati_journal","twitter_misc":{"\u00c9crit par":"St\u00e9phane Miget","Dur\u00e9e de lecture estim\u00e9e":"1 minute"},"schema":{"@context":"https:\/\/schema.org","@graph":[{"@type":"Article","@id":"https:\/\/batijournal.com\/index.php\/olympiades-des-metiers\/99010\/#article","isPartOf":{"@id":"https:\/\/batijournal.com\/index.php\/olympiades-des-metiers\/99010\/"},"author":{"name":"St\u00e9phane Miget","@id":"https:\/\/batijournal.com\/#\/schema\/person\/1dc96ec6957aa1ccb25ebe78bb19f100"},"headline":"B\u00e9ton cr\u00e9atif pour les qualifications r\u00e9gionales des Olympiades des M\u00e9tiers","datePublished":"2018-04-26T06:26:26+00:00","dateModified":"2019-06-13T11:06:22+00:00","mainEntityOfPage":{"@id":"https:\/\/batijournal.com\/index.php\/olympiades-des-metiers\/99010\/"},"wordCount":211,"image":{"@id":"https:\/\/batijournal.com\/index.php\/olympiades-des-metiers\/99010\/#primaryimage"},"thumbnailUrl":"https:\/\/batijournal.com\/wp-content\/uploads\/2018\/04\/Olympiades-metiers-Bordeaux-2018-03-24.jpg","keywords":["b\u00e9ton","olympiades des metiers"],"articleSection":["Actualit\u00e9s","Architecture &amp; Conception","zz_5fa\u00e7ades","zz_Actualit\u00e9s - 5fa\u00e7ades"],"inLanguage":"fr-FR"},{"@type":"WebPage","@id":"https:\/\/batijournal.com\/index.php\/olympiades-des-metiers\/99010\/","url":"https:\/\/batijournal.com\/index.php\/olympiades-des-metiers\/99010\/","name":"Olympiades des M\u00e9tiers : b\u00e9ton cr\u00e9atif pour les qualifications r\u00e9gionales","isPartOf":{"@id":"https:\/\/batijournal.com\/#website"},"primaryImageOfPage":{"@id":"https:\/\/batijournal.com\/index.php\/olympiades-des-metiers\/99010\/#primaryimage"},"image":{"@id":"https:\/\/batijournal.com\/index.php\/olympiades-des-metiers\/99010\/#primaryimage"},"thumbnailUrl":"https:\/\/batijournal.com\/wp-content\/uploads\/2018\/04\/Olympiades-metiers-Bordeaux-2018-03-24.jpg","datePublished":"2018-04-26T06:26:26+00:00","dateModified":"2019-06-13T11:06:22+00:00","author":{"@id":"https:\/\/batijournal.com\/#\/schema\/person\/1dc96ec6957aa1ccb25ebe78bb19f100"},"description":"Les Olympiades des M\u00e9tiers en 3 \u00e9tapes : les s\u00e9lections r\u00e9gionales et les finales nationales, en France, puis la comp\u00e9tition mondiale en 2019 en Russie.","breadcrumb":{"@id":"https:\/\/batijournal.com\/index.php\/olympiades-des-metiers\/99010\/#breadcrumb"},"inLanguage":"fr-FR","potentialAction":[{"@type":"ReadAction","target":["https:\/\/batijournal.com\/index.php\/olympiades-des-metiers\/99010\/"]}]},{"@type":"ImageObject","inLanguage":"fr-FR","@id":"https:\/\/batijournal.com\/index.php\/olympiades-des-metiers\/99010\/#primaryimage","url":"https:\/\/batijournal.com\/wp-content\/uploads\/2018\/04\/Olympiades-metiers-Bordeaux-2018-03-24.jpg","contentUrl":"https:\/\/batijournal.com\/wp-content\/uploads\/2018\/04\/Olympiades-metiers-Bordeaux-2018-03-24.jpg","width":1200,"height":1020,"caption":"olympiades-des-metiers"},{"@type":"BreadcrumbList","@id":"https:\/\/batijournal.com\/index.php\/olympiades-des-metiers\/99010\/#breadcrumb","itemListElement":[{"@type":"ListItem","position":1,"name":"Accueil","item":"https:\/\/batijournal.com\/"},{"@type":"ListItem","position":2,"name":"Actualit\u00e9s","item":"https:\/\/batijournal.com\/index.php\/category\/actualites\/"},{"@type":"ListItem","position":3,"name":"B\u00e9ton cr\u00e9atif pour les qualifications r\u00e9gionales des Olympiades des M\u00e9tiers"}]},{"@type":"WebSite","@id":"https:\/\/batijournal.com\/#website","url":"https:\/\/batijournal.com\/","name":"Batijournal","description":"L&#039;actualit\u00e9 du b\u00e2timent","potentialAction":[{"@type":"SearchAction","target":{"@type":"EntryPoint","urlTemplate":"https:\/\/batijournal.com\/?s={search_term_string}"},"query-input":{"@type":"PropertyValueSpecification","valueRequired":true,"valueName":"search_term_string"}}],"inLanguage":"fr-FR"},{"@type":"Person","@id":"https:\/\/batijournal.com\/#\/schema\/person\/1dc96ec6957aa1ccb25ebe78bb19f100","name":"St\u00e9phane Miget","image":{"@type":"ImageObject","inLanguage":"fr-FR","@id":"https:\/\/secure.gravatar.com\/avatar\/89915563d925342126b8ef0281b93d9d7fc337043e8df017f780908eb9644451?s=96&d=mm&r=g","url":"https:\/\/secure.gravatar.com\/avatar\/89915563d925342126b8ef0281b93d9d7fc337043e8df017f780908eb9644451?s=96&d=mm&r=g","contentUrl":"https:\/\/secure.gravatar.com\/avatar\/89915563d925342126b8ef0281b93d9d7fc337043e8df017f780908eb9644451?s=96&d=mm&r=g","caption":"St\u00e9phane Miget"},"url":"https:\/\/batijournal.com\/index.php\/author\/stephane\/"}]}},"_links":{"self":[{"href":"https:\/\/batijournal.com\/index.php\/wp-json\/wp\/v2\/posts\/99010","targetHints":{"allow":["GET"]}}],"collection":[{"href":"https:\/\/batijournal.com\/index.php\/wp-json\/wp\/v2\/posts"}],"about":[{"href":"https:\/\/batijournal.com\/index.php\/wp-json\/wp\/v2\/types\/post"}],"author":[{"embeddable":true,"href":"https:\/\/batijournal.com\/index.php\/wp-json\/wp\/v2\/users\/17"}],"replies":[{"embeddable":true,"href":"https:\/\/batijournal.com\/index.php\/wp-json\/wp\/v2\/comments?post=99010"}],"version-history":[{"count":0,"href":"https:\/\/batijournal.com\/index.php\/wp-json\/wp\/v2\/posts\/99010\/revisions"}],"wp:featuredmedia":[{"embeddable":true,"href":"https:\/\/batijournal.com\/index.php\/wp-json\/wp\/v2\/media\/99011"}],"wp:attachment":[{"href":"https:\/\/batijournal.com\/index.php\/wp-json\/wp\/v2\/media?parent=99010"}],"wp:term":[{"taxonomy":"category","embeddable":true,"href":"https:\/\/batijournal.com\/index.php\/wp-json\/wp\/v2\/categories?post=99010"},{"taxonomy":"post_tag","embeddable":true,"href":"https:\/\/batijournal.com\/index.php\/wp-json\/wp\/v2\/tags?post=99010"}],"curies":[{"name":"wp","href":"https:\/\/api.w.org\/{rel}","templated":true}]}}