{"id":99014,"date":"2018-04-26T08:51:15","date_gmt":"2018-04-26T06:51:15","guid":{"rendered":"http:\/\/batijournal.com\/?p=99014"},"modified":"2019-07-15T12:13:02","modified_gmt":"2019-07-15T10:13:02","slug":"robert-dollat-elu-president-de-lufme","status":"publish","type":"post","link":"https:\/\/batijournal.com\/index.php\/robert-dollat-elu-president-de-lufme\/99014\/","title":{"rendered":"Robert DOLLAT \u00e9lu Pr\u00e9sident de l&rsquo;UFME"},"content":{"rendered":"<p>L&rsquo;UFME (Union des Fabricants de Menuiseries) annonce l&rsquo;\u00e9lection de Robert DOLLAT au mandat de Pr\u00e9sident. Membre de l&rsquo;organisation professionnelle des portes et des fen\u00eatres depuis sa cr\u00e9ation, membre du CA et du Bureau depuis 2009, tr\u00e9sorier depuis 2013, il succ\u00e8de \u00e0 Patrick BOUVET, qui occupait ces fonctions depuis 2014. Elu par les membres du Conseil d&rsquo;Administration de l&rsquo;UFME, au cours du Conseil d&rsquo;Administration Extraordinaire du 19 avril 2018, Robert DOLLAT souhaite conduire sa feuille de route dans la ligne \u00e9tablie par son pr\u00e9d\u00e9cesseur ces quatre derni\u00e8res ann\u00e9es. Ing\u00e9nieur chimiste de formation, titulaire d&rsquo;une ma\u00eetrise de sciences et d&rsquo;un AEA de chimie des hauts polym\u00e8res, il a effectu\u00e9 une carri\u00e8re de plus de 20 ans au sein du groupe Saint Gobain avant de rejoindre l&rsquo;entreprise Les Zelles en 2006, en tant que Directeur, puis promu \u00e0 la Pr\u00e9sidence de la soci\u00e9t\u00e9, en 2008.<\/p>\n","protected":false},"excerpt":{"rendered":"<p>L&rsquo;UFME (Union des Fabricants de Menuiseries) annonce l&rsquo;\u00e9lection de Robert DOLLAT au mandat de Pr\u00e9sident. Membre de l&rsquo;organisation professionnelle des portes et des fen\u00eatres depuis sa cr\u00e9ation, membre du CA et du Bureau depuis 2009, tr\u00e9sorier depuis 2013, il succ\u00e8de \u00e0 Patrick BOUVET, qui occupait ces fonctions depuis 2014. Elu par les membres du Conseil [&hellip;]<\/p>\n","protected":false},"author":17,"featured_media":99015,"comment_status":"closed","ping_status":"closed","sticky":false,"template":"","format":"standard","meta":{"_et_pb_use_builder":"","_et_pb_old_content":"","_et_gb_content_width":"","footnotes":""},"categories":[10530,6345,10771,10776],"tags":[2500],"class_list":["post-99014","post","type-post","status-publish","format-standard","has-post-thumbnail","hentry","category-actualites","category-economie-marches","category-5facades","category-nouvelles-tetes-5facades","tag-ufme"],"yoast_head":"<!-- This site is optimized with the Yoast SEO plugin v27.4 - https:\/\/yoast.com\/product\/yoast-seo-wordpress\/ -->\n<title>l&#039;UFME a \u00e9lu son nouveau pr\u00e9sident : Robert Dollat<\/title>\n<meta name=\"description\" content=\"L&#039;UFME (Union des Fabricants de Menuiseries) annonce l&#039;\u00e9lection de Robert DOLLAT au mandat de Pr\u00e9sident. D\u00e9couvrez son portrait...\" \/>\n<meta name=\"robots\" content=\"index, follow, max-snippet:-1, max-image-preview:large, max-video-preview:-1\" \/>\n<link rel=\"canonical\" href=\"https:\/\/batijournal.com\/index.php\/robert-dollat-elu-president-de-lufme\/99014\/\" \/>\n<meta property=\"og:locale\" content=\"fr_FR\" \/>\n<meta property=\"og:type\" content=\"article\" \/>\n<meta property=\"og:title\" content=\"l&#039;UFME a \u00e9lu son nouveau pr\u00e9sident : Robert Dollat\" \/>\n<meta property=\"og:description\" content=\"L&#039;UFME (Union des Fabricants de Menuiseries) annonce l&#039;\u00e9lection de Robert DOLLAT au mandat de Pr\u00e9sident. D\u00e9couvrez son portrait...\" \/>\n<meta property=\"og:url\" content=\"https:\/\/batijournal.com\/index.php\/robert-dollat-elu-president-de-lufme\/99014\/\" \/>\n<meta property=\"og:site_name\" content=\"Batijournal\" \/>\n<meta property=\"article:published_time\" content=\"2018-04-26T06:51:15+00:00\" \/>\n<meta property=\"article:modified_time\" content=\"2019-07-15T10:13:02+00:00\" \/>\n<meta property=\"og:image\" content=\"https:\/\/batijournal.com\/wp-content\/uploads\/2018\/04\/R_Dollat_UFME.jpg\" \/>\n\t<meta property=\"og:image:width\" content=\"1200\" \/>\n\t<meta property=\"og:image:height\" content=\"858\" \/>\n\t<meta property=\"og:image:type\" content=\"image\/jpeg\" \/>\n<meta name=\"author\" content=\"St\u00e9phane Miget\" \/>\n<meta name=\"twitter:card\" content=\"summary_large_image\" \/>\n<meta name=\"twitter:creator\" content=\"@bati_journal\" \/>\n<meta name=\"twitter:site\" content=\"@bati_journal\" \/>\n<meta name=\"twitter:label1\" content=\"\u00c9crit par\" \/>\n\t<meta name=\"twitter:data1\" content=\"St\u00e9phane Miget\" \/>\n\t<meta name=\"twitter:label2\" content=\"Dur\u00e9e de lecture estim\u00e9e\" \/>\n\t<meta name=\"twitter:data2\" content=\"1 minute\" \/>\n<script type=\"application\/ld+json\" class=\"yoast-schema-graph\">{\"@context\":\"https:\\\/\\\/schema.org\",\"@graph\":[{\"@type\":\"Article\",\"@id\":\"https:\\\/\\\/batijournal.com\\\/index.php\\\/robert-dollat-elu-president-de-lufme\\\/99014\\\/#article\",\"isPartOf\":{\"@id\":\"https:\\\/\\\/batijournal.com\\\/index.php\\\/robert-dollat-elu-president-de-lufme\\\/99014\\\/\"},\"author\":{\"name\":\"St\u00e9phane Miget\",\"@id\":\"https:\\\/\\\/batijournal.com\\\/#\\\/schema\\\/person\\\/1dc96ec6957aa1ccb25ebe78bb19f100\"},\"headline\":\"Robert DOLLAT \u00e9lu Pr\u00e9sident de l&rsquo;UFME\",\"datePublished\":\"2018-04-26T06:51:15+00:00\",\"dateModified\":\"2019-07-15T10:13:02+00:00\",\"mainEntityOfPage\":{\"@id\":\"https:\\\/\\\/batijournal.com\\\/index.php\\\/robert-dollat-elu-president-de-lufme\\\/99014\\\/\"},\"wordCount\":164,\"image\":{\"@id\":\"https:\\\/\\\/batijournal.com\\\/index.php\\\/robert-dollat-elu-president-de-lufme\\\/99014\\\/#primaryimage\"},\"thumbnailUrl\":\"https:\\\/\\\/batijournal.com\\\/wp-content\\\/uploads\\\/2018\\\/04\\\/R_Dollat_UFME.jpg\",\"keywords\":[\"UFME\"],\"articleSection\":[\"Actualit\u00e9s\",\"\u00c9conomie &amp; March\u00e9s\",\"zz_5fa\u00e7ades\",\"zz_Nouvelles t\u00eates - 5fa\u00e7ades\"],\"inLanguage\":\"fr-FR\"},{\"@type\":\"WebPage\",\"@id\":\"https:\\\/\\\/batijournal.com\\\/index.php\\\/robert-dollat-elu-president-de-lufme\\\/99014\\\/\",\"url\":\"https:\\\/\\\/batijournal.com\\\/index.php\\\/robert-dollat-elu-president-de-lufme\\\/99014\\\/\",\"name\":\"l'UFME a \u00e9lu son nouveau pr\u00e9sident : Robert Dollat\",\"isPartOf\":{\"@id\":\"https:\\\/\\\/batijournal.com\\\/#website\"},\"primaryImageOfPage\":{\"@id\":\"https:\\\/\\\/batijournal.com\\\/index.php\\\/robert-dollat-elu-president-de-lufme\\\/99014\\\/#primaryimage\"},\"image\":{\"@id\":\"https:\\\/\\\/batijournal.com\\\/index.php\\\/robert-dollat-elu-president-de-lufme\\\/99014\\\/#primaryimage\"},\"thumbnailUrl\":\"https:\\\/\\\/batijournal.com\\\/wp-content\\\/uploads\\\/2018\\\/04\\\/R_Dollat_UFME.jpg\",\"datePublished\":\"2018-04-26T06:51:15+00:00\",\"dateModified\":\"2019-07-15T10:13:02+00:00\",\"author\":{\"@id\":\"https:\\\/\\\/batijournal.com\\\/#\\\/schema\\\/person\\\/1dc96ec6957aa1ccb25ebe78bb19f100\"},\"description\":\"L'UFME (Union des Fabricants de Menuiseries) annonce l'\u00e9lection de Robert DOLLAT au mandat de Pr\u00e9sident. D\u00e9couvrez son portrait...\",\"breadcrumb\":{\"@id\":\"https:\\\/\\\/batijournal.com\\\/index.php\\\/robert-dollat-elu-president-de-lufme\\\/99014\\\/#breadcrumb\"},\"inLanguage\":\"fr-FR\",\"potentialAction\":[{\"@type\":\"ReadAction\",\"target\":[\"https:\\\/\\\/batijournal.com\\\/index.php\\\/robert-dollat-elu-president-de-lufme\\\/99014\\\/\"]}]},{\"@type\":\"ImageObject\",\"inLanguage\":\"fr-FR\",\"@id\":\"https:\\\/\\\/batijournal.com\\\/index.php\\\/robert-dollat-elu-president-de-lufme\\\/99014\\\/#primaryimage\",\"url\":\"https:\\\/\\\/batijournal.com\\\/wp-content\\\/uploads\\\/2018\\\/04\\\/R_Dollat_UFME.jpg\",\"contentUrl\":\"https:\\\/\\\/batijournal.com\\\/wp-content\\\/uploads\\\/2018\\\/04\\\/R_Dollat_UFME.jpg\",\"width\":1200,\"height\":858},{\"@type\":\"BreadcrumbList\",\"@id\":\"https:\\\/\\\/batijournal.com\\\/index.php\\\/robert-dollat-elu-president-de-lufme\\\/99014\\\/#breadcrumb\",\"itemListElement\":[{\"@type\":\"ListItem\",\"position\":1,\"name\":\"Accueil\",\"item\":\"https:\\\/\\\/batijournal.com\\\/\"},{\"@type\":\"ListItem\",\"position\":2,\"name\":\"Actualit\u00e9s\",\"item\":\"https:\\\/\\\/batijournal.com\\\/index.php\\\/category\\\/actualites\\\/\"},{\"@type\":\"ListItem\",\"position\":3,\"name\":\"Robert DOLLAT \u00e9lu Pr\u00e9sident de l&rsquo;UFME\"}]},{\"@type\":\"WebSite\",\"@id\":\"https:\\\/\\\/batijournal.com\\\/#website\",\"url\":\"https:\\\/\\\/batijournal.com\\\/\",\"name\":\"Batijournal\",\"description\":\"L&#039;actualit\u00e9 du b\u00e2timent\",\"potentialAction\":[{\"@type\":\"SearchAction\",\"target\":{\"@type\":\"EntryPoint\",\"urlTemplate\":\"https:\\\/\\\/batijournal.com\\\/?s={search_term_string}\"},\"query-input\":{\"@type\":\"PropertyValueSpecification\",\"valueRequired\":true,\"valueName\":\"search_term_string\"}}],\"inLanguage\":\"fr-FR\"},{\"@type\":\"Person\",\"@id\":\"https:\\\/\\\/batijournal.com\\\/#\\\/schema\\\/person\\\/1dc96ec6957aa1ccb25ebe78bb19f100\",\"name\":\"St\u00e9phane Miget\",\"image\":{\"@type\":\"ImageObject\",\"inLanguage\":\"fr-FR\",\"@id\":\"https:\\\/\\\/secure.gravatar.com\\\/avatar\\\/89915563d925342126b8ef0281b93d9d7fc337043e8df017f780908eb9644451?s=96&d=mm&r=g\",\"url\":\"https:\\\/\\\/secure.gravatar.com\\\/avatar\\\/89915563d925342126b8ef0281b93d9d7fc337043e8df017f780908eb9644451?s=96&d=mm&r=g\",\"contentUrl\":\"https:\\\/\\\/secure.gravatar.com\\\/avatar\\\/89915563d925342126b8ef0281b93d9d7fc337043e8df017f780908eb9644451?s=96&d=mm&r=g\",\"caption\":\"St\u00e9phane Miget\"},\"url\":\"https:\\\/\\\/batijournal.com\\\/index.php\\\/author\\\/stephane\\\/\"}]}<\/script>\n<!-- \/ Yoast SEO plugin. -->","yoast_head_json":{"title":"l'UFME a \u00e9lu son nouveau pr\u00e9sident : Robert Dollat","description":"L'UFME (Union des Fabricants de Menuiseries) annonce l'\u00e9lection de Robert DOLLAT au mandat de Pr\u00e9sident. D\u00e9couvrez son portrait...","robots":{"index":"index","follow":"follow","max-snippet":"max-snippet:-1","max-image-preview":"max-image-preview:large","max-video-preview":"max-video-preview:-1"},"canonical":"https:\/\/batijournal.com\/index.php\/robert-dollat-elu-president-de-lufme\/99014\/","og_locale":"fr_FR","og_type":"article","og_title":"l'UFME a \u00e9lu son nouveau pr\u00e9sident : Robert Dollat","og_description":"L'UFME (Union des Fabricants de Menuiseries) annonce l'\u00e9lection de Robert DOLLAT au mandat de Pr\u00e9sident. D\u00e9couvrez son portrait...","og_url":"https:\/\/batijournal.com\/index.php\/robert-dollat-elu-president-de-lufme\/99014\/","og_site_name":"Batijournal","article_published_time":"2018-04-26T06:51:15+00:00","article_modified_time":"2019-07-15T10:13:02+00:00","og_image":[{"width":1200,"height":858,"url":"https:\/\/batijournal.com\/wp-content\/uploads\/2018\/04\/R_Dollat_UFME.jpg","type":"image\/jpeg"}],"author":"St\u00e9phane Miget","twitter_card":"summary_large_image","twitter_creator":"@bati_journal","twitter_site":"@bati_journal","twitter_misc":{"\u00c9crit par":"St\u00e9phane Miget","Dur\u00e9e de lecture estim\u00e9e":"1 minute"},"schema":{"@context":"https:\/\/schema.org","@graph":[{"@type":"Article","@id":"https:\/\/batijournal.com\/index.php\/robert-dollat-elu-president-de-lufme\/99014\/#article","isPartOf":{"@id":"https:\/\/batijournal.com\/index.php\/robert-dollat-elu-president-de-lufme\/99014\/"},"author":{"name":"St\u00e9phane Miget","@id":"https:\/\/batijournal.com\/#\/schema\/person\/1dc96ec6957aa1ccb25ebe78bb19f100"},"headline":"Robert DOLLAT \u00e9lu Pr\u00e9sident de l&rsquo;UFME","datePublished":"2018-04-26T06:51:15+00:00","dateModified":"2019-07-15T10:13:02+00:00","mainEntityOfPage":{"@id":"https:\/\/batijournal.com\/index.php\/robert-dollat-elu-president-de-lufme\/99014\/"},"wordCount":164,"image":{"@id":"https:\/\/batijournal.com\/index.php\/robert-dollat-elu-president-de-lufme\/99014\/#primaryimage"},"thumbnailUrl":"https:\/\/batijournal.com\/wp-content\/uploads\/2018\/04\/R_Dollat_UFME.jpg","keywords":["UFME"],"articleSection":["Actualit\u00e9s","\u00c9conomie &amp; March\u00e9s","zz_5fa\u00e7ades","zz_Nouvelles t\u00eates - 5fa\u00e7ades"],"inLanguage":"fr-FR"},{"@type":"WebPage","@id":"https:\/\/batijournal.com\/index.php\/robert-dollat-elu-president-de-lufme\/99014\/","url":"https:\/\/batijournal.com\/index.php\/robert-dollat-elu-president-de-lufme\/99014\/","name":"l'UFME a \u00e9lu son nouveau pr\u00e9sident : Robert Dollat","isPartOf":{"@id":"https:\/\/batijournal.com\/#website"},"primaryImageOfPage":{"@id":"https:\/\/batijournal.com\/index.php\/robert-dollat-elu-president-de-lufme\/99014\/#primaryimage"},"image":{"@id":"https:\/\/batijournal.com\/index.php\/robert-dollat-elu-president-de-lufme\/99014\/#primaryimage"},"thumbnailUrl":"https:\/\/batijournal.com\/wp-content\/uploads\/2018\/04\/R_Dollat_UFME.jpg","datePublished":"2018-04-26T06:51:15+00:00","dateModified":"2019-07-15T10:13:02+00:00","author":{"@id":"https:\/\/batijournal.com\/#\/schema\/person\/1dc96ec6957aa1ccb25ebe78bb19f100"},"description":"L'UFME (Union des Fabricants de Menuiseries) annonce l'\u00e9lection de Robert DOLLAT au mandat de Pr\u00e9sident. D\u00e9couvrez son portrait...","breadcrumb":{"@id":"https:\/\/batijournal.com\/index.php\/robert-dollat-elu-president-de-lufme\/99014\/#breadcrumb"},"inLanguage":"fr-FR","potentialAction":[{"@type":"ReadAction","target":["https:\/\/batijournal.com\/index.php\/robert-dollat-elu-president-de-lufme\/99014\/"]}]},{"@type":"ImageObject","inLanguage":"fr-FR","@id":"https:\/\/batijournal.com\/index.php\/robert-dollat-elu-president-de-lufme\/99014\/#primaryimage","url":"https:\/\/batijournal.com\/wp-content\/uploads\/2018\/04\/R_Dollat_UFME.jpg","contentUrl":"https:\/\/batijournal.com\/wp-content\/uploads\/2018\/04\/R_Dollat_UFME.jpg","width":1200,"height":858},{"@type":"BreadcrumbList","@id":"https:\/\/batijournal.com\/index.php\/robert-dollat-elu-president-de-lufme\/99014\/#breadcrumb","itemListElement":[{"@type":"ListItem","position":1,"name":"Accueil","item":"https:\/\/batijournal.com\/"},{"@type":"ListItem","position":2,"name":"Actualit\u00e9s","item":"https:\/\/batijournal.com\/index.php\/category\/actualites\/"},{"@type":"ListItem","position":3,"name":"Robert DOLLAT \u00e9lu Pr\u00e9sident de l&rsquo;UFME"}]},{"@type":"WebSite","@id":"https:\/\/batijournal.com\/#website","url":"https:\/\/batijournal.com\/","name":"Batijournal","description":"L&#039;actualit\u00e9 du b\u00e2timent","potentialAction":[{"@type":"SearchAction","target":{"@type":"EntryPoint","urlTemplate":"https:\/\/batijournal.com\/?s={search_term_string}"},"query-input":{"@type":"PropertyValueSpecification","valueRequired":true,"valueName":"search_term_string"}}],"inLanguage":"fr-FR"},{"@type":"Person","@id":"https:\/\/batijournal.com\/#\/schema\/person\/1dc96ec6957aa1ccb25ebe78bb19f100","name":"St\u00e9phane Miget","image":{"@type":"ImageObject","inLanguage":"fr-FR","@id":"https:\/\/secure.gravatar.com\/avatar\/89915563d925342126b8ef0281b93d9d7fc337043e8df017f780908eb9644451?s=96&d=mm&r=g","url":"https:\/\/secure.gravatar.com\/avatar\/89915563d925342126b8ef0281b93d9d7fc337043e8df017f780908eb9644451?s=96&d=mm&r=g","contentUrl":"https:\/\/secure.gravatar.com\/avatar\/89915563d925342126b8ef0281b93d9d7fc337043e8df017f780908eb9644451?s=96&d=mm&r=g","caption":"St\u00e9phane Miget"},"url":"https:\/\/batijournal.com\/index.php\/author\/stephane\/"}]}},"_links":{"self":[{"href":"https:\/\/batijournal.com\/index.php\/wp-json\/wp\/v2\/posts\/99014","targetHints":{"allow":["GET"]}}],"collection":[{"href":"https:\/\/batijournal.com\/index.php\/wp-json\/wp\/v2\/posts"}],"about":[{"href":"https:\/\/batijournal.com\/index.php\/wp-json\/wp\/v2\/types\/post"}],"author":[{"embeddable":true,"href":"https:\/\/batijournal.com\/index.php\/wp-json\/wp\/v2\/users\/17"}],"replies":[{"embeddable":true,"href":"https:\/\/batijournal.com\/index.php\/wp-json\/wp\/v2\/comments?post=99014"}],"version-history":[{"count":0,"href":"https:\/\/batijournal.com\/index.php\/wp-json\/wp\/v2\/posts\/99014\/revisions"}],"wp:featuredmedia":[{"embeddable":true,"href":"https:\/\/batijournal.com\/index.php\/wp-json\/wp\/v2\/media\/99015"}],"wp:attachment":[{"href":"https:\/\/batijournal.com\/index.php\/wp-json\/wp\/v2\/media?parent=99014"}],"wp:term":[{"taxonomy":"category","embeddable":true,"href":"https:\/\/batijournal.com\/index.php\/wp-json\/wp\/v2\/categories?post=99014"},{"taxonomy":"post_tag","embeddable":true,"href":"https:\/\/batijournal.com\/index.php\/wp-json\/wp\/v2\/tags?post=99014"}],"curies":[{"name":"wp","href":"https:\/\/api.w.org\/{rel}","templated":true}]}}