{"id":99026,"date":"2018-05-02T07:49:23","date_gmt":"2018-05-02T05:49:23","guid":{"rendered":"http:\/\/batijournal.com\/?p=99026"},"modified":"2019-07-15T12:13:01","modified_gmt":"2019-07-15T10:13:01","slug":"frenehard-michaux-acquisition-groupe-syam","status":"publish","type":"post","link":"https:\/\/batijournal.com\/index.php\/frenehard-michaux-acquisition-groupe-syam\/99026\/","title":{"rendered":"Travail en hauteur : Fr\u00e9n\u00e9hard &#038; Michaux fait l\u2019acquisition du groupe Syam"},"content":{"rendered":"<p>Un an et demi apr\u00e8s l\u2019int\u00e9gration de Tubesca-Comabi, le Groupe fran\u00e7ais Fr\u00e9n\u00e9hard &amp; Michaux poursuit sa croissance externe en faisant l\u2019acquisition le 29 mars 2018 des soci\u00e9t\u00e9s du Groupe Syam, qui commercialisent une solution particuli\u00e8rement innovante dans le domaine de la pr\u00e9vention des chutes de hauteur. Le march\u00e9 de la protection antichute est en forte croissance, port\u00e9e par un environnement r\u00e8glementaire de plus en plus exigeant et un v\u00e9ritable changement des mentalit\u00e9s. La strat\u00e9gie du Groupe Fr\u00e9n\u00e9hard &amp; Michaux consiste \u00e0 compl\u00e9ter l\u2019offre de produits et services pour que chaque probl\u00e9matique de s\u00e9curisation du travail en hauteur trouve une solution, \u00e0 renforcer la compl\u00e9mentarit\u00e9 naturelle de ses marques Fr\u00e9n\u00e9hard, Securigard, Tubesca, Comabi et d\u00e9sormais Syam. Commercialis\u00e9 depuis 2007, le SYAM, innovation mondiale et brevet\u00e9e, est un point d\u2019ancrage transportable qui permet de travailler au contact du vide en toute s\u00e9curit\u00e9. Il fournit un point d\u2019ancrage en hauteur interdisant ainsi tout risque de chute contrairement \u00e0 un point d\u2019attache situ\u00e9 en dessous de l\u2019op\u00e9rateur. Ce mat\u00e9riel mobile se transporte dans un sac \u00e0 dos et se d\u00e9ploie sur le lieu d\u2019intervention \u00e0 l\u2019int\u00e9rieur, en moins de deux minutes, en prenant appui au sol et de part et d\u2019autre de l\u2019ouverture contre les murs.<\/p>\n","protected":false},"excerpt":{"rendered":"<p>Un an et demi apr\u00e8s l\u2019int\u00e9gration de Tubesca-Comabi, le Groupe fran\u00e7ais Fr\u00e9n\u00e9hard &amp; Michaux poursuit sa croissance externe en faisant l\u2019acquisition le 29 mars 2018 des soci\u00e9t\u00e9s du Groupe Syam, qui commercialisent une solution particuli\u00e8rement innovante dans le domaine de la pr\u00e9vention des chutes de hauteur. Le march\u00e9 de la protection antichute est en forte [&hellip;]<\/p>\n","protected":false},"author":17,"featured_media":99027,"comment_status":"closed","ping_status":"closed","sticky":false,"template":"","format":"standard","meta":{"_et_pb_use_builder":"","_et_pb_old_content":"","_et_gb_content_width":"","footnotes":""},"categories":[10530,6345,10771,10785,10787],"tags":[1510],"class_list":["post-99026","post","type-post","status-publish","format-standard","has-post-thumbnail","hentry","category-actualites","category-economie-marches","category-5facades","category-atrium","category-entreprises-et-chantiers","tag-echafaudage"],"yoast_head":"<!-- This site is optimized with the Yoast SEO plugin v27.4 - https:\/\/yoast.com\/product\/yoast-seo-wordpress\/ -->\n<title>Fr\u00e9n\u00e9hard &amp; Michaux fait l\u2019acquisition du groupe Syam<\/title>\n<meta name=\"description\" content=\"Le Groupe fran\u00e7ais Fr\u00e9n\u00e9hard &amp; Michaux poursuit sa croissance externe en faisant l\u2019acquisition le 29 mars 2018 des soci\u00e9t\u00e9s du Groupe Syam\" \/>\n<meta name=\"robots\" content=\"index, follow, max-snippet:-1, max-image-preview:large, max-video-preview:-1\" \/>\n<link rel=\"canonical\" href=\"https:\/\/batijournal.com\/index.php\/frenehard-michaux-acquisition-groupe-syam\/99026\/\" \/>\n<meta property=\"og:locale\" content=\"fr_FR\" \/>\n<meta property=\"og:type\" content=\"article\" \/>\n<meta property=\"og:title\" content=\"Fr\u00e9n\u00e9hard &amp; Michaux fait l\u2019acquisition du groupe Syam\" \/>\n<meta property=\"og:description\" content=\"Le Groupe fran\u00e7ais Fr\u00e9n\u00e9hard &amp; Michaux poursuit sa croissance externe en faisant l\u2019acquisition le 29 mars 2018 des soci\u00e9t\u00e9s du Groupe Syam\" \/>\n<meta property=\"og:url\" content=\"https:\/\/batijournal.com\/index.php\/frenehard-michaux-acquisition-groupe-syam\/99026\/\" \/>\n<meta property=\"og:site_name\" content=\"Batijournal\" \/>\n<meta property=\"article:published_time\" content=\"2018-05-02T05:49:23+00:00\" \/>\n<meta property=\"article:modified_time\" content=\"2019-07-15T10:13:01+00:00\" \/>\n<meta property=\"og:image\" content=\"https:\/\/batijournal.com\/wp-content\/uploads\/2018\/05\/syam-systeme-d-ancrage-mobile.jpg\" \/>\n\t<meta property=\"og:image:width\" content=\"820\" \/>\n\t<meta property=\"og:image:height\" content=\"650\" \/>\n\t<meta property=\"og:image:type\" content=\"image\/jpeg\" \/>\n<meta name=\"author\" content=\"St\u00e9phane Miget\" \/>\n<meta name=\"twitter:card\" content=\"summary_large_image\" \/>\n<meta name=\"twitter:creator\" content=\"@bati_journal\" \/>\n<meta name=\"twitter:site\" content=\"@bati_journal\" \/>\n<meta name=\"twitter:label1\" content=\"\u00c9crit par\" \/>\n\t<meta name=\"twitter:data1\" content=\"St\u00e9phane Miget\" \/>\n\t<meta name=\"twitter:label2\" content=\"Dur\u00e9e de lecture estim\u00e9e\" \/>\n\t<meta name=\"twitter:data2\" content=\"1 minute\" \/>\n<script type=\"application\/ld+json\" class=\"yoast-schema-graph\">{\"@context\":\"https:\\\/\\\/schema.org\",\"@graph\":[{\"@type\":\"Article\",\"@id\":\"https:\\\/\\\/batijournal.com\\\/index.php\\\/frenehard-michaux-acquisition-groupe-syam\\\/99026\\\/#article\",\"isPartOf\":{\"@id\":\"https:\\\/\\\/batijournal.com\\\/index.php\\\/frenehard-michaux-acquisition-groupe-syam\\\/99026\\\/\"},\"author\":{\"name\":\"St\u00e9phane Miget\",\"@id\":\"https:\\\/\\\/batijournal.com\\\/#\\\/schema\\\/person\\\/1dc96ec6957aa1ccb25ebe78bb19f100\"},\"headline\":\"Travail en hauteur : Fr\u00e9n\u00e9hard &#038; Michaux fait l\u2019acquisition du groupe Syam\",\"datePublished\":\"2018-05-02T05:49:23+00:00\",\"dateModified\":\"2019-07-15T10:13:01+00:00\",\"mainEntityOfPage\":{\"@id\":\"https:\\\/\\\/batijournal.com\\\/index.php\\\/frenehard-michaux-acquisition-groupe-syam\\\/99026\\\/\"},\"wordCount\":247,\"image\":{\"@id\":\"https:\\\/\\\/batijournal.com\\\/index.php\\\/frenehard-michaux-acquisition-groupe-syam\\\/99026\\\/#primaryimage\"},\"thumbnailUrl\":\"https:\\\/\\\/batijournal.com\\\/wp-content\\\/uploads\\\/2018\\\/05\\\/syam-systeme-d-ancrage-mobile.jpg\",\"keywords\":[\"echafaudage\"],\"articleSection\":[\"Actualit\u00e9s\",\"\u00c9conomie &amp; March\u00e9s\",\"zz_5fa\u00e7ades\",\"zz_Atrium Patrimoine\",\"zz_Entreprises et chantiers - AC\"],\"inLanguage\":\"fr-FR\"},{\"@type\":\"WebPage\",\"@id\":\"https:\\\/\\\/batijournal.com\\\/index.php\\\/frenehard-michaux-acquisition-groupe-syam\\\/99026\\\/\",\"url\":\"https:\\\/\\\/batijournal.com\\\/index.php\\\/frenehard-michaux-acquisition-groupe-syam\\\/99026\\\/\",\"name\":\"Fr\u00e9n\u00e9hard & Michaux fait l\u2019acquisition du groupe Syam\",\"isPartOf\":{\"@id\":\"https:\\\/\\\/batijournal.com\\\/#website\"},\"primaryImageOfPage\":{\"@id\":\"https:\\\/\\\/batijournal.com\\\/index.php\\\/frenehard-michaux-acquisition-groupe-syam\\\/99026\\\/#primaryimage\"},\"image\":{\"@id\":\"https:\\\/\\\/batijournal.com\\\/index.php\\\/frenehard-michaux-acquisition-groupe-syam\\\/99026\\\/#primaryimage\"},\"thumbnailUrl\":\"https:\\\/\\\/batijournal.com\\\/wp-content\\\/uploads\\\/2018\\\/05\\\/syam-systeme-d-ancrage-mobile.jpg\",\"datePublished\":\"2018-05-02T05:49:23+00:00\",\"dateModified\":\"2019-07-15T10:13:01+00:00\",\"author\":{\"@id\":\"https:\\\/\\\/batijournal.com\\\/#\\\/schema\\\/person\\\/1dc96ec6957aa1ccb25ebe78bb19f100\"},\"description\":\"Le Groupe fran\u00e7ais Fr\u00e9n\u00e9hard & Michaux poursuit sa croissance externe en faisant l\u2019acquisition le 29 mars 2018 des soci\u00e9t\u00e9s du Groupe Syam\",\"breadcrumb\":{\"@id\":\"https:\\\/\\\/batijournal.com\\\/index.php\\\/frenehard-michaux-acquisition-groupe-syam\\\/99026\\\/#breadcrumb\"},\"inLanguage\":\"fr-FR\",\"potentialAction\":[{\"@type\":\"ReadAction\",\"target\":[\"https:\\\/\\\/batijournal.com\\\/index.php\\\/frenehard-michaux-acquisition-groupe-syam\\\/99026\\\/\"]}]},{\"@type\":\"ImageObject\",\"inLanguage\":\"fr-FR\",\"@id\":\"https:\\\/\\\/batijournal.com\\\/index.php\\\/frenehard-michaux-acquisition-groupe-syam\\\/99026\\\/#primaryimage\",\"url\":\"https:\\\/\\\/batijournal.com\\\/wp-content\\\/uploads\\\/2018\\\/05\\\/syam-systeme-d-ancrage-mobile.jpg\",\"contentUrl\":\"https:\\\/\\\/batijournal.com\\\/wp-content\\\/uploads\\\/2018\\\/05\\\/syam-systeme-d-ancrage-mobile.jpg\",\"width\":820,\"height\":650,\"caption\":\"frenehard-michaux-acquisition-groupe-syam\"},{\"@type\":\"BreadcrumbList\",\"@id\":\"https:\\\/\\\/batijournal.com\\\/index.php\\\/frenehard-michaux-acquisition-groupe-syam\\\/99026\\\/#breadcrumb\",\"itemListElement\":[{\"@type\":\"ListItem\",\"position\":1,\"name\":\"Accueil\",\"item\":\"https:\\\/\\\/batijournal.com\\\/\"},{\"@type\":\"ListItem\",\"position\":2,\"name\":\"Actualit\u00e9s\",\"item\":\"https:\\\/\\\/batijournal.com\\\/index.php\\\/category\\\/actualites\\\/\"},{\"@type\":\"ListItem\",\"position\":3,\"name\":\"Travail en hauteur : Fr\u00e9n\u00e9hard &#038; Michaux fait l\u2019acquisition du groupe Syam\"}]},{\"@type\":\"WebSite\",\"@id\":\"https:\\\/\\\/batijournal.com\\\/#website\",\"url\":\"https:\\\/\\\/batijournal.com\\\/\",\"name\":\"Batijournal\",\"description\":\"L&#039;actualit\u00e9 du b\u00e2timent\",\"potentialAction\":[{\"@type\":\"SearchAction\",\"target\":{\"@type\":\"EntryPoint\",\"urlTemplate\":\"https:\\\/\\\/batijournal.com\\\/?s={search_term_string}\"},\"query-input\":{\"@type\":\"PropertyValueSpecification\",\"valueRequired\":true,\"valueName\":\"search_term_string\"}}],\"inLanguage\":\"fr-FR\"},{\"@type\":\"Person\",\"@id\":\"https:\\\/\\\/batijournal.com\\\/#\\\/schema\\\/person\\\/1dc96ec6957aa1ccb25ebe78bb19f100\",\"name\":\"St\u00e9phane Miget\",\"image\":{\"@type\":\"ImageObject\",\"inLanguage\":\"fr-FR\",\"@id\":\"https:\\\/\\\/secure.gravatar.com\\\/avatar\\\/89915563d925342126b8ef0281b93d9d7fc337043e8df017f780908eb9644451?s=96&d=mm&r=g\",\"url\":\"https:\\\/\\\/secure.gravatar.com\\\/avatar\\\/89915563d925342126b8ef0281b93d9d7fc337043e8df017f780908eb9644451?s=96&d=mm&r=g\",\"contentUrl\":\"https:\\\/\\\/secure.gravatar.com\\\/avatar\\\/89915563d925342126b8ef0281b93d9d7fc337043e8df017f780908eb9644451?s=96&d=mm&r=g\",\"caption\":\"St\u00e9phane Miget\"},\"url\":\"https:\\\/\\\/batijournal.com\\\/index.php\\\/author\\\/stephane\\\/\"}]}<\/script>\n<!-- \/ Yoast SEO plugin. -->","yoast_head_json":{"title":"Fr\u00e9n\u00e9hard & Michaux fait l\u2019acquisition du groupe Syam","description":"Le Groupe fran\u00e7ais Fr\u00e9n\u00e9hard & Michaux poursuit sa croissance externe en faisant l\u2019acquisition le 29 mars 2018 des soci\u00e9t\u00e9s du Groupe Syam","robots":{"index":"index","follow":"follow","max-snippet":"max-snippet:-1","max-image-preview":"max-image-preview:large","max-video-preview":"max-video-preview:-1"},"canonical":"https:\/\/batijournal.com\/index.php\/frenehard-michaux-acquisition-groupe-syam\/99026\/","og_locale":"fr_FR","og_type":"article","og_title":"Fr\u00e9n\u00e9hard & Michaux fait l\u2019acquisition du groupe Syam","og_description":"Le Groupe fran\u00e7ais Fr\u00e9n\u00e9hard & Michaux poursuit sa croissance externe en faisant l\u2019acquisition le 29 mars 2018 des soci\u00e9t\u00e9s du Groupe Syam","og_url":"https:\/\/batijournal.com\/index.php\/frenehard-michaux-acquisition-groupe-syam\/99026\/","og_site_name":"Batijournal","article_published_time":"2018-05-02T05:49:23+00:00","article_modified_time":"2019-07-15T10:13:01+00:00","og_image":[{"width":820,"height":650,"url":"https:\/\/batijournal.com\/wp-content\/uploads\/2018\/05\/syam-systeme-d-ancrage-mobile.jpg","type":"image\/jpeg"}],"author":"St\u00e9phane Miget","twitter_card":"summary_large_image","twitter_creator":"@bati_journal","twitter_site":"@bati_journal","twitter_misc":{"\u00c9crit par":"St\u00e9phane Miget","Dur\u00e9e de lecture estim\u00e9e":"1 minute"},"schema":{"@context":"https:\/\/schema.org","@graph":[{"@type":"Article","@id":"https:\/\/batijournal.com\/index.php\/frenehard-michaux-acquisition-groupe-syam\/99026\/#article","isPartOf":{"@id":"https:\/\/batijournal.com\/index.php\/frenehard-michaux-acquisition-groupe-syam\/99026\/"},"author":{"name":"St\u00e9phane Miget","@id":"https:\/\/batijournal.com\/#\/schema\/person\/1dc96ec6957aa1ccb25ebe78bb19f100"},"headline":"Travail en hauteur : Fr\u00e9n\u00e9hard &#038; Michaux fait l\u2019acquisition du groupe Syam","datePublished":"2018-05-02T05:49:23+00:00","dateModified":"2019-07-15T10:13:01+00:00","mainEntityOfPage":{"@id":"https:\/\/batijournal.com\/index.php\/frenehard-michaux-acquisition-groupe-syam\/99026\/"},"wordCount":247,"image":{"@id":"https:\/\/batijournal.com\/index.php\/frenehard-michaux-acquisition-groupe-syam\/99026\/#primaryimage"},"thumbnailUrl":"https:\/\/batijournal.com\/wp-content\/uploads\/2018\/05\/syam-systeme-d-ancrage-mobile.jpg","keywords":["echafaudage"],"articleSection":["Actualit\u00e9s","\u00c9conomie &amp; March\u00e9s","zz_5fa\u00e7ades","zz_Atrium Patrimoine","zz_Entreprises et chantiers - AC"],"inLanguage":"fr-FR"},{"@type":"WebPage","@id":"https:\/\/batijournal.com\/index.php\/frenehard-michaux-acquisition-groupe-syam\/99026\/","url":"https:\/\/batijournal.com\/index.php\/frenehard-michaux-acquisition-groupe-syam\/99026\/","name":"Fr\u00e9n\u00e9hard & Michaux fait l\u2019acquisition du groupe Syam","isPartOf":{"@id":"https:\/\/batijournal.com\/#website"},"primaryImageOfPage":{"@id":"https:\/\/batijournal.com\/index.php\/frenehard-michaux-acquisition-groupe-syam\/99026\/#primaryimage"},"image":{"@id":"https:\/\/batijournal.com\/index.php\/frenehard-michaux-acquisition-groupe-syam\/99026\/#primaryimage"},"thumbnailUrl":"https:\/\/batijournal.com\/wp-content\/uploads\/2018\/05\/syam-systeme-d-ancrage-mobile.jpg","datePublished":"2018-05-02T05:49:23+00:00","dateModified":"2019-07-15T10:13:01+00:00","author":{"@id":"https:\/\/batijournal.com\/#\/schema\/person\/1dc96ec6957aa1ccb25ebe78bb19f100"},"description":"Le Groupe fran\u00e7ais Fr\u00e9n\u00e9hard & Michaux poursuit sa croissance externe en faisant l\u2019acquisition le 29 mars 2018 des soci\u00e9t\u00e9s du Groupe Syam","breadcrumb":{"@id":"https:\/\/batijournal.com\/index.php\/frenehard-michaux-acquisition-groupe-syam\/99026\/#breadcrumb"},"inLanguage":"fr-FR","potentialAction":[{"@type":"ReadAction","target":["https:\/\/batijournal.com\/index.php\/frenehard-michaux-acquisition-groupe-syam\/99026\/"]}]},{"@type":"ImageObject","inLanguage":"fr-FR","@id":"https:\/\/batijournal.com\/index.php\/frenehard-michaux-acquisition-groupe-syam\/99026\/#primaryimage","url":"https:\/\/batijournal.com\/wp-content\/uploads\/2018\/05\/syam-systeme-d-ancrage-mobile.jpg","contentUrl":"https:\/\/batijournal.com\/wp-content\/uploads\/2018\/05\/syam-systeme-d-ancrage-mobile.jpg","width":820,"height":650,"caption":"frenehard-michaux-acquisition-groupe-syam"},{"@type":"BreadcrumbList","@id":"https:\/\/batijournal.com\/index.php\/frenehard-michaux-acquisition-groupe-syam\/99026\/#breadcrumb","itemListElement":[{"@type":"ListItem","position":1,"name":"Accueil","item":"https:\/\/batijournal.com\/"},{"@type":"ListItem","position":2,"name":"Actualit\u00e9s","item":"https:\/\/batijournal.com\/index.php\/category\/actualites\/"},{"@type":"ListItem","position":3,"name":"Travail en hauteur : Fr\u00e9n\u00e9hard &#038; Michaux fait l\u2019acquisition du groupe Syam"}]},{"@type":"WebSite","@id":"https:\/\/batijournal.com\/#website","url":"https:\/\/batijournal.com\/","name":"Batijournal","description":"L&#039;actualit\u00e9 du b\u00e2timent","potentialAction":[{"@type":"SearchAction","target":{"@type":"EntryPoint","urlTemplate":"https:\/\/batijournal.com\/?s={search_term_string}"},"query-input":{"@type":"PropertyValueSpecification","valueRequired":true,"valueName":"search_term_string"}}],"inLanguage":"fr-FR"},{"@type":"Person","@id":"https:\/\/batijournal.com\/#\/schema\/person\/1dc96ec6957aa1ccb25ebe78bb19f100","name":"St\u00e9phane Miget","image":{"@type":"ImageObject","inLanguage":"fr-FR","@id":"https:\/\/secure.gravatar.com\/avatar\/89915563d925342126b8ef0281b93d9d7fc337043e8df017f780908eb9644451?s=96&d=mm&r=g","url":"https:\/\/secure.gravatar.com\/avatar\/89915563d925342126b8ef0281b93d9d7fc337043e8df017f780908eb9644451?s=96&d=mm&r=g","contentUrl":"https:\/\/secure.gravatar.com\/avatar\/89915563d925342126b8ef0281b93d9d7fc337043e8df017f780908eb9644451?s=96&d=mm&r=g","caption":"St\u00e9phane Miget"},"url":"https:\/\/batijournal.com\/index.php\/author\/stephane\/"}]}},"_links":{"self":[{"href":"https:\/\/batijournal.com\/index.php\/wp-json\/wp\/v2\/posts\/99026","targetHints":{"allow":["GET"]}}],"collection":[{"href":"https:\/\/batijournal.com\/index.php\/wp-json\/wp\/v2\/posts"}],"about":[{"href":"https:\/\/batijournal.com\/index.php\/wp-json\/wp\/v2\/types\/post"}],"author":[{"embeddable":true,"href":"https:\/\/batijournal.com\/index.php\/wp-json\/wp\/v2\/users\/17"}],"replies":[{"embeddable":true,"href":"https:\/\/batijournal.com\/index.php\/wp-json\/wp\/v2\/comments?post=99026"}],"version-history":[{"count":0,"href":"https:\/\/batijournal.com\/index.php\/wp-json\/wp\/v2\/posts\/99026\/revisions"}],"wp:featuredmedia":[{"embeddable":true,"href":"https:\/\/batijournal.com\/index.php\/wp-json\/wp\/v2\/media\/99027"}],"wp:attachment":[{"href":"https:\/\/batijournal.com\/index.php\/wp-json\/wp\/v2\/media?parent=99026"}],"wp:term":[{"taxonomy":"category","embeddable":true,"href":"https:\/\/batijournal.com\/index.php\/wp-json\/wp\/v2\/categories?post=99026"},{"taxonomy":"post_tag","embeddable":true,"href":"https:\/\/batijournal.com\/index.php\/wp-json\/wp\/v2\/tags?post=99026"}],"curies":[{"name":"wp","href":"https:\/\/api.w.org\/{rel}","templated":true}]}}