{"id":99034,"date":"2018-05-02T09:31:35","date_gmt":"2018-05-02T07:31:35","guid":{"rendered":"http:\/\/batijournal.com\/?p=99034"},"modified":"2019-07-15T11:15:07","modified_gmt":"2019-07-15T09:15:07","slug":"la-collegiale-sainte-marie-madeleine-de-champeaux","status":"publish","type":"post","link":"https:\/\/batijournal.com\/index.php\/la-collegiale-sainte-marie-madeleine-de-champeaux\/99034\/","title":{"rendered":"La coll\u00e9giale Sainte Marie-Madeleine de Champeaux a \u00e9t\u00e9 restaur\u00e9e"},"content":{"rendered":"<p>La coll\u00e9giale Sainte Marie-Madeleine de Champeaux (Ille-et-Vilaine), malgr\u00e9 une architecture modeste, forme un ensemble rare datant de la Renaissance conserv\u00e9 avec ses vitraux et son mobilier d&rsquo;origine. Au XVIIIe si\u00e8cle sont construits le clocher et le ma\u00eetre-autel. L&rsquo;ensemble, class\u00e9 monument historique, a \u00e9t\u00e9 restaur\u00e9 ces derni\u00e8res ann\u00e9es sous le contr\u00f4le scientifique et technique et avec l&rsquo;assistance \u00e0 ma\u00eetrise d&rsquo;ouvrage de la DRAC Bretagne, qui a \u00e9galement octroy\u00e9 des subventions \u00e0 la commune. \u00c0 la suite des \u00e9tudes pr\u00e9alables men\u00e9es par l&rsquo;architecte en chef Herv\u00e9 Chouinard en 2002 et en 2006, les travaux r\u00e9alis\u00e9s sous la ma\u00eetrise d\u2019\u0153uvre d&rsquo;Olivier Weets, architecte en chef, ont d\u00e9marr\u00e9 par la restauration des charpentes et couvertures de la nef (entre 2007 et 2010) et se sont poursuivis par la restauration des int\u00e9rieurs et le mobilier (2014-2017). Dans le cadre de la restauration int\u00e9rieure, les enduits ciments ont \u00e9t\u00e9 remplac\u00e9s par des enduits \u00e0 la terre, comme \u00e0 l&rsquo;origine, et le sol en carreaux de terre cuite a \u00e9t\u00e9 restitu\u00e9 dans le ch\u0153ur. Une attention particuli\u00e8re a \u00e9t\u00e9 port\u00e9e \u00e0 la restauration des remarquables \u0153uvres datant de la Renaissance : les stalles du choeur, le chef d&rsquo;oeuvre qu&rsquo;est le tombeau du Guy III de l&rsquo;Espinay et Louise de Goulaine r\u00e9alis\u00e9 par l&rsquo;architecte angevin Jean Delespine, auquel la restauration a rendu ses couleurs d&rsquo;origine, le c\u00e9notaphe de la chapelle Sainte-Barbe et l&rsquo;exceptionnel corpus de vitraux, dont la grande verri\u00e8re du ch\u0153ur prot\u00e9g\u00e9e par une double verri\u00e8re. Le chantier a permis la d\u00e9couverte de peintures murales derri\u00e8re les boiseries du ch\u0153ur et dans la chapelle Sainte-Barbe. Une nouvelle mise en lumi\u00e8re de l&rsquo;\u00e9difice a \u00e9t\u00e9 r\u00e9alis\u00e9e.<\/p>\n<p>Source : Drac Bretagne<br \/>\nPhoto : Wikim\u00e9dia &#8211; GO69<\/p>\n<p>&nbsp;<\/p>\n","protected":false},"excerpt":{"rendered":"<p>La coll\u00e9giale Sainte Marie-Madeleine de Champeaux (Ille-et-Vilaine), malgr\u00e9 une architecture modeste, forme un ensemble rare datant de la Renaissance conserv\u00e9 avec ses vitraux et son mobilier d&rsquo;origine. Au XVIIIe si\u00e8cle sont construits le clocher et le ma\u00eetre-autel. L&rsquo;ensemble, class\u00e9 monument historique, a \u00e9t\u00e9 restaur\u00e9 ces derni\u00e8res ann\u00e9es sous le contr\u00f4le scientifique et technique et avec [&hellip;]<\/p>\n","protected":false},"author":17,"featured_media":99035,"comment_status":"closed","ping_status":"closed","sticky":false,"template":"","format":"standard","meta":{"_et_pb_use_builder":"","_et_pb_old_content":"","_et_gb_content_width":"","footnotes":""},"categories":[10530,6340,10785],"tags":[6376],"class_list":["post-99034","post","type-post","status-publish","format-standard","has-post-thumbnail","hentry","category-actualites","category-architecture-conception","category-atrium","tag-monument-historique"],"yoast_head":"<!-- This site is optimized with the Yoast SEO plugin v27.4 - https:\/\/yoast.com\/product\/yoast-seo-wordpress\/ -->\n<title>La coll\u00e9giale Sainte Marie-Madeleine de Champeaux a \u00e9t\u00e9 restaur\u00e9e<\/title>\n<meta name=\"description\" content=\"La coll\u00e9giale Sainte Marie-Madeleine de Champeaux (Ille-et-Vilaine) forme un ensemble rare datant de la Renaissance conserv\u00e9 avec ses vitraux et son mobilier d&#039;origine.\" \/>\n<meta name=\"robots\" content=\"index, follow, max-snippet:-1, max-image-preview:large, max-video-preview:-1\" \/>\n<link rel=\"canonical\" href=\"https:\/\/batijournal.com\/index.php\/la-collegiale-sainte-marie-madeleine-de-champeaux\/99034\/\" \/>\n<meta property=\"og:locale\" content=\"fr_FR\" \/>\n<meta property=\"og:type\" content=\"article\" \/>\n<meta property=\"og:title\" content=\"La coll\u00e9giale Sainte Marie-Madeleine de Champeaux a \u00e9t\u00e9 restaur\u00e9e\" \/>\n<meta property=\"og:description\" content=\"La coll\u00e9giale Sainte Marie-Madeleine de Champeaux (Ille-et-Vilaine) forme un ensemble rare datant de la Renaissance conserv\u00e9 avec ses vitraux et son mobilier d&#039;origine.\" \/>\n<meta property=\"og:url\" content=\"https:\/\/batijournal.com\/index.php\/la-collegiale-sainte-marie-madeleine-de-champeaux\/99034\/\" \/>\n<meta property=\"og:site_name\" content=\"Batijournal\" \/>\n<meta property=\"article:published_time\" content=\"2018-05-02T07:31:35+00:00\" \/>\n<meta property=\"article:modified_time\" content=\"2019-07-15T09:15:07+00:00\" \/>\n<meta property=\"og:image\" content=\"https:\/\/batijournal.com\/wp-content\/uploads\/2018\/05\/Champeaux-Collegiale_Sainte-Madeleine.jpg\" \/>\n\t<meta property=\"og:image:width\" content=\"1024\" \/>\n\t<meta property=\"og:image:height\" content=\"768\" \/>\n\t<meta property=\"og:image:type\" content=\"image\/jpeg\" \/>\n<meta name=\"author\" content=\"St\u00e9phane Miget\" \/>\n<meta name=\"twitter:card\" content=\"summary_large_image\" \/>\n<meta name=\"twitter:creator\" content=\"@bati_journal\" \/>\n<meta name=\"twitter:site\" content=\"@bati_journal\" \/>\n<meta name=\"twitter:label1\" content=\"\u00c9crit par\" \/>\n\t<meta name=\"twitter:data1\" content=\"St\u00e9phane Miget\" \/>\n\t<meta name=\"twitter:label2\" content=\"Dur\u00e9e de lecture estim\u00e9e\" \/>\n\t<meta name=\"twitter:data2\" content=\"2 minutes\" \/>\n<script type=\"application\/ld+json\" class=\"yoast-schema-graph\">{\"@context\":\"https:\\\/\\\/schema.org\",\"@graph\":[{\"@type\":\"Article\",\"@id\":\"https:\\\/\\\/batijournal.com\\\/index.php\\\/la-collegiale-sainte-marie-madeleine-de-champeaux\\\/99034\\\/#article\",\"isPartOf\":{\"@id\":\"https:\\\/\\\/batijournal.com\\\/index.php\\\/la-collegiale-sainte-marie-madeleine-de-champeaux\\\/99034\\\/\"},\"author\":{\"name\":\"St\u00e9phane Miget\",\"@id\":\"https:\\\/\\\/batijournal.com\\\/#\\\/schema\\\/person\\\/1dc96ec6957aa1ccb25ebe78bb19f100\"},\"headline\":\"La coll\u00e9giale Sainte Marie-Madeleine de Champeaux a \u00e9t\u00e9 restaur\u00e9e\",\"datePublished\":\"2018-05-02T07:31:35+00:00\",\"dateModified\":\"2019-07-15T09:15:07+00:00\",\"mainEntityOfPage\":{\"@id\":\"https:\\\/\\\/batijournal.com\\\/index.php\\\/la-collegiale-sainte-marie-madeleine-de-champeaux\\\/99034\\\/\"},\"wordCount\":324,\"image\":{\"@id\":\"https:\\\/\\\/batijournal.com\\\/index.php\\\/la-collegiale-sainte-marie-madeleine-de-champeaux\\\/99034\\\/#primaryimage\"},\"thumbnailUrl\":\"https:\\\/\\\/batijournal.com\\\/wp-content\\\/uploads\\\/2018\\\/05\\\/Champeaux-Collegiale_Sainte-Madeleine.jpg\",\"keywords\":[\"monument historique\"],\"articleSection\":[\"Actualit\u00e9s\",\"Architecture &amp; Conception\",\"zz_Atrium Patrimoine\"],\"inLanguage\":\"fr-FR\"},{\"@type\":\"WebPage\",\"@id\":\"https:\\\/\\\/batijournal.com\\\/index.php\\\/la-collegiale-sainte-marie-madeleine-de-champeaux\\\/99034\\\/\",\"url\":\"https:\\\/\\\/batijournal.com\\\/index.php\\\/la-collegiale-sainte-marie-madeleine-de-champeaux\\\/99034\\\/\",\"name\":\"La coll\u00e9giale Sainte Marie-Madeleine de Champeaux a \u00e9t\u00e9 restaur\u00e9e\",\"isPartOf\":{\"@id\":\"https:\\\/\\\/batijournal.com\\\/#website\"},\"primaryImageOfPage\":{\"@id\":\"https:\\\/\\\/batijournal.com\\\/index.php\\\/la-collegiale-sainte-marie-madeleine-de-champeaux\\\/99034\\\/#primaryimage\"},\"image\":{\"@id\":\"https:\\\/\\\/batijournal.com\\\/index.php\\\/la-collegiale-sainte-marie-madeleine-de-champeaux\\\/99034\\\/#primaryimage\"},\"thumbnailUrl\":\"https:\\\/\\\/batijournal.com\\\/wp-content\\\/uploads\\\/2018\\\/05\\\/Champeaux-Collegiale_Sainte-Madeleine.jpg\",\"datePublished\":\"2018-05-02T07:31:35+00:00\",\"dateModified\":\"2019-07-15T09:15:07+00:00\",\"author\":{\"@id\":\"https:\\\/\\\/batijournal.com\\\/#\\\/schema\\\/person\\\/1dc96ec6957aa1ccb25ebe78bb19f100\"},\"description\":\"La coll\u00e9giale Sainte Marie-Madeleine de Champeaux (Ille-et-Vilaine) forme un ensemble rare datant de la Renaissance conserv\u00e9 avec ses vitraux et son mobilier d'origine.\",\"breadcrumb\":{\"@id\":\"https:\\\/\\\/batijournal.com\\\/index.php\\\/la-collegiale-sainte-marie-madeleine-de-champeaux\\\/99034\\\/#breadcrumb\"},\"inLanguage\":\"fr-FR\",\"potentialAction\":[{\"@type\":\"ReadAction\",\"target\":[\"https:\\\/\\\/batijournal.com\\\/index.php\\\/la-collegiale-sainte-marie-madeleine-de-champeaux\\\/99034\\\/\"]}]},{\"@type\":\"ImageObject\",\"inLanguage\":\"fr-FR\",\"@id\":\"https:\\\/\\\/batijournal.com\\\/index.php\\\/la-collegiale-sainte-marie-madeleine-de-champeaux\\\/99034\\\/#primaryimage\",\"url\":\"https:\\\/\\\/batijournal.com\\\/wp-content\\\/uploads\\\/2018\\\/05\\\/Champeaux-Collegiale_Sainte-Madeleine.jpg\",\"contentUrl\":\"https:\\\/\\\/batijournal.com\\\/wp-content\\\/uploads\\\/2018\\\/05\\\/Champeaux-Collegiale_Sainte-Madeleine.jpg\",\"width\":1024,\"height\":768,\"caption\":\"la-collegiale-sainte-marie-madeleine-de-champeaux\"},{\"@type\":\"BreadcrumbList\",\"@id\":\"https:\\\/\\\/batijournal.com\\\/index.php\\\/la-collegiale-sainte-marie-madeleine-de-champeaux\\\/99034\\\/#breadcrumb\",\"itemListElement\":[{\"@type\":\"ListItem\",\"position\":1,\"name\":\"Accueil\",\"item\":\"https:\\\/\\\/batijournal.com\\\/\"},{\"@type\":\"ListItem\",\"position\":2,\"name\":\"Actualit\u00e9s\",\"item\":\"https:\\\/\\\/batijournal.com\\\/index.php\\\/category\\\/actualites\\\/\"},{\"@type\":\"ListItem\",\"position\":3,\"name\":\"La coll\u00e9giale Sainte Marie-Madeleine de Champeaux a \u00e9t\u00e9 restaur\u00e9e\"}]},{\"@type\":\"WebSite\",\"@id\":\"https:\\\/\\\/batijournal.com\\\/#website\",\"url\":\"https:\\\/\\\/batijournal.com\\\/\",\"name\":\"Batijournal\",\"description\":\"L&#039;actualit\u00e9 du b\u00e2timent\",\"potentialAction\":[{\"@type\":\"SearchAction\",\"target\":{\"@type\":\"EntryPoint\",\"urlTemplate\":\"https:\\\/\\\/batijournal.com\\\/?s={search_term_string}\"},\"query-input\":{\"@type\":\"PropertyValueSpecification\",\"valueRequired\":true,\"valueName\":\"search_term_string\"}}],\"inLanguage\":\"fr-FR\"},{\"@type\":\"Person\",\"@id\":\"https:\\\/\\\/batijournal.com\\\/#\\\/schema\\\/person\\\/1dc96ec6957aa1ccb25ebe78bb19f100\",\"name\":\"St\u00e9phane Miget\",\"image\":{\"@type\":\"ImageObject\",\"inLanguage\":\"fr-FR\",\"@id\":\"https:\\\/\\\/secure.gravatar.com\\\/avatar\\\/89915563d925342126b8ef0281b93d9d7fc337043e8df017f780908eb9644451?s=96&d=mm&r=g\",\"url\":\"https:\\\/\\\/secure.gravatar.com\\\/avatar\\\/89915563d925342126b8ef0281b93d9d7fc337043e8df017f780908eb9644451?s=96&d=mm&r=g\",\"contentUrl\":\"https:\\\/\\\/secure.gravatar.com\\\/avatar\\\/89915563d925342126b8ef0281b93d9d7fc337043e8df017f780908eb9644451?s=96&d=mm&r=g\",\"caption\":\"St\u00e9phane Miget\"},\"url\":\"https:\\\/\\\/batijournal.com\\\/index.php\\\/author\\\/stephane\\\/\"}]}<\/script>\n<!-- \/ Yoast SEO plugin. -->","yoast_head_json":{"title":"La coll\u00e9giale Sainte Marie-Madeleine de Champeaux a \u00e9t\u00e9 restaur\u00e9e","description":"La coll\u00e9giale Sainte Marie-Madeleine de Champeaux (Ille-et-Vilaine) forme un ensemble rare datant de la Renaissance conserv\u00e9 avec ses vitraux et son mobilier d'origine.","robots":{"index":"index","follow":"follow","max-snippet":"max-snippet:-1","max-image-preview":"max-image-preview:large","max-video-preview":"max-video-preview:-1"},"canonical":"https:\/\/batijournal.com\/index.php\/la-collegiale-sainte-marie-madeleine-de-champeaux\/99034\/","og_locale":"fr_FR","og_type":"article","og_title":"La coll\u00e9giale Sainte Marie-Madeleine de Champeaux a \u00e9t\u00e9 restaur\u00e9e","og_description":"La coll\u00e9giale Sainte Marie-Madeleine de Champeaux (Ille-et-Vilaine) forme un ensemble rare datant de la Renaissance conserv\u00e9 avec ses vitraux et son mobilier d'origine.","og_url":"https:\/\/batijournal.com\/index.php\/la-collegiale-sainte-marie-madeleine-de-champeaux\/99034\/","og_site_name":"Batijournal","article_published_time":"2018-05-02T07:31:35+00:00","article_modified_time":"2019-07-15T09:15:07+00:00","og_image":[{"width":1024,"height":768,"url":"https:\/\/batijournal.com\/wp-content\/uploads\/2018\/05\/Champeaux-Collegiale_Sainte-Madeleine.jpg","type":"image\/jpeg"}],"author":"St\u00e9phane Miget","twitter_card":"summary_large_image","twitter_creator":"@bati_journal","twitter_site":"@bati_journal","twitter_misc":{"\u00c9crit par":"St\u00e9phane Miget","Dur\u00e9e de lecture estim\u00e9e":"2 minutes"},"schema":{"@context":"https:\/\/schema.org","@graph":[{"@type":"Article","@id":"https:\/\/batijournal.com\/index.php\/la-collegiale-sainte-marie-madeleine-de-champeaux\/99034\/#article","isPartOf":{"@id":"https:\/\/batijournal.com\/index.php\/la-collegiale-sainte-marie-madeleine-de-champeaux\/99034\/"},"author":{"name":"St\u00e9phane Miget","@id":"https:\/\/batijournal.com\/#\/schema\/person\/1dc96ec6957aa1ccb25ebe78bb19f100"},"headline":"La coll\u00e9giale Sainte Marie-Madeleine de Champeaux a \u00e9t\u00e9 restaur\u00e9e","datePublished":"2018-05-02T07:31:35+00:00","dateModified":"2019-07-15T09:15:07+00:00","mainEntityOfPage":{"@id":"https:\/\/batijournal.com\/index.php\/la-collegiale-sainte-marie-madeleine-de-champeaux\/99034\/"},"wordCount":324,"image":{"@id":"https:\/\/batijournal.com\/index.php\/la-collegiale-sainte-marie-madeleine-de-champeaux\/99034\/#primaryimage"},"thumbnailUrl":"https:\/\/batijournal.com\/wp-content\/uploads\/2018\/05\/Champeaux-Collegiale_Sainte-Madeleine.jpg","keywords":["monument historique"],"articleSection":["Actualit\u00e9s","Architecture &amp; Conception","zz_Atrium Patrimoine"],"inLanguage":"fr-FR"},{"@type":"WebPage","@id":"https:\/\/batijournal.com\/index.php\/la-collegiale-sainte-marie-madeleine-de-champeaux\/99034\/","url":"https:\/\/batijournal.com\/index.php\/la-collegiale-sainte-marie-madeleine-de-champeaux\/99034\/","name":"La coll\u00e9giale Sainte Marie-Madeleine de Champeaux a \u00e9t\u00e9 restaur\u00e9e","isPartOf":{"@id":"https:\/\/batijournal.com\/#website"},"primaryImageOfPage":{"@id":"https:\/\/batijournal.com\/index.php\/la-collegiale-sainte-marie-madeleine-de-champeaux\/99034\/#primaryimage"},"image":{"@id":"https:\/\/batijournal.com\/index.php\/la-collegiale-sainte-marie-madeleine-de-champeaux\/99034\/#primaryimage"},"thumbnailUrl":"https:\/\/batijournal.com\/wp-content\/uploads\/2018\/05\/Champeaux-Collegiale_Sainte-Madeleine.jpg","datePublished":"2018-05-02T07:31:35+00:00","dateModified":"2019-07-15T09:15:07+00:00","author":{"@id":"https:\/\/batijournal.com\/#\/schema\/person\/1dc96ec6957aa1ccb25ebe78bb19f100"},"description":"La coll\u00e9giale Sainte Marie-Madeleine de Champeaux (Ille-et-Vilaine) forme un ensemble rare datant de la Renaissance conserv\u00e9 avec ses vitraux et son mobilier d'origine.","breadcrumb":{"@id":"https:\/\/batijournal.com\/index.php\/la-collegiale-sainte-marie-madeleine-de-champeaux\/99034\/#breadcrumb"},"inLanguage":"fr-FR","potentialAction":[{"@type":"ReadAction","target":["https:\/\/batijournal.com\/index.php\/la-collegiale-sainte-marie-madeleine-de-champeaux\/99034\/"]}]},{"@type":"ImageObject","inLanguage":"fr-FR","@id":"https:\/\/batijournal.com\/index.php\/la-collegiale-sainte-marie-madeleine-de-champeaux\/99034\/#primaryimage","url":"https:\/\/batijournal.com\/wp-content\/uploads\/2018\/05\/Champeaux-Collegiale_Sainte-Madeleine.jpg","contentUrl":"https:\/\/batijournal.com\/wp-content\/uploads\/2018\/05\/Champeaux-Collegiale_Sainte-Madeleine.jpg","width":1024,"height":768,"caption":"la-collegiale-sainte-marie-madeleine-de-champeaux"},{"@type":"BreadcrumbList","@id":"https:\/\/batijournal.com\/index.php\/la-collegiale-sainte-marie-madeleine-de-champeaux\/99034\/#breadcrumb","itemListElement":[{"@type":"ListItem","position":1,"name":"Accueil","item":"https:\/\/batijournal.com\/"},{"@type":"ListItem","position":2,"name":"Actualit\u00e9s","item":"https:\/\/batijournal.com\/index.php\/category\/actualites\/"},{"@type":"ListItem","position":3,"name":"La coll\u00e9giale Sainte Marie-Madeleine de Champeaux a \u00e9t\u00e9 restaur\u00e9e"}]},{"@type":"WebSite","@id":"https:\/\/batijournal.com\/#website","url":"https:\/\/batijournal.com\/","name":"Batijournal","description":"L&#039;actualit\u00e9 du b\u00e2timent","potentialAction":[{"@type":"SearchAction","target":{"@type":"EntryPoint","urlTemplate":"https:\/\/batijournal.com\/?s={search_term_string}"},"query-input":{"@type":"PropertyValueSpecification","valueRequired":true,"valueName":"search_term_string"}}],"inLanguage":"fr-FR"},{"@type":"Person","@id":"https:\/\/batijournal.com\/#\/schema\/person\/1dc96ec6957aa1ccb25ebe78bb19f100","name":"St\u00e9phane Miget","image":{"@type":"ImageObject","inLanguage":"fr-FR","@id":"https:\/\/secure.gravatar.com\/avatar\/89915563d925342126b8ef0281b93d9d7fc337043e8df017f780908eb9644451?s=96&d=mm&r=g","url":"https:\/\/secure.gravatar.com\/avatar\/89915563d925342126b8ef0281b93d9d7fc337043e8df017f780908eb9644451?s=96&d=mm&r=g","contentUrl":"https:\/\/secure.gravatar.com\/avatar\/89915563d925342126b8ef0281b93d9d7fc337043e8df017f780908eb9644451?s=96&d=mm&r=g","caption":"St\u00e9phane Miget"},"url":"https:\/\/batijournal.com\/index.php\/author\/stephane\/"}]}},"_links":{"self":[{"href":"https:\/\/batijournal.com\/index.php\/wp-json\/wp\/v2\/posts\/99034","targetHints":{"allow":["GET"]}}],"collection":[{"href":"https:\/\/batijournal.com\/index.php\/wp-json\/wp\/v2\/posts"}],"about":[{"href":"https:\/\/batijournal.com\/index.php\/wp-json\/wp\/v2\/types\/post"}],"author":[{"embeddable":true,"href":"https:\/\/batijournal.com\/index.php\/wp-json\/wp\/v2\/users\/17"}],"replies":[{"embeddable":true,"href":"https:\/\/batijournal.com\/index.php\/wp-json\/wp\/v2\/comments?post=99034"}],"version-history":[{"count":0,"href":"https:\/\/batijournal.com\/index.php\/wp-json\/wp\/v2\/posts\/99034\/revisions"}],"wp:featuredmedia":[{"embeddable":true,"href":"https:\/\/batijournal.com\/index.php\/wp-json\/wp\/v2\/media\/99035"}],"wp:attachment":[{"href":"https:\/\/batijournal.com\/index.php\/wp-json\/wp\/v2\/media?parent=99034"}],"wp:term":[{"taxonomy":"category","embeddable":true,"href":"https:\/\/batijournal.com\/index.php\/wp-json\/wp\/v2\/categories?post=99034"},{"taxonomy":"post_tag","embeddable":true,"href":"https:\/\/batijournal.com\/index.php\/wp-json\/wp\/v2\/tags?post=99034"}],"curies":[{"name":"wp","href":"https:\/\/api.w.org\/{rel}","templated":true}]}}