{"id":99049,"date":"2018-05-03T16:14:10","date_gmt":"2018-05-03T14:14:10","guid":{"rendered":"http:\/\/batijournal.com\/?p=99049"},"modified":"2019-07-15T12:13:01","modified_gmt":"2019-07-15T10:13:01","slug":"biesse-renforce-son-equipe","status":"publish","type":"post","link":"https:\/\/batijournal.com\/index.php\/biesse-renforce-son-equipe\/99049\/","title":{"rendered":"Biesse renforce son \u00e9quipe d\u00e9di\u00e9e au march\u00e9 du b\u00e2timent"},"content":{"rendered":"<p><span style=\"color: #000000\"><span style=\"font-family: Arial, sans-serif\"><span style=\"font-size: medium\">Olivier Guillard rejoint l&rsquo;\u00e9quipe de Biesse France en tant que chef de produit Menuiserie Charpente. Il sera en charge de la gamme Uniteam (centres d&rsquo;usinage d\u00e9di\u00e9s au fa\u00e7onnage des poutres en bois massif et lamell\u00e9 pour le secteur du b\u00e2timent), ainsi que des machines Viet et Biesse pour l&rsquo;usinage de menuiseries (portes, fen\u00eatres, poutres&#8230;). Olivier Guillard travaillera en coordination avec les chefs de vente r\u00e9partis sur toute la France et assurera un lien direct entre les services techniques et marketing des usines pour le suivi des affaires.<\/span><\/span><\/span><\/p>\n<p><a href=\"http:\/\/www.biesse.com\/fr\" target=\"_blank\" rel=\"noopener noreferrer\">D\u00e9couvrez le site &gt;&gt;\u00a0<\/a><\/p>\n","protected":false},"excerpt":{"rendered":"<p>Olivier Guillard rejoint l&rsquo;\u00e9quipe de Biesse France en tant que chef de produit Menuiserie Charpente. Il sera en charge de la gamme Uniteam (centres d&rsquo;usinage d\u00e9di\u00e9s au fa\u00e7onnage des poutres en bois massif et lamell\u00e9 pour le secteur du b\u00e2timent), ainsi que des machines Viet et Biesse pour l&rsquo;usinage de menuiseries (portes, fen\u00eatres, poutres&#8230;). Olivier [&hellip;]<\/p>\n","protected":false},"author":17,"featured_media":99050,"comment_status":"closed","ping_status":"closed","sticky":false,"template":"","format":"standard","meta":{"_et_pb_use_builder":"","_et_pb_old_content":"","_et_gb_content_width":"","footnotes":""},"categories":[10530,6345,10768,10764],"tags":[8830,109,164,426],"class_list":["post-99049","post","type-post","status-publish","format-standard","has-post-thumbnail","hentry","category-actualites","category-economie-marches","category-nouvelles-tetes","category-woodsurfer","tag-biesse-france","tag-charpente","tag-machine","tag-menuiserie"],"yoast_head":"<!-- This site is optimized with the Yoast SEO plugin v27.4 - https:\/\/yoast.com\/product\/yoast-seo-wordpress\/ -->\n<title>Biesse renforce son \u00e9quipe d\u00e9di\u00e9e au march\u00e9 du b\u00e2timent<\/title>\n<meta name=\"description\" content=\"Biesse France renforce son \u00e9quipe d\u00e9di\u00e9e au march\u00e9 du b\u00e2timent avec Olivier Guillard, chef de produit Menuiserie Charpente.\" \/>\n<meta name=\"robots\" content=\"index, follow, max-snippet:-1, max-image-preview:large, max-video-preview:-1\" \/>\n<link rel=\"canonical\" href=\"https:\/\/batijournal.com\/index.php\/biesse-renforce-son-equipe\/99049\/\" \/>\n<meta property=\"og:locale\" content=\"fr_FR\" \/>\n<meta property=\"og:type\" content=\"article\" \/>\n<meta property=\"og:title\" content=\"Biesse renforce son \u00e9quipe d\u00e9di\u00e9e au march\u00e9 du b\u00e2timent\" \/>\n<meta property=\"og:description\" content=\"Biesse France renforce son \u00e9quipe d\u00e9di\u00e9e au march\u00e9 du b\u00e2timent avec Olivier Guillard, chef de produit Menuiserie Charpente.\" \/>\n<meta property=\"og:url\" content=\"https:\/\/batijournal.com\/index.php\/biesse-renforce-son-equipe\/99049\/\" \/>\n<meta property=\"og:site_name\" content=\"Batijournal\" \/>\n<meta property=\"article:published_time\" content=\"2018-05-03T14:14:10+00:00\" \/>\n<meta property=\"article:modified_time\" content=\"2019-07-15T10:13:01+00:00\" \/>\n<meta property=\"og:image\" content=\"https:\/\/batijournal.com\/wp-content\/uploads\/2018\/05\/Olivier_Guillard.jpg\" \/>\n\t<meta property=\"og:image:width\" content=\"1842\" \/>\n\t<meta property=\"og:image:height\" content=\"1297\" \/>\n\t<meta property=\"og:image:type\" content=\"image\/jpeg\" \/>\n<meta name=\"author\" content=\"St\u00e9phane Miget\" \/>\n<meta name=\"twitter:card\" content=\"summary_large_image\" \/>\n<meta name=\"twitter:creator\" content=\"@bati_journal\" \/>\n<meta name=\"twitter:site\" content=\"@bati_journal\" \/>\n<meta name=\"twitter:label1\" content=\"\u00c9crit par\" \/>\n\t<meta name=\"twitter:data1\" content=\"St\u00e9phane Miget\" \/>\n\t<meta name=\"twitter:label2\" content=\"Dur\u00e9e de lecture estim\u00e9e\" \/>\n\t<meta name=\"twitter:data2\" content=\"1 minute\" \/>\n<script type=\"application\/ld+json\" class=\"yoast-schema-graph\">{\"@context\":\"https:\\\/\\\/schema.org\",\"@graph\":[{\"@type\":\"Article\",\"@id\":\"https:\\\/\\\/batijournal.com\\\/index.php\\\/biesse-renforce-son-equipe\\\/99049\\\/#article\",\"isPartOf\":{\"@id\":\"https:\\\/\\\/batijournal.com\\\/index.php\\\/biesse-renforce-son-equipe\\\/99049\\\/\"},\"author\":{\"name\":\"St\u00e9phane Miget\",\"@id\":\"https:\\\/\\\/batijournal.com\\\/#\\\/schema\\\/person\\\/1dc96ec6957aa1ccb25ebe78bb19f100\"},\"headline\":\"Biesse renforce son \u00e9quipe d\u00e9di\u00e9e au march\u00e9 du b\u00e2timent\",\"datePublished\":\"2018-05-03T14:14:10+00:00\",\"dateModified\":\"2019-07-15T10:13:01+00:00\",\"mainEntityOfPage\":{\"@id\":\"https:\\\/\\\/batijournal.com\\\/index.php\\\/biesse-renforce-son-equipe\\\/99049\\\/\"},\"wordCount\":114,\"image\":{\"@id\":\"https:\\\/\\\/batijournal.com\\\/index.php\\\/biesse-renforce-son-equipe\\\/99049\\\/#primaryimage\"},\"thumbnailUrl\":\"https:\\\/\\\/batijournal.com\\\/wp-content\\\/uploads\\\/2018\\\/05\\\/Olivier_Guillard.jpg\",\"keywords\":[\"biesse france\",\"charpente\",\"machine\",\"menuiserie\"],\"articleSection\":[\"Actualit\u00e9s\",\"\u00c9conomie &amp; March\u00e9s\",\"zz_Nouvelles t\u00eates - Woodsurfer\",\"zz_Woodsurfer\"],\"inLanguage\":\"fr-FR\"},{\"@type\":\"WebPage\",\"@id\":\"https:\\\/\\\/batijournal.com\\\/index.php\\\/biesse-renforce-son-equipe\\\/99049\\\/\",\"url\":\"https:\\\/\\\/batijournal.com\\\/index.php\\\/biesse-renforce-son-equipe\\\/99049\\\/\",\"name\":\"Biesse renforce son \u00e9quipe d\u00e9di\u00e9e au march\u00e9 du b\u00e2timent\",\"isPartOf\":{\"@id\":\"https:\\\/\\\/batijournal.com\\\/#website\"},\"primaryImageOfPage\":{\"@id\":\"https:\\\/\\\/batijournal.com\\\/index.php\\\/biesse-renforce-son-equipe\\\/99049\\\/#primaryimage\"},\"image\":{\"@id\":\"https:\\\/\\\/batijournal.com\\\/index.php\\\/biesse-renforce-son-equipe\\\/99049\\\/#primaryimage\"},\"thumbnailUrl\":\"https:\\\/\\\/batijournal.com\\\/wp-content\\\/uploads\\\/2018\\\/05\\\/Olivier_Guillard.jpg\",\"datePublished\":\"2018-05-03T14:14:10+00:00\",\"dateModified\":\"2019-07-15T10:13:01+00:00\",\"author\":{\"@id\":\"https:\\\/\\\/batijournal.com\\\/#\\\/schema\\\/person\\\/1dc96ec6957aa1ccb25ebe78bb19f100\"},\"description\":\"Biesse France renforce son \u00e9quipe d\u00e9di\u00e9e au march\u00e9 du b\u00e2timent avec Olivier Guillard, chef de produit Menuiserie Charpente.\",\"breadcrumb\":{\"@id\":\"https:\\\/\\\/batijournal.com\\\/index.php\\\/biesse-renforce-son-equipe\\\/99049\\\/#breadcrumb\"},\"inLanguage\":\"fr-FR\",\"potentialAction\":[{\"@type\":\"ReadAction\",\"target\":[\"https:\\\/\\\/batijournal.com\\\/index.php\\\/biesse-renforce-son-equipe\\\/99049\\\/\"]}]},{\"@type\":\"ImageObject\",\"inLanguage\":\"fr-FR\",\"@id\":\"https:\\\/\\\/batijournal.com\\\/index.php\\\/biesse-renforce-son-equipe\\\/99049\\\/#primaryimage\",\"url\":\"https:\\\/\\\/batijournal.com\\\/wp-content\\\/uploads\\\/2018\\\/05\\\/Olivier_Guillard.jpg\",\"contentUrl\":\"https:\\\/\\\/batijournal.com\\\/wp-content\\\/uploads\\\/2018\\\/05\\\/Olivier_Guillard.jpg\",\"width\":1842,\"height\":1297,\"caption\":\"Biesse\"},{\"@type\":\"BreadcrumbList\",\"@id\":\"https:\\\/\\\/batijournal.com\\\/index.php\\\/biesse-renforce-son-equipe\\\/99049\\\/#breadcrumb\",\"itemListElement\":[{\"@type\":\"ListItem\",\"position\":1,\"name\":\"Accueil\",\"item\":\"https:\\\/\\\/batijournal.com\\\/\"},{\"@type\":\"ListItem\",\"position\":2,\"name\":\"Actualit\u00e9s\",\"item\":\"https:\\\/\\\/batijournal.com\\\/index.php\\\/category\\\/actualites\\\/\"},{\"@type\":\"ListItem\",\"position\":3,\"name\":\"Biesse renforce son \u00e9quipe d\u00e9di\u00e9e au march\u00e9 du b\u00e2timent\"}]},{\"@type\":\"WebSite\",\"@id\":\"https:\\\/\\\/batijournal.com\\\/#website\",\"url\":\"https:\\\/\\\/batijournal.com\\\/\",\"name\":\"Batijournal\",\"description\":\"L&#039;actualit\u00e9 du b\u00e2timent\",\"potentialAction\":[{\"@type\":\"SearchAction\",\"target\":{\"@type\":\"EntryPoint\",\"urlTemplate\":\"https:\\\/\\\/batijournal.com\\\/?s={search_term_string}\"},\"query-input\":{\"@type\":\"PropertyValueSpecification\",\"valueRequired\":true,\"valueName\":\"search_term_string\"}}],\"inLanguage\":\"fr-FR\"},{\"@type\":\"Person\",\"@id\":\"https:\\\/\\\/batijournal.com\\\/#\\\/schema\\\/person\\\/1dc96ec6957aa1ccb25ebe78bb19f100\",\"name\":\"St\u00e9phane Miget\",\"image\":{\"@type\":\"ImageObject\",\"inLanguage\":\"fr-FR\",\"@id\":\"https:\\\/\\\/secure.gravatar.com\\\/avatar\\\/89915563d925342126b8ef0281b93d9d7fc337043e8df017f780908eb9644451?s=96&d=mm&r=g\",\"url\":\"https:\\\/\\\/secure.gravatar.com\\\/avatar\\\/89915563d925342126b8ef0281b93d9d7fc337043e8df017f780908eb9644451?s=96&d=mm&r=g\",\"contentUrl\":\"https:\\\/\\\/secure.gravatar.com\\\/avatar\\\/89915563d925342126b8ef0281b93d9d7fc337043e8df017f780908eb9644451?s=96&d=mm&r=g\",\"caption\":\"St\u00e9phane Miget\"},\"url\":\"https:\\\/\\\/batijournal.com\\\/index.php\\\/author\\\/stephane\\\/\"}]}<\/script>\n<!-- \/ Yoast SEO plugin. -->","yoast_head_json":{"title":"Biesse renforce son \u00e9quipe d\u00e9di\u00e9e au march\u00e9 du b\u00e2timent","description":"Biesse France renforce son \u00e9quipe d\u00e9di\u00e9e au march\u00e9 du b\u00e2timent avec Olivier Guillard, chef de produit Menuiserie Charpente.","robots":{"index":"index","follow":"follow","max-snippet":"max-snippet:-1","max-image-preview":"max-image-preview:large","max-video-preview":"max-video-preview:-1"},"canonical":"https:\/\/batijournal.com\/index.php\/biesse-renforce-son-equipe\/99049\/","og_locale":"fr_FR","og_type":"article","og_title":"Biesse renforce son \u00e9quipe d\u00e9di\u00e9e au march\u00e9 du b\u00e2timent","og_description":"Biesse France renforce son \u00e9quipe d\u00e9di\u00e9e au march\u00e9 du b\u00e2timent avec Olivier Guillard, chef de produit Menuiserie Charpente.","og_url":"https:\/\/batijournal.com\/index.php\/biesse-renforce-son-equipe\/99049\/","og_site_name":"Batijournal","article_published_time":"2018-05-03T14:14:10+00:00","article_modified_time":"2019-07-15T10:13:01+00:00","og_image":[{"width":1842,"height":1297,"url":"https:\/\/batijournal.com\/wp-content\/uploads\/2018\/05\/Olivier_Guillard.jpg","type":"image\/jpeg"}],"author":"St\u00e9phane Miget","twitter_card":"summary_large_image","twitter_creator":"@bati_journal","twitter_site":"@bati_journal","twitter_misc":{"\u00c9crit par":"St\u00e9phane Miget","Dur\u00e9e de lecture estim\u00e9e":"1 minute"},"schema":{"@context":"https:\/\/schema.org","@graph":[{"@type":"Article","@id":"https:\/\/batijournal.com\/index.php\/biesse-renforce-son-equipe\/99049\/#article","isPartOf":{"@id":"https:\/\/batijournal.com\/index.php\/biesse-renforce-son-equipe\/99049\/"},"author":{"name":"St\u00e9phane Miget","@id":"https:\/\/batijournal.com\/#\/schema\/person\/1dc96ec6957aa1ccb25ebe78bb19f100"},"headline":"Biesse renforce son \u00e9quipe d\u00e9di\u00e9e au march\u00e9 du b\u00e2timent","datePublished":"2018-05-03T14:14:10+00:00","dateModified":"2019-07-15T10:13:01+00:00","mainEntityOfPage":{"@id":"https:\/\/batijournal.com\/index.php\/biesse-renforce-son-equipe\/99049\/"},"wordCount":114,"image":{"@id":"https:\/\/batijournal.com\/index.php\/biesse-renforce-son-equipe\/99049\/#primaryimage"},"thumbnailUrl":"https:\/\/batijournal.com\/wp-content\/uploads\/2018\/05\/Olivier_Guillard.jpg","keywords":["biesse france","charpente","machine","menuiserie"],"articleSection":["Actualit\u00e9s","\u00c9conomie &amp; March\u00e9s","zz_Nouvelles t\u00eates - Woodsurfer","zz_Woodsurfer"],"inLanguage":"fr-FR"},{"@type":"WebPage","@id":"https:\/\/batijournal.com\/index.php\/biesse-renforce-son-equipe\/99049\/","url":"https:\/\/batijournal.com\/index.php\/biesse-renforce-son-equipe\/99049\/","name":"Biesse renforce son \u00e9quipe d\u00e9di\u00e9e au march\u00e9 du b\u00e2timent","isPartOf":{"@id":"https:\/\/batijournal.com\/#website"},"primaryImageOfPage":{"@id":"https:\/\/batijournal.com\/index.php\/biesse-renforce-son-equipe\/99049\/#primaryimage"},"image":{"@id":"https:\/\/batijournal.com\/index.php\/biesse-renforce-son-equipe\/99049\/#primaryimage"},"thumbnailUrl":"https:\/\/batijournal.com\/wp-content\/uploads\/2018\/05\/Olivier_Guillard.jpg","datePublished":"2018-05-03T14:14:10+00:00","dateModified":"2019-07-15T10:13:01+00:00","author":{"@id":"https:\/\/batijournal.com\/#\/schema\/person\/1dc96ec6957aa1ccb25ebe78bb19f100"},"description":"Biesse France renforce son \u00e9quipe d\u00e9di\u00e9e au march\u00e9 du b\u00e2timent avec Olivier Guillard, chef de produit Menuiserie Charpente.","breadcrumb":{"@id":"https:\/\/batijournal.com\/index.php\/biesse-renforce-son-equipe\/99049\/#breadcrumb"},"inLanguage":"fr-FR","potentialAction":[{"@type":"ReadAction","target":["https:\/\/batijournal.com\/index.php\/biesse-renforce-son-equipe\/99049\/"]}]},{"@type":"ImageObject","inLanguage":"fr-FR","@id":"https:\/\/batijournal.com\/index.php\/biesse-renforce-son-equipe\/99049\/#primaryimage","url":"https:\/\/batijournal.com\/wp-content\/uploads\/2018\/05\/Olivier_Guillard.jpg","contentUrl":"https:\/\/batijournal.com\/wp-content\/uploads\/2018\/05\/Olivier_Guillard.jpg","width":1842,"height":1297,"caption":"Biesse"},{"@type":"BreadcrumbList","@id":"https:\/\/batijournal.com\/index.php\/biesse-renforce-son-equipe\/99049\/#breadcrumb","itemListElement":[{"@type":"ListItem","position":1,"name":"Accueil","item":"https:\/\/batijournal.com\/"},{"@type":"ListItem","position":2,"name":"Actualit\u00e9s","item":"https:\/\/batijournal.com\/index.php\/category\/actualites\/"},{"@type":"ListItem","position":3,"name":"Biesse renforce son \u00e9quipe d\u00e9di\u00e9e au march\u00e9 du b\u00e2timent"}]},{"@type":"WebSite","@id":"https:\/\/batijournal.com\/#website","url":"https:\/\/batijournal.com\/","name":"Batijournal","description":"L&#039;actualit\u00e9 du b\u00e2timent","potentialAction":[{"@type":"SearchAction","target":{"@type":"EntryPoint","urlTemplate":"https:\/\/batijournal.com\/?s={search_term_string}"},"query-input":{"@type":"PropertyValueSpecification","valueRequired":true,"valueName":"search_term_string"}}],"inLanguage":"fr-FR"},{"@type":"Person","@id":"https:\/\/batijournal.com\/#\/schema\/person\/1dc96ec6957aa1ccb25ebe78bb19f100","name":"St\u00e9phane Miget","image":{"@type":"ImageObject","inLanguage":"fr-FR","@id":"https:\/\/secure.gravatar.com\/avatar\/89915563d925342126b8ef0281b93d9d7fc337043e8df017f780908eb9644451?s=96&d=mm&r=g","url":"https:\/\/secure.gravatar.com\/avatar\/89915563d925342126b8ef0281b93d9d7fc337043e8df017f780908eb9644451?s=96&d=mm&r=g","contentUrl":"https:\/\/secure.gravatar.com\/avatar\/89915563d925342126b8ef0281b93d9d7fc337043e8df017f780908eb9644451?s=96&d=mm&r=g","caption":"St\u00e9phane Miget"},"url":"https:\/\/batijournal.com\/index.php\/author\/stephane\/"}]}},"_links":{"self":[{"href":"https:\/\/batijournal.com\/index.php\/wp-json\/wp\/v2\/posts\/99049","targetHints":{"allow":["GET"]}}],"collection":[{"href":"https:\/\/batijournal.com\/index.php\/wp-json\/wp\/v2\/posts"}],"about":[{"href":"https:\/\/batijournal.com\/index.php\/wp-json\/wp\/v2\/types\/post"}],"author":[{"embeddable":true,"href":"https:\/\/batijournal.com\/index.php\/wp-json\/wp\/v2\/users\/17"}],"replies":[{"embeddable":true,"href":"https:\/\/batijournal.com\/index.php\/wp-json\/wp\/v2\/comments?post=99049"}],"version-history":[{"count":0,"href":"https:\/\/batijournal.com\/index.php\/wp-json\/wp\/v2\/posts\/99049\/revisions"}],"wp:featuredmedia":[{"embeddable":true,"href":"https:\/\/batijournal.com\/index.php\/wp-json\/wp\/v2\/media\/99050"}],"wp:attachment":[{"href":"https:\/\/batijournal.com\/index.php\/wp-json\/wp\/v2\/media?parent=99049"}],"wp:term":[{"taxonomy":"category","embeddable":true,"href":"https:\/\/batijournal.com\/index.php\/wp-json\/wp\/v2\/categories?post=99049"},{"taxonomy":"post_tag","embeddable":true,"href":"https:\/\/batijournal.com\/index.php\/wp-json\/wp\/v2\/tags?post=99049"}],"curies":[{"name":"wp","href":"https:\/\/api.w.org\/{rel}","templated":true}]}}