{"id":99060,"date":"2018-05-07T08:53:03","date_gmt":"2018-05-07T06:53:03","guid":{"rendered":"http:\/\/batijournal.com\/?p=99060"},"modified":"2019-07-15T12:01:58","modified_gmt":"2019-07-15T10:01:58","slug":"maisons-neuves-vers-la-recession","status":"publish","type":"post","link":"https:\/\/batijournal.com\/index.php\/maisons-neuves-vers-la-recession\/99060\/","title":{"rendered":"Maisons neuves : vers la r\u00e9cession ?"},"content":{"rendered":"<p>Pour le cinqui\u00e8me mois cons\u00e9cutif, la commercialisation des maisons neuves individuelles en secteur diffus affiche une chute \u00e0 deux chiffres, avec &#8211; 18,7 % en mars 2018 (par rapport \u00e0 mars 2017). Sur les trois premiers mois de l\u2019ann\u00e9e, l\u2019indicateur Markem\u00e9tron (Caron Marketing LCA-FFB) montre un recul de 17 % par rapport au premier trimestre 2017. \u00c0 fin mars, l\u2019\u00e9volution des ventes en glissement annuel r\u00e9v\u00e8le d\u00e9sormais un net repli, \u00e0 hauteur de &#8211; 6,4 % sur les douze derniers mois, les bons mois de 2017 n\u2019arrivant plus \u00e0 compenser la forte d\u00e9gradation des mois r\u00e9cents. Le deuxi\u00e8me trimestre, qui correspond d\u2019ordinaire \u00e0 des mois favorables aux d\u00e9cisions d\u2019achat de maisons individuelles, constituera un test d\u00e9cisif. Si cette chute \u00e0 deux chiffres se confirme, le secteur de la construction de maisons entrerait en r\u00e9cession durable. La pr\u00e9vision de LCA-FFB d\u2019une baisse des ventes comprises entre 8 et 10 % pour 2018 serait alors d\u00e9pass\u00e9e.<\/p>\n<p>Source : LCA-FFB<\/p>\n","protected":false},"excerpt":{"rendered":"<p>Pour le cinqui\u00e8me mois cons\u00e9cutif, la commercialisation des maisons neuves individuelles en secteur diffus affiche une chute \u00e0 deux chiffres, avec &#8211; 18,7 % en mars 2018 (par rapport \u00e0 mars 2017). Sur les trois premiers mois de l\u2019ann\u00e9e, l\u2019indicateur Markem\u00e9tron (Caron Marketing LCA-FFB) montre un recul de 17 % par rapport au premier trimestre [&hellip;]<\/p>\n","protected":false},"author":17,"featured_media":91626,"comment_status":"closed","ping_status":"closed","sticky":false,"template":"","format":"standard","meta":{"_et_pb_use_builder":"","_et_pb_old_content":"","_et_gb_content_width":"","footnotes":""},"categories":[10736,10530,6345],"tags":[53,12095],"class_list":["post-99060","post","type-post","status-publish","format-standard","has-post-thumbnail","hentry","category-a-la-une","category-actualites","category-economie-marches","tag-construction","tag-lca-ffb"],"yoast_head":"<!-- This site is optimized with the Yoast SEO plugin v27.4 - https:\/\/yoast.com\/product\/yoast-seo-wordpress\/ -->\n<title>Maisons neuves : vers la r\u00e9cession ? - d\u00e9couvrez les chiffres<\/title>\n<meta name=\"description\" content=\"Pour le cinqui\u00e8me mois cons\u00e9cutif, la commercialisation des maisons neuves individuelles en secteur diffus affiche une chute \u00e0 deux chiffres\" \/>\n<meta name=\"robots\" content=\"index, follow, max-snippet:-1, max-image-preview:large, max-video-preview:-1\" \/>\n<link rel=\"canonical\" href=\"https:\/\/batijournal.com\/index.php\/maisons-neuves-vers-la-recession\/99060\/\" \/>\n<meta property=\"og:locale\" content=\"fr_FR\" \/>\n<meta property=\"og:type\" content=\"article\" \/>\n<meta property=\"og:title\" content=\"Maisons neuves : vers la r\u00e9cession ? - d\u00e9couvrez les chiffres\" \/>\n<meta property=\"og:description\" content=\"Pour le cinqui\u00e8me mois cons\u00e9cutif, la commercialisation des maisons neuves individuelles en secteur diffus affiche une chute \u00e0 deux chiffres\" \/>\n<meta property=\"og:url\" content=\"https:\/\/batijournal.com\/index.php\/maisons-neuves-vers-la-recession\/99060\/\" \/>\n<meta property=\"og:site_name\" content=\"Batijournal\" \/>\n<meta property=\"article:published_time\" content=\"2018-05-07T06:53:03+00:00\" \/>\n<meta property=\"article:modified_time\" content=\"2019-07-15T10:01:58+00:00\" \/>\n<meta property=\"og:image\" content=\"https:\/\/batijournal.com\/wp-content\/uploads\/2016\/02\/construction-2.jpg\" \/>\n\t<meta property=\"og:image:width\" content=\"974\" \/>\n\t<meta property=\"og:image:height\" content=\"629\" \/>\n\t<meta property=\"og:image:type\" content=\"image\/jpeg\" \/>\n<meta name=\"author\" content=\"St\u00e9phane Miget\" \/>\n<meta name=\"twitter:card\" content=\"summary_large_image\" \/>\n<meta name=\"twitter:creator\" content=\"@bati_journal\" \/>\n<meta name=\"twitter:site\" content=\"@bati_journal\" \/>\n<meta name=\"twitter:label1\" content=\"\u00c9crit par\" \/>\n\t<meta name=\"twitter:data1\" content=\"St\u00e9phane Miget\" \/>\n\t<meta name=\"twitter:label2\" content=\"Dur\u00e9e de lecture estim\u00e9e\" \/>\n\t<meta name=\"twitter:data2\" content=\"1 minute\" \/>\n<script type=\"application\/ld+json\" class=\"yoast-schema-graph\">{\"@context\":\"https:\\\/\\\/schema.org\",\"@graph\":[{\"@type\":\"Article\",\"@id\":\"https:\\\/\\\/batijournal.com\\\/index.php\\\/maisons-neuves-vers-la-recession\\\/99060\\\/#article\",\"isPartOf\":{\"@id\":\"https:\\\/\\\/batijournal.com\\\/index.php\\\/maisons-neuves-vers-la-recession\\\/99060\\\/\"},\"author\":{\"name\":\"St\u00e9phane Miget\",\"@id\":\"https:\\\/\\\/batijournal.com\\\/#\\\/schema\\\/person\\\/1dc96ec6957aa1ccb25ebe78bb19f100\"},\"headline\":\"Maisons neuves : vers la r\u00e9cession ?\",\"datePublished\":\"2018-05-07T06:53:03+00:00\",\"dateModified\":\"2019-07-15T10:01:58+00:00\",\"mainEntityOfPage\":{\"@id\":\"https:\\\/\\\/batijournal.com\\\/index.php\\\/maisons-neuves-vers-la-recession\\\/99060\\\/\"},\"wordCount\":164,\"image\":{\"@id\":\"https:\\\/\\\/batijournal.com\\\/index.php\\\/maisons-neuves-vers-la-recession\\\/99060\\\/#primaryimage\"},\"thumbnailUrl\":\"https:\\\/\\\/batijournal.com\\\/wp-content\\\/uploads\\\/2016\\\/02\\\/construction-2.jpg\",\"keywords\":[\"construction\",\"LCA-FFB\"],\"articleSection\":[\"A la Une\",\"Actualit\u00e9s\",\"\u00c9conomie &amp; March\u00e9s\"],\"inLanguage\":\"fr-FR\"},{\"@type\":\"WebPage\",\"@id\":\"https:\\\/\\\/batijournal.com\\\/index.php\\\/maisons-neuves-vers-la-recession\\\/99060\\\/\",\"url\":\"https:\\\/\\\/batijournal.com\\\/index.php\\\/maisons-neuves-vers-la-recession\\\/99060\\\/\",\"name\":\"Maisons neuves : vers la r\u00e9cession ? - d\u00e9couvrez les chiffres\",\"isPartOf\":{\"@id\":\"https:\\\/\\\/batijournal.com\\\/#website\"},\"primaryImageOfPage\":{\"@id\":\"https:\\\/\\\/batijournal.com\\\/index.php\\\/maisons-neuves-vers-la-recession\\\/99060\\\/#primaryimage\"},\"image\":{\"@id\":\"https:\\\/\\\/batijournal.com\\\/index.php\\\/maisons-neuves-vers-la-recession\\\/99060\\\/#primaryimage\"},\"thumbnailUrl\":\"https:\\\/\\\/batijournal.com\\\/wp-content\\\/uploads\\\/2016\\\/02\\\/construction-2.jpg\",\"datePublished\":\"2018-05-07T06:53:03+00:00\",\"dateModified\":\"2019-07-15T10:01:58+00:00\",\"author\":{\"@id\":\"https:\\\/\\\/batijournal.com\\\/#\\\/schema\\\/person\\\/1dc96ec6957aa1ccb25ebe78bb19f100\"},\"description\":\"Pour le cinqui\u00e8me mois cons\u00e9cutif, la commercialisation des maisons neuves individuelles en secteur diffus affiche une chute \u00e0 deux chiffres\",\"breadcrumb\":{\"@id\":\"https:\\\/\\\/batijournal.com\\\/index.php\\\/maisons-neuves-vers-la-recession\\\/99060\\\/#breadcrumb\"},\"inLanguage\":\"fr-FR\",\"potentialAction\":[{\"@type\":\"ReadAction\",\"target\":[\"https:\\\/\\\/batijournal.com\\\/index.php\\\/maisons-neuves-vers-la-recession\\\/99060\\\/\"]}]},{\"@type\":\"ImageObject\",\"inLanguage\":\"fr-FR\",\"@id\":\"https:\\\/\\\/batijournal.com\\\/index.php\\\/maisons-neuves-vers-la-recession\\\/99060\\\/#primaryimage\",\"url\":\"https:\\\/\\\/batijournal.com\\\/wp-content\\\/uploads\\\/2016\\\/02\\\/construction-2.jpg\",\"contentUrl\":\"https:\\\/\\\/batijournal.com\\\/wp-content\\\/uploads\\\/2016\\\/02\\\/construction-2.jpg\",\"width\":974,\"height\":629,\"caption\":\"maisons-neuves-vers-la-recession\"},{\"@type\":\"BreadcrumbList\",\"@id\":\"https:\\\/\\\/batijournal.com\\\/index.php\\\/maisons-neuves-vers-la-recession\\\/99060\\\/#breadcrumb\",\"itemListElement\":[{\"@type\":\"ListItem\",\"position\":1,\"name\":\"Accueil\",\"item\":\"https:\\\/\\\/batijournal.com\\\/\"},{\"@type\":\"ListItem\",\"position\":2,\"name\":\"A la Une\",\"item\":\"https:\\\/\\\/batijournal.com\\\/index.php\\\/category\\\/a-la-une\\\/\"},{\"@type\":\"ListItem\",\"position\":3,\"name\":\"Maisons neuves : vers la r\u00e9cession ?\"}]},{\"@type\":\"WebSite\",\"@id\":\"https:\\\/\\\/batijournal.com\\\/#website\",\"url\":\"https:\\\/\\\/batijournal.com\\\/\",\"name\":\"Batijournal\",\"description\":\"L&#039;actualit\u00e9 du b\u00e2timent\",\"potentialAction\":[{\"@type\":\"SearchAction\",\"target\":{\"@type\":\"EntryPoint\",\"urlTemplate\":\"https:\\\/\\\/batijournal.com\\\/?s={search_term_string}\"},\"query-input\":{\"@type\":\"PropertyValueSpecification\",\"valueRequired\":true,\"valueName\":\"search_term_string\"}}],\"inLanguage\":\"fr-FR\"},{\"@type\":\"Person\",\"@id\":\"https:\\\/\\\/batijournal.com\\\/#\\\/schema\\\/person\\\/1dc96ec6957aa1ccb25ebe78bb19f100\",\"name\":\"St\u00e9phane Miget\",\"image\":{\"@type\":\"ImageObject\",\"inLanguage\":\"fr-FR\",\"@id\":\"https:\\\/\\\/secure.gravatar.com\\\/avatar\\\/89915563d925342126b8ef0281b93d9d7fc337043e8df017f780908eb9644451?s=96&d=mm&r=g\",\"url\":\"https:\\\/\\\/secure.gravatar.com\\\/avatar\\\/89915563d925342126b8ef0281b93d9d7fc337043e8df017f780908eb9644451?s=96&d=mm&r=g\",\"contentUrl\":\"https:\\\/\\\/secure.gravatar.com\\\/avatar\\\/89915563d925342126b8ef0281b93d9d7fc337043e8df017f780908eb9644451?s=96&d=mm&r=g\",\"caption\":\"St\u00e9phane Miget\"},\"url\":\"https:\\\/\\\/batijournal.com\\\/index.php\\\/author\\\/stephane\\\/\"}]}<\/script>\n<!-- \/ Yoast SEO plugin. -->","yoast_head_json":{"title":"Maisons neuves : vers la r\u00e9cession ? - d\u00e9couvrez les chiffres","description":"Pour le cinqui\u00e8me mois cons\u00e9cutif, la commercialisation des maisons neuves individuelles en secteur diffus affiche une chute \u00e0 deux chiffres","robots":{"index":"index","follow":"follow","max-snippet":"max-snippet:-1","max-image-preview":"max-image-preview:large","max-video-preview":"max-video-preview:-1"},"canonical":"https:\/\/batijournal.com\/index.php\/maisons-neuves-vers-la-recession\/99060\/","og_locale":"fr_FR","og_type":"article","og_title":"Maisons neuves : vers la r\u00e9cession ? - d\u00e9couvrez les chiffres","og_description":"Pour le cinqui\u00e8me mois cons\u00e9cutif, la commercialisation des maisons neuves individuelles en secteur diffus affiche une chute \u00e0 deux chiffres","og_url":"https:\/\/batijournal.com\/index.php\/maisons-neuves-vers-la-recession\/99060\/","og_site_name":"Batijournal","article_published_time":"2018-05-07T06:53:03+00:00","article_modified_time":"2019-07-15T10:01:58+00:00","og_image":[{"width":974,"height":629,"url":"https:\/\/batijournal.com\/wp-content\/uploads\/2016\/02\/construction-2.jpg","type":"image\/jpeg"}],"author":"St\u00e9phane Miget","twitter_card":"summary_large_image","twitter_creator":"@bati_journal","twitter_site":"@bati_journal","twitter_misc":{"\u00c9crit par":"St\u00e9phane Miget","Dur\u00e9e de lecture estim\u00e9e":"1 minute"},"schema":{"@context":"https:\/\/schema.org","@graph":[{"@type":"Article","@id":"https:\/\/batijournal.com\/index.php\/maisons-neuves-vers-la-recession\/99060\/#article","isPartOf":{"@id":"https:\/\/batijournal.com\/index.php\/maisons-neuves-vers-la-recession\/99060\/"},"author":{"name":"St\u00e9phane Miget","@id":"https:\/\/batijournal.com\/#\/schema\/person\/1dc96ec6957aa1ccb25ebe78bb19f100"},"headline":"Maisons neuves : vers la r\u00e9cession ?","datePublished":"2018-05-07T06:53:03+00:00","dateModified":"2019-07-15T10:01:58+00:00","mainEntityOfPage":{"@id":"https:\/\/batijournal.com\/index.php\/maisons-neuves-vers-la-recession\/99060\/"},"wordCount":164,"image":{"@id":"https:\/\/batijournal.com\/index.php\/maisons-neuves-vers-la-recession\/99060\/#primaryimage"},"thumbnailUrl":"https:\/\/batijournal.com\/wp-content\/uploads\/2016\/02\/construction-2.jpg","keywords":["construction","LCA-FFB"],"articleSection":["A la Une","Actualit\u00e9s","\u00c9conomie &amp; March\u00e9s"],"inLanguage":"fr-FR"},{"@type":"WebPage","@id":"https:\/\/batijournal.com\/index.php\/maisons-neuves-vers-la-recession\/99060\/","url":"https:\/\/batijournal.com\/index.php\/maisons-neuves-vers-la-recession\/99060\/","name":"Maisons neuves : vers la r\u00e9cession ? - d\u00e9couvrez les chiffres","isPartOf":{"@id":"https:\/\/batijournal.com\/#website"},"primaryImageOfPage":{"@id":"https:\/\/batijournal.com\/index.php\/maisons-neuves-vers-la-recession\/99060\/#primaryimage"},"image":{"@id":"https:\/\/batijournal.com\/index.php\/maisons-neuves-vers-la-recession\/99060\/#primaryimage"},"thumbnailUrl":"https:\/\/batijournal.com\/wp-content\/uploads\/2016\/02\/construction-2.jpg","datePublished":"2018-05-07T06:53:03+00:00","dateModified":"2019-07-15T10:01:58+00:00","author":{"@id":"https:\/\/batijournal.com\/#\/schema\/person\/1dc96ec6957aa1ccb25ebe78bb19f100"},"description":"Pour le cinqui\u00e8me mois cons\u00e9cutif, la commercialisation des maisons neuves individuelles en secteur diffus affiche une chute \u00e0 deux chiffres","breadcrumb":{"@id":"https:\/\/batijournal.com\/index.php\/maisons-neuves-vers-la-recession\/99060\/#breadcrumb"},"inLanguage":"fr-FR","potentialAction":[{"@type":"ReadAction","target":["https:\/\/batijournal.com\/index.php\/maisons-neuves-vers-la-recession\/99060\/"]}]},{"@type":"ImageObject","inLanguage":"fr-FR","@id":"https:\/\/batijournal.com\/index.php\/maisons-neuves-vers-la-recession\/99060\/#primaryimage","url":"https:\/\/batijournal.com\/wp-content\/uploads\/2016\/02\/construction-2.jpg","contentUrl":"https:\/\/batijournal.com\/wp-content\/uploads\/2016\/02\/construction-2.jpg","width":974,"height":629,"caption":"maisons-neuves-vers-la-recession"},{"@type":"BreadcrumbList","@id":"https:\/\/batijournal.com\/index.php\/maisons-neuves-vers-la-recession\/99060\/#breadcrumb","itemListElement":[{"@type":"ListItem","position":1,"name":"Accueil","item":"https:\/\/batijournal.com\/"},{"@type":"ListItem","position":2,"name":"A la Une","item":"https:\/\/batijournal.com\/index.php\/category\/a-la-une\/"},{"@type":"ListItem","position":3,"name":"Maisons neuves : vers la r\u00e9cession ?"}]},{"@type":"WebSite","@id":"https:\/\/batijournal.com\/#website","url":"https:\/\/batijournal.com\/","name":"Batijournal","description":"L&#039;actualit\u00e9 du b\u00e2timent","potentialAction":[{"@type":"SearchAction","target":{"@type":"EntryPoint","urlTemplate":"https:\/\/batijournal.com\/?s={search_term_string}"},"query-input":{"@type":"PropertyValueSpecification","valueRequired":true,"valueName":"search_term_string"}}],"inLanguage":"fr-FR"},{"@type":"Person","@id":"https:\/\/batijournal.com\/#\/schema\/person\/1dc96ec6957aa1ccb25ebe78bb19f100","name":"St\u00e9phane Miget","image":{"@type":"ImageObject","inLanguage":"fr-FR","@id":"https:\/\/secure.gravatar.com\/avatar\/89915563d925342126b8ef0281b93d9d7fc337043e8df017f780908eb9644451?s=96&d=mm&r=g","url":"https:\/\/secure.gravatar.com\/avatar\/89915563d925342126b8ef0281b93d9d7fc337043e8df017f780908eb9644451?s=96&d=mm&r=g","contentUrl":"https:\/\/secure.gravatar.com\/avatar\/89915563d925342126b8ef0281b93d9d7fc337043e8df017f780908eb9644451?s=96&d=mm&r=g","caption":"St\u00e9phane Miget"},"url":"https:\/\/batijournal.com\/index.php\/author\/stephane\/"}]}},"_links":{"self":[{"href":"https:\/\/batijournal.com\/index.php\/wp-json\/wp\/v2\/posts\/99060","targetHints":{"allow":["GET"]}}],"collection":[{"href":"https:\/\/batijournal.com\/index.php\/wp-json\/wp\/v2\/posts"}],"about":[{"href":"https:\/\/batijournal.com\/index.php\/wp-json\/wp\/v2\/types\/post"}],"author":[{"embeddable":true,"href":"https:\/\/batijournal.com\/index.php\/wp-json\/wp\/v2\/users\/17"}],"replies":[{"embeddable":true,"href":"https:\/\/batijournal.com\/index.php\/wp-json\/wp\/v2\/comments?post=99060"}],"version-history":[{"count":0,"href":"https:\/\/batijournal.com\/index.php\/wp-json\/wp\/v2\/posts\/99060\/revisions"}],"wp:featuredmedia":[{"embeddable":true,"href":"https:\/\/batijournal.com\/index.php\/wp-json\/wp\/v2\/media\/91626"}],"wp:attachment":[{"href":"https:\/\/batijournal.com\/index.php\/wp-json\/wp\/v2\/media?parent=99060"}],"wp:term":[{"taxonomy":"category","embeddable":true,"href":"https:\/\/batijournal.com\/index.php\/wp-json\/wp\/v2\/categories?post=99060"},{"taxonomy":"post_tag","embeddable":true,"href":"https:\/\/batijournal.com\/index.php\/wp-json\/wp\/v2\/tags?post=99060"}],"curies":[{"name":"wp","href":"https:\/\/api.w.org\/{rel}","templated":true}]}}