{"id":99061,"date":"2018-05-07T09:05:46","date_gmt":"2018-05-07T07:05:46","guid":{"rendered":"http:\/\/batijournal.com\/?p=99061"},"modified":"2019-07-15T12:03:44","modified_gmt":"2019-07-15T10:03:44","slug":"emplois-menaces-par-les-defaillances-dentreprise","status":"publish","type":"post","link":"https:\/\/batijournal.com\/index.php\/emplois-menaces-par-les-defaillances-dentreprise\/99061\/","title":{"rendered":"De moins en moins d&#8217;emplois menac\u00e9s par les d\u00e9faillances d\u2019entreprise"},"content":{"rendered":"<p>Le 13e rapport Deloitte\/Altares \u00ab L\u2019entreprise en difficult\u00e9 en France \u00bb montre que le nombre d\u2019emplois menac\u00e9s baisse de 11,4% et atteint son seuil le plus faible depuis 11 ans, soit un niveau ante crise. Le nombre total de d\u00e9faillances enregistr\u00e9es baisse de 4.6 % et atteint son niveau le plus bas depuis 10 ans. 2\/3 des proc\u00e9dures concernent des soci\u00e9t\u00e9s ne g\u00e9n\u00e9rant aucun chiffre d\u2019affaires ou ne d\u00e9posant pas leurs comptes. Mieux, 3\/des proc\u00e9dures concernent des soci\u00e9t\u00e9s dont l\u2019effectif est compris entre 0 et 2 salari\u00e9s. Sur les 55 175 proc\u00e9dures, seules 1256 ont \u00e9t\u00e9 ouvertes pour des soci\u00e9t\u00e9s de plus de 20 salari\u00e9s. Les secteurs les plus touch\u00e9s sont le transport, l\u2019agriculture et l\u2019h\u00e9bergement. Les pouvoirs publics d\u00e9veloppent de nombreux outils d\u2019accompagnement des entreprises en difficult\u00e9 et contribuent \u00e0 leur mesure \u00e0 l\u2019embellie au travers d\u2019un syst\u00e8me \u00e9prouv\u00e9 de d\u00e9tection de signaux faibles.<\/p>\n","protected":false},"excerpt":{"rendered":"<p>Le 13e rapport Deloitte\/Altares \u00ab L\u2019entreprise en difficult\u00e9 en France \u00bb montre que le nombre d\u2019emplois menac\u00e9s baisse de 11,4% et atteint son seuil le plus faible depuis 11 ans, soit un niveau ante crise. Le nombre total de d\u00e9faillances enregistr\u00e9es baisse de 4.6 % et atteint son niveau le plus bas depuis 10 ans. [&hellip;]<\/p>\n","protected":false},"author":17,"featured_media":99062,"comment_status":"closed","ping_status":"closed","sticky":false,"template":"","format":"standard","meta":{"_et_pb_use_builder":"","_et_pb_old_content":"","_et_gb_content_width":"","footnotes":""},"categories":[10530,6345],"tags":[2207],"class_list":["post-99061","post","type-post","status-publish","format-standard","has-post-thumbnail","hentry","category-actualites","category-economie-marches","tag-entreprises"],"yoast_head":"<!-- This site is optimized with the Yoast SEO plugin v27.4 - https:\/\/yoast.com\/product\/yoast-seo-wordpress\/ -->\n<title>Les emplois menac\u00e9s face \u00e0 la d\u00e9faillance des entreprises<\/title>\n<meta name=\"description\" content=\"Le 13e rapport Deloitte\/Altares \u00ab L\u2019entreprise en difficult\u00e9 en France \u00bb montre que le nombre d\u2019emplois menac\u00e9s baisse de 11,4%\" \/>\n<meta name=\"robots\" content=\"index, follow, max-snippet:-1, max-image-preview:large, max-video-preview:-1\" \/>\n<link rel=\"canonical\" href=\"https:\/\/batijournal.com\/index.php\/emplois-menaces-par-les-defaillances-dentreprise\/99061\/\" \/>\n<meta property=\"og:locale\" content=\"fr_FR\" \/>\n<meta property=\"og:type\" content=\"article\" \/>\n<meta property=\"og:title\" content=\"Les emplois menac\u00e9s face \u00e0 la d\u00e9faillance des entreprises\" \/>\n<meta property=\"og:description\" content=\"Le 13e rapport Deloitte\/Altares \u00ab L\u2019entreprise en difficult\u00e9 en France \u00bb montre que le nombre d\u2019emplois menac\u00e9s baisse de 11,4%\" \/>\n<meta property=\"og:url\" content=\"https:\/\/batijournal.com\/index.php\/emplois-menaces-par-les-defaillances-dentreprise\/99061\/\" \/>\n<meta property=\"og:site_name\" content=\"Batijournal\" \/>\n<meta property=\"article:published_time\" content=\"2018-05-07T07:05:46+00:00\" \/>\n<meta property=\"article:modified_time\" content=\"2019-07-15T10:03:44+00:00\" \/>\n<meta property=\"og:image\" content=\"https:\/\/batijournal.com\/wp-content\/uploads\/2018\/05\/evolution-des-defaillance-entreprises.png\" \/>\n\t<meta property=\"og:image:width\" content=\"772\" \/>\n\t<meta property=\"og:image:height\" content=\"606\" \/>\n\t<meta property=\"og:image:type\" content=\"image\/png\" \/>\n<meta name=\"author\" content=\"St\u00e9phane Miget\" \/>\n<meta name=\"twitter:card\" content=\"summary_large_image\" \/>\n<meta name=\"twitter:creator\" content=\"@bati_journal\" \/>\n<meta name=\"twitter:site\" content=\"@bati_journal\" \/>\n<meta name=\"twitter:label1\" content=\"\u00c9crit par\" \/>\n\t<meta name=\"twitter:data1\" content=\"St\u00e9phane Miget\" \/>\n\t<meta name=\"twitter:label2\" content=\"Dur\u00e9e de lecture estim\u00e9e\" \/>\n\t<meta name=\"twitter:data2\" content=\"1 minute\" \/>\n<script type=\"application\/ld+json\" class=\"yoast-schema-graph\">{\"@context\":\"https:\\\/\\\/schema.org\",\"@graph\":[{\"@type\":\"Article\",\"@id\":\"https:\\\/\\\/batijournal.com\\\/index.php\\\/emplois-menaces-par-les-defaillances-dentreprise\\\/99061\\\/#article\",\"isPartOf\":{\"@id\":\"https:\\\/\\\/batijournal.com\\\/index.php\\\/emplois-menaces-par-les-defaillances-dentreprise\\\/99061\\\/\"},\"author\":{\"name\":\"St\u00e9phane Miget\",\"@id\":\"https:\\\/\\\/batijournal.com\\\/#\\\/schema\\\/person\\\/1dc96ec6957aa1ccb25ebe78bb19f100\"},\"headline\":\"De moins en moins d&#8217;emplois menac\u00e9s par les d\u00e9faillances d\u2019entreprise\",\"datePublished\":\"2018-05-07T07:05:46+00:00\",\"dateModified\":\"2019-07-15T10:03:44+00:00\",\"mainEntityOfPage\":{\"@id\":\"https:\\\/\\\/batijournal.com\\\/index.php\\\/emplois-menaces-par-les-defaillances-dentreprise\\\/99061\\\/\"},\"wordCount\":175,\"image\":{\"@id\":\"https:\\\/\\\/batijournal.com\\\/index.php\\\/emplois-menaces-par-les-defaillances-dentreprise\\\/99061\\\/#primaryimage\"},\"thumbnailUrl\":\"https:\\\/\\\/batijournal.com\\\/wp-content\\\/uploads\\\/2018\\\/05\\\/evolution-des-defaillance-entreprises.png\",\"keywords\":[\"Entreprises\"],\"articleSection\":[\"Actualit\u00e9s\",\"\u00c9conomie &amp; March\u00e9s\"],\"inLanguage\":\"fr-FR\"},{\"@type\":\"WebPage\",\"@id\":\"https:\\\/\\\/batijournal.com\\\/index.php\\\/emplois-menaces-par-les-defaillances-dentreprise\\\/99061\\\/\",\"url\":\"https:\\\/\\\/batijournal.com\\\/index.php\\\/emplois-menaces-par-les-defaillances-dentreprise\\\/99061\\\/\",\"name\":\"Les emplois menac\u00e9s face \u00e0 la d\u00e9faillance des entreprises\",\"isPartOf\":{\"@id\":\"https:\\\/\\\/batijournal.com\\\/#website\"},\"primaryImageOfPage\":{\"@id\":\"https:\\\/\\\/batijournal.com\\\/index.php\\\/emplois-menaces-par-les-defaillances-dentreprise\\\/99061\\\/#primaryimage\"},\"image\":{\"@id\":\"https:\\\/\\\/batijournal.com\\\/index.php\\\/emplois-menaces-par-les-defaillances-dentreprise\\\/99061\\\/#primaryimage\"},\"thumbnailUrl\":\"https:\\\/\\\/batijournal.com\\\/wp-content\\\/uploads\\\/2018\\\/05\\\/evolution-des-defaillance-entreprises.png\",\"datePublished\":\"2018-05-07T07:05:46+00:00\",\"dateModified\":\"2019-07-15T10:03:44+00:00\",\"author\":{\"@id\":\"https:\\\/\\\/batijournal.com\\\/#\\\/schema\\\/person\\\/1dc96ec6957aa1ccb25ebe78bb19f100\"},\"description\":\"Le 13e rapport Deloitte\\\/Altares \u00ab L\u2019entreprise en difficult\u00e9 en France \u00bb montre que le nombre d\u2019emplois menac\u00e9s baisse de 11,4%\",\"breadcrumb\":{\"@id\":\"https:\\\/\\\/batijournal.com\\\/index.php\\\/emplois-menaces-par-les-defaillances-dentreprise\\\/99061\\\/#breadcrumb\"},\"inLanguage\":\"fr-FR\",\"potentialAction\":[{\"@type\":\"ReadAction\",\"target\":[\"https:\\\/\\\/batijournal.com\\\/index.php\\\/emplois-menaces-par-les-defaillances-dentreprise\\\/99061\\\/\"]}]},{\"@type\":\"ImageObject\",\"inLanguage\":\"fr-FR\",\"@id\":\"https:\\\/\\\/batijournal.com\\\/index.php\\\/emplois-menaces-par-les-defaillances-dentreprise\\\/99061\\\/#primaryimage\",\"url\":\"https:\\\/\\\/batijournal.com\\\/wp-content\\\/uploads\\\/2018\\\/05\\\/evolution-des-defaillance-entreprises.png\",\"contentUrl\":\"https:\\\/\\\/batijournal.com\\\/wp-content\\\/uploads\\\/2018\\\/05\\\/evolution-des-defaillance-entreprises.png\",\"width\":772,\"height\":606,\"caption\":\"emplois-menaces-par-les-defaillances-dentreprises\"},{\"@type\":\"BreadcrumbList\",\"@id\":\"https:\\\/\\\/batijournal.com\\\/index.php\\\/emplois-menaces-par-les-defaillances-dentreprise\\\/99061\\\/#breadcrumb\",\"itemListElement\":[{\"@type\":\"ListItem\",\"position\":1,\"name\":\"Accueil\",\"item\":\"https:\\\/\\\/batijournal.com\\\/\"},{\"@type\":\"ListItem\",\"position\":2,\"name\":\"Actualit\u00e9s\",\"item\":\"https:\\\/\\\/batijournal.com\\\/index.php\\\/category\\\/actualites\\\/\"},{\"@type\":\"ListItem\",\"position\":3,\"name\":\"De moins en moins d&#8217;emplois menac\u00e9s par les d\u00e9faillances d\u2019entreprise\"}]},{\"@type\":\"WebSite\",\"@id\":\"https:\\\/\\\/batijournal.com\\\/#website\",\"url\":\"https:\\\/\\\/batijournal.com\\\/\",\"name\":\"Batijournal\",\"description\":\"L&#039;actualit\u00e9 du b\u00e2timent\",\"potentialAction\":[{\"@type\":\"SearchAction\",\"target\":{\"@type\":\"EntryPoint\",\"urlTemplate\":\"https:\\\/\\\/batijournal.com\\\/?s={search_term_string}\"},\"query-input\":{\"@type\":\"PropertyValueSpecification\",\"valueRequired\":true,\"valueName\":\"search_term_string\"}}],\"inLanguage\":\"fr-FR\"},{\"@type\":\"Person\",\"@id\":\"https:\\\/\\\/batijournal.com\\\/#\\\/schema\\\/person\\\/1dc96ec6957aa1ccb25ebe78bb19f100\",\"name\":\"St\u00e9phane Miget\",\"image\":{\"@type\":\"ImageObject\",\"inLanguage\":\"fr-FR\",\"@id\":\"https:\\\/\\\/secure.gravatar.com\\\/avatar\\\/89915563d925342126b8ef0281b93d9d7fc337043e8df017f780908eb9644451?s=96&d=mm&r=g\",\"url\":\"https:\\\/\\\/secure.gravatar.com\\\/avatar\\\/89915563d925342126b8ef0281b93d9d7fc337043e8df017f780908eb9644451?s=96&d=mm&r=g\",\"contentUrl\":\"https:\\\/\\\/secure.gravatar.com\\\/avatar\\\/89915563d925342126b8ef0281b93d9d7fc337043e8df017f780908eb9644451?s=96&d=mm&r=g\",\"caption\":\"St\u00e9phane Miget\"},\"url\":\"https:\\\/\\\/batijournal.com\\\/index.php\\\/author\\\/stephane\\\/\"}]}<\/script>\n<!-- \/ Yoast SEO plugin. -->","yoast_head_json":{"title":"Les emplois menac\u00e9s face \u00e0 la d\u00e9faillance des entreprises","description":"Le 13e rapport Deloitte\/Altares \u00ab L\u2019entreprise en difficult\u00e9 en France \u00bb montre que le nombre d\u2019emplois menac\u00e9s baisse de 11,4%","robots":{"index":"index","follow":"follow","max-snippet":"max-snippet:-1","max-image-preview":"max-image-preview:large","max-video-preview":"max-video-preview:-1"},"canonical":"https:\/\/batijournal.com\/index.php\/emplois-menaces-par-les-defaillances-dentreprise\/99061\/","og_locale":"fr_FR","og_type":"article","og_title":"Les emplois menac\u00e9s face \u00e0 la d\u00e9faillance des entreprises","og_description":"Le 13e rapport Deloitte\/Altares \u00ab L\u2019entreprise en difficult\u00e9 en France \u00bb montre que le nombre d\u2019emplois menac\u00e9s baisse de 11,4%","og_url":"https:\/\/batijournal.com\/index.php\/emplois-menaces-par-les-defaillances-dentreprise\/99061\/","og_site_name":"Batijournal","article_published_time":"2018-05-07T07:05:46+00:00","article_modified_time":"2019-07-15T10:03:44+00:00","og_image":[{"width":772,"height":606,"url":"https:\/\/batijournal.com\/wp-content\/uploads\/2018\/05\/evolution-des-defaillance-entreprises.png","type":"image\/png"}],"author":"St\u00e9phane Miget","twitter_card":"summary_large_image","twitter_creator":"@bati_journal","twitter_site":"@bati_journal","twitter_misc":{"\u00c9crit par":"St\u00e9phane Miget","Dur\u00e9e de lecture estim\u00e9e":"1 minute"},"schema":{"@context":"https:\/\/schema.org","@graph":[{"@type":"Article","@id":"https:\/\/batijournal.com\/index.php\/emplois-menaces-par-les-defaillances-dentreprise\/99061\/#article","isPartOf":{"@id":"https:\/\/batijournal.com\/index.php\/emplois-menaces-par-les-defaillances-dentreprise\/99061\/"},"author":{"name":"St\u00e9phane Miget","@id":"https:\/\/batijournal.com\/#\/schema\/person\/1dc96ec6957aa1ccb25ebe78bb19f100"},"headline":"De moins en moins d&#8217;emplois menac\u00e9s par les d\u00e9faillances d\u2019entreprise","datePublished":"2018-05-07T07:05:46+00:00","dateModified":"2019-07-15T10:03:44+00:00","mainEntityOfPage":{"@id":"https:\/\/batijournal.com\/index.php\/emplois-menaces-par-les-defaillances-dentreprise\/99061\/"},"wordCount":175,"image":{"@id":"https:\/\/batijournal.com\/index.php\/emplois-menaces-par-les-defaillances-dentreprise\/99061\/#primaryimage"},"thumbnailUrl":"https:\/\/batijournal.com\/wp-content\/uploads\/2018\/05\/evolution-des-defaillance-entreprises.png","keywords":["Entreprises"],"articleSection":["Actualit\u00e9s","\u00c9conomie &amp; March\u00e9s"],"inLanguage":"fr-FR"},{"@type":"WebPage","@id":"https:\/\/batijournal.com\/index.php\/emplois-menaces-par-les-defaillances-dentreprise\/99061\/","url":"https:\/\/batijournal.com\/index.php\/emplois-menaces-par-les-defaillances-dentreprise\/99061\/","name":"Les emplois menac\u00e9s face \u00e0 la d\u00e9faillance des entreprises","isPartOf":{"@id":"https:\/\/batijournal.com\/#website"},"primaryImageOfPage":{"@id":"https:\/\/batijournal.com\/index.php\/emplois-menaces-par-les-defaillances-dentreprise\/99061\/#primaryimage"},"image":{"@id":"https:\/\/batijournal.com\/index.php\/emplois-menaces-par-les-defaillances-dentreprise\/99061\/#primaryimage"},"thumbnailUrl":"https:\/\/batijournal.com\/wp-content\/uploads\/2018\/05\/evolution-des-defaillance-entreprises.png","datePublished":"2018-05-07T07:05:46+00:00","dateModified":"2019-07-15T10:03:44+00:00","author":{"@id":"https:\/\/batijournal.com\/#\/schema\/person\/1dc96ec6957aa1ccb25ebe78bb19f100"},"description":"Le 13e rapport Deloitte\/Altares \u00ab L\u2019entreprise en difficult\u00e9 en France \u00bb montre que le nombre d\u2019emplois menac\u00e9s baisse de 11,4%","breadcrumb":{"@id":"https:\/\/batijournal.com\/index.php\/emplois-menaces-par-les-defaillances-dentreprise\/99061\/#breadcrumb"},"inLanguage":"fr-FR","potentialAction":[{"@type":"ReadAction","target":["https:\/\/batijournal.com\/index.php\/emplois-menaces-par-les-defaillances-dentreprise\/99061\/"]}]},{"@type":"ImageObject","inLanguage":"fr-FR","@id":"https:\/\/batijournal.com\/index.php\/emplois-menaces-par-les-defaillances-dentreprise\/99061\/#primaryimage","url":"https:\/\/batijournal.com\/wp-content\/uploads\/2018\/05\/evolution-des-defaillance-entreprises.png","contentUrl":"https:\/\/batijournal.com\/wp-content\/uploads\/2018\/05\/evolution-des-defaillance-entreprises.png","width":772,"height":606,"caption":"emplois-menaces-par-les-defaillances-dentreprises"},{"@type":"BreadcrumbList","@id":"https:\/\/batijournal.com\/index.php\/emplois-menaces-par-les-defaillances-dentreprise\/99061\/#breadcrumb","itemListElement":[{"@type":"ListItem","position":1,"name":"Accueil","item":"https:\/\/batijournal.com\/"},{"@type":"ListItem","position":2,"name":"Actualit\u00e9s","item":"https:\/\/batijournal.com\/index.php\/category\/actualites\/"},{"@type":"ListItem","position":3,"name":"De moins en moins d&#8217;emplois menac\u00e9s par les d\u00e9faillances d\u2019entreprise"}]},{"@type":"WebSite","@id":"https:\/\/batijournal.com\/#website","url":"https:\/\/batijournal.com\/","name":"Batijournal","description":"L&#039;actualit\u00e9 du b\u00e2timent","potentialAction":[{"@type":"SearchAction","target":{"@type":"EntryPoint","urlTemplate":"https:\/\/batijournal.com\/?s={search_term_string}"},"query-input":{"@type":"PropertyValueSpecification","valueRequired":true,"valueName":"search_term_string"}}],"inLanguage":"fr-FR"},{"@type":"Person","@id":"https:\/\/batijournal.com\/#\/schema\/person\/1dc96ec6957aa1ccb25ebe78bb19f100","name":"St\u00e9phane Miget","image":{"@type":"ImageObject","inLanguage":"fr-FR","@id":"https:\/\/secure.gravatar.com\/avatar\/89915563d925342126b8ef0281b93d9d7fc337043e8df017f780908eb9644451?s=96&d=mm&r=g","url":"https:\/\/secure.gravatar.com\/avatar\/89915563d925342126b8ef0281b93d9d7fc337043e8df017f780908eb9644451?s=96&d=mm&r=g","contentUrl":"https:\/\/secure.gravatar.com\/avatar\/89915563d925342126b8ef0281b93d9d7fc337043e8df017f780908eb9644451?s=96&d=mm&r=g","caption":"St\u00e9phane Miget"},"url":"https:\/\/batijournal.com\/index.php\/author\/stephane\/"}]}},"_links":{"self":[{"href":"https:\/\/batijournal.com\/index.php\/wp-json\/wp\/v2\/posts\/99061","targetHints":{"allow":["GET"]}}],"collection":[{"href":"https:\/\/batijournal.com\/index.php\/wp-json\/wp\/v2\/posts"}],"about":[{"href":"https:\/\/batijournal.com\/index.php\/wp-json\/wp\/v2\/types\/post"}],"author":[{"embeddable":true,"href":"https:\/\/batijournal.com\/index.php\/wp-json\/wp\/v2\/users\/17"}],"replies":[{"embeddable":true,"href":"https:\/\/batijournal.com\/index.php\/wp-json\/wp\/v2\/comments?post=99061"}],"version-history":[{"count":0,"href":"https:\/\/batijournal.com\/index.php\/wp-json\/wp\/v2\/posts\/99061\/revisions"}],"wp:featuredmedia":[{"embeddable":true,"href":"https:\/\/batijournal.com\/index.php\/wp-json\/wp\/v2\/media\/99062"}],"wp:attachment":[{"href":"https:\/\/batijournal.com\/index.php\/wp-json\/wp\/v2\/media?parent=99061"}],"wp:term":[{"taxonomy":"category","embeddable":true,"href":"https:\/\/batijournal.com\/index.php\/wp-json\/wp\/v2\/categories?post=99061"},{"taxonomy":"post_tag","embeddable":true,"href":"https:\/\/batijournal.com\/index.php\/wp-json\/wp\/v2\/tags?post=99061"}],"curies":[{"name":"wp","href":"https:\/\/api.w.org\/{rel}","templated":true}]}}