{"id":99071,"date":"2018-05-09T10:07:51","date_gmt":"2018-05-09T08:07:51","guid":{"rendered":"http:\/\/batijournal.com\/?p=99071"},"modified":"2019-07-15T11:15:07","modified_gmt":"2019-07-15T09:15:07","slug":"retrouver-lessence-de-le-corbusier-dans-son-appartement-atelier","status":"publish","type":"post","link":"https:\/\/batijournal.com\/index.php\/retrouver-lessence-de-le-corbusier-dans-son-appartement-atelier\/99071\/","title":{"rendered":"Retrouver l&rsquo;essence de Le Corbusier dans son appartement-atelier"},"content":{"rendered":"<p><strong>Comment restaurer un objet iconique de l\u2019architecture moderne ? En retra\u00e7ant l\u2019histoire de l\u2019appartement-atelier de Le Corbusier, deux chercheurs de l\u2019EPFL ont relev\u00e9 le d\u00e9fi. Leur ouvrage propose des recommandations bas\u00e9es sur des sources in\u00e9dites de l\u2019architecte suisse.<\/strong><\/p>\n<p><em>\u00ab C\u2019\u00e9tait un p\u00e9ril pour moi d\u2019aller habiter ma propre architecture. Au vrai, c\u2019est magnifique \u00bb.<\/em> C\u2019est en ces termes que Charles-\u00c9douard Jeanneret, dit Le Corbusier, s\u2019adresse \u00e0 sa m\u00e8re dans une lettre en date du 29 avril 1934. Le c\u00e9l\u00e8bre architecte vient d\u2019emm\u00e9nager au dernier \u00e9tage d\u2019un immeuble qu\u2019il a lui-m\u00eame a con\u00e7u \u00e0 Paris, 24, Rue Nungesser et Coli, proche du Bois-de-Boulogne. C\u2019est par cette phrase que s\u2019ouvre \u00e9galement l\u2019un des chapitres d\u2019une publication de l\u2019EPFL consacr\u00e9e \u00e0 l\u2019appartement qui fut, de 1934 \u00e0 1965, un lieu d\u2019exp\u00e9rimentations en tous genres pour l\u2019architecte suisse en plus d\u2019\u00eatre son atelier de peinture.<\/p>\n<p>Ses auteurs, Giulia Marino et Franz Graf, sont tous deux chercheurs au Laboratoire des techniques et de la sauvegarde de l\u2019architecture moderne (TSAM). Mandat\u00e9s par la Fondation Le Corbusier, avec le soutien de la Getty Foundation dans le cadre du programme Keeping It Modern, Architecture Conservation Grant, ils ont re\u00e7u comme mission de pr\u00e9senter une liste de lignes directrices pour la restauration totale de ce lieu unique dans le but de l\u2019ouvrir au public. Pour s\u2019acquitter de cette t\u00e2che, ils ont travaill\u00e9 sur des sources in\u00e9dites qu\u2019ils publient et citent dans leur ouvrage : photos, correspondance et t\u00e9moignages de proches de l\u2019architecte, entre autres.<\/p>\n<p>L\u2019appartement \u00e9tait un v\u00e9ritable champ d\u2019exp\u00e9rimentations pour l\u2019architecte suisse. Ses murs renferment donc un m\u00e9lange des styles, allant de 1930 aux ann\u00e9es 1960, passant d\u2019un int\u00e9rieur \u00abpuriste\u00bb \u00e0 une ambiance \u00abbrutaliste\u00bb, Le Corbusier n\u2019ayant eu de cesse d\u2019adapter son int\u00e9rieur et les mat\u00e9riaux de son appartement au gr\u00e9 des exp\u00e9rimentations architecturales qui traversent son \u0153uvre. A quelle p\u00e9riode se r\u00e9f\u00e9rer ? Que conserver ? A quoi renoncer ? Que raconter ? Telles sont les innombrables questions auxquelles se sont confront\u00e9s les chercheurs, conscients de s\u2019attaquer \u00e0 un v\u00e9ritable mythe. Quitte \u00e0 devoir, par moment, l\u2019\u00e9corner.<\/p>\n<p><strong><em>Quelle est la singularit\u00e9 de l\u2019appartement-atelier de Le Corbusier?<\/em><\/strong><\/p>\n<p><em>Giulia Marino : c\u2019est un manifeste, une concentration unique de ses inventions, \u00e0 l\u2019image du brise-soleil, charg\u00e9 de prot\u00e9ger de la lumi\u00e8re, et de l\u2019\u00e9clairage indirect ou encore du Modulor, qui appara\u00eet sous la forme d\u2019un vitrail int\u00e9gr\u00e9 dans la baie vitr\u00e9e de la salle \u00e0 manger. Cette invention visait \u00e0 dimensionner, entre-autres, ses c\u00e9l\u00e8bres \u00abUnit\u00e9s d\u2019habitation\u00bb sur la base de proportions symbolis\u00e9es par une silhouette humaine. Nous avons aussi compris que Le Corbusier avait originellement rev\u00eatu certains plafonds et parois de ch\u00eane contre-plaqu\u00e9 pour dissimuler les traces des infiltrations d\u2019eau du toit, li\u00e9es \u00e0 un probl\u00e8me d\u2019\u00e9tanch\u00e9it\u00e9\u2026 C\u2019est assez ironique, quand on pense que ce type de rev\u00eatement est devenu par la suite un composant tr\u00e8s appr\u00e9ci\u00e9 de l\u2019architecture moderne! D\u00e9ontologiquement, il nous est paru impossible de d\u00e9fendre une \u00e9poque plut\u00f4t qu\u2019une autre. Nous avons donc propos\u00e9 de conserver le palimpseste d\u2019\u00e9poques dans lequel Le Corbusier a laiss\u00e9 son appartement.<\/em><\/p>\n<p>L\u2019appartement-atelier sera ouvert au public au mois de juin 2018.<br \/>\n24, rue Nungesser et Coli &#8211; 75016 Paris<br \/>\n<a href=\"http:\/\/www.fondationlecorbusier.fr\/corbuweb\/morpheus.aspx?sysId=152&amp;IrisObjectId=8284&amp;sysLanguage=fr-fr&amp;itemPos=1&amp;sysParentId=152&amp;clearQuery=1\">Page consacr\u00e9e \u00e0 l&rsquo;appartement&#8230;<\/a><\/p>\n<p><a href=\"http:\/\/www.ppur.org\/produit\/865\/9782889152131\/Les%20multiples%20vies%20de%20lappartement-atelier%20Le%20Corbusier\">Le livre de Giulia Marino et Franz Graf<\/a>&#8230;<\/p>\n<p>Source : EPFL \/ MEDIACOM<br \/>\nPhoto : Le salon, en 2014. \u00a9 G.Marino \/ EPFL<\/p>\n<p>&nbsp;<\/p>\n","protected":false},"excerpt":{"rendered":"<p>Comment restaurer un objet iconique de l\u2019architecture moderne ? En retra\u00e7ant l\u2019histoire de l\u2019appartement-atelier de Le Corbusier, deux chercheurs de l\u2019EPFL ont relev\u00e9 le d\u00e9fi. Leur ouvrage propose des recommandations bas\u00e9es sur des sources in\u00e9dites de l\u2019architecte suisse. \u00ab C\u2019\u00e9tait un p\u00e9ril pour moi d\u2019aller habiter ma propre architecture. Au vrai, c\u2019est magnifique \u00bb. C\u2019est [&hellip;]<\/p>\n","protected":false},"author":17,"featured_media":99074,"comment_status":"closed","ping_status":"closed","sticky":false,"template":"","format":"standard","meta":{"_et_pb_use_builder":"","_et_pb_old_content":"","_et_gb_content_width":"","footnotes":""},"categories":[10530,6340,10785],"tags":[],"class_list":["post-99071","post","type-post","status-publish","format-standard","has-post-thumbnail","hentry","category-actualites","category-architecture-conception","category-atrium"],"yoast_head":"<!-- This site is optimized with the Yoast SEO plugin v27.4 - https:\/\/yoast.com\/product\/yoast-seo-wordpress\/ -->\n<title>Retrouver l&#039;essence de Le Corbusier dans son appartement-atelier<\/title>\n<meta name=\"robots\" content=\"index, follow, max-snippet:-1, max-image-preview:large, max-video-preview:-1\" \/>\n<link rel=\"canonical\" href=\"https:\/\/batijournal.com\/index.php\/retrouver-lessence-de-le-corbusier-dans-son-appartement-atelier\/99071\/\" \/>\n<meta property=\"og:locale\" content=\"fr_FR\" \/>\n<meta property=\"og:type\" content=\"article\" \/>\n<meta property=\"og:title\" content=\"Retrouver l&#039;essence de Le Corbusier dans son appartement-atelier\" \/>\n<meta property=\"og:description\" content=\"Comment restaurer un objet iconique de l\u2019architecture moderne ? En retra\u00e7ant l\u2019histoire de l\u2019appartement-atelier de Le Corbusier, deux chercheurs de l\u2019EPFL ont relev\u00e9 le d\u00e9fi. Leur ouvrage propose des recommandations bas\u00e9es sur des sources in\u00e9dites de l\u2019architecte suisse. \u00ab C\u2019\u00e9tait un p\u00e9ril pour moi d\u2019aller habiter ma propre architecture. Au vrai, c\u2019est magnifique \u00bb. C\u2019est [&hellip;]\" \/>\n<meta property=\"og:url\" content=\"https:\/\/batijournal.com\/index.php\/retrouver-lessence-de-le-corbusier-dans-son-appartement-atelier\/99071\/\" \/>\n<meta property=\"og:site_name\" content=\"Batijournal\" \/>\n<meta property=\"article:published_time\" content=\"2018-05-09T08:07:51+00:00\" \/>\n<meta property=\"article:modified_time\" content=\"2019-07-15T09:15:07+00:00\" \/>\n<meta property=\"og:image\" content=\"https:\/\/batijournal.com\/wp-content\/uploads\/2018\/05\/appartement-lecorbusier.jpg\" \/>\n\t<meta property=\"og:image:width\" content=\"652\" \/>\n\t<meta property=\"og:image:height\" content=\"365\" \/>\n\t<meta property=\"og:image:type\" content=\"image\/jpeg\" \/>\n<meta name=\"author\" content=\"St\u00e9phane Miget\" \/>\n<meta name=\"twitter:card\" content=\"summary_large_image\" \/>\n<meta name=\"twitter:creator\" content=\"@bati_journal\" \/>\n<meta name=\"twitter:site\" content=\"@bati_journal\" \/>\n<meta name=\"twitter:label1\" content=\"\u00c9crit par\" \/>\n\t<meta name=\"twitter:data1\" content=\"St\u00e9phane Miget\" \/>\n\t<meta name=\"twitter:label2\" content=\"Dur\u00e9e de lecture estim\u00e9e\" \/>\n\t<meta name=\"twitter:data2\" content=\"3 minutes\" \/>\n<script type=\"application\/ld+json\" class=\"yoast-schema-graph\">{\"@context\":\"https:\\\/\\\/schema.org\",\"@graph\":[{\"@type\":\"Article\",\"@id\":\"https:\\\/\\\/batijournal.com\\\/index.php\\\/retrouver-lessence-de-le-corbusier-dans-son-appartement-atelier\\\/99071\\\/#article\",\"isPartOf\":{\"@id\":\"https:\\\/\\\/batijournal.com\\\/index.php\\\/retrouver-lessence-de-le-corbusier-dans-son-appartement-atelier\\\/99071\\\/\"},\"author\":{\"name\":\"St\u00e9phane Miget\",\"@id\":\"https:\\\/\\\/batijournal.com\\\/#\\\/schema\\\/person\\\/1dc96ec6957aa1ccb25ebe78bb19f100\"},\"headline\":\"Retrouver l&rsquo;essence de Le Corbusier dans son appartement-atelier\",\"datePublished\":\"2018-05-09T08:07:51+00:00\",\"dateModified\":\"2019-07-15T09:15:07+00:00\",\"mainEntityOfPage\":{\"@id\":\"https:\\\/\\\/batijournal.com\\\/index.php\\\/retrouver-lessence-de-le-corbusier-dans-son-appartement-atelier\\\/99071\\\/\"},\"wordCount\":622,\"image\":{\"@id\":\"https:\\\/\\\/batijournal.com\\\/index.php\\\/retrouver-lessence-de-le-corbusier-dans-son-appartement-atelier\\\/99071\\\/#primaryimage\"},\"thumbnailUrl\":\"https:\\\/\\\/batijournal.com\\\/wp-content\\\/uploads\\\/2018\\\/05\\\/appartement-lecorbusier.jpg\",\"articleSection\":[\"Actualit\u00e9s\",\"Architecture &amp; Conception\",\"zz_Atrium Patrimoine\"],\"inLanguage\":\"fr-FR\"},{\"@type\":\"WebPage\",\"@id\":\"https:\\\/\\\/batijournal.com\\\/index.php\\\/retrouver-lessence-de-le-corbusier-dans-son-appartement-atelier\\\/99071\\\/\",\"url\":\"https:\\\/\\\/batijournal.com\\\/index.php\\\/retrouver-lessence-de-le-corbusier-dans-son-appartement-atelier\\\/99071\\\/\",\"name\":\"Retrouver l'essence de Le Corbusier dans son appartement-atelier\",\"isPartOf\":{\"@id\":\"https:\\\/\\\/batijournal.com\\\/#website\"},\"primaryImageOfPage\":{\"@id\":\"https:\\\/\\\/batijournal.com\\\/index.php\\\/retrouver-lessence-de-le-corbusier-dans-son-appartement-atelier\\\/99071\\\/#primaryimage\"},\"image\":{\"@id\":\"https:\\\/\\\/batijournal.com\\\/index.php\\\/retrouver-lessence-de-le-corbusier-dans-son-appartement-atelier\\\/99071\\\/#primaryimage\"},\"thumbnailUrl\":\"https:\\\/\\\/batijournal.com\\\/wp-content\\\/uploads\\\/2018\\\/05\\\/appartement-lecorbusier.jpg\",\"datePublished\":\"2018-05-09T08:07:51+00:00\",\"dateModified\":\"2019-07-15T09:15:07+00:00\",\"author\":{\"@id\":\"https:\\\/\\\/batijournal.com\\\/#\\\/schema\\\/person\\\/1dc96ec6957aa1ccb25ebe78bb19f100\"},\"breadcrumb\":{\"@id\":\"https:\\\/\\\/batijournal.com\\\/index.php\\\/retrouver-lessence-de-le-corbusier-dans-son-appartement-atelier\\\/99071\\\/#breadcrumb\"},\"inLanguage\":\"fr-FR\",\"potentialAction\":[{\"@type\":\"ReadAction\",\"target\":[\"https:\\\/\\\/batijournal.com\\\/index.php\\\/retrouver-lessence-de-le-corbusier-dans-son-appartement-atelier\\\/99071\\\/\"]}]},{\"@type\":\"ImageObject\",\"inLanguage\":\"fr-FR\",\"@id\":\"https:\\\/\\\/batijournal.com\\\/index.php\\\/retrouver-lessence-de-le-corbusier-dans-son-appartement-atelier\\\/99071\\\/#primaryimage\",\"url\":\"https:\\\/\\\/batijournal.com\\\/wp-content\\\/uploads\\\/2018\\\/05\\\/appartement-lecorbusier.jpg\",\"contentUrl\":\"https:\\\/\\\/batijournal.com\\\/wp-content\\\/uploads\\\/2018\\\/05\\\/appartement-lecorbusier.jpg\",\"width\":652,\"height\":365},{\"@type\":\"BreadcrumbList\",\"@id\":\"https:\\\/\\\/batijournal.com\\\/index.php\\\/retrouver-lessence-de-le-corbusier-dans-son-appartement-atelier\\\/99071\\\/#breadcrumb\",\"itemListElement\":[{\"@type\":\"ListItem\",\"position\":1,\"name\":\"Accueil\",\"item\":\"https:\\\/\\\/batijournal.com\\\/\"},{\"@type\":\"ListItem\",\"position\":2,\"name\":\"Actualit\u00e9s\",\"item\":\"https:\\\/\\\/batijournal.com\\\/index.php\\\/category\\\/actualites\\\/\"},{\"@type\":\"ListItem\",\"position\":3,\"name\":\"Retrouver l&rsquo;essence de Le Corbusier dans son appartement-atelier\"}]},{\"@type\":\"WebSite\",\"@id\":\"https:\\\/\\\/batijournal.com\\\/#website\",\"url\":\"https:\\\/\\\/batijournal.com\\\/\",\"name\":\"Batijournal\",\"description\":\"L&#039;actualit\u00e9 du b\u00e2timent\",\"potentialAction\":[{\"@type\":\"SearchAction\",\"target\":{\"@type\":\"EntryPoint\",\"urlTemplate\":\"https:\\\/\\\/batijournal.com\\\/?s={search_term_string}\"},\"query-input\":{\"@type\":\"PropertyValueSpecification\",\"valueRequired\":true,\"valueName\":\"search_term_string\"}}],\"inLanguage\":\"fr-FR\"},{\"@type\":\"Person\",\"@id\":\"https:\\\/\\\/batijournal.com\\\/#\\\/schema\\\/person\\\/1dc96ec6957aa1ccb25ebe78bb19f100\",\"name\":\"St\u00e9phane Miget\",\"image\":{\"@type\":\"ImageObject\",\"inLanguage\":\"fr-FR\",\"@id\":\"https:\\\/\\\/secure.gravatar.com\\\/avatar\\\/89915563d925342126b8ef0281b93d9d7fc337043e8df017f780908eb9644451?s=96&d=mm&r=g\",\"url\":\"https:\\\/\\\/secure.gravatar.com\\\/avatar\\\/89915563d925342126b8ef0281b93d9d7fc337043e8df017f780908eb9644451?s=96&d=mm&r=g\",\"contentUrl\":\"https:\\\/\\\/secure.gravatar.com\\\/avatar\\\/89915563d925342126b8ef0281b93d9d7fc337043e8df017f780908eb9644451?s=96&d=mm&r=g\",\"caption\":\"St\u00e9phane Miget\"},\"url\":\"https:\\\/\\\/batijournal.com\\\/index.php\\\/author\\\/stephane\\\/\"}]}<\/script>\n<!-- \/ Yoast SEO plugin. -->","yoast_head_json":{"title":"Retrouver l'essence de Le Corbusier dans son appartement-atelier","robots":{"index":"index","follow":"follow","max-snippet":"max-snippet:-1","max-image-preview":"max-image-preview:large","max-video-preview":"max-video-preview:-1"},"canonical":"https:\/\/batijournal.com\/index.php\/retrouver-lessence-de-le-corbusier-dans-son-appartement-atelier\/99071\/","og_locale":"fr_FR","og_type":"article","og_title":"Retrouver l'essence de Le Corbusier dans son appartement-atelier","og_description":"Comment restaurer un objet iconique de l\u2019architecture moderne ? En retra\u00e7ant l\u2019histoire de l\u2019appartement-atelier de Le Corbusier, deux chercheurs de l\u2019EPFL ont relev\u00e9 le d\u00e9fi. Leur ouvrage propose des recommandations bas\u00e9es sur des sources in\u00e9dites de l\u2019architecte suisse. \u00ab C\u2019\u00e9tait un p\u00e9ril pour moi d\u2019aller habiter ma propre architecture. Au vrai, c\u2019est magnifique \u00bb. C\u2019est [&hellip;]","og_url":"https:\/\/batijournal.com\/index.php\/retrouver-lessence-de-le-corbusier-dans-son-appartement-atelier\/99071\/","og_site_name":"Batijournal","article_published_time":"2018-05-09T08:07:51+00:00","article_modified_time":"2019-07-15T09:15:07+00:00","og_image":[{"width":652,"height":365,"url":"https:\/\/batijournal.com\/wp-content\/uploads\/2018\/05\/appartement-lecorbusier.jpg","type":"image\/jpeg"}],"author":"St\u00e9phane Miget","twitter_card":"summary_large_image","twitter_creator":"@bati_journal","twitter_site":"@bati_journal","twitter_misc":{"\u00c9crit par":"St\u00e9phane Miget","Dur\u00e9e de lecture estim\u00e9e":"3 minutes"},"schema":{"@context":"https:\/\/schema.org","@graph":[{"@type":"Article","@id":"https:\/\/batijournal.com\/index.php\/retrouver-lessence-de-le-corbusier-dans-son-appartement-atelier\/99071\/#article","isPartOf":{"@id":"https:\/\/batijournal.com\/index.php\/retrouver-lessence-de-le-corbusier-dans-son-appartement-atelier\/99071\/"},"author":{"name":"St\u00e9phane Miget","@id":"https:\/\/batijournal.com\/#\/schema\/person\/1dc96ec6957aa1ccb25ebe78bb19f100"},"headline":"Retrouver l&rsquo;essence de Le Corbusier dans son appartement-atelier","datePublished":"2018-05-09T08:07:51+00:00","dateModified":"2019-07-15T09:15:07+00:00","mainEntityOfPage":{"@id":"https:\/\/batijournal.com\/index.php\/retrouver-lessence-de-le-corbusier-dans-son-appartement-atelier\/99071\/"},"wordCount":622,"image":{"@id":"https:\/\/batijournal.com\/index.php\/retrouver-lessence-de-le-corbusier-dans-son-appartement-atelier\/99071\/#primaryimage"},"thumbnailUrl":"https:\/\/batijournal.com\/wp-content\/uploads\/2018\/05\/appartement-lecorbusier.jpg","articleSection":["Actualit\u00e9s","Architecture &amp; Conception","zz_Atrium Patrimoine"],"inLanguage":"fr-FR"},{"@type":"WebPage","@id":"https:\/\/batijournal.com\/index.php\/retrouver-lessence-de-le-corbusier-dans-son-appartement-atelier\/99071\/","url":"https:\/\/batijournal.com\/index.php\/retrouver-lessence-de-le-corbusier-dans-son-appartement-atelier\/99071\/","name":"Retrouver l'essence de Le Corbusier dans son appartement-atelier","isPartOf":{"@id":"https:\/\/batijournal.com\/#website"},"primaryImageOfPage":{"@id":"https:\/\/batijournal.com\/index.php\/retrouver-lessence-de-le-corbusier-dans-son-appartement-atelier\/99071\/#primaryimage"},"image":{"@id":"https:\/\/batijournal.com\/index.php\/retrouver-lessence-de-le-corbusier-dans-son-appartement-atelier\/99071\/#primaryimage"},"thumbnailUrl":"https:\/\/batijournal.com\/wp-content\/uploads\/2018\/05\/appartement-lecorbusier.jpg","datePublished":"2018-05-09T08:07:51+00:00","dateModified":"2019-07-15T09:15:07+00:00","author":{"@id":"https:\/\/batijournal.com\/#\/schema\/person\/1dc96ec6957aa1ccb25ebe78bb19f100"},"breadcrumb":{"@id":"https:\/\/batijournal.com\/index.php\/retrouver-lessence-de-le-corbusier-dans-son-appartement-atelier\/99071\/#breadcrumb"},"inLanguage":"fr-FR","potentialAction":[{"@type":"ReadAction","target":["https:\/\/batijournal.com\/index.php\/retrouver-lessence-de-le-corbusier-dans-son-appartement-atelier\/99071\/"]}]},{"@type":"ImageObject","inLanguage":"fr-FR","@id":"https:\/\/batijournal.com\/index.php\/retrouver-lessence-de-le-corbusier-dans-son-appartement-atelier\/99071\/#primaryimage","url":"https:\/\/batijournal.com\/wp-content\/uploads\/2018\/05\/appartement-lecorbusier.jpg","contentUrl":"https:\/\/batijournal.com\/wp-content\/uploads\/2018\/05\/appartement-lecorbusier.jpg","width":652,"height":365},{"@type":"BreadcrumbList","@id":"https:\/\/batijournal.com\/index.php\/retrouver-lessence-de-le-corbusier-dans-son-appartement-atelier\/99071\/#breadcrumb","itemListElement":[{"@type":"ListItem","position":1,"name":"Accueil","item":"https:\/\/batijournal.com\/"},{"@type":"ListItem","position":2,"name":"Actualit\u00e9s","item":"https:\/\/batijournal.com\/index.php\/category\/actualites\/"},{"@type":"ListItem","position":3,"name":"Retrouver l&rsquo;essence de Le Corbusier dans son appartement-atelier"}]},{"@type":"WebSite","@id":"https:\/\/batijournal.com\/#website","url":"https:\/\/batijournal.com\/","name":"Batijournal","description":"L&#039;actualit\u00e9 du b\u00e2timent","potentialAction":[{"@type":"SearchAction","target":{"@type":"EntryPoint","urlTemplate":"https:\/\/batijournal.com\/?s={search_term_string}"},"query-input":{"@type":"PropertyValueSpecification","valueRequired":true,"valueName":"search_term_string"}}],"inLanguage":"fr-FR"},{"@type":"Person","@id":"https:\/\/batijournal.com\/#\/schema\/person\/1dc96ec6957aa1ccb25ebe78bb19f100","name":"St\u00e9phane Miget","image":{"@type":"ImageObject","inLanguage":"fr-FR","@id":"https:\/\/secure.gravatar.com\/avatar\/89915563d925342126b8ef0281b93d9d7fc337043e8df017f780908eb9644451?s=96&d=mm&r=g","url":"https:\/\/secure.gravatar.com\/avatar\/89915563d925342126b8ef0281b93d9d7fc337043e8df017f780908eb9644451?s=96&d=mm&r=g","contentUrl":"https:\/\/secure.gravatar.com\/avatar\/89915563d925342126b8ef0281b93d9d7fc337043e8df017f780908eb9644451?s=96&d=mm&r=g","caption":"St\u00e9phane Miget"},"url":"https:\/\/batijournal.com\/index.php\/author\/stephane\/"}]}},"_links":{"self":[{"href":"https:\/\/batijournal.com\/index.php\/wp-json\/wp\/v2\/posts\/99071","targetHints":{"allow":["GET"]}}],"collection":[{"href":"https:\/\/batijournal.com\/index.php\/wp-json\/wp\/v2\/posts"}],"about":[{"href":"https:\/\/batijournal.com\/index.php\/wp-json\/wp\/v2\/types\/post"}],"author":[{"embeddable":true,"href":"https:\/\/batijournal.com\/index.php\/wp-json\/wp\/v2\/users\/17"}],"replies":[{"embeddable":true,"href":"https:\/\/batijournal.com\/index.php\/wp-json\/wp\/v2\/comments?post=99071"}],"version-history":[{"count":0,"href":"https:\/\/batijournal.com\/index.php\/wp-json\/wp\/v2\/posts\/99071\/revisions"}],"wp:featuredmedia":[{"embeddable":true,"href":"https:\/\/batijournal.com\/index.php\/wp-json\/wp\/v2\/media\/99074"}],"wp:attachment":[{"href":"https:\/\/batijournal.com\/index.php\/wp-json\/wp\/v2\/media?parent=99071"}],"wp:term":[{"taxonomy":"category","embeddable":true,"href":"https:\/\/batijournal.com\/index.php\/wp-json\/wp\/v2\/categories?post=99071"},{"taxonomy":"post_tag","embeddable":true,"href":"https:\/\/batijournal.com\/index.php\/wp-json\/wp\/v2\/tags?post=99071"}],"curies":[{"name":"wp","href":"https:\/\/api.w.org\/{rel}","templated":true}]}}