{"id":99075,"date":"2018-05-09T10:15:49","date_gmt":"2018-05-09T08:15:49","guid":{"rendered":"http:\/\/batijournal.com\/?p=99075"},"modified":"2019-07-15T11:15:06","modified_gmt":"2019-07-15T09:15:06","slug":"chateau-royal-de-blois","status":"publish","type":"post","link":"https:\/\/batijournal.com\/index.php\/chateau-royal-de-blois\/99075\/","title":{"rendered":"Son et lumi\u00e8re modernis\u00e9 au ch\u00e2teau Royal de Blois"},"content":{"rendered":"<p>Apr\u00e8s des mois de pr\u00e9paration, les \u00e9quipes de Cosmo AV pr\u00e9sentent un nouveau vid\u00e9omapping pr\u00e9sent\u00e9 dans la cour du somptueux Ch\u00e2teau Royal de Blois : \u00a0\u00bb Ainsi Blois vous est cont\u00e9 \u00ab\u00a0. Apr\u00e8s 25 ans de projection, la ville de Blois a choisi de moderniser son spectacle et de lui offrir une nouvelle peau, tout en conservant la narration mythique des voix de Robert Hossein, Pierre Arditi ou encore Fabrice Luchini. Cosmo AV revisite le spectacle et lui apporte un traitement contemporain tout en cr\u00e9ant un nouveau rythme qui ne d\u00e9nature pas l&rsquo;essence du sc\u00e9nario d&rsquo;origine. Sur chacune des 4 ailes du ch\u00e2teau on d\u00e9fie l&rsquo;Histoire. Les fa\u00e7ades se parent de fleurs de Lys, puis elles se mouvent entre l&rsquo;ombre et la lumi\u00e8re, ouvrent leurs fen\u00eatres pour laisser place aux danseurs et aux com\u00e9diens. Les uns en charge d&rsquo;illustrer les soir\u00e9es de la Renaissance, les autres responsables des complots qui se fomentent. Sous nos yeux, le Duc de Guise, incarn\u00e9, tr\u00e9passe. Les d\u00e9dales psych\u00e9d\u00e9liques le guident vers sa fin, les spectateurs glissent dans son sillage. \u00c0 d\u00e9couvrir tous les soirs dans la cour du Ch\u00e2teau de Blois \u00e0 partir de 22h.<\/p>\n<p>&nbsp;<\/p>\n","protected":false},"excerpt":{"rendered":"<p>Apr\u00e8s des mois de pr\u00e9paration, les \u00e9quipes de Cosmo AV pr\u00e9sentent un nouveau vid\u00e9omapping pr\u00e9sent\u00e9 dans la cour du somptueux Ch\u00e2teau Royal de Blois : \u00a0\u00bb Ainsi Blois vous est cont\u00e9 \u00ab\u00a0. Apr\u00e8s 25 ans de projection, la ville de Blois a choisi de moderniser son spectacle et de lui offrir une nouvelle peau, tout [&hellip;]<\/p>\n","protected":false},"author":17,"featured_media":99076,"comment_status":"closed","ping_status":"closed","sticky":false,"template":"","format":"standard","meta":{"_et_pb_use_builder":"","_et_pb_old_content":"","_et_gb_content_width":"","footnotes":""},"categories":[10530,6340,10785],"tags":[5802],"class_list":["post-99075","post","type-post","status-publish","format-standard","has-post-thumbnail","hentry","category-actualites","category-architecture-conception","category-atrium","tag-illuminations"],"yoast_head":"<!-- This site is optimized with the Yoast SEO plugin v27.4 - https:\/\/yoast.com\/product\/yoast-seo-wordpress\/ -->\n<title>Ch\u00e2teau Royal de Blois : une nouvelle peau pour le spectacle<\/title>\n<meta name=\"description\" content=\"Apr\u00e8s 25 ans de projection, la ville de Blois a choisi de moderniser son spectacle et d&#039;offrir une nouvelle peau au Ch\u00e2teau Royal de Blois\" \/>\n<meta name=\"robots\" content=\"index, follow, max-snippet:-1, max-image-preview:large, max-video-preview:-1\" \/>\n<link rel=\"canonical\" href=\"https:\/\/batijournal.com\/index.php\/chateau-royal-de-blois\/99075\/\" \/>\n<meta property=\"og:locale\" content=\"fr_FR\" \/>\n<meta property=\"og:type\" content=\"article\" \/>\n<meta property=\"og:title\" content=\"Ch\u00e2teau Royal de Blois : une nouvelle peau pour le spectacle\" \/>\n<meta property=\"og:description\" content=\"Apr\u00e8s 25 ans de projection, la ville de Blois a choisi de moderniser son spectacle et d&#039;offrir une nouvelle peau au Ch\u00e2teau Royal de Blois\" \/>\n<meta property=\"og:url\" content=\"https:\/\/batijournal.com\/index.php\/chateau-royal-de-blois\/99075\/\" \/>\n<meta property=\"og:site_name\" content=\"Batijournal\" \/>\n<meta property=\"article:published_time\" content=\"2018-05-09T08:15:49+00:00\" \/>\n<meta property=\"article:modified_time\" content=\"2019-07-15T09:15:06+00:00\" \/>\n<meta property=\"og:image\" content=\"https:\/\/batijournal.com\/wp-content\/uploads\/2018\/05\/chateau-de-blois.jpg\" \/>\n\t<meta property=\"og:image:width\" content=\"800\" \/>\n\t<meta property=\"og:image:height\" content=\"533\" \/>\n\t<meta property=\"og:image:type\" content=\"image\/jpeg\" \/>\n<meta name=\"author\" content=\"St\u00e9phane Miget\" \/>\n<meta name=\"twitter:card\" content=\"summary_large_image\" \/>\n<meta name=\"twitter:creator\" content=\"@bati_journal\" \/>\n<meta name=\"twitter:site\" content=\"@bati_journal\" \/>\n<meta name=\"twitter:label1\" content=\"\u00c9crit par\" \/>\n\t<meta name=\"twitter:data1\" content=\"St\u00e9phane Miget\" \/>\n\t<meta name=\"twitter:label2\" content=\"Dur\u00e9e de lecture estim\u00e9e\" \/>\n\t<meta name=\"twitter:data2\" content=\"1 minute\" \/>\n<script type=\"application\/ld+json\" class=\"yoast-schema-graph\">{\"@context\":\"https:\\\/\\\/schema.org\",\"@graph\":[{\"@type\":\"Article\",\"@id\":\"https:\\\/\\\/batijournal.com\\\/index.php\\\/chateau-royal-de-blois\\\/99075\\\/#article\",\"isPartOf\":{\"@id\":\"https:\\\/\\\/batijournal.com\\\/index.php\\\/chateau-royal-de-blois\\\/99075\\\/\"},\"author\":{\"name\":\"St\u00e9phane Miget\",\"@id\":\"https:\\\/\\\/batijournal.com\\\/#\\\/schema\\\/person\\\/1dc96ec6957aa1ccb25ebe78bb19f100\"},\"headline\":\"Son et lumi\u00e8re modernis\u00e9 au ch\u00e2teau Royal de Blois\",\"datePublished\":\"2018-05-09T08:15:49+00:00\",\"dateModified\":\"2019-07-15T09:15:06+00:00\",\"mainEntityOfPage\":{\"@id\":\"https:\\\/\\\/batijournal.com\\\/index.php\\\/chateau-royal-de-blois\\\/99075\\\/\"},\"wordCount\":224,\"image\":{\"@id\":\"https:\\\/\\\/batijournal.com\\\/index.php\\\/chateau-royal-de-blois\\\/99075\\\/#primaryimage\"},\"thumbnailUrl\":\"https:\\\/\\\/batijournal.com\\\/wp-content\\\/uploads\\\/2018\\\/05\\\/chateau-de-blois.jpg\",\"keywords\":[\"illuminations\"],\"articleSection\":[\"Actualit\u00e9s\",\"Architecture &amp; Conception\",\"zz_Atrium Patrimoine\"],\"inLanguage\":\"fr-FR\"},{\"@type\":\"WebPage\",\"@id\":\"https:\\\/\\\/batijournal.com\\\/index.php\\\/chateau-royal-de-blois\\\/99075\\\/\",\"url\":\"https:\\\/\\\/batijournal.com\\\/index.php\\\/chateau-royal-de-blois\\\/99075\\\/\",\"name\":\"Ch\u00e2teau Royal de Blois : une nouvelle peau pour le spectacle\",\"isPartOf\":{\"@id\":\"https:\\\/\\\/batijournal.com\\\/#website\"},\"primaryImageOfPage\":{\"@id\":\"https:\\\/\\\/batijournal.com\\\/index.php\\\/chateau-royal-de-blois\\\/99075\\\/#primaryimage\"},\"image\":{\"@id\":\"https:\\\/\\\/batijournal.com\\\/index.php\\\/chateau-royal-de-blois\\\/99075\\\/#primaryimage\"},\"thumbnailUrl\":\"https:\\\/\\\/batijournal.com\\\/wp-content\\\/uploads\\\/2018\\\/05\\\/chateau-de-blois.jpg\",\"datePublished\":\"2018-05-09T08:15:49+00:00\",\"dateModified\":\"2019-07-15T09:15:06+00:00\",\"author\":{\"@id\":\"https:\\\/\\\/batijournal.com\\\/#\\\/schema\\\/person\\\/1dc96ec6957aa1ccb25ebe78bb19f100\"},\"description\":\"Apr\u00e8s 25 ans de projection, la ville de Blois a choisi de moderniser son spectacle et d'offrir une nouvelle peau au Ch\u00e2teau Royal de Blois\",\"breadcrumb\":{\"@id\":\"https:\\\/\\\/batijournal.com\\\/index.php\\\/chateau-royal-de-blois\\\/99075\\\/#breadcrumb\"},\"inLanguage\":\"fr-FR\",\"potentialAction\":[{\"@type\":\"ReadAction\",\"target\":[\"https:\\\/\\\/batijournal.com\\\/index.php\\\/chateau-royal-de-blois\\\/99075\\\/\"]}]},{\"@type\":\"ImageObject\",\"inLanguage\":\"fr-FR\",\"@id\":\"https:\\\/\\\/batijournal.com\\\/index.php\\\/chateau-royal-de-blois\\\/99075\\\/#primaryimage\",\"url\":\"https:\\\/\\\/batijournal.com\\\/wp-content\\\/uploads\\\/2018\\\/05\\\/chateau-de-blois.jpg\",\"contentUrl\":\"https:\\\/\\\/batijournal.com\\\/wp-content\\\/uploads\\\/2018\\\/05\\\/chateau-de-blois.jpg\",\"width\":800,\"height\":533},{\"@type\":\"BreadcrumbList\",\"@id\":\"https:\\\/\\\/batijournal.com\\\/index.php\\\/chateau-royal-de-blois\\\/99075\\\/#breadcrumb\",\"itemListElement\":[{\"@type\":\"ListItem\",\"position\":1,\"name\":\"Accueil\",\"item\":\"https:\\\/\\\/batijournal.com\\\/\"},{\"@type\":\"ListItem\",\"position\":2,\"name\":\"Actualit\u00e9s\",\"item\":\"https:\\\/\\\/batijournal.com\\\/index.php\\\/category\\\/actualites\\\/\"},{\"@type\":\"ListItem\",\"position\":3,\"name\":\"Son et lumi\u00e8re modernis\u00e9 au ch\u00e2teau Royal de Blois\"}]},{\"@type\":\"WebSite\",\"@id\":\"https:\\\/\\\/batijournal.com\\\/#website\",\"url\":\"https:\\\/\\\/batijournal.com\\\/\",\"name\":\"Batijournal\",\"description\":\"L&#039;actualit\u00e9 du b\u00e2timent\",\"potentialAction\":[{\"@type\":\"SearchAction\",\"target\":{\"@type\":\"EntryPoint\",\"urlTemplate\":\"https:\\\/\\\/batijournal.com\\\/?s={search_term_string}\"},\"query-input\":{\"@type\":\"PropertyValueSpecification\",\"valueRequired\":true,\"valueName\":\"search_term_string\"}}],\"inLanguage\":\"fr-FR\"},{\"@type\":\"Person\",\"@id\":\"https:\\\/\\\/batijournal.com\\\/#\\\/schema\\\/person\\\/1dc96ec6957aa1ccb25ebe78bb19f100\",\"name\":\"St\u00e9phane Miget\",\"image\":{\"@type\":\"ImageObject\",\"inLanguage\":\"fr-FR\",\"@id\":\"https:\\\/\\\/secure.gravatar.com\\\/avatar\\\/89915563d925342126b8ef0281b93d9d7fc337043e8df017f780908eb9644451?s=96&d=mm&r=g\",\"url\":\"https:\\\/\\\/secure.gravatar.com\\\/avatar\\\/89915563d925342126b8ef0281b93d9d7fc337043e8df017f780908eb9644451?s=96&d=mm&r=g\",\"contentUrl\":\"https:\\\/\\\/secure.gravatar.com\\\/avatar\\\/89915563d925342126b8ef0281b93d9d7fc337043e8df017f780908eb9644451?s=96&d=mm&r=g\",\"caption\":\"St\u00e9phane Miget\"},\"url\":\"https:\\\/\\\/batijournal.com\\\/index.php\\\/author\\\/stephane\\\/\"}]}<\/script>\n<!-- \/ Yoast SEO plugin. -->","yoast_head_json":{"title":"Ch\u00e2teau Royal de Blois : une nouvelle peau pour le spectacle","description":"Apr\u00e8s 25 ans de projection, la ville de Blois a choisi de moderniser son spectacle et d'offrir une nouvelle peau au Ch\u00e2teau Royal de Blois","robots":{"index":"index","follow":"follow","max-snippet":"max-snippet:-1","max-image-preview":"max-image-preview:large","max-video-preview":"max-video-preview:-1"},"canonical":"https:\/\/batijournal.com\/index.php\/chateau-royal-de-blois\/99075\/","og_locale":"fr_FR","og_type":"article","og_title":"Ch\u00e2teau Royal de Blois : une nouvelle peau pour le spectacle","og_description":"Apr\u00e8s 25 ans de projection, la ville de Blois a choisi de moderniser son spectacle et d'offrir une nouvelle peau au Ch\u00e2teau Royal de Blois","og_url":"https:\/\/batijournal.com\/index.php\/chateau-royal-de-blois\/99075\/","og_site_name":"Batijournal","article_published_time":"2018-05-09T08:15:49+00:00","article_modified_time":"2019-07-15T09:15:06+00:00","og_image":[{"width":800,"height":533,"url":"https:\/\/batijournal.com\/wp-content\/uploads\/2018\/05\/chateau-de-blois.jpg","type":"image\/jpeg"}],"author":"St\u00e9phane Miget","twitter_card":"summary_large_image","twitter_creator":"@bati_journal","twitter_site":"@bati_journal","twitter_misc":{"\u00c9crit par":"St\u00e9phane Miget","Dur\u00e9e de lecture estim\u00e9e":"1 minute"},"schema":{"@context":"https:\/\/schema.org","@graph":[{"@type":"Article","@id":"https:\/\/batijournal.com\/index.php\/chateau-royal-de-blois\/99075\/#article","isPartOf":{"@id":"https:\/\/batijournal.com\/index.php\/chateau-royal-de-blois\/99075\/"},"author":{"name":"St\u00e9phane Miget","@id":"https:\/\/batijournal.com\/#\/schema\/person\/1dc96ec6957aa1ccb25ebe78bb19f100"},"headline":"Son et lumi\u00e8re modernis\u00e9 au ch\u00e2teau Royal de Blois","datePublished":"2018-05-09T08:15:49+00:00","dateModified":"2019-07-15T09:15:06+00:00","mainEntityOfPage":{"@id":"https:\/\/batijournal.com\/index.php\/chateau-royal-de-blois\/99075\/"},"wordCount":224,"image":{"@id":"https:\/\/batijournal.com\/index.php\/chateau-royal-de-blois\/99075\/#primaryimage"},"thumbnailUrl":"https:\/\/batijournal.com\/wp-content\/uploads\/2018\/05\/chateau-de-blois.jpg","keywords":["illuminations"],"articleSection":["Actualit\u00e9s","Architecture &amp; Conception","zz_Atrium Patrimoine"],"inLanguage":"fr-FR"},{"@type":"WebPage","@id":"https:\/\/batijournal.com\/index.php\/chateau-royal-de-blois\/99075\/","url":"https:\/\/batijournal.com\/index.php\/chateau-royal-de-blois\/99075\/","name":"Ch\u00e2teau Royal de Blois : une nouvelle peau pour le spectacle","isPartOf":{"@id":"https:\/\/batijournal.com\/#website"},"primaryImageOfPage":{"@id":"https:\/\/batijournal.com\/index.php\/chateau-royal-de-blois\/99075\/#primaryimage"},"image":{"@id":"https:\/\/batijournal.com\/index.php\/chateau-royal-de-blois\/99075\/#primaryimage"},"thumbnailUrl":"https:\/\/batijournal.com\/wp-content\/uploads\/2018\/05\/chateau-de-blois.jpg","datePublished":"2018-05-09T08:15:49+00:00","dateModified":"2019-07-15T09:15:06+00:00","author":{"@id":"https:\/\/batijournal.com\/#\/schema\/person\/1dc96ec6957aa1ccb25ebe78bb19f100"},"description":"Apr\u00e8s 25 ans de projection, la ville de Blois a choisi de moderniser son spectacle et d'offrir une nouvelle peau au Ch\u00e2teau Royal de Blois","breadcrumb":{"@id":"https:\/\/batijournal.com\/index.php\/chateau-royal-de-blois\/99075\/#breadcrumb"},"inLanguage":"fr-FR","potentialAction":[{"@type":"ReadAction","target":["https:\/\/batijournal.com\/index.php\/chateau-royal-de-blois\/99075\/"]}]},{"@type":"ImageObject","inLanguage":"fr-FR","@id":"https:\/\/batijournal.com\/index.php\/chateau-royal-de-blois\/99075\/#primaryimage","url":"https:\/\/batijournal.com\/wp-content\/uploads\/2018\/05\/chateau-de-blois.jpg","contentUrl":"https:\/\/batijournal.com\/wp-content\/uploads\/2018\/05\/chateau-de-blois.jpg","width":800,"height":533},{"@type":"BreadcrumbList","@id":"https:\/\/batijournal.com\/index.php\/chateau-royal-de-blois\/99075\/#breadcrumb","itemListElement":[{"@type":"ListItem","position":1,"name":"Accueil","item":"https:\/\/batijournal.com\/"},{"@type":"ListItem","position":2,"name":"Actualit\u00e9s","item":"https:\/\/batijournal.com\/index.php\/category\/actualites\/"},{"@type":"ListItem","position":3,"name":"Son et lumi\u00e8re modernis\u00e9 au ch\u00e2teau Royal de Blois"}]},{"@type":"WebSite","@id":"https:\/\/batijournal.com\/#website","url":"https:\/\/batijournal.com\/","name":"Batijournal","description":"L&#039;actualit\u00e9 du b\u00e2timent","potentialAction":[{"@type":"SearchAction","target":{"@type":"EntryPoint","urlTemplate":"https:\/\/batijournal.com\/?s={search_term_string}"},"query-input":{"@type":"PropertyValueSpecification","valueRequired":true,"valueName":"search_term_string"}}],"inLanguage":"fr-FR"},{"@type":"Person","@id":"https:\/\/batijournal.com\/#\/schema\/person\/1dc96ec6957aa1ccb25ebe78bb19f100","name":"St\u00e9phane Miget","image":{"@type":"ImageObject","inLanguage":"fr-FR","@id":"https:\/\/secure.gravatar.com\/avatar\/89915563d925342126b8ef0281b93d9d7fc337043e8df017f780908eb9644451?s=96&d=mm&r=g","url":"https:\/\/secure.gravatar.com\/avatar\/89915563d925342126b8ef0281b93d9d7fc337043e8df017f780908eb9644451?s=96&d=mm&r=g","contentUrl":"https:\/\/secure.gravatar.com\/avatar\/89915563d925342126b8ef0281b93d9d7fc337043e8df017f780908eb9644451?s=96&d=mm&r=g","caption":"St\u00e9phane Miget"},"url":"https:\/\/batijournal.com\/index.php\/author\/stephane\/"}]}},"_links":{"self":[{"href":"https:\/\/batijournal.com\/index.php\/wp-json\/wp\/v2\/posts\/99075","targetHints":{"allow":["GET"]}}],"collection":[{"href":"https:\/\/batijournal.com\/index.php\/wp-json\/wp\/v2\/posts"}],"about":[{"href":"https:\/\/batijournal.com\/index.php\/wp-json\/wp\/v2\/types\/post"}],"author":[{"embeddable":true,"href":"https:\/\/batijournal.com\/index.php\/wp-json\/wp\/v2\/users\/17"}],"replies":[{"embeddable":true,"href":"https:\/\/batijournal.com\/index.php\/wp-json\/wp\/v2\/comments?post=99075"}],"version-history":[{"count":0,"href":"https:\/\/batijournal.com\/index.php\/wp-json\/wp\/v2\/posts\/99075\/revisions"}],"wp:featuredmedia":[{"embeddable":true,"href":"https:\/\/batijournal.com\/index.php\/wp-json\/wp\/v2\/media\/99076"}],"wp:attachment":[{"href":"https:\/\/batijournal.com\/index.php\/wp-json\/wp\/v2\/media?parent=99075"}],"wp:term":[{"taxonomy":"category","embeddable":true,"href":"https:\/\/batijournal.com\/index.php\/wp-json\/wp\/v2\/categories?post=99075"},{"taxonomy":"post_tag","embeddable":true,"href":"https:\/\/batijournal.com\/index.php\/wp-json\/wp\/v2\/tags?post=99075"}],"curies":[{"name":"wp","href":"https:\/\/api.w.org\/{rel}","templated":true}]}}