{"id":99082,"date":"2018-05-14T06:21:04","date_gmt":"2018-05-14T04:21:04","guid":{"rendered":"http:\/\/batijournal.com\/?p=99082"},"modified":"2019-07-15T11:15:06","modified_gmt":"2019-07-15T09:15:06","slug":"le-clocher-de-leglise-abbatiale-de-beaulieu-les-loches","status":"publish","type":"post","link":"https:\/\/batijournal.com\/index.php\/le-clocher-de-leglise-abbatiale-de-beaulieu-les-loches\/99082\/","title":{"rendered":"72 tonnes d\u2019\u00e9chafaudage pour le clocher de l\u2019\u00e9glise abbatiale de Beaulieu-l\u00e8s-Loches"},"content":{"rendered":"<p>Le clocher de l\u2019\u00e9glise abbatiale de Beaulieu-l\u00e8s-Loches (37), \u00e9rig\u00e9 au XIII\u00e8me si\u00e8cle, fait partie des plus hauts clochers de style roman en France, mais, d\u00e9labr\u00e9, il mena\u00e7ait de s\u2019effondrer. Apr\u00e8s 8 ann\u00e9es d\u2019\u00e9tudes techniques et de recherche de fonds, le chantier de restauration a d\u00e9but\u00e9 en septembre 2016, sous la ma\u00eetrise d\u2019oeuvre d\u2019Arnaud de Saint-Jouan, Architecte en Chef des Monuments Historiques. La premi\u00e8re tranche, achev\u00e9e fin d\u00e9cembre 2017, a permis de d\u00e9poser avec soin les pierres dont une partie a \u00e9t\u00e9 r\u00e9employ\u00e9e pour reconstruire enti\u00e8rement la fl\u00e8che du Grand Clocher, dans le respect des techniques traditionnelles et savoir-faire ancestraux. Pendant que neuf tailleurs de pierre pr\u00e9paraient et sculptaient les pierres, sept autres ont d\u2019abord d\u00e9mont\u00e9 un par un les 5 000 blocs de 40 \u00e0 50 kg chacun puis ont remont\u00e9 les pierres neuves avec un m\u00e9lange de sable et chaux pour le scellement. Un travail colossal de plus d\u2019une ann\u00e9e qui a permis aux cloches, le 1er avril dernier, de sonner \u00e0 nouveau \u00e0 Beaulieu-l\u00e8s-Loches, apr\u00e8s sept ans d\u2019absence. Les prochains travaux permettront de restaurer la totalit\u00e9 des fa\u00e7ades du f\u00fbt du Grand Clocher. Pour permettre aux compagnons de travailler en toute s\u00e9curit\u00e9, l\u2019entreprise de ma\u00e7onnerie SN Billon Centre a fait confiance \u00e0 la soci\u00e9t\u00e9 ML2 E \u00c9chafaudages, qui a fait appel au bureau d\u2019\u00e9tudes et au mat\u00e9riel LAYHER. Le principal d\u00e9fi portait sur la tr\u00e8s grande hauteur de l\u2019ouvrage. Pour assurer la stabilit\u00e9 de la structure, il \u00e9tait possible de r\u00e9aliser des ancrages jusqu\u2019au dernier niveau de plancher \u00e0 +60,5 m. En revanche, du fait de la hauteur de l\u2019\u00e9chafaudage et de son exploitation (transport de pierres de taille notamment), un certain nombre de montants ont d\u00fb \u00eatre renforc\u00e9s pour accepter les descentes de charges tr\u00e8s importantes. Entre les plans et la note de calcul, 10 jours d\u2019\u00e9tudes techniques ont \u00e9t\u00e9 n\u00e9cessaires \u00e0 LAYHER pour concevoir la structure. Les 72 tonnes d\u2019\u00e9chafaudage Universel\u00ae LAYHER ont \u00e9t\u00e9 mont\u00e9es durant 12 semaines par ML2 E \u00c9chafaudages, et ce jusqu\u2019\u00e0 64 m\u00e8tres de hauteur. D\u00e9mont\u00e9e au fur et \u00e0 mesure de l\u2019avanc\u00e9e des travaux, la structure dispara\u00eetra compl\u00e8tement \u00e0 la fin du chantier, pr\u00e9vue en 2020.<\/p>\n<p>Ma\u00eetre d\u2019ouvrage : Mairie de Beaulieu-l\u00e8s-Loches<br \/>\nMa\u00eetre d\u2019oeuvre : Arnaud de Saint-Jouan, Architecte en chef des Monuments historiques<br \/>\nEntreprises : Groupement Lef\u00e9vre \u2013 SN Billon Centre<\/p>\n<p>Photo : SN Billon Centre<\/p>\n<p>&nbsp;<\/p>\n","protected":false},"excerpt":{"rendered":"<p>Le clocher de l\u2019\u00e9glise abbatiale de Beaulieu-l\u00e8s-Loches (37), \u00e9rig\u00e9 au XIII\u00e8me si\u00e8cle, fait partie des plus hauts clochers de style roman en France, mais, d\u00e9labr\u00e9, il mena\u00e7ait de s\u2019effondrer. Apr\u00e8s 8 ann\u00e9es d\u2019\u00e9tudes techniques et de recherche de fonds, le chantier de restauration a d\u00e9but\u00e9 en septembre 2016, sous la ma\u00eetrise d\u2019oeuvre d\u2019Arnaud de Saint-Jouan, [&hellip;]<\/p>\n","protected":false},"author":17,"featured_media":99083,"comment_status":"closed","ping_status":"closed","sticky":false,"template":"","format":"standard","meta":{"_et_pb_use_builder":"","_et_pb_old_content":"","_et_gb_content_width":"","footnotes":""},"categories":[10530,6340,10785],"tags":[6376],"class_list":["post-99082","post","type-post","status-publish","format-standard","has-post-thumbnail","hentry","category-actualites","category-architecture-conception","category-atrium","tag-monument-historique"],"yoast_head":"<!-- This site is optimized with the Yoast SEO plugin v27.4 - https:\/\/yoast.com\/product\/yoast-seo-wordpress\/ -->\n<title>Le clocher de l\u2019\u00e9glise abbatiale de Beaulieu-l\u00e8s-Loches<\/title>\n<meta name=\"description\" content=\"Le clocher de l\u2019\u00e9glise abbatiale de Beaulieu-l\u00e8s-Loches est l&#039;un des plus hauts clochers de style roman en France. Aujourd&#039;hui, il menace de s\u2019effondrer.\" \/>\n<meta name=\"robots\" content=\"index, follow, max-snippet:-1, max-image-preview:large, max-video-preview:-1\" \/>\n<link rel=\"canonical\" href=\"https:\/\/batijournal.com\/index.php\/le-clocher-de-leglise-abbatiale-de-beaulieu-les-loches\/99082\/\" \/>\n<meta property=\"og:locale\" content=\"fr_FR\" \/>\n<meta property=\"og:type\" content=\"article\" \/>\n<meta property=\"og:title\" content=\"Le clocher de l\u2019\u00e9glise abbatiale de Beaulieu-l\u00e8s-Loches\" \/>\n<meta property=\"og:description\" content=\"Le clocher de l\u2019\u00e9glise abbatiale de Beaulieu-l\u00e8s-Loches est l&#039;un des plus hauts clochers de style roman en France. Aujourd&#039;hui, il menace de s\u2019effondrer.\" \/>\n<meta property=\"og:url\" content=\"https:\/\/batijournal.com\/index.php\/le-clocher-de-leglise-abbatiale-de-beaulieu-les-loches\/99082\/\" \/>\n<meta property=\"og:site_name\" content=\"Batijournal\" \/>\n<meta property=\"article:published_time\" content=\"2018-05-14T04:21:04+00:00\" \/>\n<meta property=\"article:modified_time\" content=\"2019-07-15T09:15:06+00:00\" \/>\n<meta property=\"og:image\" content=\"https:\/\/batijournal.com\/wp-content\/uploads\/2018\/05\/echafaudage-clocher-Beaulieu-les-Loches-SN-Billon-Centre.jpg\" \/>\n\t<meta property=\"og:image:width\" content=\"900\" \/>\n\t<meta property=\"og:image:height\" content=\"1200\" \/>\n\t<meta property=\"og:image:type\" content=\"image\/jpeg\" \/>\n<meta name=\"author\" content=\"St\u00e9phane Miget\" \/>\n<meta name=\"twitter:card\" content=\"summary_large_image\" \/>\n<meta name=\"twitter:creator\" content=\"@bati_journal\" \/>\n<meta name=\"twitter:site\" content=\"@bati_journal\" \/>\n<meta name=\"twitter:label1\" content=\"\u00c9crit par\" \/>\n\t<meta name=\"twitter:data1\" content=\"St\u00e9phane Miget\" \/>\n\t<meta name=\"twitter:label2\" content=\"Dur\u00e9e de lecture estim\u00e9e\" \/>\n\t<meta name=\"twitter:data2\" content=\"2 minutes\" \/>\n<script type=\"application\/ld+json\" class=\"yoast-schema-graph\">{\"@context\":\"https:\\\/\\\/schema.org\",\"@graph\":[{\"@type\":\"Article\",\"@id\":\"https:\\\/\\\/batijournal.com\\\/index.php\\\/le-clocher-de-leglise-abbatiale-de-beaulieu-les-loches\\\/99082\\\/#article\",\"isPartOf\":{\"@id\":\"https:\\\/\\\/batijournal.com\\\/index.php\\\/le-clocher-de-leglise-abbatiale-de-beaulieu-les-loches\\\/99082\\\/\"},\"author\":{\"name\":\"St\u00e9phane Miget\",\"@id\":\"https:\\\/\\\/batijournal.com\\\/#\\\/schema\\\/person\\\/1dc96ec6957aa1ccb25ebe78bb19f100\"},\"headline\":\"72 tonnes d\u2019\u00e9chafaudage pour le clocher de l\u2019\u00e9glise abbatiale de Beaulieu-l\u00e8s-Loches\",\"datePublished\":\"2018-05-14T04:21:04+00:00\",\"dateModified\":\"2019-07-15T09:15:06+00:00\",\"mainEntityOfPage\":{\"@id\":\"https:\\\/\\\/batijournal.com\\\/index.php\\\/le-clocher-de-leglise-abbatiale-de-beaulieu-les-loches\\\/99082\\\/\"},\"wordCount\":438,\"image\":{\"@id\":\"https:\\\/\\\/batijournal.com\\\/index.php\\\/le-clocher-de-leglise-abbatiale-de-beaulieu-les-loches\\\/99082\\\/#primaryimage\"},\"thumbnailUrl\":\"https:\\\/\\\/batijournal.com\\\/wp-content\\\/uploads\\\/2018\\\/05\\\/echafaudage-clocher-Beaulieu-les-Loches-SN-Billon-Centre.jpg\",\"keywords\":[\"monument historique\"],\"articleSection\":[\"Actualit\u00e9s\",\"Architecture &amp; Conception\",\"zz_Atrium Patrimoine\"],\"inLanguage\":\"fr-FR\"},{\"@type\":\"WebPage\",\"@id\":\"https:\\\/\\\/batijournal.com\\\/index.php\\\/le-clocher-de-leglise-abbatiale-de-beaulieu-les-loches\\\/99082\\\/\",\"url\":\"https:\\\/\\\/batijournal.com\\\/index.php\\\/le-clocher-de-leglise-abbatiale-de-beaulieu-les-loches\\\/99082\\\/\",\"name\":\"Le clocher de l\u2019\u00e9glise abbatiale de Beaulieu-l\u00e8s-Loches\",\"isPartOf\":{\"@id\":\"https:\\\/\\\/batijournal.com\\\/#website\"},\"primaryImageOfPage\":{\"@id\":\"https:\\\/\\\/batijournal.com\\\/index.php\\\/le-clocher-de-leglise-abbatiale-de-beaulieu-les-loches\\\/99082\\\/#primaryimage\"},\"image\":{\"@id\":\"https:\\\/\\\/batijournal.com\\\/index.php\\\/le-clocher-de-leglise-abbatiale-de-beaulieu-les-loches\\\/99082\\\/#primaryimage\"},\"thumbnailUrl\":\"https:\\\/\\\/batijournal.com\\\/wp-content\\\/uploads\\\/2018\\\/05\\\/echafaudage-clocher-Beaulieu-les-Loches-SN-Billon-Centre.jpg\",\"datePublished\":\"2018-05-14T04:21:04+00:00\",\"dateModified\":\"2019-07-15T09:15:06+00:00\",\"author\":{\"@id\":\"https:\\\/\\\/batijournal.com\\\/#\\\/schema\\\/person\\\/1dc96ec6957aa1ccb25ebe78bb19f100\"},\"description\":\"Le clocher de l\u2019\u00e9glise abbatiale de Beaulieu-l\u00e8s-Loches est l'un des plus hauts clochers de style roman en France. Aujourd'hui, il menace de s\u2019effondrer.\",\"breadcrumb\":{\"@id\":\"https:\\\/\\\/batijournal.com\\\/index.php\\\/le-clocher-de-leglise-abbatiale-de-beaulieu-les-loches\\\/99082\\\/#breadcrumb\"},\"inLanguage\":\"fr-FR\",\"potentialAction\":[{\"@type\":\"ReadAction\",\"target\":[\"https:\\\/\\\/batijournal.com\\\/index.php\\\/le-clocher-de-leglise-abbatiale-de-beaulieu-les-loches\\\/99082\\\/\"]}]},{\"@type\":\"ImageObject\",\"inLanguage\":\"fr-FR\",\"@id\":\"https:\\\/\\\/batijournal.com\\\/index.php\\\/le-clocher-de-leglise-abbatiale-de-beaulieu-les-loches\\\/99082\\\/#primaryimage\",\"url\":\"https:\\\/\\\/batijournal.com\\\/wp-content\\\/uploads\\\/2018\\\/05\\\/echafaudage-clocher-Beaulieu-les-Loches-SN-Billon-Centre.jpg\",\"contentUrl\":\"https:\\\/\\\/batijournal.com\\\/wp-content\\\/uploads\\\/2018\\\/05\\\/echafaudage-clocher-Beaulieu-les-Loches-SN-Billon-Centre.jpg\",\"width\":900,\"height\":1200},{\"@type\":\"BreadcrumbList\",\"@id\":\"https:\\\/\\\/batijournal.com\\\/index.php\\\/le-clocher-de-leglise-abbatiale-de-beaulieu-les-loches\\\/99082\\\/#breadcrumb\",\"itemListElement\":[{\"@type\":\"ListItem\",\"position\":1,\"name\":\"Accueil\",\"item\":\"https:\\\/\\\/batijournal.com\\\/\"},{\"@type\":\"ListItem\",\"position\":2,\"name\":\"Actualit\u00e9s\",\"item\":\"https:\\\/\\\/batijournal.com\\\/index.php\\\/category\\\/actualites\\\/\"},{\"@type\":\"ListItem\",\"position\":3,\"name\":\"72 tonnes d\u2019\u00e9chafaudage pour le clocher de l\u2019\u00e9glise abbatiale de Beaulieu-l\u00e8s-Loches\"}]},{\"@type\":\"WebSite\",\"@id\":\"https:\\\/\\\/batijournal.com\\\/#website\",\"url\":\"https:\\\/\\\/batijournal.com\\\/\",\"name\":\"Batijournal\",\"description\":\"L&#039;actualit\u00e9 du b\u00e2timent\",\"potentialAction\":[{\"@type\":\"SearchAction\",\"target\":{\"@type\":\"EntryPoint\",\"urlTemplate\":\"https:\\\/\\\/batijournal.com\\\/?s={search_term_string}\"},\"query-input\":{\"@type\":\"PropertyValueSpecification\",\"valueRequired\":true,\"valueName\":\"search_term_string\"}}],\"inLanguage\":\"fr-FR\"},{\"@type\":\"Person\",\"@id\":\"https:\\\/\\\/batijournal.com\\\/#\\\/schema\\\/person\\\/1dc96ec6957aa1ccb25ebe78bb19f100\",\"name\":\"St\u00e9phane Miget\",\"image\":{\"@type\":\"ImageObject\",\"inLanguage\":\"fr-FR\",\"@id\":\"https:\\\/\\\/secure.gravatar.com\\\/avatar\\\/89915563d925342126b8ef0281b93d9d7fc337043e8df017f780908eb9644451?s=96&d=mm&r=g\",\"url\":\"https:\\\/\\\/secure.gravatar.com\\\/avatar\\\/89915563d925342126b8ef0281b93d9d7fc337043e8df017f780908eb9644451?s=96&d=mm&r=g\",\"contentUrl\":\"https:\\\/\\\/secure.gravatar.com\\\/avatar\\\/89915563d925342126b8ef0281b93d9d7fc337043e8df017f780908eb9644451?s=96&d=mm&r=g\",\"caption\":\"St\u00e9phane Miget\"},\"url\":\"https:\\\/\\\/batijournal.com\\\/index.php\\\/author\\\/stephane\\\/\"}]}<\/script>\n<!-- \/ Yoast SEO plugin. -->","yoast_head_json":{"title":"Le clocher de l\u2019\u00e9glise abbatiale de Beaulieu-l\u00e8s-Loches","description":"Le clocher de l\u2019\u00e9glise abbatiale de Beaulieu-l\u00e8s-Loches est l'un des plus hauts clochers de style roman en France. Aujourd'hui, il menace de s\u2019effondrer.","robots":{"index":"index","follow":"follow","max-snippet":"max-snippet:-1","max-image-preview":"max-image-preview:large","max-video-preview":"max-video-preview:-1"},"canonical":"https:\/\/batijournal.com\/index.php\/le-clocher-de-leglise-abbatiale-de-beaulieu-les-loches\/99082\/","og_locale":"fr_FR","og_type":"article","og_title":"Le clocher de l\u2019\u00e9glise abbatiale de Beaulieu-l\u00e8s-Loches","og_description":"Le clocher de l\u2019\u00e9glise abbatiale de Beaulieu-l\u00e8s-Loches est l'un des plus hauts clochers de style roman en France. Aujourd'hui, il menace de s\u2019effondrer.","og_url":"https:\/\/batijournal.com\/index.php\/le-clocher-de-leglise-abbatiale-de-beaulieu-les-loches\/99082\/","og_site_name":"Batijournal","article_published_time":"2018-05-14T04:21:04+00:00","article_modified_time":"2019-07-15T09:15:06+00:00","og_image":[{"width":900,"height":1200,"url":"https:\/\/batijournal.com\/wp-content\/uploads\/2018\/05\/echafaudage-clocher-Beaulieu-les-Loches-SN-Billon-Centre.jpg","type":"image\/jpeg"}],"author":"St\u00e9phane Miget","twitter_card":"summary_large_image","twitter_creator":"@bati_journal","twitter_site":"@bati_journal","twitter_misc":{"\u00c9crit par":"St\u00e9phane Miget","Dur\u00e9e de lecture estim\u00e9e":"2 minutes"},"schema":{"@context":"https:\/\/schema.org","@graph":[{"@type":"Article","@id":"https:\/\/batijournal.com\/index.php\/le-clocher-de-leglise-abbatiale-de-beaulieu-les-loches\/99082\/#article","isPartOf":{"@id":"https:\/\/batijournal.com\/index.php\/le-clocher-de-leglise-abbatiale-de-beaulieu-les-loches\/99082\/"},"author":{"name":"St\u00e9phane Miget","@id":"https:\/\/batijournal.com\/#\/schema\/person\/1dc96ec6957aa1ccb25ebe78bb19f100"},"headline":"72 tonnes d\u2019\u00e9chafaudage pour le clocher de l\u2019\u00e9glise abbatiale de Beaulieu-l\u00e8s-Loches","datePublished":"2018-05-14T04:21:04+00:00","dateModified":"2019-07-15T09:15:06+00:00","mainEntityOfPage":{"@id":"https:\/\/batijournal.com\/index.php\/le-clocher-de-leglise-abbatiale-de-beaulieu-les-loches\/99082\/"},"wordCount":438,"image":{"@id":"https:\/\/batijournal.com\/index.php\/le-clocher-de-leglise-abbatiale-de-beaulieu-les-loches\/99082\/#primaryimage"},"thumbnailUrl":"https:\/\/batijournal.com\/wp-content\/uploads\/2018\/05\/echafaudage-clocher-Beaulieu-les-Loches-SN-Billon-Centre.jpg","keywords":["monument historique"],"articleSection":["Actualit\u00e9s","Architecture &amp; Conception","zz_Atrium Patrimoine"],"inLanguage":"fr-FR"},{"@type":"WebPage","@id":"https:\/\/batijournal.com\/index.php\/le-clocher-de-leglise-abbatiale-de-beaulieu-les-loches\/99082\/","url":"https:\/\/batijournal.com\/index.php\/le-clocher-de-leglise-abbatiale-de-beaulieu-les-loches\/99082\/","name":"Le clocher de l\u2019\u00e9glise abbatiale de Beaulieu-l\u00e8s-Loches","isPartOf":{"@id":"https:\/\/batijournal.com\/#website"},"primaryImageOfPage":{"@id":"https:\/\/batijournal.com\/index.php\/le-clocher-de-leglise-abbatiale-de-beaulieu-les-loches\/99082\/#primaryimage"},"image":{"@id":"https:\/\/batijournal.com\/index.php\/le-clocher-de-leglise-abbatiale-de-beaulieu-les-loches\/99082\/#primaryimage"},"thumbnailUrl":"https:\/\/batijournal.com\/wp-content\/uploads\/2018\/05\/echafaudage-clocher-Beaulieu-les-Loches-SN-Billon-Centre.jpg","datePublished":"2018-05-14T04:21:04+00:00","dateModified":"2019-07-15T09:15:06+00:00","author":{"@id":"https:\/\/batijournal.com\/#\/schema\/person\/1dc96ec6957aa1ccb25ebe78bb19f100"},"description":"Le clocher de l\u2019\u00e9glise abbatiale de Beaulieu-l\u00e8s-Loches est l'un des plus hauts clochers de style roman en France. Aujourd'hui, il menace de s\u2019effondrer.","breadcrumb":{"@id":"https:\/\/batijournal.com\/index.php\/le-clocher-de-leglise-abbatiale-de-beaulieu-les-loches\/99082\/#breadcrumb"},"inLanguage":"fr-FR","potentialAction":[{"@type":"ReadAction","target":["https:\/\/batijournal.com\/index.php\/le-clocher-de-leglise-abbatiale-de-beaulieu-les-loches\/99082\/"]}]},{"@type":"ImageObject","inLanguage":"fr-FR","@id":"https:\/\/batijournal.com\/index.php\/le-clocher-de-leglise-abbatiale-de-beaulieu-les-loches\/99082\/#primaryimage","url":"https:\/\/batijournal.com\/wp-content\/uploads\/2018\/05\/echafaudage-clocher-Beaulieu-les-Loches-SN-Billon-Centre.jpg","contentUrl":"https:\/\/batijournal.com\/wp-content\/uploads\/2018\/05\/echafaudage-clocher-Beaulieu-les-Loches-SN-Billon-Centre.jpg","width":900,"height":1200},{"@type":"BreadcrumbList","@id":"https:\/\/batijournal.com\/index.php\/le-clocher-de-leglise-abbatiale-de-beaulieu-les-loches\/99082\/#breadcrumb","itemListElement":[{"@type":"ListItem","position":1,"name":"Accueil","item":"https:\/\/batijournal.com\/"},{"@type":"ListItem","position":2,"name":"Actualit\u00e9s","item":"https:\/\/batijournal.com\/index.php\/category\/actualites\/"},{"@type":"ListItem","position":3,"name":"72 tonnes d\u2019\u00e9chafaudage pour le clocher de l\u2019\u00e9glise abbatiale de Beaulieu-l\u00e8s-Loches"}]},{"@type":"WebSite","@id":"https:\/\/batijournal.com\/#website","url":"https:\/\/batijournal.com\/","name":"Batijournal","description":"L&#039;actualit\u00e9 du b\u00e2timent","potentialAction":[{"@type":"SearchAction","target":{"@type":"EntryPoint","urlTemplate":"https:\/\/batijournal.com\/?s={search_term_string}"},"query-input":{"@type":"PropertyValueSpecification","valueRequired":true,"valueName":"search_term_string"}}],"inLanguage":"fr-FR"},{"@type":"Person","@id":"https:\/\/batijournal.com\/#\/schema\/person\/1dc96ec6957aa1ccb25ebe78bb19f100","name":"St\u00e9phane Miget","image":{"@type":"ImageObject","inLanguage":"fr-FR","@id":"https:\/\/secure.gravatar.com\/avatar\/89915563d925342126b8ef0281b93d9d7fc337043e8df017f780908eb9644451?s=96&d=mm&r=g","url":"https:\/\/secure.gravatar.com\/avatar\/89915563d925342126b8ef0281b93d9d7fc337043e8df017f780908eb9644451?s=96&d=mm&r=g","contentUrl":"https:\/\/secure.gravatar.com\/avatar\/89915563d925342126b8ef0281b93d9d7fc337043e8df017f780908eb9644451?s=96&d=mm&r=g","caption":"St\u00e9phane Miget"},"url":"https:\/\/batijournal.com\/index.php\/author\/stephane\/"}]}},"_links":{"self":[{"href":"https:\/\/batijournal.com\/index.php\/wp-json\/wp\/v2\/posts\/99082","targetHints":{"allow":["GET"]}}],"collection":[{"href":"https:\/\/batijournal.com\/index.php\/wp-json\/wp\/v2\/posts"}],"about":[{"href":"https:\/\/batijournal.com\/index.php\/wp-json\/wp\/v2\/types\/post"}],"author":[{"embeddable":true,"href":"https:\/\/batijournal.com\/index.php\/wp-json\/wp\/v2\/users\/17"}],"replies":[{"embeddable":true,"href":"https:\/\/batijournal.com\/index.php\/wp-json\/wp\/v2\/comments?post=99082"}],"version-history":[{"count":0,"href":"https:\/\/batijournal.com\/index.php\/wp-json\/wp\/v2\/posts\/99082\/revisions"}],"wp:featuredmedia":[{"embeddable":true,"href":"https:\/\/batijournal.com\/index.php\/wp-json\/wp\/v2\/media\/99083"}],"wp:attachment":[{"href":"https:\/\/batijournal.com\/index.php\/wp-json\/wp\/v2\/media?parent=99082"}],"wp:term":[{"taxonomy":"category","embeddable":true,"href":"https:\/\/batijournal.com\/index.php\/wp-json\/wp\/v2\/categories?post=99082"},{"taxonomy":"post_tag","embeddable":true,"href":"https:\/\/batijournal.com\/index.php\/wp-json\/wp\/v2\/tags?post=99082"}],"curies":[{"name":"wp","href":"https:\/\/api.w.org\/{rel}","templated":true}]}}