{"id":99119,"date":"2018-05-16T08:00:23","date_gmt":"2018-05-16T06:00:23","guid":{"rendered":"http:\/\/batijournal.com\/?p=99119"},"modified":"2019-07-15T11:15:05","modified_gmt":"2019-07-15T09:15:05","slug":"le-mecenat-culturel-recompens","status":"publish","type":"post","link":"https:\/\/batijournal.com\/index.php\/le-mecenat-culturel-recompens\/99119\/","title":{"rendered":"Le m\u00e9c\u00e9nat culturel r\u00e9compens\u00e9"},"content":{"rendered":"<p>Fran\u00e7oise Nyssen, ministre de la Culture, a pr\u00e9sid\u00e9, le 14 mai 2018, la deuxi\u00e8me \u00e9dition des prix \u00ab Un projet, un m\u00e9c\u00e8ne \u00bb en faveur du m\u00e9c\u00e9nat culturel, qui entend mettre la lumi\u00e8re sur des projets culturels ambitieux qui ont pu voir le jour gr\u00e2ce au soutien d\u2019un m\u00e9c\u00e8ne. Elle a remis huit prix, parmi eux, dans la cat\u00e9gorie \u00ab Patrimoines \u00bb, un \u00e0 l\u2019entreprise Lef\u00e8vre du groupe Aurige, qui \u00e0 travers un m\u00e9c\u00e9nat de comp\u00e9tences, a permis la restauration d\u2019un mur de sout\u00e8nement du ch\u00e2teau de Maisons \u00e0 Maisons-Laffitte, g\u00e9r\u00e9 par le Centre des monuments nationaux. Dans la cat\u00e9gorie \u00ab M\u00e9tiers d\u2019art \u00bb, la soci\u00e9t\u00e9 des Amis du Mus\u00e9e Cond\u00e9, a \u00e9t\u00e9 r\u00e9compens\u00e9e pour son financement de la restauration de la majeure partie du mobilier et des objets d\u2019art des petits appartements du mus\u00e9e Cond\u00e9. Le Grand Prix a \u00e9t\u00e9 d\u00e9cern\u00e9 ex \u00e6quo \u00e0 deux plateformes de m\u00e9c\u00e9nat participatif : Comm\u00e9on pour le financement de la restauration du plafond de l\u2019\u00e9glise de Saint-Germain-des-Pr\u00e9s gr\u00e2ce \u00e0 702 m\u00e9c\u00e8nes et Proarti pour le financement de la mise en sc\u00e8ne de la pi\u00e8ce \u00ab Michel-Ange et les fesses de Dieu \u00bb. Chacun des laur\u00e9ats a re\u00e7u un troph\u00e9e cr\u00e9\u00e9 sp\u00e9cialement par Estelle Barelier, sculptrice et cr\u00e9atrice de bijoux, illustrant le r\u00f4le du m\u00e9c\u00e8ne dans l\u2019\u00e9closion de projets. La Ministre a annonc\u00e9 l\u2019organisation de rencontres du m\u00e9c\u00e9nat culturel d\u2019ici la fin de l\u2019ann\u00e9e, \u00e0 l\u2019occasion des 15 ans de la loi Aillagon.<\/p>\n<p>Photo : ch\u00e2teau de Maisons \u00e0 Maisons-Laffitte &#8211; O.Taris, Wikim\u00e9dia<\/p>\n","protected":false},"excerpt":{"rendered":"<p>Fran\u00e7oise Nyssen, ministre de la Culture, a pr\u00e9sid\u00e9, le 14 mai 2018, la deuxi\u00e8me \u00e9dition des prix \u00ab Un projet, un m\u00e9c\u00e8ne \u00bb en faveur du m\u00e9c\u00e9nat culturel, qui entend mettre la lumi\u00e8re sur des projets culturels ambitieux qui ont pu voir le jour gr\u00e2ce au soutien d\u2019un m\u00e9c\u00e8ne. Elle a remis huit prix, parmi [&hellip;]<\/p>\n","protected":false},"author":17,"featured_media":99120,"comment_status":"closed","ping_status":"closed","sticky":false,"template":"","format":"standard","meta":{"_et_pb_use_builder":"","_et_pb_old_content":"","_et_gb_content_width":"","footnotes":""},"categories":[10530,6340,10785],"tags":[7133],"class_list":["post-99119","post","type-post","status-publish","format-standard","has-post-thumbnail","hentry","category-actualites","category-architecture-conception","category-atrium","tag-mecenat-culturel"],"yoast_head":"<!-- This site is optimized with the Yoast SEO plugin v27.4 - https:\/\/yoast.com\/product\/yoast-seo-wordpress\/ -->\n<title>Le m\u00e9c\u00e9nat culturel r\u00e9compens\u00e9 par Fran\u00e7oise Nyssen<\/title>\n<meta name=\"description\" content=\"Fran\u00e7oise Nyssen, ministre de la Culture, a pr\u00e9sid\u00e9, le 14 mai 2018, la deuxi\u00e8me \u00e9dition des prix \u00ab Un projet, un m\u00e9c\u00e8ne \u00bb en faveur du m\u00e9c\u00e9nat culturel\" \/>\n<meta name=\"robots\" content=\"index, follow, max-snippet:-1, max-image-preview:large, max-video-preview:-1\" \/>\n<link rel=\"canonical\" href=\"https:\/\/batijournal.com\/index.php\/le-mecenat-culturel-recompens\/99119\/\" \/>\n<meta property=\"og:locale\" content=\"fr_FR\" \/>\n<meta property=\"og:type\" content=\"article\" \/>\n<meta property=\"og:title\" content=\"Le m\u00e9c\u00e9nat culturel r\u00e9compens\u00e9 par Fran\u00e7oise Nyssen\" \/>\n<meta property=\"og:description\" content=\"Fran\u00e7oise Nyssen, ministre de la Culture, a pr\u00e9sid\u00e9, le 14 mai 2018, la deuxi\u00e8me \u00e9dition des prix \u00ab Un projet, un m\u00e9c\u00e8ne \u00bb en faveur du m\u00e9c\u00e9nat culturel\" \/>\n<meta property=\"og:url\" content=\"https:\/\/batijournal.com\/index.php\/le-mecenat-culturel-recompens\/99119\/\" \/>\n<meta property=\"og:site_name\" content=\"Batijournal\" \/>\n<meta property=\"article:published_time\" content=\"2018-05-16T06:00:23+00:00\" \/>\n<meta property=\"article:modified_time\" content=\"2019-07-15T09:15:05+00:00\" \/>\n<meta property=\"og:image\" content=\"https:\/\/batijournal.com\/wp-content\/uploads\/2018\/05\/ChateauDeMaisonsfacadeEtJardinCoteCour.jpg\" \/>\n\t<meta property=\"og:image:width\" content=\"800\" \/>\n\t<meta property=\"og:image:height\" content=\"533\" \/>\n\t<meta property=\"og:image:type\" content=\"image\/jpeg\" \/>\n<meta name=\"author\" content=\"St\u00e9phane Miget\" \/>\n<meta name=\"twitter:card\" content=\"summary_large_image\" \/>\n<meta name=\"twitter:creator\" content=\"@bati_journal\" \/>\n<meta name=\"twitter:site\" content=\"@bati_journal\" \/>\n<meta name=\"twitter:label1\" content=\"\u00c9crit par\" \/>\n\t<meta name=\"twitter:data1\" content=\"St\u00e9phane Miget\" \/>\n\t<meta name=\"twitter:label2\" content=\"Dur\u00e9e de lecture estim\u00e9e\" \/>\n\t<meta name=\"twitter:data2\" content=\"1 minute\" \/>\n<script type=\"application\/ld+json\" class=\"yoast-schema-graph\">{\"@context\":\"https:\\\/\\\/schema.org\",\"@graph\":[{\"@type\":\"Article\",\"@id\":\"https:\\\/\\\/batijournal.com\\\/index.php\\\/le-mecenat-culturel-recompens\\\/99119\\\/#article\",\"isPartOf\":{\"@id\":\"https:\\\/\\\/batijournal.com\\\/index.php\\\/le-mecenat-culturel-recompens\\\/99119\\\/\"},\"author\":{\"name\":\"St\u00e9phane Miget\",\"@id\":\"https:\\\/\\\/batijournal.com\\\/#\\\/schema\\\/person\\\/1dc96ec6957aa1ccb25ebe78bb19f100\"},\"headline\":\"Le m\u00e9c\u00e9nat culturel r\u00e9compens\u00e9\",\"datePublished\":\"2018-05-16T06:00:23+00:00\",\"dateModified\":\"2019-07-15T09:15:05+00:00\",\"mainEntityOfPage\":{\"@id\":\"https:\\\/\\\/batijournal.com\\\/index.php\\\/le-mecenat-culturel-recompens\\\/99119\\\/\"},\"wordCount\":296,\"image\":{\"@id\":\"https:\\\/\\\/batijournal.com\\\/index.php\\\/le-mecenat-culturel-recompens\\\/99119\\\/#primaryimage\"},\"thumbnailUrl\":\"https:\\\/\\\/batijournal.com\\\/wp-content\\\/uploads\\\/2018\\\/05\\\/ChateauDeMaisonsfacadeEtJardinCoteCour.jpg\",\"keywords\":[\"mecenat culturel\"],\"articleSection\":[\"Actualit\u00e9s\",\"Architecture &amp; Conception\",\"zz_Atrium Patrimoine\"],\"inLanguage\":\"fr-FR\"},{\"@type\":\"WebPage\",\"@id\":\"https:\\\/\\\/batijournal.com\\\/index.php\\\/le-mecenat-culturel-recompens\\\/99119\\\/\",\"url\":\"https:\\\/\\\/batijournal.com\\\/index.php\\\/le-mecenat-culturel-recompens\\\/99119\\\/\",\"name\":\"Le m\u00e9c\u00e9nat culturel r\u00e9compens\u00e9 par Fran\u00e7oise Nyssen\",\"isPartOf\":{\"@id\":\"https:\\\/\\\/batijournal.com\\\/#website\"},\"primaryImageOfPage\":{\"@id\":\"https:\\\/\\\/batijournal.com\\\/index.php\\\/le-mecenat-culturel-recompens\\\/99119\\\/#primaryimage\"},\"image\":{\"@id\":\"https:\\\/\\\/batijournal.com\\\/index.php\\\/le-mecenat-culturel-recompens\\\/99119\\\/#primaryimage\"},\"thumbnailUrl\":\"https:\\\/\\\/batijournal.com\\\/wp-content\\\/uploads\\\/2018\\\/05\\\/ChateauDeMaisonsfacadeEtJardinCoteCour.jpg\",\"datePublished\":\"2018-05-16T06:00:23+00:00\",\"dateModified\":\"2019-07-15T09:15:05+00:00\",\"author\":{\"@id\":\"https:\\\/\\\/batijournal.com\\\/#\\\/schema\\\/person\\\/1dc96ec6957aa1ccb25ebe78bb19f100\"},\"description\":\"Fran\u00e7oise Nyssen, ministre de la Culture, a pr\u00e9sid\u00e9, le 14 mai 2018, la deuxi\u00e8me \u00e9dition des prix \u00ab Un projet, un m\u00e9c\u00e8ne \u00bb en faveur du m\u00e9c\u00e9nat culturel\",\"breadcrumb\":{\"@id\":\"https:\\\/\\\/batijournal.com\\\/index.php\\\/le-mecenat-culturel-recompens\\\/99119\\\/#breadcrumb\"},\"inLanguage\":\"fr-FR\",\"potentialAction\":[{\"@type\":\"ReadAction\",\"target\":[\"https:\\\/\\\/batijournal.com\\\/index.php\\\/le-mecenat-culturel-recompens\\\/99119\\\/\"]}]},{\"@type\":\"ImageObject\",\"inLanguage\":\"fr-FR\",\"@id\":\"https:\\\/\\\/batijournal.com\\\/index.php\\\/le-mecenat-culturel-recompens\\\/99119\\\/#primaryimage\",\"url\":\"https:\\\/\\\/batijournal.com\\\/wp-content\\\/uploads\\\/2018\\\/05\\\/ChateauDeMaisonsfacadeEtJardinCoteCour.jpg\",\"contentUrl\":\"https:\\\/\\\/batijournal.com\\\/wp-content\\\/uploads\\\/2018\\\/05\\\/ChateauDeMaisonsfacadeEtJardinCoteCour.jpg\",\"width\":800,\"height\":533,\"caption\":\"le-mecenat-culturel-recompense\"},{\"@type\":\"BreadcrumbList\",\"@id\":\"https:\\\/\\\/batijournal.com\\\/index.php\\\/le-mecenat-culturel-recompens\\\/99119\\\/#breadcrumb\",\"itemListElement\":[{\"@type\":\"ListItem\",\"position\":1,\"name\":\"Accueil\",\"item\":\"https:\\\/\\\/batijournal.com\\\/\"},{\"@type\":\"ListItem\",\"position\":2,\"name\":\"Actualit\u00e9s\",\"item\":\"https:\\\/\\\/batijournal.com\\\/index.php\\\/category\\\/actualites\\\/\"},{\"@type\":\"ListItem\",\"position\":3,\"name\":\"Le m\u00e9c\u00e9nat culturel r\u00e9compens\u00e9\"}]},{\"@type\":\"WebSite\",\"@id\":\"https:\\\/\\\/batijournal.com\\\/#website\",\"url\":\"https:\\\/\\\/batijournal.com\\\/\",\"name\":\"Batijournal\",\"description\":\"L&#039;actualit\u00e9 du b\u00e2timent\",\"potentialAction\":[{\"@type\":\"SearchAction\",\"target\":{\"@type\":\"EntryPoint\",\"urlTemplate\":\"https:\\\/\\\/batijournal.com\\\/?s={search_term_string}\"},\"query-input\":{\"@type\":\"PropertyValueSpecification\",\"valueRequired\":true,\"valueName\":\"search_term_string\"}}],\"inLanguage\":\"fr-FR\"},{\"@type\":\"Person\",\"@id\":\"https:\\\/\\\/batijournal.com\\\/#\\\/schema\\\/person\\\/1dc96ec6957aa1ccb25ebe78bb19f100\",\"name\":\"St\u00e9phane Miget\",\"image\":{\"@type\":\"ImageObject\",\"inLanguage\":\"fr-FR\",\"@id\":\"https:\\\/\\\/secure.gravatar.com\\\/avatar\\\/89915563d925342126b8ef0281b93d9d7fc337043e8df017f780908eb9644451?s=96&d=mm&r=g\",\"url\":\"https:\\\/\\\/secure.gravatar.com\\\/avatar\\\/89915563d925342126b8ef0281b93d9d7fc337043e8df017f780908eb9644451?s=96&d=mm&r=g\",\"contentUrl\":\"https:\\\/\\\/secure.gravatar.com\\\/avatar\\\/89915563d925342126b8ef0281b93d9d7fc337043e8df017f780908eb9644451?s=96&d=mm&r=g\",\"caption\":\"St\u00e9phane Miget\"},\"url\":\"https:\\\/\\\/batijournal.com\\\/index.php\\\/author\\\/stephane\\\/\"}]}<\/script>\n<!-- \/ Yoast SEO plugin. -->","yoast_head_json":{"title":"Le m\u00e9c\u00e9nat culturel r\u00e9compens\u00e9 par Fran\u00e7oise Nyssen","description":"Fran\u00e7oise Nyssen, ministre de la Culture, a pr\u00e9sid\u00e9, le 14 mai 2018, la deuxi\u00e8me \u00e9dition des prix \u00ab Un projet, un m\u00e9c\u00e8ne \u00bb en faveur du m\u00e9c\u00e9nat culturel","robots":{"index":"index","follow":"follow","max-snippet":"max-snippet:-1","max-image-preview":"max-image-preview:large","max-video-preview":"max-video-preview:-1"},"canonical":"https:\/\/batijournal.com\/index.php\/le-mecenat-culturel-recompens\/99119\/","og_locale":"fr_FR","og_type":"article","og_title":"Le m\u00e9c\u00e9nat culturel r\u00e9compens\u00e9 par Fran\u00e7oise Nyssen","og_description":"Fran\u00e7oise Nyssen, ministre de la Culture, a pr\u00e9sid\u00e9, le 14 mai 2018, la deuxi\u00e8me \u00e9dition des prix \u00ab Un projet, un m\u00e9c\u00e8ne \u00bb en faveur du m\u00e9c\u00e9nat culturel","og_url":"https:\/\/batijournal.com\/index.php\/le-mecenat-culturel-recompens\/99119\/","og_site_name":"Batijournal","article_published_time":"2018-05-16T06:00:23+00:00","article_modified_time":"2019-07-15T09:15:05+00:00","og_image":[{"width":800,"height":533,"url":"https:\/\/batijournal.com\/wp-content\/uploads\/2018\/05\/ChateauDeMaisonsfacadeEtJardinCoteCour.jpg","type":"image\/jpeg"}],"author":"St\u00e9phane Miget","twitter_card":"summary_large_image","twitter_creator":"@bati_journal","twitter_site":"@bati_journal","twitter_misc":{"\u00c9crit par":"St\u00e9phane Miget","Dur\u00e9e de lecture estim\u00e9e":"1 minute"},"schema":{"@context":"https:\/\/schema.org","@graph":[{"@type":"Article","@id":"https:\/\/batijournal.com\/index.php\/le-mecenat-culturel-recompens\/99119\/#article","isPartOf":{"@id":"https:\/\/batijournal.com\/index.php\/le-mecenat-culturel-recompens\/99119\/"},"author":{"name":"St\u00e9phane Miget","@id":"https:\/\/batijournal.com\/#\/schema\/person\/1dc96ec6957aa1ccb25ebe78bb19f100"},"headline":"Le m\u00e9c\u00e9nat culturel r\u00e9compens\u00e9","datePublished":"2018-05-16T06:00:23+00:00","dateModified":"2019-07-15T09:15:05+00:00","mainEntityOfPage":{"@id":"https:\/\/batijournal.com\/index.php\/le-mecenat-culturel-recompens\/99119\/"},"wordCount":296,"image":{"@id":"https:\/\/batijournal.com\/index.php\/le-mecenat-culturel-recompens\/99119\/#primaryimage"},"thumbnailUrl":"https:\/\/batijournal.com\/wp-content\/uploads\/2018\/05\/ChateauDeMaisonsfacadeEtJardinCoteCour.jpg","keywords":["mecenat culturel"],"articleSection":["Actualit\u00e9s","Architecture &amp; Conception","zz_Atrium Patrimoine"],"inLanguage":"fr-FR"},{"@type":"WebPage","@id":"https:\/\/batijournal.com\/index.php\/le-mecenat-culturel-recompens\/99119\/","url":"https:\/\/batijournal.com\/index.php\/le-mecenat-culturel-recompens\/99119\/","name":"Le m\u00e9c\u00e9nat culturel r\u00e9compens\u00e9 par Fran\u00e7oise Nyssen","isPartOf":{"@id":"https:\/\/batijournal.com\/#website"},"primaryImageOfPage":{"@id":"https:\/\/batijournal.com\/index.php\/le-mecenat-culturel-recompens\/99119\/#primaryimage"},"image":{"@id":"https:\/\/batijournal.com\/index.php\/le-mecenat-culturel-recompens\/99119\/#primaryimage"},"thumbnailUrl":"https:\/\/batijournal.com\/wp-content\/uploads\/2018\/05\/ChateauDeMaisonsfacadeEtJardinCoteCour.jpg","datePublished":"2018-05-16T06:00:23+00:00","dateModified":"2019-07-15T09:15:05+00:00","author":{"@id":"https:\/\/batijournal.com\/#\/schema\/person\/1dc96ec6957aa1ccb25ebe78bb19f100"},"description":"Fran\u00e7oise Nyssen, ministre de la Culture, a pr\u00e9sid\u00e9, le 14 mai 2018, la deuxi\u00e8me \u00e9dition des prix \u00ab Un projet, un m\u00e9c\u00e8ne \u00bb en faveur du m\u00e9c\u00e9nat culturel","breadcrumb":{"@id":"https:\/\/batijournal.com\/index.php\/le-mecenat-culturel-recompens\/99119\/#breadcrumb"},"inLanguage":"fr-FR","potentialAction":[{"@type":"ReadAction","target":["https:\/\/batijournal.com\/index.php\/le-mecenat-culturel-recompens\/99119\/"]}]},{"@type":"ImageObject","inLanguage":"fr-FR","@id":"https:\/\/batijournal.com\/index.php\/le-mecenat-culturel-recompens\/99119\/#primaryimage","url":"https:\/\/batijournal.com\/wp-content\/uploads\/2018\/05\/ChateauDeMaisonsfacadeEtJardinCoteCour.jpg","contentUrl":"https:\/\/batijournal.com\/wp-content\/uploads\/2018\/05\/ChateauDeMaisonsfacadeEtJardinCoteCour.jpg","width":800,"height":533,"caption":"le-mecenat-culturel-recompense"},{"@type":"BreadcrumbList","@id":"https:\/\/batijournal.com\/index.php\/le-mecenat-culturel-recompens\/99119\/#breadcrumb","itemListElement":[{"@type":"ListItem","position":1,"name":"Accueil","item":"https:\/\/batijournal.com\/"},{"@type":"ListItem","position":2,"name":"Actualit\u00e9s","item":"https:\/\/batijournal.com\/index.php\/category\/actualites\/"},{"@type":"ListItem","position":3,"name":"Le m\u00e9c\u00e9nat culturel r\u00e9compens\u00e9"}]},{"@type":"WebSite","@id":"https:\/\/batijournal.com\/#website","url":"https:\/\/batijournal.com\/","name":"Batijournal","description":"L&#039;actualit\u00e9 du b\u00e2timent","potentialAction":[{"@type":"SearchAction","target":{"@type":"EntryPoint","urlTemplate":"https:\/\/batijournal.com\/?s={search_term_string}"},"query-input":{"@type":"PropertyValueSpecification","valueRequired":true,"valueName":"search_term_string"}}],"inLanguage":"fr-FR"},{"@type":"Person","@id":"https:\/\/batijournal.com\/#\/schema\/person\/1dc96ec6957aa1ccb25ebe78bb19f100","name":"St\u00e9phane Miget","image":{"@type":"ImageObject","inLanguage":"fr-FR","@id":"https:\/\/secure.gravatar.com\/avatar\/89915563d925342126b8ef0281b93d9d7fc337043e8df017f780908eb9644451?s=96&d=mm&r=g","url":"https:\/\/secure.gravatar.com\/avatar\/89915563d925342126b8ef0281b93d9d7fc337043e8df017f780908eb9644451?s=96&d=mm&r=g","contentUrl":"https:\/\/secure.gravatar.com\/avatar\/89915563d925342126b8ef0281b93d9d7fc337043e8df017f780908eb9644451?s=96&d=mm&r=g","caption":"St\u00e9phane Miget"},"url":"https:\/\/batijournal.com\/index.php\/author\/stephane\/"}]}},"_links":{"self":[{"href":"https:\/\/batijournal.com\/index.php\/wp-json\/wp\/v2\/posts\/99119","targetHints":{"allow":["GET"]}}],"collection":[{"href":"https:\/\/batijournal.com\/index.php\/wp-json\/wp\/v2\/posts"}],"about":[{"href":"https:\/\/batijournal.com\/index.php\/wp-json\/wp\/v2\/types\/post"}],"author":[{"embeddable":true,"href":"https:\/\/batijournal.com\/index.php\/wp-json\/wp\/v2\/users\/17"}],"replies":[{"embeddable":true,"href":"https:\/\/batijournal.com\/index.php\/wp-json\/wp\/v2\/comments?post=99119"}],"version-history":[{"count":0,"href":"https:\/\/batijournal.com\/index.php\/wp-json\/wp\/v2\/posts\/99119\/revisions"}],"wp:featuredmedia":[{"embeddable":true,"href":"https:\/\/batijournal.com\/index.php\/wp-json\/wp\/v2\/media\/99120"}],"wp:attachment":[{"href":"https:\/\/batijournal.com\/index.php\/wp-json\/wp\/v2\/media?parent=99119"}],"wp:term":[{"taxonomy":"category","embeddable":true,"href":"https:\/\/batijournal.com\/index.php\/wp-json\/wp\/v2\/categories?post=99119"},{"taxonomy":"post_tag","embeddable":true,"href":"https:\/\/batijournal.com\/index.php\/wp-json\/wp\/v2\/tags?post=99119"}],"curies":[{"name":"wp","href":"https:\/\/api.w.org\/{rel}","templated":true}]}}