{"id":99121,"date":"2018-05-16T08:16:26","date_gmt":"2018-05-16T06:16:26","guid":{"rendered":"http:\/\/batijournal.com\/?p=99121"},"modified":"2019-07-15T11:15:05","modified_gmt":"2019-07-15T09:15:05","slug":"versailles-ouverture-apres-restauration","status":"publish","type":"post","link":"https:\/\/batijournal.com\/index.php\/versailles-ouverture-apres-restauration\/99121\/","title":{"rendered":"Versailles : ouverture apr\u00e8s restauration et remeublement de la Maison de la reine"},"content":{"rendered":"<p>Le programme engag\u00e9 depuis 2015 a port\u00e9 \u00e0 la fois sur un assainissement des ouvrages et sur une restauration compl\u00e8te des structures ma\u00e7onn\u00e9es, des charpentes et des couvertures. La consolidation structurelle autorise d\u00e9sormais les visites guid\u00e9es. Les sols, menuiseries et peintures ont \u00e9t\u00e9 repris selon leurs dispositions pr\u00e9cis\u00e9es par les m\u00e9moires de travaux du XVIIIe si\u00e8cle, ou selon l\u2019am\u00e9nagement effectu\u00e9 au d\u00e9but du XIXe si\u00e8cle pour l\u2019imp\u00e9ratrice Marie-Louise, petite-ni\u00e8ce de Marie-Antoinette. La restauration du R\u00e9chauffoir \u2013 b\u00e2timent annexe abritant cuisine et pi\u00e8ces de service (garde-manger, argenterie, dressoir, potager et four \u00e0 pain) utilis\u00e9 pour la pr\u00e9paration des repas servis dans la salle \u00e0 manger de la Maison de la Reine voisine \u2013 permet d\u2019\u00e9voquer le fonctionnement et la vie du Hameau sous l\u2019Ancien R\u00e9gime. La recomposition des jardins et des abords de ces b\u00e2timents parach\u00e8ve l\u2019op\u00e9ration. Les dispositions paysag\u00e8res du Hameau sont r\u00e9tablies comme dans les ann\u00e9es 1930 : elles conjuguent l\u2019\u00e9tat refait pour Marie-Louise en 1810 et quelques souvenirs des dispositions con\u00e7ues pour Marie-Antoinette (l\u2019escalier h\u00e9lico\u00efdal, les jardins potagers \u2026) La restauration des d\u00e9cors int\u00e9rieurs et le remeublement des pi\u00e8ces principales de la Maison de la Reine et de la Maison du Billard, qui lui est accol\u00e9e, constituent un \u00e9l\u00e9ment majeur de cette op\u00e9ration. Le Hameau de la Reine a \u00e9t\u00e9 restaur\u00e9 gr\u00e2ce au m\u00e9c\u00e9nat Dior.<\/p>\n<p><img loading=\"lazy\" decoding=\"async\" class=\"aligncenter size-large wp-image-99122\" src=\"https:\/\/batijournal.com\/wp-content\/uploads\/2018\/05\/Interieur_de_la_cuisine_du_Rechauffoir_de_la_Maison_de_la_Reine-1024x682.jpg\" alt=\"\" width=\"960\" height=\"639\" srcset=\"https:\/\/batijournal.com\/wp-content\/uploads\/2018\/05\/Interieur_de_la_cuisine_du_Rechauffoir_de_la_Maison_de_la_Reine-1024x682.jpg 1024w, https:\/\/batijournal.com\/wp-content\/uploads\/2018\/05\/Interieur_de_la_cuisine_du_Rechauffoir_de_la_Maison_de_la_Reine-150x100.jpg 150w, https:\/\/batijournal.com\/wp-content\/uploads\/2018\/05\/Interieur_de_la_cuisine_du_Rechauffoir_de_la_Maison_de_la_Reine-300x200.jpg 300w, https:\/\/batijournal.com\/wp-content\/uploads\/2018\/05\/Interieur_de_la_cuisine_du_Rechauffoir_de_la_Maison_de_la_Reine-768x511.jpg 768w, https:\/\/batijournal.com\/wp-content\/uploads\/2018\/05\/Interieur_de_la_cuisine_du_Rechauffoir_de_la_Maison_de_la_Reine-600x400.jpg 600w, https:\/\/batijournal.com\/wp-content\/uploads\/2018\/05\/Interieur_de_la_cuisine_du_Rechauffoir_de_la_Maison_de_la_Reine-1080x719.jpg 1080w, https:\/\/batijournal.com\/wp-content\/uploads\/2018\/05\/Interieur_de_la_cuisine_du_Rechauffoir_de_la_Maison_de_la_Reine.jpg 1200w\" sizes=\"(max-width: 960px) 100vw, 960px\" \/><\/p>\n<p>Photo ext\u00e9rieurs : \u00a9 ch\u00e2teau de Versailles, Thomas Garnier<br \/>\nPhoto cuisine et r\u00e9chauffoir : \u00a9 ch\u00e2teau de Versailles<\/p>\n<p>&nbsp;<\/p>\n","protected":false},"excerpt":{"rendered":"<p>Le programme engag\u00e9 depuis 2015 a port\u00e9 \u00e0 la fois sur un assainissement des ouvrages et sur une restauration compl\u00e8te des structures ma\u00e7onn\u00e9es, des charpentes et des couvertures. La consolidation structurelle autorise d\u00e9sormais les visites guid\u00e9es. Les sols, menuiseries et peintures ont \u00e9t\u00e9 repris selon leurs dispositions pr\u00e9cis\u00e9es par les m\u00e9moires de travaux du XVIIIe [&hellip;]<\/p>\n","protected":false},"author":17,"featured_media":99123,"comment_status":"closed","ping_status":"closed","sticky":false,"template":"","format":"standard","meta":{"_et_pb_use_builder":"","_et_pb_old_content":"","_et_gb_content_width":"","footnotes":""},"categories":[10530,6340,10785],"tags":[6376],"class_list":["post-99121","post","type-post","status-publish","format-standard","has-post-thumbnail","hentry","category-actualites","category-architecture-conception","category-atrium","tag-monument-historique"],"yoast_head":"<!-- This site is optimized with the Yoast SEO plugin v27.4 - https:\/\/yoast.com\/product\/yoast-seo-wordpress\/ -->\n<title>Versailles : ouverture apr\u00e8s restauration de la Maison de la reine<\/title>\n<meta name=\"description\" content=\"Ouverture apr\u00e8s restauration et remeublement de la Maison de la reine du ch\u00e2teau de Versailles.\" \/>\n<meta name=\"robots\" content=\"index, follow, max-snippet:-1, max-image-preview:large, max-video-preview:-1\" \/>\n<link rel=\"canonical\" href=\"https:\/\/batijournal.com\/index.php\/versailles-ouverture-apres-restauration\/99121\/\" \/>\n<meta property=\"og:locale\" content=\"fr_FR\" \/>\n<meta property=\"og:type\" content=\"article\" \/>\n<meta property=\"og:title\" content=\"Versailles : ouverture apr\u00e8s restauration de la Maison de la reine\" \/>\n<meta property=\"og:description\" content=\"Ouverture apr\u00e8s restauration et remeublement de la Maison de la reine du ch\u00e2teau de Versailles.\" \/>\n<meta property=\"og:url\" content=\"https:\/\/batijournal.com\/index.php\/versailles-ouverture-apres-restauration\/99121\/\" \/>\n<meta property=\"og:site_name\" content=\"Batijournal\" \/>\n<meta property=\"article:published_time\" content=\"2018-05-16T06:16:26+00:00\" \/>\n<meta property=\"article:modified_time\" content=\"2019-07-15T09:15:05+00:00\" \/>\n<meta property=\"og:image\" content=\"https:\/\/batijournal.com\/wp-content\/uploads\/2018\/05\/La_Maison_de_la_Reine_restaure_.jpg\" \/>\n\t<meta property=\"og:image:width\" content=\"1200\" \/>\n\t<meta property=\"og:image:height\" content=\"841\" \/>\n\t<meta property=\"og:image:type\" content=\"image\/jpeg\" \/>\n<meta name=\"author\" content=\"St\u00e9phane Miget\" \/>\n<meta name=\"twitter:card\" content=\"summary_large_image\" \/>\n<meta name=\"twitter:creator\" content=\"@bati_journal\" \/>\n<meta name=\"twitter:site\" content=\"@bati_journal\" \/>\n<meta name=\"twitter:label1\" content=\"\u00c9crit par\" \/>\n\t<meta name=\"twitter:data1\" content=\"St\u00e9phane Miget\" \/>\n\t<meta name=\"twitter:label2\" content=\"Dur\u00e9e de lecture estim\u00e9e\" \/>\n\t<meta name=\"twitter:data2\" content=\"1 minute\" \/>\n<script type=\"application\/ld+json\" class=\"yoast-schema-graph\">{\"@context\":\"https:\\\/\\\/schema.org\",\"@graph\":[{\"@type\":\"Article\",\"@id\":\"https:\\\/\\\/batijournal.com\\\/index.php\\\/versailles-ouverture-apres-restauration\\\/99121\\\/#article\",\"isPartOf\":{\"@id\":\"https:\\\/\\\/batijournal.com\\\/index.php\\\/versailles-ouverture-apres-restauration\\\/99121\\\/\"},\"author\":{\"name\":\"St\u00e9phane Miget\",\"@id\":\"https:\\\/\\\/batijournal.com\\\/#\\\/schema\\\/person\\\/1dc96ec6957aa1ccb25ebe78bb19f100\"},\"headline\":\"Versailles : ouverture apr\u00e8s restauration et remeublement de la Maison de la reine\",\"datePublished\":\"2018-05-16T06:16:26+00:00\",\"dateModified\":\"2019-07-15T09:15:05+00:00\",\"mainEntityOfPage\":{\"@id\":\"https:\\\/\\\/batijournal.com\\\/index.php\\\/versailles-ouverture-apres-restauration\\\/99121\\\/\"},\"wordCount\":283,\"image\":{\"@id\":\"https:\\\/\\\/batijournal.com\\\/index.php\\\/versailles-ouverture-apres-restauration\\\/99121\\\/#primaryimage\"},\"thumbnailUrl\":\"https:\\\/\\\/batijournal.com\\\/wp-content\\\/uploads\\\/2018\\\/05\\\/La_Maison_de_la_Reine_restaure_.jpg\",\"keywords\":[\"monument historique\"],\"articleSection\":[\"Actualit\u00e9s\",\"Architecture &amp; Conception\",\"zz_Atrium Patrimoine\"],\"inLanguage\":\"fr-FR\"},{\"@type\":\"WebPage\",\"@id\":\"https:\\\/\\\/batijournal.com\\\/index.php\\\/versailles-ouverture-apres-restauration\\\/99121\\\/\",\"url\":\"https:\\\/\\\/batijournal.com\\\/index.php\\\/versailles-ouverture-apres-restauration\\\/99121\\\/\",\"name\":\"Versailles : ouverture apr\u00e8s restauration de la Maison de la reine\",\"isPartOf\":{\"@id\":\"https:\\\/\\\/batijournal.com\\\/#website\"},\"primaryImageOfPage\":{\"@id\":\"https:\\\/\\\/batijournal.com\\\/index.php\\\/versailles-ouverture-apres-restauration\\\/99121\\\/#primaryimage\"},\"image\":{\"@id\":\"https:\\\/\\\/batijournal.com\\\/index.php\\\/versailles-ouverture-apres-restauration\\\/99121\\\/#primaryimage\"},\"thumbnailUrl\":\"https:\\\/\\\/batijournal.com\\\/wp-content\\\/uploads\\\/2018\\\/05\\\/La_Maison_de_la_Reine_restaure_.jpg\",\"datePublished\":\"2018-05-16T06:16:26+00:00\",\"dateModified\":\"2019-07-15T09:15:05+00:00\",\"author\":{\"@id\":\"https:\\\/\\\/batijournal.com\\\/#\\\/schema\\\/person\\\/1dc96ec6957aa1ccb25ebe78bb19f100\"},\"description\":\"Ouverture apr\u00e8s restauration et remeublement de la Maison de la reine du ch\u00e2teau de Versailles.\",\"breadcrumb\":{\"@id\":\"https:\\\/\\\/batijournal.com\\\/index.php\\\/versailles-ouverture-apres-restauration\\\/99121\\\/#breadcrumb\"},\"inLanguage\":\"fr-FR\",\"potentialAction\":[{\"@type\":\"ReadAction\",\"target\":[\"https:\\\/\\\/batijournal.com\\\/index.php\\\/versailles-ouverture-apres-restauration\\\/99121\\\/\"]}]},{\"@type\":\"ImageObject\",\"inLanguage\":\"fr-FR\",\"@id\":\"https:\\\/\\\/batijournal.com\\\/index.php\\\/versailles-ouverture-apres-restauration\\\/99121\\\/#primaryimage\",\"url\":\"https:\\\/\\\/batijournal.com\\\/wp-content\\\/uploads\\\/2018\\\/05\\\/La_Maison_de_la_Reine_restaure_.jpg\",\"contentUrl\":\"https:\\\/\\\/batijournal.com\\\/wp-content\\\/uploads\\\/2018\\\/05\\\/La_Maison_de_la_Reine_restaure_.jpg\",\"width\":1200,\"height\":841,\"caption\":\"a_Maison_de_la_Reine_restaure_versailles\"},{\"@type\":\"BreadcrumbList\",\"@id\":\"https:\\\/\\\/batijournal.com\\\/index.php\\\/versailles-ouverture-apres-restauration\\\/99121\\\/#breadcrumb\",\"itemListElement\":[{\"@type\":\"ListItem\",\"position\":1,\"name\":\"Accueil\",\"item\":\"https:\\\/\\\/batijournal.com\\\/\"},{\"@type\":\"ListItem\",\"position\":2,\"name\":\"Actualit\u00e9s\",\"item\":\"https:\\\/\\\/batijournal.com\\\/index.php\\\/category\\\/actualites\\\/\"},{\"@type\":\"ListItem\",\"position\":3,\"name\":\"Versailles : ouverture apr\u00e8s restauration et remeublement de la Maison de la reine\"}]},{\"@type\":\"WebSite\",\"@id\":\"https:\\\/\\\/batijournal.com\\\/#website\",\"url\":\"https:\\\/\\\/batijournal.com\\\/\",\"name\":\"Batijournal\",\"description\":\"L&#039;actualit\u00e9 du b\u00e2timent\",\"potentialAction\":[{\"@type\":\"SearchAction\",\"target\":{\"@type\":\"EntryPoint\",\"urlTemplate\":\"https:\\\/\\\/batijournal.com\\\/?s={search_term_string}\"},\"query-input\":{\"@type\":\"PropertyValueSpecification\",\"valueRequired\":true,\"valueName\":\"search_term_string\"}}],\"inLanguage\":\"fr-FR\"},{\"@type\":\"Person\",\"@id\":\"https:\\\/\\\/batijournal.com\\\/#\\\/schema\\\/person\\\/1dc96ec6957aa1ccb25ebe78bb19f100\",\"name\":\"St\u00e9phane Miget\",\"image\":{\"@type\":\"ImageObject\",\"inLanguage\":\"fr-FR\",\"@id\":\"https:\\\/\\\/secure.gravatar.com\\\/avatar\\\/89915563d925342126b8ef0281b93d9d7fc337043e8df017f780908eb9644451?s=96&d=mm&r=g\",\"url\":\"https:\\\/\\\/secure.gravatar.com\\\/avatar\\\/89915563d925342126b8ef0281b93d9d7fc337043e8df017f780908eb9644451?s=96&d=mm&r=g\",\"contentUrl\":\"https:\\\/\\\/secure.gravatar.com\\\/avatar\\\/89915563d925342126b8ef0281b93d9d7fc337043e8df017f780908eb9644451?s=96&d=mm&r=g\",\"caption\":\"St\u00e9phane Miget\"},\"url\":\"https:\\\/\\\/batijournal.com\\\/index.php\\\/author\\\/stephane\\\/\"}]}<\/script>\n<!-- \/ Yoast SEO plugin. -->","yoast_head_json":{"title":"Versailles : ouverture apr\u00e8s restauration de la Maison de la reine","description":"Ouverture apr\u00e8s restauration et remeublement de la Maison de la reine du ch\u00e2teau de Versailles.","robots":{"index":"index","follow":"follow","max-snippet":"max-snippet:-1","max-image-preview":"max-image-preview:large","max-video-preview":"max-video-preview:-1"},"canonical":"https:\/\/batijournal.com\/index.php\/versailles-ouverture-apres-restauration\/99121\/","og_locale":"fr_FR","og_type":"article","og_title":"Versailles : ouverture apr\u00e8s restauration de la Maison de la reine","og_description":"Ouverture apr\u00e8s restauration et remeublement de la Maison de la reine du ch\u00e2teau de Versailles.","og_url":"https:\/\/batijournal.com\/index.php\/versailles-ouverture-apres-restauration\/99121\/","og_site_name":"Batijournal","article_published_time":"2018-05-16T06:16:26+00:00","article_modified_time":"2019-07-15T09:15:05+00:00","og_image":[{"width":1200,"height":841,"url":"https:\/\/batijournal.com\/wp-content\/uploads\/2018\/05\/La_Maison_de_la_Reine_restaure_.jpg","type":"image\/jpeg"}],"author":"St\u00e9phane Miget","twitter_card":"summary_large_image","twitter_creator":"@bati_journal","twitter_site":"@bati_journal","twitter_misc":{"\u00c9crit par":"St\u00e9phane Miget","Dur\u00e9e de lecture estim\u00e9e":"1 minute"},"schema":{"@context":"https:\/\/schema.org","@graph":[{"@type":"Article","@id":"https:\/\/batijournal.com\/index.php\/versailles-ouverture-apres-restauration\/99121\/#article","isPartOf":{"@id":"https:\/\/batijournal.com\/index.php\/versailles-ouverture-apres-restauration\/99121\/"},"author":{"name":"St\u00e9phane Miget","@id":"https:\/\/batijournal.com\/#\/schema\/person\/1dc96ec6957aa1ccb25ebe78bb19f100"},"headline":"Versailles : ouverture apr\u00e8s restauration et remeublement de la Maison de la reine","datePublished":"2018-05-16T06:16:26+00:00","dateModified":"2019-07-15T09:15:05+00:00","mainEntityOfPage":{"@id":"https:\/\/batijournal.com\/index.php\/versailles-ouverture-apres-restauration\/99121\/"},"wordCount":283,"image":{"@id":"https:\/\/batijournal.com\/index.php\/versailles-ouverture-apres-restauration\/99121\/#primaryimage"},"thumbnailUrl":"https:\/\/batijournal.com\/wp-content\/uploads\/2018\/05\/La_Maison_de_la_Reine_restaure_.jpg","keywords":["monument historique"],"articleSection":["Actualit\u00e9s","Architecture &amp; Conception","zz_Atrium Patrimoine"],"inLanguage":"fr-FR"},{"@type":"WebPage","@id":"https:\/\/batijournal.com\/index.php\/versailles-ouverture-apres-restauration\/99121\/","url":"https:\/\/batijournal.com\/index.php\/versailles-ouverture-apres-restauration\/99121\/","name":"Versailles : ouverture apr\u00e8s restauration de la Maison de la reine","isPartOf":{"@id":"https:\/\/batijournal.com\/#website"},"primaryImageOfPage":{"@id":"https:\/\/batijournal.com\/index.php\/versailles-ouverture-apres-restauration\/99121\/#primaryimage"},"image":{"@id":"https:\/\/batijournal.com\/index.php\/versailles-ouverture-apres-restauration\/99121\/#primaryimage"},"thumbnailUrl":"https:\/\/batijournal.com\/wp-content\/uploads\/2018\/05\/La_Maison_de_la_Reine_restaure_.jpg","datePublished":"2018-05-16T06:16:26+00:00","dateModified":"2019-07-15T09:15:05+00:00","author":{"@id":"https:\/\/batijournal.com\/#\/schema\/person\/1dc96ec6957aa1ccb25ebe78bb19f100"},"description":"Ouverture apr\u00e8s restauration et remeublement de la Maison de la reine du ch\u00e2teau de Versailles.","breadcrumb":{"@id":"https:\/\/batijournal.com\/index.php\/versailles-ouverture-apres-restauration\/99121\/#breadcrumb"},"inLanguage":"fr-FR","potentialAction":[{"@type":"ReadAction","target":["https:\/\/batijournal.com\/index.php\/versailles-ouverture-apres-restauration\/99121\/"]}]},{"@type":"ImageObject","inLanguage":"fr-FR","@id":"https:\/\/batijournal.com\/index.php\/versailles-ouverture-apres-restauration\/99121\/#primaryimage","url":"https:\/\/batijournal.com\/wp-content\/uploads\/2018\/05\/La_Maison_de_la_Reine_restaure_.jpg","contentUrl":"https:\/\/batijournal.com\/wp-content\/uploads\/2018\/05\/La_Maison_de_la_Reine_restaure_.jpg","width":1200,"height":841,"caption":"a_Maison_de_la_Reine_restaure_versailles"},{"@type":"BreadcrumbList","@id":"https:\/\/batijournal.com\/index.php\/versailles-ouverture-apres-restauration\/99121\/#breadcrumb","itemListElement":[{"@type":"ListItem","position":1,"name":"Accueil","item":"https:\/\/batijournal.com\/"},{"@type":"ListItem","position":2,"name":"Actualit\u00e9s","item":"https:\/\/batijournal.com\/index.php\/category\/actualites\/"},{"@type":"ListItem","position":3,"name":"Versailles : ouverture apr\u00e8s restauration et remeublement de la Maison de la reine"}]},{"@type":"WebSite","@id":"https:\/\/batijournal.com\/#website","url":"https:\/\/batijournal.com\/","name":"Batijournal","description":"L&#039;actualit\u00e9 du b\u00e2timent","potentialAction":[{"@type":"SearchAction","target":{"@type":"EntryPoint","urlTemplate":"https:\/\/batijournal.com\/?s={search_term_string}"},"query-input":{"@type":"PropertyValueSpecification","valueRequired":true,"valueName":"search_term_string"}}],"inLanguage":"fr-FR"},{"@type":"Person","@id":"https:\/\/batijournal.com\/#\/schema\/person\/1dc96ec6957aa1ccb25ebe78bb19f100","name":"St\u00e9phane Miget","image":{"@type":"ImageObject","inLanguage":"fr-FR","@id":"https:\/\/secure.gravatar.com\/avatar\/89915563d925342126b8ef0281b93d9d7fc337043e8df017f780908eb9644451?s=96&d=mm&r=g","url":"https:\/\/secure.gravatar.com\/avatar\/89915563d925342126b8ef0281b93d9d7fc337043e8df017f780908eb9644451?s=96&d=mm&r=g","contentUrl":"https:\/\/secure.gravatar.com\/avatar\/89915563d925342126b8ef0281b93d9d7fc337043e8df017f780908eb9644451?s=96&d=mm&r=g","caption":"St\u00e9phane Miget"},"url":"https:\/\/batijournal.com\/index.php\/author\/stephane\/"}]}},"_links":{"self":[{"href":"https:\/\/batijournal.com\/index.php\/wp-json\/wp\/v2\/posts\/99121","targetHints":{"allow":["GET"]}}],"collection":[{"href":"https:\/\/batijournal.com\/index.php\/wp-json\/wp\/v2\/posts"}],"about":[{"href":"https:\/\/batijournal.com\/index.php\/wp-json\/wp\/v2\/types\/post"}],"author":[{"embeddable":true,"href":"https:\/\/batijournal.com\/index.php\/wp-json\/wp\/v2\/users\/17"}],"replies":[{"embeddable":true,"href":"https:\/\/batijournal.com\/index.php\/wp-json\/wp\/v2\/comments?post=99121"}],"version-history":[{"count":0,"href":"https:\/\/batijournal.com\/index.php\/wp-json\/wp\/v2\/posts\/99121\/revisions"}],"wp:featuredmedia":[{"embeddable":true,"href":"https:\/\/batijournal.com\/index.php\/wp-json\/wp\/v2\/media\/99123"}],"wp:attachment":[{"href":"https:\/\/batijournal.com\/index.php\/wp-json\/wp\/v2\/media?parent=99121"}],"wp:term":[{"taxonomy":"category","embeddable":true,"href":"https:\/\/batijournal.com\/index.php\/wp-json\/wp\/v2\/categories?post=99121"},{"taxonomy":"post_tag","embeddable":true,"href":"https:\/\/batijournal.com\/index.php\/wp-json\/wp\/v2\/tags?post=99121"}],"curies":[{"name":"wp","href":"https:\/\/api.w.org\/{rel}","templated":true}]}}