{"id":99126,"date":"2018-05-16T17:20:48","date_gmt":"2018-05-16T15:20:48","guid":{"rendered":"http:\/\/batijournal.com\/?p=99126"},"modified":"2019-07-15T12:01:57","modified_gmt":"2019-07-15T10:01:57","slug":"barometre-arti-sante-btp","status":"publish","type":"post","link":"https:\/\/batijournal.com\/index.php\/barometre-arti-sante-btp\/99126\/","title":{"rendered":"Les artisans du b\u00e2timent sont stress\u00e9s mais optimistes"},"content":{"rendered":"<p>Le 4e barom\u00e8tre ARTI Sant\u00e9 BTP, enqu\u00eate nationale sur les conditions de travail et la sant\u00e9 des artisans du BTP marque une nouvelle d\u00e9t\u00e9rioration de l\u2019\u00e9tat de sant\u00e9 des artisans du BTP qui sont 39 % \u00e0 se d\u00e9clarer en mauvaise sant\u00e9, contre 29 % en 2016. En cause, des rythmes de travail tr\u00e8s intenses, des charges administratives importantes et des contraintes de d\u00e9lais qui g\u00e9n\u00e8rent du stress. Autre point noir, un suivi m\u00e9dical insuffisant, notamment chez les plus jeunes : seuls 13 % des artisans sont suivis m\u00e9dicalement pour leur activit\u00e9 professionnelle. De plus, 51 % d\u2019entre d\u2019eux consultent leur m\u00e9decin g\u00e9n\u00e9raliste \u00e0 de tr\u00e8s rares occasions, voire jamais. Les chefs d\u2019entreprise artisanale n\u2019ont cependant jamais \u00e9t\u00e9 aussi optimistes : 50 % se disent confiants vis-\u00e0-vis de l\u2019avenir de leur activit\u00e9 (contre 30 % en 2016) et ils sont 60 % \u00e0 avoir observ\u00e9 une progression de leur activit\u00e9 en 2017. De plus, ils se sentent de moins en moins isol\u00e9s : 35 % affirment se sentir isol\u00e9s, une baisse de 5 points par rapport \u00e0 l\u2019ann\u00e9e pr\u00e9c\u00e9dente.<\/p>\n<p>Le barom\u00e8tre ARTI Sant\u00e9 BTP est publi\u00e9 par la CAPEB, la CNATP, et le p\u00f4le d\u2019innovation IRIS-ST.<\/p>\n<p>&nbsp;<\/p>\n","protected":false},"excerpt":{"rendered":"<p>Le 4e barom\u00e8tre ARTI Sant\u00e9 BTP, enqu\u00eate nationale sur les conditions de travail et la sant\u00e9 des artisans du BTP marque une nouvelle d\u00e9t\u00e9rioration de l\u2019\u00e9tat de sant\u00e9 des artisans du BTP qui sont 39 % \u00e0 se d\u00e9clarer en mauvaise sant\u00e9, contre 29 % en 2016. En cause, des rythmes de travail tr\u00e8s intenses, [&hellip;]<\/p>\n","protected":false},"author":17,"featured_media":96520,"comment_status":"closed","ping_status":"closed","sticky":false,"template":"","format":"standard","meta":{"_et_pb_use_builder":"","_et_pb_old_content":"","_et_gb_content_width":"","footnotes":""},"categories":[10736,10530,6345],"tags":[2656],"class_list":["post-99126","post","type-post","status-publish","format-standard","has-post-thumbnail","hentry","category-a-la-une","category-actualites","category-economie-marches","tag-sante"],"yoast_head":"<!-- This site is optimized with the Yoast SEO plugin v27.4 - https:\/\/yoast.com\/product\/yoast-seo-wordpress\/ -->\n<title>Barom\u00e8tre ARTI Sant\u00e9 BTP : les r\u00e9sultats de la 4\u00e8me \u00e9dition<\/title>\n<meta name=\"description\" content=\"D\u00e9couvrez les r\u00e9sultats du 4e barom\u00e8tre ARTI Sant\u00e9 BTP, enqu\u00eate nationale sur les conditions de travail et la sant\u00e9 des artisans du BTP.\" \/>\n<meta name=\"robots\" content=\"index, follow, max-snippet:-1, max-image-preview:large, max-video-preview:-1\" \/>\n<link rel=\"canonical\" href=\"https:\/\/batijournal.com\/index.php\/barometre-arti-sante-btp\/99126\/\" \/>\n<meta property=\"og:locale\" content=\"fr_FR\" \/>\n<meta property=\"og:type\" content=\"article\" \/>\n<meta property=\"og:title\" content=\"Barom\u00e8tre ARTI Sant\u00e9 BTP : les r\u00e9sultats de la 4\u00e8me \u00e9dition\" \/>\n<meta property=\"og:description\" content=\"D\u00e9couvrez les r\u00e9sultats du 4e barom\u00e8tre ARTI Sant\u00e9 BTP, enqu\u00eate nationale sur les conditions de travail et la sant\u00e9 des artisans du BTP.\" \/>\n<meta property=\"og:url\" content=\"https:\/\/batijournal.com\/index.php\/barometre-arti-sante-btp\/99126\/\" \/>\n<meta property=\"og:site_name\" content=\"Batijournal\" \/>\n<meta property=\"article:published_time\" content=\"2018-05-16T15:20:48+00:00\" \/>\n<meta property=\"article:modified_time\" content=\"2019-07-15T10:01:57+00:00\" \/>\n<meta property=\"og:image\" content=\"https:\/\/batijournal.com\/wp-content\/uploads\/2017\/07\/artisan-peintre-plafond-e1761826526780.jpg\" \/>\n\t<meta property=\"og:image:width\" content=\"1000\" \/>\n\t<meta property=\"og:image:height\" content=\"667\" \/>\n\t<meta property=\"og:image:type\" content=\"image\/jpeg\" \/>\n<meta name=\"author\" content=\"St\u00e9phane Miget\" \/>\n<meta name=\"twitter:card\" content=\"summary_large_image\" \/>\n<meta name=\"twitter:creator\" content=\"@bati_journal\" \/>\n<meta name=\"twitter:site\" content=\"@bati_journal\" \/>\n<meta name=\"twitter:label1\" content=\"\u00c9crit par\" \/>\n\t<meta name=\"twitter:data1\" content=\"St\u00e9phane Miget\" \/>\n\t<meta name=\"twitter:label2\" content=\"Dur\u00e9e de lecture estim\u00e9e\" \/>\n\t<meta name=\"twitter:data2\" content=\"1 minute\" \/>\n<script type=\"application\/ld+json\" class=\"yoast-schema-graph\">{\"@context\":\"https:\\\/\\\/schema.org\",\"@graph\":[{\"@type\":\"Article\",\"@id\":\"https:\\\/\\\/batijournal.com\\\/index.php\\\/barometre-arti-sante-btp\\\/99126\\\/#article\",\"isPartOf\":{\"@id\":\"https:\\\/\\\/batijournal.com\\\/index.php\\\/barometre-arti-sante-btp\\\/99126\\\/\"},\"author\":{\"name\":\"St\u00e9phane Miget\",\"@id\":\"https:\\\/\\\/batijournal.com\\\/#\\\/schema\\\/person\\\/1dc96ec6957aa1ccb25ebe78bb19f100\"},\"headline\":\"Les artisans du b\u00e2timent sont stress\u00e9s mais optimistes\",\"datePublished\":\"2018-05-16T15:20:48+00:00\",\"dateModified\":\"2019-07-15T10:01:57+00:00\",\"mainEntityOfPage\":{\"@id\":\"https:\\\/\\\/batijournal.com\\\/index.php\\\/barometre-arti-sante-btp\\\/99126\\\/\"},\"wordCount\":211,\"image\":{\"@id\":\"https:\\\/\\\/batijournal.com\\\/index.php\\\/barometre-arti-sante-btp\\\/99126\\\/#primaryimage\"},\"thumbnailUrl\":\"https:\\\/\\\/batijournal.com\\\/wp-content\\\/uploads\\\/2017\\\/07\\\/artisan-peintre-plafond-e1761826526780.jpg\",\"keywords\":[\"sant\u00e9\"],\"articleSection\":[\"A la Une\",\"Actualit\u00e9s\",\"\u00c9conomie &amp; March\u00e9s\"],\"inLanguage\":\"fr-FR\"},{\"@type\":\"WebPage\",\"@id\":\"https:\\\/\\\/batijournal.com\\\/index.php\\\/barometre-arti-sante-btp\\\/99126\\\/\",\"url\":\"https:\\\/\\\/batijournal.com\\\/index.php\\\/barometre-arti-sante-btp\\\/99126\\\/\",\"name\":\"Barom\u00e8tre ARTI Sant\u00e9 BTP : les r\u00e9sultats de la 4\u00e8me \u00e9dition\",\"isPartOf\":{\"@id\":\"https:\\\/\\\/batijournal.com\\\/#website\"},\"primaryImageOfPage\":{\"@id\":\"https:\\\/\\\/batijournal.com\\\/index.php\\\/barometre-arti-sante-btp\\\/99126\\\/#primaryimage\"},\"image\":{\"@id\":\"https:\\\/\\\/batijournal.com\\\/index.php\\\/barometre-arti-sante-btp\\\/99126\\\/#primaryimage\"},\"thumbnailUrl\":\"https:\\\/\\\/batijournal.com\\\/wp-content\\\/uploads\\\/2017\\\/07\\\/artisan-peintre-plafond-e1761826526780.jpg\",\"datePublished\":\"2018-05-16T15:20:48+00:00\",\"dateModified\":\"2019-07-15T10:01:57+00:00\",\"author\":{\"@id\":\"https:\\\/\\\/batijournal.com\\\/#\\\/schema\\\/person\\\/1dc96ec6957aa1ccb25ebe78bb19f100\"},\"description\":\"D\u00e9couvrez les r\u00e9sultats du 4e barom\u00e8tre ARTI Sant\u00e9 BTP, enqu\u00eate nationale sur les conditions de travail et la sant\u00e9 des artisans du BTP.\",\"breadcrumb\":{\"@id\":\"https:\\\/\\\/batijournal.com\\\/index.php\\\/barometre-arti-sante-btp\\\/99126\\\/#breadcrumb\"},\"inLanguage\":\"fr-FR\",\"potentialAction\":[{\"@type\":\"ReadAction\",\"target\":[\"https:\\\/\\\/batijournal.com\\\/index.php\\\/barometre-arti-sante-btp\\\/99126\\\/\"]}]},{\"@type\":\"ImageObject\",\"inLanguage\":\"fr-FR\",\"@id\":\"https:\\\/\\\/batijournal.com\\\/index.php\\\/barometre-arti-sante-btp\\\/99126\\\/#primaryimage\",\"url\":\"https:\\\/\\\/batijournal.com\\\/wp-content\\\/uploads\\\/2017\\\/07\\\/artisan-peintre-plafond-e1761826526780.jpg\",\"contentUrl\":\"https:\\\/\\\/batijournal.com\\\/wp-content\\\/uploads\\\/2017\\\/07\\\/artisan-peintre-plafond-e1761826526780.jpg\",\"width\":1000,\"height\":667,\"caption\":\"barometre-arti-sante-btp\"},{\"@type\":\"BreadcrumbList\",\"@id\":\"https:\\\/\\\/batijournal.com\\\/index.php\\\/barometre-arti-sante-btp\\\/99126\\\/#breadcrumb\",\"itemListElement\":[{\"@type\":\"ListItem\",\"position\":1,\"name\":\"Accueil\",\"item\":\"https:\\\/\\\/batijournal.com\\\/\"},{\"@type\":\"ListItem\",\"position\":2,\"name\":\"A la Une\",\"item\":\"https:\\\/\\\/batijournal.com\\\/index.php\\\/category\\\/a-la-une\\\/\"},{\"@type\":\"ListItem\",\"position\":3,\"name\":\"Les artisans du b\u00e2timent sont stress\u00e9s mais optimistes\"}]},{\"@type\":\"WebSite\",\"@id\":\"https:\\\/\\\/batijournal.com\\\/#website\",\"url\":\"https:\\\/\\\/batijournal.com\\\/\",\"name\":\"Batijournal\",\"description\":\"L&#039;actualit\u00e9 du b\u00e2timent\",\"potentialAction\":[{\"@type\":\"SearchAction\",\"target\":{\"@type\":\"EntryPoint\",\"urlTemplate\":\"https:\\\/\\\/batijournal.com\\\/?s={search_term_string}\"},\"query-input\":{\"@type\":\"PropertyValueSpecification\",\"valueRequired\":true,\"valueName\":\"search_term_string\"}}],\"inLanguage\":\"fr-FR\"},{\"@type\":\"Person\",\"@id\":\"https:\\\/\\\/batijournal.com\\\/#\\\/schema\\\/person\\\/1dc96ec6957aa1ccb25ebe78bb19f100\",\"name\":\"St\u00e9phane Miget\",\"image\":{\"@type\":\"ImageObject\",\"inLanguage\":\"fr-FR\",\"@id\":\"https:\\\/\\\/secure.gravatar.com\\\/avatar\\\/89915563d925342126b8ef0281b93d9d7fc337043e8df017f780908eb9644451?s=96&d=mm&r=g\",\"url\":\"https:\\\/\\\/secure.gravatar.com\\\/avatar\\\/89915563d925342126b8ef0281b93d9d7fc337043e8df017f780908eb9644451?s=96&d=mm&r=g\",\"contentUrl\":\"https:\\\/\\\/secure.gravatar.com\\\/avatar\\\/89915563d925342126b8ef0281b93d9d7fc337043e8df017f780908eb9644451?s=96&d=mm&r=g\",\"caption\":\"St\u00e9phane Miget\"},\"url\":\"https:\\\/\\\/batijournal.com\\\/index.php\\\/author\\\/stephane\\\/\"}]}<\/script>\n<!-- \/ Yoast SEO plugin. -->","yoast_head_json":{"title":"Barom\u00e8tre ARTI Sant\u00e9 BTP : les r\u00e9sultats de la 4\u00e8me \u00e9dition","description":"D\u00e9couvrez les r\u00e9sultats du 4e barom\u00e8tre ARTI Sant\u00e9 BTP, enqu\u00eate nationale sur les conditions de travail et la sant\u00e9 des artisans du BTP.","robots":{"index":"index","follow":"follow","max-snippet":"max-snippet:-1","max-image-preview":"max-image-preview:large","max-video-preview":"max-video-preview:-1"},"canonical":"https:\/\/batijournal.com\/index.php\/barometre-arti-sante-btp\/99126\/","og_locale":"fr_FR","og_type":"article","og_title":"Barom\u00e8tre ARTI Sant\u00e9 BTP : les r\u00e9sultats de la 4\u00e8me \u00e9dition","og_description":"D\u00e9couvrez les r\u00e9sultats du 4e barom\u00e8tre ARTI Sant\u00e9 BTP, enqu\u00eate nationale sur les conditions de travail et la sant\u00e9 des artisans du BTP.","og_url":"https:\/\/batijournal.com\/index.php\/barometre-arti-sante-btp\/99126\/","og_site_name":"Batijournal","article_published_time":"2018-05-16T15:20:48+00:00","article_modified_time":"2019-07-15T10:01:57+00:00","og_image":[{"width":1000,"height":667,"url":"https:\/\/batijournal.com\/wp-content\/uploads\/2017\/07\/artisan-peintre-plafond-e1761826526780.jpg","type":"image\/jpeg"}],"author":"St\u00e9phane Miget","twitter_card":"summary_large_image","twitter_creator":"@bati_journal","twitter_site":"@bati_journal","twitter_misc":{"\u00c9crit par":"St\u00e9phane Miget","Dur\u00e9e de lecture estim\u00e9e":"1 minute"},"schema":{"@context":"https:\/\/schema.org","@graph":[{"@type":"Article","@id":"https:\/\/batijournal.com\/index.php\/barometre-arti-sante-btp\/99126\/#article","isPartOf":{"@id":"https:\/\/batijournal.com\/index.php\/barometre-arti-sante-btp\/99126\/"},"author":{"name":"St\u00e9phane Miget","@id":"https:\/\/batijournal.com\/#\/schema\/person\/1dc96ec6957aa1ccb25ebe78bb19f100"},"headline":"Les artisans du b\u00e2timent sont stress\u00e9s mais optimistes","datePublished":"2018-05-16T15:20:48+00:00","dateModified":"2019-07-15T10:01:57+00:00","mainEntityOfPage":{"@id":"https:\/\/batijournal.com\/index.php\/barometre-arti-sante-btp\/99126\/"},"wordCount":211,"image":{"@id":"https:\/\/batijournal.com\/index.php\/barometre-arti-sante-btp\/99126\/#primaryimage"},"thumbnailUrl":"https:\/\/batijournal.com\/wp-content\/uploads\/2017\/07\/artisan-peintre-plafond-e1761826526780.jpg","keywords":["sant\u00e9"],"articleSection":["A la Une","Actualit\u00e9s","\u00c9conomie &amp; March\u00e9s"],"inLanguage":"fr-FR"},{"@type":"WebPage","@id":"https:\/\/batijournal.com\/index.php\/barometre-arti-sante-btp\/99126\/","url":"https:\/\/batijournal.com\/index.php\/barometre-arti-sante-btp\/99126\/","name":"Barom\u00e8tre ARTI Sant\u00e9 BTP : les r\u00e9sultats de la 4\u00e8me \u00e9dition","isPartOf":{"@id":"https:\/\/batijournal.com\/#website"},"primaryImageOfPage":{"@id":"https:\/\/batijournal.com\/index.php\/barometre-arti-sante-btp\/99126\/#primaryimage"},"image":{"@id":"https:\/\/batijournal.com\/index.php\/barometre-arti-sante-btp\/99126\/#primaryimage"},"thumbnailUrl":"https:\/\/batijournal.com\/wp-content\/uploads\/2017\/07\/artisan-peintre-plafond-e1761826526780.jpg","datePublished":"2018-05-16T15:20:48+00:00","dateModified":"2019-07-15T10:01:57+00:00","author":{"@id":"https:\/\/batijournal.com\/#\/schema\/person\/1dc96ec6957aa1ccb25ebe78bb19f100"},"description":"D\u00e9couvrez les r\u00e9sultats du 4e barom\u00e8tre ARTI Sant\u00e9 BTP, enqu\u00eate nationale sur les conditions de travail et la sant\u00e9 des artisans du BTP.","breadcrumb":{"@id":"https:\/\/batijournal.com\/index.php\/barometre-arti-sante-btp\/99126\/#breadcrumb"},"inLanguage":"fr-FR","potentialAction":[{"@type":"ReadAction","target":["https:\/\/batijournal.com\/index.php\/barometre-arti-sante-btp\/99126\/"]}]},{"@type":"ImageObject","inLanguage":"fr-FR","@id":"https:\/\/batijournal.com\/index.php\/barometre-arti-sante-btp\/99126\/#primaryimage","url":"https:\/\/batijournal.com\/wp-content\/uploads\/2017\/07\/artisan-peintre-plafond-e1761826526780.jpg","contentUrl":"https:\/\/batijournal.com\/wp-content\/uploads\/2017\/07\/artisan-peintre-plafond-e1761826526780.jpg","width":1000,"height":667,"caption":"barometre-arti-sante-btp"},{"@type":"BreadcrumbList","@id":"https:\/\/batijournal.com\/index.php\/barometre-arti-sante-btp\/99126\/#breadcrumb","itemListElement":[{"@type":"ListItem","position":1,"name":"Accueil","item":"https:\/\/batijournal.com\/"},{"@type":"ListItem","position":2,"name":"A la Une","item":"https:\/\/batijournal.com\/index.php\/category\/a-la-une\/"},{"@type":"ListItem","position":3,"name":"Les artisans du b\u00e2timent sont stress\u00e9s mais optimistes"}]},{"@type":"WebSite","@id":"https:\/\/batijournal.com\/#website","url":"https:\/\/batijournal.com\/","name":"Batijournal","description":"L&#039;actualit\u00e9 du b\u00e2timent","potentialAction":[{"@type":"SearchAction","target":{"@type":"EntryPoint","urlTemplate":"https:\/\/batijournal.com\/?s={search_term_string}"},"query-input":{"@type":"PropertyValueSpecification","valueRequired":true,"valueName":"search_term_string"}}],"inLanguage":"fr-FR"},{"@type":"Person","@id":"https:\/\/batijournal.com\/#\/schema\/person\/1dc96ec6957aa1ccb25ebe78bb19f100","name":"St\u00e9phane Miget","image":{"@type":"ImageObject","inLanguage":"fr-FR","@id":"https:\/\/secure.gravatar.com\/avatar\/89915563d925342126b8ef0281b93d9d7fc337043e8df017f780908eb9644451?s=96&d=mm&r=g","url":"https:\/\/secure.gravatar.com\/avatar\/89915563d925342126b8ef0281b93d9d7fc337043e8df017f780908eb9644451?s=96&d=mm&r=g","contentUrl":"https:\/\/secure.gravatar.com\/avatar\/89915563d925342126b8ef0281b93d9d7fc337043e8df017f780908eb9644451?s=96&d=mm&r=g","caption":"St\u00e9phane Miget"},"url":"https:\/\/batijournal.com\/index.php\/author\/stephane\/"}]}},"_links":{"self":[{"href":"https:\/\/batijournal.com\/index.php\/wp-json\/wp\/v2\/posts\/99126","targetHints":{"allow":["GET"]}}],"collection":[{"href":"https:\/\/batijournal.com\/index.php\/wp-json\/wp\/v2\/posts"}],"about":[{"href":"https:\/\/batijournal.com\/index.php\/wp-json\/wp\/v2\/types\/post"}],"author":[{"embeddable":true,"href":"https:\/\/batijournal.com\/index.php\/wp-json\/wp\/v2\/users\/17"}],"replies":[{"embeddable":true,"href":"https:\/\/batijournal.com\/index.php\/wp-json\/wp\/v2\/comments?post=99126"}],"version-history":[{"count":0,"href":"https:\/\/batijournal.com\/index.php\/wp-json\/wp\/v2\/posts\/99126\/revisions"}],"wp:featuredmedia":[{"embeddable":true,"href":"https:\/\/batijournal.com\/index.php\/wp-json\/wp\/v2\/media\/96520"}],"wp:attachment":[{"href":"https:\/\/batijournal.com\/index.php\/wp-json\/wp\/v2\/media?parent=99126"}],"wp:term":[{"taxonomy":"category","embeddable":true,"href":"https:\/\/batijournal.com\/index.php\/wp-json\/wp\/v2\/categories?post=99126"},{"taxonomy":"post_tag","embeddable":true,"href":"https:\/\/batijournal.com\/index.php\/wp-json\/wp\/v2\/tags?post=99126"}],"curies":[{"name":"wp","href":"https:\/\/api.w.org\/{rel}","templated":true}]}}