{"id":99136,"date":"2018-05-19T09:23:54","date_gmt":"2018-05-19T07:23:54","guid":{"rendered":"https:\/\/batijournal.com\/?p=99136"},"modified":"2019-07-15T11:15:05","modified_gmt":"2019-07-15T09:15:05","slug":"pacte-natioanl-de-revitalisation","status":"publish","type":"post","link":"https:\/\/batijournal.com\/index.php\/pacte-natioanl-de-revitalisation\/99136\/","title":{"rendered":"Le patrimoine des centres villes en danger"},"content":{"rendered":"<p>La proposition de loi \u00ab Pacte national de revitalisation des centres-villes et des centres-bourgs \u00bb remet en cause le dispositif de protection du patrimoine dans son article 7. Elle constitue une menace pour les villes historiques quelle qu\u2019en soit la dimension. Sa mise en \u0153uvre ouvrirait la porte \u00e0 toutes les d\u00e9rives et \u00e0 des contestations juridiques longues \u00e0 purger qui ne feraient que ralentir et d\u00e9grader le processus de construction. Quinze associations nationales d\u00e9noncent ce p\u00e9ril pour le patrimoine. Elles rappellent dans un communiqu\u00e9 que c\u2019est notamment pour mettre un terme \u00e0 des destructions coupables dans les centres anciens que la loi Malraux a \u00e9t\u00e9 \u00e9labor\u00e9e et par la suite compl\u00e9t\u00e9e. Elles soulignent que la loi LCAP vot\u00e9e en 2016 en termes identiques par les deux assembl\u00e9es a r\u00e9duit les d\u00e9lais d\u2019instruction \u00e0 deux mois et a organis\u00e9 une concertation sur la mise en \u0153uvre des mesures de protection du patrimoine au sein des nouvelles Commissions nationale, r\u00e9gionales et locales du patrimoine et de l\u2019architecture pr\u00e9sid\u00e9es maintenant par des \u00e9lus. Ces dispositions ont \u00e9t\u00e9 mises en \u0153uvre dans toutes les r\u00e9gions. Elles consid\u00e8rent que cet article 7, tout comme l\u2019article 15 du projet de loi ELAN en cours d\u2019examen \u00e0 l\u2019Assembl\u00e9e Nationale, vont \u00e0 l\u2019encontre m\u00eame de la revitalisation des centres-villes et des centres-bourgs, dont ils pr\u00e9figureraient la d\u00e9gradation. Renouvelant leur opposition la plus ferme \u00e0 ces deux articles, elles sugg\u00e8rent que soit confi\u00e9e \u00e0 un groupe de travail ad hoc une expertise objective des dispositifs existants \u00e0 la recherche d\u2019\u00e9ventuelles am\u00e9liorations mais dans le respect des principes qui ont permis la pr\u00e9servation du patrimoine urbain et des espaces publics dans les villes et quartiers historiques de notre pays.<\/p>\n<p>&nbsp;<\/p>\n<p><img loading=\"lazy\" decoding=\"async\" class=\"aligncenter size-large wp-image-99137\" src=\"https:\/\/batijournal.com\/wp-content\/uploads\/2018\/05\/1-associations-du-patrimoine-1024x606.png\" alt=\"\" width=\"960\" height=\"568\" srcset=\"https:\/\/batijournal.com\/wp-content\/uploads\/2018\/05\/1-associations-du-patrimoine-1024x606.png 1024w, https:\/\/batijournal.com\/wp-content\/uploads\/2018\/05\/1-associations-du-patrimoine-150x89.png 150w, https:\/\/batijournal.com\/wp-content\/uploads\/2018\/05\/1-associations-du-patrimoine-300x178.png 300w, https:\/\/batijournal.com\/wp-content\/uploads\/2018\/05\/1-associations-du-patrimoine-768x455.png 768w, https:\/\/batijournal.com\/wp-content\/uploads\/2018\/05\/1-associations-du-patrimoine-600x355.png 600w, https:\/\/batijournal.com\/wp-content\/uploads\/2018\/05\/1-associations-du-patrimoine.png 1073w\" sizes=\"(max-width: 960px) 100vw, 960px\" \/><\/p>\n<p>&nbsp;<\/p>\n","protected":false},"excerpt":{"rendered":"<p>La proposition de loi \u00ab Pacte national de revitalisation des centres-villes et des centres-bourgs \u00bb remet en cause le dispositif de protection du patrimoine dans son article 7. Elle constitue une menace pour les villes historiques quelle qu\u2019en soit la dimension. Sa mise en \u0153uvre ouvrirait la porte \u00e0 toutes les d\u00e9rives et \u00e0 des [&hellip;]<\/p>\n","protected":false},"author":17,"featured_media":99139,"comment_status":"closed","ping_status":"closed","sticky":false,"template":"","format":"standard","meta":{"_et_pb_use_builder":"","_et_pb_old_content":"","_et_gb_content_width":"","footnotes":""},"categories":[10530,6340,10785],"tags":[8636],"class_list":["post-99136","post","type-post","status-publish","format-standard","has-post-thumbnail","hentry","category-actualites","category-architecture-conception","category-atrium","tag-patrimoine-historique"],"yoast_head":"<!-- This site is optimized with the Yoast SEO plugin v27.4 - https:\/\/yoast.com\/product\/yoast-seo-wordpress\/ -->\n<title>Pacte national de revitalisation des centres-villes et des centres-bourgs<\/title>\n<meta name=\"description\" content=\"La proposition de loi \u00ab Pacte national de revitalisation des centres-villes et des centres-bourgs \u00bb remet en cause le patrimoine dans son article 7\" \/>\n<meta name=\"robots\" content=\"index, follow, max-snippet:-1, max-image-preview:large, max-video-preview:-1\" \/>\n<link rel=\"canonical\" href=\"https:\/\/batijournal.com\/index.php\/pacte-natioanl-de-revitalisation\/99136\/\" \/>\n<meta property=\"og:locale\" content=\"fr_FR\" \/>\n<meta property=\"og:type\" content=\"article\" \/>\n<meta property=\"og:title\" content=\"Pacte national de revitalisation des centres-villes et des centres-bourgs\" \/>\n<meta property=\"og:description\" content=\"La proposition de loi \u00ab Pacte national de revitalisation des centres-villes et des centres-bourgs \u00bb remet en cause le patrimoine dans son article 7\" \/>\n<meta property=\"og:url\" content=\"https:\/\/batijournal.com\/index.php\/pacte-natioanl-de-revitalisation\/99136\/\" \/>\n<meta property=\"og:site_name\" content=\"Batijournal\" \/>\n<meta property=\"article:published_time\" content=\"2018-05-19T07:23:54+00:00\" \/>\n<meta property=\"article:modified_time\" content=\"2019-07-15T09:15:05+00:00\" \/>\n<meta property=\"og:image\" content=\"https:\/\/batijournal.com\/wp-content\/uploads\/2018\/05\/patrimoine-centre-ville.jpg\" \/>\n\t<meta property=\"og:image:width\" content=\"1200\" \/>\n\t<meta property=\"og:image:height\" content=\"829\" \/>\n\t<meta property=\"og:image:type\" content=\"image\/jpeg\" \/>\n<meta name=\"author\" content=\"St\u00e9phane Miget\" \/>\n<meta name=\"twitter:card\" content=\"summary_large_image\" \/>\n<meta name=\"twitter:creator\" content=\"@bati_journal\" \/>\n<meta name=\"twitter:site\" content=\"@bati_journal\" \/>\n<meta name=\"twitter:label1\" content=\"\u00c9crit par\" \/>\n\t<meta name=\"twitter:data1\" content=\"St\u00e9phane Miget\" \/>\n\t<meta name=\"twitter:label2\" content=\"Dur\u00e9e de lecture estim\u00e9e\" \/>\n\t<meta name=\"twitter:data2\" content=\"1 minute\" \/>\n<script type=\"application\/ld+json\" class=\"yoast-schema-graph\">{\"@context\":\"https:\\\/\\\/schema.org\",\"@graph\":[{\"@type\":\"Article\",\"@id\":\"https:\\\/\\\/batijournal.com\\\/index.php\\\/pacte-natioanl-de-revitalisation\\\/99136\\\/#article\",\"isPartOf\":{\"@id\":\"https:\\\/\\\/batijournal.com\\\/index.php\\\/pacte-natioanl-de-revitalisation\\\/99136\\\/\"},\"author\":{\"name\":\"St\u00e9phane Miget\",\"@id\":\"https:\\\/\\\/batijournal.com\\\/#\\\/schema\\\/person\\\/1dc96ec6957aa1ccb25ebe78bb19f100\"},\"headline\":\"Le patrimoine des centres villes en danger\",\"datePublished\":\"2018-05-19T07:23:54+00:00\",\"dateModified\":\"2019-07-15T09:15:05+00:00\",\"mainEntityOfPage\":{\"@id\":\"https:\\\/\\\/batijournal.com\\\/index.php\\\/pacte-natioanl-de-revitalisation\\\/99136\\\/\"},\"wordCount\":306,\"image\":{\"@id\":\"https:\\\/\\\/batijournal.com\\\/index.php\\\/pacte-natioanl-de-revitalisation\\\/99136\\\/#primaryimage\"},\"thumbnailUrl\":\"https:\\\/\\\/batijournal.com\\\/wp-content\\\/uploads\\\/2018\\\/05\\\/patrimoine-centre-ville.jpg\",\"keywords\":[\"patrimoine historique\"],\"articleSection\":[\"Actualit\u00e9s\",\"Architecture &amp; Conception\",\"zz_Atrium Patrimoine\"],\"inLanguage\":\"fr-FR\"},{\"@type\":\"WebPage\",\"@id\":\"https:\\\/\\\/batijournal.com\\\/index.php\\\/pacte-natioanl-de-revitalisation\\\/99136\\\/\",\"url\":\"https:\\\/\\\/batijournal.com\\\/index.php\\\/pacte-natioanl-de-revitalisation\\\/99136\\\/\",\"name\":\"Pacte national de revitalisation des centres-villes et des centres-bourgs\",\"isPartOf\":{\"@id\":\"https:\\\/\\\/batijournal.com\\\/#website\"},\"primaryImageOfPage\":{\"@id\":\"https:\\\/\\\/batijournal.com\\\/index.php\\\/pacte-natioanl-de-revitalisation\\\/99136\\\/#primaryimage\"},\"image\":{\"@id\":\"https:\\\/\\\/batijournal.com\\\/index.php\\\/pacte-natioanl-de-revitalisation\\\/99136\\\/#primaryimage\"},\"thumbnailUrl\":\"https:\\\/\\\/batijournal.com\\\/wp-content\\\/uploads\\\/2018\\\/05\\\/patrimoine-centre-ville.jpg\",\"datePublished\":\"2018-05-19T07:23:54+00:00\",\"dateModified\":\"2019-07-15T09:15:05+00:00\",\"author\":{\"@id\":\"https:\\\/\\\/batijournal.com\\\/#\\\/schema\\\/person\\\/1dc96ec6957aa1ccb25ebe78bb19f100\"},\"description\":\"La proposition de loi \u00ab Pacte national de revitalisation des centres-villes et des centres-bourgs \u00bb remet en cause le patrimoine dans son article 7\",\"breadcrumb\":{\"@id\":\"https:\\\/\\\/batijournal.com\\\/index.php\\\/pacte-natioanl-de-revitalisation\\\/99136\\\/#breadcrumb\"},\"inLanguage\":\"fr-FR\",\"potentialAction\":[{\"@type\":\"ReadAction\",\"target\":[\"https:\\\/\\\/batijournal.com\\\/index.php\\\/pacte-natioanl-de-revitalisation\\\/99136\\\/\"]}]},{\"@type\":\"ImageObject\",\"inLanguage\":\"fr-FR\",\"@id\":\"https:\\\/\\\/batijournal.com\\\/index.php\\\/pacte-natioanl-de-revitalisation\\\/99136\\\/#primaryimage\",\"url\":\"https:\\\/\\\/batijournal.com\\\/wp-content\\\/uploads\\\/2018\\\/05\\\/patrimoine-centre-ville.jpg\",\"contentUrl\":\"https:\\\/\\\/batijournal.com\\\/wp-content\\\/uploads\\\/2018\\\/05\\\/patrimoine-centre-ville.jpg\",\"width\":1200,\"height\":829},{\"@type\":\"BreadcrumbList\",\"@id\":\"https:\\\/\\\/batijournal.com\\\/index.php\\\/pacte-natioanl-de-revitalisation\\\/99136\\\/#breadcrumb\",\"itemListElement\":[{\"@type\":\"ListItem\",\"position\":1,\"name\":\"Accueil\",\"item\":\"https:\\\/\\\/batijournal.com\\\/\"},{\"@type\":\"ListItem\",\"position\":2,\"name\":\"Actualit\u00e9s\",\"item\":\"https:\\\/\\\/batijournal.com\\\/index.php\\\/category\\\/actualites\\\/\"},{\"@type\":\"ListItem\",\"position\":3,\"name\":\"Le patrimoine des centres villes en danger\"}]},{\"@type\":\"WebSite\",\"@id\":\"https:\\\/\\\/batijournal.com\\\/#website\",\"url\":\"https:\\\/\\\/batijournal.com\\\/\",\"name\":\"Batijournal\",\"description\":\"L&#039;actualit\u00e9 du b\u00e2timent\",\"potentialAction\":[{\"@type\":\"SearchAction\",\"target\":{\"@type\":\"EntryPoint\",\"urlTemplate\":\"https:\\\/\\\/batijournal.com\\\/?s={search_term_string}\"},\"query-input\":{\"@type\":\"PropertyValueSpecification\",\"valueRequired\":true,\"valueName\":\"search_term_string\"}}],\"inLanguage\":\"fr-FR\"},{\"@type\":\"Person\",\"@id\":\"https:\\\/\\\/batijournal.com\\\/#\\\/schema\\\/person\\\/1dc96ec6957aa1ccb25ebe78bb19f100\",\"name\":\"St\u00e9phane Miget\",\"image\":{\"@type\":\"ImageObject\",\"inLanguage\":\"fr-FR\",\"@id\":\"https:\\\/\\\/secure.gravatar.com\\\/avatar\\\/89915563d925342126b8ef0281b93d9d7fc337043e8df017f780908eb9644451?s=96&d=mm&r=g\",\"url\":\"https:\\\/\\\/secure.gravatar.com\\\/avatar\\\/89915563d925342126b8ef0281b93d9d7fc337043e8df017f780908eb9644451?s=96&d=mm&r=g\",\"contentUrl\":\"https:\\\/\\\/secure.gravatar.com\\\/avatar\\\/89915563d925342126b8ef0281b93d9d7fc337043e8df017f780908eb9644451?s=96&d=mm&r=g\",\"caption\":\"St\u00e9phane Miget\"},\"url\":\"https:\\\/\\\/batijournal.com\\\/index.php\\\/author\\\/stephane\\\/\"}]}<\/script>\n<!-- \/ Yoast SEO plugin. -->","yoast_head_json":{"title":"Pacte national de revitalisation des centres-villes et des centres-bourgs","description":"La proposition de loi \u00ab Pacte national de revitalisation des centres-villes et des centres-bourgs \u00bb remet en cause le patrimoine dans son article 7","robots":{"index":"index","follow":"follow","max-snippet":"max-snippet:-1","max-image-preview":"max-image-preview:large","max-video-preview":"max-video-preview:-1"},"canonical":"https:\/\/batijournal.com\/index.php\/pacte-natioanl-de-revitalisation\/99136\/","og_locale":"fr_FR","og_type":"article","og_title":"Pacte national de revitalisation des centres-villes et des centres-bourgs","og_description":"La proposition de loi \u00ab Pacte national de revitalisation des centres-villes et des centres-bourgs \u00bb remet en cause le patrimoine dans son article 7","og_url":"https:\/\/batijournal.com\/index.php\/pacte-natioanl-de-revitalisation\/99136\/","og_site_name":"Batijournal","article_published_time":"2018-05-19T07:23:54+00:00","article_modified_time":"2019-07-15T09:15:05+00:00","og_image":[{"width":1200,"height":829,"url":"https:\/\/batijournal.com\/wp-content\/uploads\/2018\/05\/patrimoine-centre-ville.jpg","type":"image\/jpeg"}],"author":"St\u00e9phane Miget","twitter_card":"summary_large_image","twitter_creator":"@bati_journal","twitter_site":"@bati_journal","twitter_misc":{"\u00c9crit par":"St\u00e9phane Miget","Dur\u00e9e de lecture estim\u00e9e":"1 minute"},"schema":{"@context":"https:\/\/schema.org","@graph":[{"@type":"Article","@id":"https:\/\/batijournal.com\/index.php\/pacte-natioanl-de-revitalisation\/99136\/#article","isPartOf":{"@id":"https:\/\/batijournal.com\/index.php\/pacte-natioanl-de-revitalisation\/99136\/"},"author":{"name":"St\u00e9phane Miget","@id":"https:\/\/batijournal.com\/#\/schema\/person\/1dc96ec6957aa1ccb25ebe78bb19f100"},"headline":"Le patrimoine des centres villes en danger","datePublished":"2018-05-19T07:23:54+00:00","dateModified":"2019-07-15T09:15:05+00:00","mainEntityOfPage":{"@id":"https:\/\/batijournal.com\/index.php\/pacte-natioanl-de-revitalisation\/99136\/"},"wordCount":306,"image":{"@id":"https:\/\/batijournal.com\/index.php\/pacte-natioanl-de-revitalisation\/99136\/#primaryimage"},"thumbnailUrl":"https:\/\/batijournal.com\/wp-content\/uploads\/2018\/05\/patrimoine-centre-ville.jpg","keywords":["patrimoine historique"],"articleSection":["Actualit\u00e9s","Architecture &amp; Conception","zz_Atrium Patrimoine"],"inLanguage":"fr-FR"},{"@type":"WebPage","@id":"https:\/\/batijournal.com\/index.php\/pacte-natioanl-de-revitalisation\/99136\/","url":"https:\/\/batijournal.com\/index.php\/pacte-natioanl-de-revitalisation\/99136\/","name":"Pacte national de revitalisation des centres-villes et des centres-bourgs","isPartOf":{"@id":"https:\/\/batijournal.com\/#website"},"primaryImageOfPage":{"@id":"https:\/\/batijournal.com\/index.php\/pacte-natioanl-de-revitalisation\/99136\/#primaryimage"},"image":{"@id":"https:\/\/batijournal.com\/index.php\/pacte-natioanl-de-revitalisation\/99136\/#primaryimage"},"thumbnailUrl":"https:\/\/batijournal.com\/wp-content\/uploads\/2018\/05\/patrimoine-centre-ville.jpg","datePublished":"2018-05-19T07:23:54+00:00","dateModified":"2019-07-15T09:15:05+00:00","author":{"@id":"https:\/\/batijournal.com\/#\/schema\/person\/1dc96ec6957aa1ccb25ebe78bb19f100"},"description":"La proposition de loi \u00ab Pacte national de revitalisation des centres-villes et des centres-bourgs \u00bb remet en cause le patrimoine dans son article 7","breadcrumb":{"@id":"https:\/\/batijournal.com\/index.php\/pacte-natioanl-de-revitalisation\/99136\/#breadcrumb"},"inLanguage":"fr-FR","potentialAction":[{"@type":"ReadAction","target":["https:\/\/batijournal.com\/index.php\/pacte-natioanl-de-revitalisation\/99136\/"]}]},{"@type":"ImageObject","inLanguage":"fr-FR","@id":"https:\/\/batijournal.com\/index.php\/pacte-natioanl-de-revitalisation\/99136\/#primaryimage","url":"https:\/\/batijournal.com\/wp-content\/uploads\/2018\/05\/patrimoine-centre-ville.jpg","contentUrl":"https:\/\/batijournal.com\/wp-content\/uploads\/2018\/05\/patrimoine-centre-ville.jpg","width":1200,"height":829},{"@type":"BreadcrumbList","@id":"https:\/\/batijournal.com\/index.php\/pacte-natioanl-de-revitalisation\/99136\/#breadcrumb","itemListElement":[{"@type":"ListItem","position":1,"name":"Accueil","item":"https:\/\/batijournal.com\/"},{"@type":"ListItem","position":2,"name":"Actualit\u00e9s","item":"https:\/\/batijournal.com\/index.php\/category\/actualites\/"},{"@type":"ListItem","position":3,"name":"Le patrimoine des centres villes en danger"}]},{"@type":"WebSite","@id":"https:\/\/batijournal.com\/#website","url":"https:\/\/batijournal.com\/","name":"Batijournal","description":"L&#039;actualit\u00e9 du b\u00e2timent","potentialAction":[{"@type":"SearchAction","target":{"@type":"EntryPoint","urlTemplate":"https:\/\/batijournal.com\/?s={search_term_string}"},"query-input":{"@type":"PropertyValueSpecification","valueRequired":true,"valueName":"search_term_string"}}],"inLanguage":"fr-FR"},{"@type":"Person","@id":"https:\/\/batijournal.com\/#\/schema\/person\/1dc96ec6957aa1ccb25ebe78bb19f100","name":"St\u00e9phane Miget","image":{"@type":"ImageObject","inLanguage":"fr-FR","@id":"https:\/\/secure.gravatar.com\/avatar\/89915563d925342126b8ef0281b93d9d7fc337043e8df017f780908eb9644451?s=96&d=mm&r=g","url":"https:\/\/secure.gravatar.com\/avatar\/89915563d925342126b8ef0281b93d9d7fc337043e8df017f780908eb9644451?s=96&d=mm&r=g","contentUrl":"https:\/\/secure.gravatar.com\/avatar\/89915563d925342126b8ef0281b93d9d7fc337043e8df017f780908eb9644451?s=96&d=mm&r=g","caption":"St\u00e9phane Miget"},"url":"https:\/\/batijournal.com\/index.php\/author\/stephane\/"}]}},"_links":{"self":[{"href":"https:\/\/batijournal.com\/index.php\/wp-json\/wp\/v2\/posts\/99136","targetHints":{"allow":["GET"]}}],"collection":[{"href":"https:\/\/batijournal.com\/index.php\/wp-json\/wp\/v2\/posts"}],"about":[{"href":"https:\/\/batijournal.com\/index.php\/wp-json\/wp\/v2\/types\/post"}],"author":[{"embeddable":true,"href":"https:\/\/batijournal.com\/index.php\/wp-json\/wp\/v2\/users\/17"}],"replies":[{"embeddable":true,"href":"https:\/\/batijournal.com\/index.php\/wp-json\/wp\/v2\/comments?post=99136"}],"version-history":[{"count":0,"href":"https:\/\/batijournal.com\/index.php\/wp-json\/wp\/v2\/posts\/99136\/revisions"}],"wp:featuredmedia":[{"embeddable":true,"href":"https:\/\/batijournal.com\/index.php\/wp-json\/wp\/v2\/media\/99139"}],"wp:attachment":[{"href":"https:\/\/batijournal.com\/index.php\/wp-json\/wp\/v2\/media?parent=99136"}],"wp:term":[{"taxonomy":"category","embeddable":true,"href":"https:\/\/batijournal.com\/index.php\/wp-json\/wp\/v2\/categories?post=99136"},{"taxonomy":"post_tag","embeddable":true,"href":"https:\/\/batijournal.com\/index.php\/wp-json\/wp\/v2\/tags?post=99136"}],"curies":[{"name":"wp","href":"https:\/\/api.w.org\/{rel}","templated":true}]}}