{"id":99148,"date":"2018-05-23T08:15:26","date_gmt":"2018-05-23T06:15:26","guid":{"rendered":"https:\/\/batijournal.com\/?p=99148"},"modified":"2019-07-15T11:15:05","modified_gmt":"2019-07-15T09:15:05","slug":"la-cathedrale-damiens-retrouve-sa-chouette","status":"publish","type":"post","link":"https:\/\/batijournal.com\/index.php\/la-cathedrale-damiens-retrouve-sa-chouette\/99148\/","title":{"rendered":"La cath\u00e9drale d\u2019Amiens retrouve sa chouette"},"content":{"rendered":"<p>La statue de la chouette de Juste Lisch a \u00e9t\u00e9 repos\u00e9e \u00e0 son emplacement initial apr\u00e8s restauration. Cette sculpture avait remplac\u00e9 un petit pinacle entre 1881 et 1889 lors de la campagne de restauration men\u00e9e par Juste Lisch d\u2019apr\u00e8s le projet ant\u00e9rieur de Viollet-le-Duc. D\u00e9grad\u00e9e du fait de la mauvaise qualit\u00e9 de la pierre et de son exposition, la sculpture ne pouvait pas \u00eatre conserv\u00e9e in situ et devait \u00eatre remplac\u00e9e. Elle a \u00e9t\u00e9 d\u00e9pos\u00e9e, puis les compl\u00e9ments ont \u00e9t\u00e9 faits directement sur la statue avant de passer \u00e0 la copie en taille directe dans un nouveau bloc de pierre par l\u2019entreprise Degaine. La figure \u00e9tait tr\u00e8s \u00e9rod\u00e9 et difficilement reconnaissable, on distinguait la forme du corps d&rsquo;un aigle mais la t\u00eate et notamment les yeux ressemblaient plus \u00e0 ceux d&rsquo;une chouette. Le sculpteur a fait une proposition de chim\u00e8re \u00ab\u00a0aigle-chouette\u00a0\u00bb, valid\u00e9 par l\u2019Architecte en chef des monuments historique et la Conservation r\u00e9gionale des monuments historiques en se basant sur le devis de Juste Lisch de 1881 qui mentionne des \u00ab\u00a0amortissements en forme de chim\u00e8re\u00a0\u00bb pour la r\u00e9alisation de la sculpture. Afin qu\u2019elle r\u00e9siste mieux, elle a \u00e9t\u00e9 taill\u00e9 et pos\u00e9e selon le lit de la pierre, et non en d\u00e9lit comme c&rsquo;\u00e9tait le cas au XIXe si\u00e8cle.<\/p>\n<p><em>Source et photo : Drac Hauts-de-France<\/em><\/p>\n<p>&nbsp;<\/p>\n","protected":false},"excerpt":{"rendered":"<p>La statue de la chouette de Juste Lisch a \u00e9t\u00e9 repos\u00e9e \u00e0 son emplacement initial apr\u00e8s restauration. Cette sculpture avait remplac\u00e9 un petit pinacle entre 1881 et 1889 lors de la campagne de restauration men\u00e9e par Juste Lisch d\u2019apr\u00e8s le projet ant\u00e9rieur de Viollet-le-Duc. D\u00e9grad\u00e9e du fait de la mauvaise qualit\u00e9 de la pierre et [&hellip;]<\/p>\n","protected":false},"author":17,"featured_media":99149,"comment_status":"closed","ping_status":"closed","sticky":false,"template":"","format":"standard","meta":{"_et_pb_use_builder":"","_et_pb_old_content":"","_et_gb_content_width":"","footnotes":""},"categories":[10530,6340],"tags":[7189],"class_list":["post-99148","post","type-post","status-publish","format-standard","has-post-thumbnail","hentry","category-actualites","category-architecture-conception","tag-taille-de-pierre"],"yoast_head":"<!-- This site is optimized with the Yoast SEO plugin v27.4 - https:\/\/yoast.com\/product\/yoast-seo-wordpress\/ -->\n<title>La cath\u00e9drale d\u2019Amiens retrouve sa chouette de Juste Lisch<\/title>\n<meta name=\"description\" content=\"La statue de la chouette de Juste Lisch a \u00e9t\u00e9 repos\u00e9e \u00e0 son emplacement initial (La cath\u00e9drale d&#039;Amiens) apr\u00e8s restauration.\" \/>\n<meta name=\"robots\" content=\"index, follow, max-snippet:-1, max-image-preview:large, max-video-preview:-1\" \/>\n<link rel=\"canonical\" href=\"https:\/\/batijournal.com\/index.php\/la-cathedrale-damiens-retrouve-sa-chouette\/99148\/\" \/>\n<meta property=\"og:locale\" content=\"fr_FR\" \/>\n<meta property=\"og:type\" content=\"article\" \/>\n<meta property=\"og:title\" content=\"La cath\u00e9drale d\u2019Amiens retrouve sa chouette de Juste Lisch\" \/>\n<meta property=\"og:description\" content=\"La statue de la chouette de Juste Lisch a \u00e9t\u00e9 repos\u00e9e \u00e0 son emplacement initial (La cath\u00e9drale d&#039;Amiens) apr\u00e8s restauration.\" \/>\n<meta property=\"og:url\" content=\"https:\/\/batijournal.com\/index.php\/la-cathedrale-damiens-retrouve-sa-chouette\/99148\/\" \/>\n<meta property=\"og:site_name\" content=\"Batijournal\" \/>\n<meta property=\"article:published_time\" content=\"2018-05-23T06:15:26+00:00\" \/>\n<meta property=\"article:modified_time\" content=\"2019-07-15T09:15:05+00:00\" \/>\n<meta property=\"og:image\" content=\"https:\/\/batijournal.com\/wp-content\/uploads\/2018\/05\/Chouette-restauree.jpg\" \/>\n\t<meta property=\"og:image:width\" content=\"949\" \/>\n\t<meta property=\"og:image:height\" content=\"534\" \/>\n\t<meta property=\"og:image:type\" content=\"image\/jpeg\" \/>\n<meta name=\"author\" content=\"St\u00e9phane Miget\" \/>\n<meta name=\"twitter:card\" content=\"summary_large_image\" \/>\n<meta name=\"twitter:creator\" content=\"@bati_journal\" \/>\n<meta name=\"twitter:site\" content=\"@bati_journal\" \/>\n<meta name=\"twitter:label1\" content=\"\u00c9crit par\" \/>\n\t<meta name=\"twitter:data1\" content=\"St\u00e9phane Miget\" \/>\n\t<meta name=\"twitter:label2\" content=\"Dur\u00e9e de lecture estim\u00e9e\" \/>\n\t<meta name=\"twitter:data2\" content=\"1 minute\" \/>\n<script type=\"application\/ld+json\" class=\"yoast-schema-graph\">{\"@context\":\"https:\\\/\\\/schema.org\",\"@graph\":[{\"@type\":\"Article\",\"@id\":\"https:\\\/\\\/batijournal.com\\\/index.php\\\/la-cathedrale-damiens-retrouve-sa-chouette\\\/99148\\\/#article\",\"isPartOf\":{\"@id\":\"https:\\\/\\\/batijournal.com\\\/index.php\\\/la-cathedrale-damiens-retrouve-sa-chouette\\\/99148\\\/\"},\"author\":{\"name\":\"St\u00e9phane Miget\",\"@id\":\"https:\\\/\\\/batijournal.com\\\/#\\\/schema\\\/person\\\/1dc96ec6957aa1ccb25ebe78bb19f100\"},\"headline\":\"La cath\u00e9drale d\u2019Amiens retrouve sa chouette\",\"datePublished\":\"2018-05-23T06:15:26+00:00\",\"dateModified\":\"2019-07-15T09:15:05+00:00\",\"mainEntityOfPage\":{\"@id\":\"https:\\\/\\\/batijournal.com\\\/index.php\\\/la-cathedrale-damiens-retrouve-sa-chouette\\\/99148\\\/\"},\"wordCount\":245,\"image\":{\"@id\":\"https:\\\/\\\/batijournal.com\\\/index.php\\\/la-cathedrale-damiens-retrouve-sa-chouette\\\/99148\\\/#primaryimage\"},\"thumbnailUrl\":\"https:\\\/\\\/batijournal.com\\\/wp-content\\\/uploads\\\/2018\\\/05\\\/Chouette-restauree.jpg\",\"keywords\":[\"taille de pierre\"],\"articleSection\":[\"Actualit\u00e9s\",\"Architecture &amp; Conception\"],\"inLanguage\":\"fr-FR\"},{\"@type\":\"WebPage\",\"@id\":\"https:\\\/\\\/batijournal.com\\\/index.php\\\/la-cathedrale-damiens-retrouve-sa-chouette\\\/99148\\\/\",\"url\":\"https:\\\/\\\/batijournal.com\\\/index.php\\\/la-cathedrale-damiens-retrouve-sa-chouette\\\/99148\\\/\",\"name\":\"La cath\u00e9drale d\u2019Amiens retrouve sa chouette de Juste Lisch\",\"isPartOf\":{\"@id\":\"https:\\\/\\\/batijournal.com\\\/#website\"},\"primaryImageOfPage\":{\"@id\":\"https:\\\/\\\/batijournal.com\\\/index.php\\\/la-cathedrale-damiens-retrouve-sa-chouette\\\/99148\\\/#primaryimage\"},\"image\":{\"@id\":\"https:\\\/\\\/batijournal.com\\\/index.php\\\/la-cathedrale-damiens-retrouve-sa-chouette\\\/99148\\\/#primaryimage\"},\"thumbnailUrl\":\"https:\\\/\\\/batijournal.com\\\/wp-content\\\/uploads\\\/2018\\\/05\\\/Chouette-restauree.jpg\",\"datePublished\":\"2018-05-23T06:15:26+00:00\",\"dateModified\":\"2019-07-15T09:15:05+00:00\",\"author\":{\"@id\":\"https:\\\/\\\/batijournal.com\\\/#\\\/schema\\\/person\\\/1dc96ec6957aa1ccb25ebe78bb19f100\"},\"description\":\"La statue de la chouette de Juste Lisch a \u00e9t\u00e9 repos\u00e9e \u00e0 son emplacement initial (La cath\u00e9drale d'Amiens) apr\u00e8s restauration.\",\"breadcrumb\":{\"@id\":\"https:\\\/\\\/batijournal.com\\\/index.php\\\/la-cathedrale-damiens-retrouve-sa-chouette\\\/99148\\\/#breadcrumb\"},\"inLanguage\":\"fr-FR\",\"potentialAction\":[{\"@type\":\"ReadAction\",\"target\":[\"https:\\\/\\\/batijournal.com\\\/index.php\\\/la-cathedrale-damiens-retrouve-sa-chouette\\\/99148\\\/\"]}]},{\"@type\":\"ImageObject\",\"inLanguage\":\"fr-FR\",\"@id\":\"https:\\\/\\\/batijournal.com\\\/index.php\\\/la-cathedrale-damiens-retrouve-sa-chouette\\\/99148\\\/#primaryimage\",\"url\":\"https:\\\/\\\/batijournal.com\\\/wp-content\\\/uploads\\\/2018\\\/05\\\/Chouette-restauree.jpg\",\"contentUrl\":\"https:\\\/\\\/batijournal.com\\\/wp-content\\\/uploads\\\/2018\\\/05\\\/Chouette-restauree.jpg\",\"width\":949,\"height\":534},{\"@type\":\"BreadcrumbList\",\"@id\":\"https:\\\/\\\/batijournal.com\\\/index.php\\\/la-cathedrale-damiens-retrouve-sa-chouette\\\/99148\\\/#breadcrumb\",\"itemListElement\":[{\"@type\":\"ListItem\",\"position\":1,\"name\":\"Accueil\",\"item\":\"https:\\\/\\\/batijournal.com\\\/\"},{\"@type\":\"ListItem\",\"position\":2,\"name\":\"Actualit\u00e9s\",\"item\":\"https:\\\/\\\/batijournal.com\\\/index.php\\\/category\\\/actualites\\\/\"},{\"@type\":\"ListItem\",\"position\":3,\"name\":\"La cath\u00e9drale d\u2019Amiens retrouve sa chouette\"}]},{\"@type\":\"WebSite\",\"@id\":\"https:\\\/\\\/batijournal.com\\\/#website\",\"url\":\"https:\\\/\\\/batijournal.com\\\/\",\"name\":\"Batijournal\",\"description\":\"L&#039;actualit\u00e9 du b\u00e2timent\",\"potentialAction\":[{\"@type\":\"SearchAction\",\"target\":{\"@type\":\"EntryPoint\",\"urlTemplate\":\"https:\\\/\\\/batijournal.com\\\/?s={search_term_string}\"},\"query-input\":{\"@type\":\"PropertyValueSpecification\",\"valueRequired\":true,\"valueName\":\"search_term_string\"}}],\"inLanguage\":\"fr-FR\"},{\"@type\":\"Person\",\"@id\":\"https:\\\/\\\/batijournal.com\\\/#\\\/schema\\\/person\\\/1dc96ec6957aa1ccb25ebe78bb19f100\",\"name\":\"St\u00e9phane Miget\",\"image\":{\"@type\":\"ImageObject\",\"inLanguage\":\"fr-FR\",\"@id\":\"https:\\\/\\\/secure.gravatar.com\\\/avatar\\\/89915563d925342126b8ef0281b93d9d7fc337043e8df017f780908eb9644451?s=96&d=mm&r=g\",\"url\":\"https:\\\/\\\/secure.gravatar.com\\\/avatar\\\/89915563d925342126b8ef0281b93d9d7fc337043e8df017f780908eb9644451?s=96&d=mm&r=g\",\"contentUrl\":\"https:\\\/\\\/secure.gravatar.com\\\/avatar\\\/89915563d925342126b8ef0281b93d9d7fc337043e8df017f780908eb9644451?s=96&d=mm&r=g\",\"caption\":\"St\u00e9phane Miget\"},\"url\":\"https:\\\/\\\/batijournal.com\\\/index.php\\\/author\\\/stephane\\\/\"}]}<\/script>\n<!-- \/ Yoast SEO plugin. -->","yoast_head_json":{"title":"La cath\u00e9drale d\u2019Amiens retrouve sa chouette de Juste Lisch","description":"La statue de la chouette de Juste Lisch a \u00e9t\u00e9 repos\u00e9e \u00e0 son emplacement initial (La cath\u00e9drale d'Amiens) apr\u00e8s restauration.","robots":{"index":"index","follow":"follow","max-snippet":"max-snippet:-1","max-image-preview":"max-image-preview:large","max-video-preview":"max-video-preview:-1"},"canonical":"https:\/\/batijournal.com\/index.php\/la-cathedrale-damiens-retrouve-sa-chouette\/99148\/","og_locale":"fr_FR","og_type":"article","og_title":"La cath\u00e9drale d\u2019Amiens retrouve sa chouette de Juste Lisch","og_description":"La statue de la chouette de Juste Lisch a \u00e9t\u00e9 repos\u00e9e \u00e0 son emplacement initial (La cath\u00e9drale d'Amiens) apr\u00e8s restauration.","og_url":"https:\/\/batijournal.com\/index.php\/la-cathedrale-damiens-retrouve-sa-chouette\/99148\/","og_site_name":"Batijournal","article_published_time":"2018-05-23T06:15:26+00:00","article_modified_time":"2019-07-15T09:15:05+00:00","og_image":[{"width":949,"height":534,"url":"https:\/\/batijournal.com\/wp-content\/uploads\/2018\/05\/Chouette-restauree.jpg","type":"image\/jpeg"}],"author":"St\u00e9phane Miget","twitter_card":"summary_large_image","twitter_creator":"@bati_journal","twitter_site":"@bati_journal","twitter_misc":{"\u00c9crit par":"St\u00e9phane Miget","Dur\u00e9e de lecture estim\u00e9e":"1 minute"},"schema":{"@context":"https:\/\/schema.org","@graph":[{"@type":"Article","@id":"https:\/\/batijournal.com\/index.php\/la-cathedrale-damiens-retrouve-sa-chouette\/99148\/#article","isPartOf":{"@id":"https:\/\/batijournal.com\/index.php\/la-cathedrale-damiens-retrouve-sa-chouette\/99148\/"},"author":{"name":"St\u00e9phane Miget","@id":"https:\/\/batijournal.com\/#\/schema\/person\/1dc96ec6957aa1ccb25ebe78bb19f100"},"headline":"La cath\u00e9drale d\u2019Amiens retrouve sa chouette","datePublished":"2018-05-23T06:15:26+00:00","dateModified":"2019-07-15T09:15:05+00:00","mainEntityOfPage":{"@id":"https:\/\/batijournal.com\/index.php\/la-cathedrale-damiens-retrouve-sa-chouette\/99148\/"},"wordCount":245,"image":{"@id":"https:\/\/batijournal.com\/index.php\/la-cathedrale-damiens-retrouve-sa-chouette\/99148\/#primaryimage"},"thumbnailUrl":"https:\/\/batijournal.com\/wp-content\/uploads\/2018\/05\/Chouette-restauree.jpg","keywords":["taille de pierre"],"articleSection":["Actualit\u00e9s","Architecture &amp; Conception"],"inLanguage":"fr-FR"},{"@type":"WebPage","@id":"https:\/\/batijournal.com\/index.php\/la-cathedrale-damiens-retrouve-sa-chouette\/99148\/","url":"https:\/\/batijournal.com\/index.php\/la-cathedrale-damiens-retrouve-sa-chouette\/99148\/","name":"La cath\u00e9drale d\u2019Amiens retrouve sa chouette de Juste Lisch","isPartOf":{"@id":"https:\/\/batijournal.com\/#website"},"primaryImageOfPage":{"@id":"https:\/\/batijournal.com\/index.php\/la-cathedrale-damiens-retrouve-sa-chouette\/99148\/#primaryimage"},"image":{"@id":"https:\/\/batijournal.com\/index.php\/la-cathedrale-damiens-retrouve-sa-chouette\/99148\/#primaryimage"},"thumbnailUrl":"https:\/\/batijournal.com\/wp-content\/uploads\/2018\/05\/Chouette-restauree.jpg","datePublished":"2018-05-23T06:15:26+00:00","dateModified":"2019-07-15T09:15:05+00:00","author":{"@id":"https:\/\/batijournal.com\/#\/schema\/person\/1dc96ec6957aa1ccb25ebe78bb19f100"},"description":"La statue de la chouette de Juste Lisch a \u00e9t\u00e9 repos\u00e9e \u00e0 son emplacement initial (La cath\u00e9drale d'Amiens) apr\u00e8s restauration.","breadcrumb":{"@id":"https:\/\/batijournal.com\/index.php\/la-cathedrale-damiens-retrouve-sa-chouette\/99148\/#breadcrumb"},"inLanguage":"fr-FR","potentialAction":[{"@type":"ReadAction","target":["https:\/\/batijournal.com\/index.php\/la-cathedrale-damiens-retrouve-sa-chouette\/99148\/"]}]},{"@type":"ImageObject","inLanguage":"fr-FR","@id":"https:\/\/batijournal.com\/index.php\/la-cathedrale-damiens-retrouve-sa-chouette\/99148\/#primaryimage","url":"https:\/\/batijournal.com\/wp-content\/uploads\/2018\/05\/Chouette-restauree.jpg","contentUrl":"https:\/\/batijournal.com\/wp-content\/uploads\/2018\/05\/Chouette-restauree.jpg","width":949,"height":534},{"@type":"BreadcrumbList","@id":"https:\/\/batijournal.com\/index.php\/la-cathedrale-damiens-retrouve-sa-chouette\/99148\/#breadcrumb","itemListElement":[{"@type":"ListItem","position":1,"name":"Accueil","item":"https:\/\/batijournal.com\/"},{"@type":"ListItem","position":2,"name":"Actualit\u00e9s","item":"https:\/\/batijournal.com\/index.php\/category\/actualites\/"},{"@type":"ListItem","position":3,"name":"La cath\u00e9drale d\u2019Amiens retrouve sa chouette"}]},{"@type":"WebSite","@id":"https:\/\/batijournal.com\/#website","url":"https:\/\/batijournal.com\/","name":"Batijournal","description":"L&#039;actualit\u00e9 du b\u00e2timent","potentialAction":[{"@type":"SearchAction","target":{"@type":"EntryPoint","urlTemplate":"https:\/\/batijournal.com\/?s={search_term_string}"},"query-input":{"@type":"PropertyValueSpecification","valueRequired":true,"valueName":"search_term_string"}}],"inLanguage":"fr-FR"},{"@type":"Person","@id":"https:\/\/batijournal.com\/#\/schema\/person\/1dc96ec6957aa1ccb25ebe78bb19f100","name":"St\u00e9phane Miget","image":{"@type":"ImageObject","inLanguage":"fr-FR","@id":"https:\/\/secure.gravatar.com\/avatar\/89915563d925342126b8ef0281b93d9d7fc337043e8df017f780908eb9644451?s=96&d=mm&r=g","url":"https:\/\/secure.gravatar.com\/avatar\/89915563d925342126b8ef0281b93d9d7fc337043e8df017f780908eb9644451?s=96&d=mm&r=g","contentUrl":"https:\/\/secure.gravatar.com\/avatar\/89915563d925342126b8ef0281b93d9d7fc337043e8df017f780908eb9644451?s=96&d=mm&r=g","caption":"St\u00e9phane Miget"},"url":"https:\/\/batijournal.com\/index.php\/author\/stephane\/"}]}},"_links":{"self":[{"href":"https:\/\/batijournal.com\/index.php\/wp-json\/wp\/v2\/posts\/99148","targetHints":{"allow":["GET"]}}],"collection":[{"href":"https:\/\/batijournal.com\/index.php\/wp-json\/wp\/v2\/posts"}],"about":[{"href":"https:\/\/batijournal.com\/index.php\/wp-json\/wp\/v2\/types\/post"}],"author":[{"embeddable":true,"href":"https:\/\/batijournal.com\/index.php\/wp-json\/wp\/v2\/users\/17"}],"replies":[{"embeddable":true,"href":"https:\/\/batijournal.com\/index.php\/wp-json\/wp\/v2\/comments?post=99148"}],"version-history":[{"count":0,"href":"https:\/\/batijournal.com\/index.php\/wp-json\/wp\/v2\/posts\/99148\/revisions"}],"wp:featuredmedia":[{"embeddable":true,"href":"https:\/\/batijournal.com\/index.php\/wp-json\/wp\/v2\/media\/99149"}],"wp:attachment":[{"href":"https:\/\/batijournal.com\/index.php\/wp-json\/wp\/v2\/media?parent=99148"}],"wp:term":[{"taxonomy":"category","embeddable":true,"href":"https:\/\/batijournal.com\/index.php\/wp-json\/wp\/v2\/categories?post=99148"},{"taxonomy":"post_tag","embeddable":true,"href":"https:\/\/batijournal.com\/index.php\/wp-json\/wp\/v2\/tags?post=99148"}],"curies":[{"name":"wp","href":"https:\/\/api.w.org\/{rel}","templated":true}]}}