{"id":99212,"date":"2018-05-30T08:43:55","date_gmt":"2018-05-30T06:43:55","guid":{"rendered":"https:\/\/batijournal.com\/?p=99212"},"modified":"2019-07-15T11:15:05","modified_gmt":"2019-07-15T09:15:05","slug":"ce-week-end-rendez-vous-aux-jardins","status":"publish","type":"post","link":"https:\/\/batijournal.com\/index.php\/ce-week-end-rendez-vous-aux-jardins\/99212\/","title":{"rendered":"Ce week-end, rendez-vous aux jardins"},"content":{"rendered":"<p>Plac\u00e9e sous le th\u00e8me \u00ab L\u2019Europe des jardins \u00bb, la seizi\u00e8me \u00e9dition de Rendez-vous aux jardins s\u2019inscrit cette ann\u00e9e dans le cadre de l\u2019Ann\u00e9e europ\u00e9enne du patrimoine culturel propos\u00e9e par l\u2019Allemagne et soutenue, d\u00e8s l\u2019origine, par la France. Pour la premi\u00e8re fois, 16 pays en Europe s\u2019associent \u00e0 cet \u00e9v\u00e9nement aux m\u00eames dates pour c\u00e9l\u00e9brer les jardins en adoptant l\u2019identit\u00e9 visuelle propos\u00e9e par la France. Pour illustrer ce caract\u00e8re exceptionnel et cette nouvelle dimension, le minist\u00e8re de la Culture pr\u00e9sente du 28 mai au 15 juin 2018, dans le hall du site des Bons-Enfants \u00e0 Paris, l\u2019exposition \u00ab L\u2019Europe des herbiers \u00bb r\u00e9alis\u00e9e en partenariat avec le Mus\u00e9um national d\u2019Histoire naturelle. Le public y d\u00e9couvrira une s\u00e9lection de planches exceptionnelles issues de l\u2019herbier national. Des ateliers et des visites des jardins du Minist\u00e8re et du Palais-Royal compl\u00e9teront cette exposition. Partout en France, du 1er au 3 Juin 2018, 2 500 parcs et jardins, publics ou priv\u00e9s, offriront aux amateurs comme aux n\u00e9ophytes une multitude d\u2019activit\u00e9s, \u00e0 caract\u00e8re ludique et p\u00e9dagogique<\/p>\n<p><a href=\"http:\/\/www.rendezvousauxjardins.fr\/\" target=\"_blank\" rel=\"noopener noreferrer\">Toutes les informations de l&rsquo;\u00e9v\u00e9nement <\/a><\/p>\n<p>&nbsp;<\/p>\n","protected":false},"excerpt":{"rendered":"<p>Plac\u00e9e sous le th\u00e8me \u00ab L\u2019Europe des jardins \u00bb, la seizi\u00e8me \u00e9dition de Rendez-vous aux jardins s\u2019inscrit cette ann\u00e9e dans le cadre de l\u2019Ann\u00e9e europ\u00e9enne du patrimoine culturel propos\u00e9e par l\u2019Allemagne et soutenue, d\u00e8s l\u2019origine, par la France. Pour la premi\u00e8re fois, 16 pays en Europe s\u2019associent \u00e0 cet \u00e9v\u00e9nement aux m\u00eames dates pour c\u00e9l\u00e9brer [&hellip;]<\/p>\n","protected":false},"author":17,"featured_media":99214,"comment_status":"closed","ping_status":"closed","sticky":false,"template":"","format":"standard","meta":{"_et_pb_use_builder":"","_et_pb_old_content":"","_et_gb_content_width":"","footnotes":""},"categories":[10530,6340,10785],"tags":[8535],"class_list":["post-99212","post","type-post","status-publish","format-standard","has-post-thumbnail","hentry","category-actualites","category-architecture-conception","category-atrium","tag-jardin-historique"],"yoast_head":"<!-- This site is optimized with the Yoast SEO plugin v27.4 - https:\/\/yoast.com\/product\/yoast-seo-wordpress\/ -->\n<title>Ce week-end, rendez-vous aux jardins<\/title>\n<meta name=\"description\" content=\"Plac\u00e9e sous le th\u00e8me \u00ab L\u2019Europe des jardins \u00bb, la seizi\u00e8me \u00e9dition de Rendez-vous aux jardins aura lieu le 1,3, et 3 juin 2018\" \/>\n<meta name=\"robots\" content=\"index, follow, max-snippet:-1, max-image-preview:large, max-video-preview:-1\" \/>\n<link rel=\"canonical\" href=\"https:\/\/batijournal.com\/index.php\/ce-week-end-rendez-vous-aux-jardins\/99212\/\" \/>\n<meta property=\"og:locale\" content=\"fr_FR\" \/>\n<meta property=\"og:type\" content=\"article\" \/>\n<meta property=\"og:title\" content=\"Ce week-end, rendez-vous aux jardins\" \/>\n<meta property=\"og:description\" content=\"Plac\u00e9e sous le th\u00e8me \u00ab L\u2019Europe des jardins \u00bb, la seizi\u00e8me \u00e9dition de Rendez-vous aux jardins aura lieu le 1,3, et 3 juin 2018\" \/>\n<meta property=\"og:url\" content=\"https:\/\/batijournal.com\/index.php\/ce-week-end-rendez-vous-aux-jardins\/99212\/\" \/>\n<meta property=\"og:site_name\" content=\"Batijournal\" \/>\n<meta property=\"article:published_time\" content=\"2018-05-30T06:43:55+00:00\" \/>\n<meta property=\"article:modified_time\" content=\"2019-07-15T09:15:05+00:00\" \/>\n<meta property=\"og:image\" content=\"https:\/\/batijournal.com\/wp-content\/uploads\/2018\/05\/rdv-aux-jardins.jpg\" \/>\n\t<meta property=\"og:image:width\" content=\"1200\" \/>\n\t<meta property=\"og:image:height\" content=\"800\" \/>\n\t<meta property=\"og:image:type\" content=\"image\/jpeg\" \/>\n<meta name=\"author\" content=\"St\u00e9phane Miget\" \/>\n<meta name=\"twitter:card\" content=\"summary_large_image\" \/>\n<meta name=\"twitter:creator\" content=\"@bati_journal\" \/>\n<meta name=\"twitter:site\" content=\"@bati_journal\" \/>\n<meta name=\"twitter:label1\" content=\"\u00c9crit par\" \/>\n\t<meta name=\"twitter:data1\" content=\"St\u00e9phane Miget\" \/>\n\t<meta name=\"twitter:label2\" content=\"Dur\u00e9e de lecture estim\u00e9e\" \/>\n\t<meta name=\"twitter:data2\" content=\"1 minute\" \/>\n<script type=\"application\/ld+json\" class=\"yoast-schema-graph\">{\"@context\":\"https:\\\/\\\/schema.org\",\"@graph\":[{\"@type\":\"Article\",\"@id\":\"https:\\\/\\\/batijournal.com\\\/index.php\\\/ce-week-end-rendez-vous-aux-jardins\\\/99212\\\/#article\",\"isPartOf\":{\"@id\":\"https:\\\/\\\/batijournal.com\\\/index.php\\\/ce-week-end-rendez-vous-aux-jardins\\\/99212\\\/\"},\"author\":{\"name\":\"St\u00e9phane Miget\",\"@id\":\"https:\\\/\\\/batijournal.com\\\/#\\\/schema\\\/person\\\/1dc96ec6957aa1ccb25ebe78bb19f100\"},\"headline\":\"Ce week-end, rendez-vous aux jardins\",\"datePublished\":\"2018-05-30T06:43:55+00:00\",\"dateModified\":\"2019-07-15T09:15:05+00:00\",\"mainEntityOfPage\":{\"@id\":\"https:\\\/\\\/batijournal.com\\\/index.php\\\/ce-week-end-rendez-vous-aux-jardins\\\/99212\\\/\"},\"wordCount\":209,\"image\":{\"@id\":\"https:\\\/\\\/batijournal.com\\\/index.php\\\/ce-week-end-rendez-vous-aux-jardins\\\/99212\\\/#primaryimage\"},\"thumbnailUrl\":\"https:\\\/\\\/batijournal.com\\\/wp-content\\\/uploads\\\/2018\\\/05\\\/rdv-aux-jardins.jpg\",\"keywords\":[\"jardin historique\"],\"articleSection\":[\"Actualit\u00e9s\",\"Architecture &amp; Conception\",\"zz_Atrium Patrimoine\"],\"inLanguage\":\"fr-FR\"},{\"@type\":\"WebPage\",\"@id\":\"https:\\\/\\\/batijournal.com\\\/index.php\\\/ce-week-end-rendez-vous-aux-jardins\\\/99212\\\/\",\"url\":\"https:\\\/\\\/batijournal.com\\\/index.php\\\/ce-week-end-rendez-vous-aux-jardins\\\/99212\\\/\",\"name\":\"Ce week-end, rendez-vous aux jardins\",\"isPartOf\":{\"@id\":\"https:\\\/\\\/batijournal.com\\\/#website\"},\"primaryImageOfPage\":{\"@id\":\"https:\\\/\\\/batijournal.com\\\/index.php\\\/ce-week-end-rendez-vous-aux-jardins\\\/99212\\\/#primaryimage\"},\"image\":{\"@id\":\"https:\\\/\\\/batijournal.com\\\/index.php\\\/ce-week-end-rendez-vous-aux-jardins\\\/99212\\\/#primaryimage\"},\"thumbnailUrl\":\"https:\\\/\\\/batijournal.com\\\/wp-content\\\/uploads\\\/2018\\\/05\\\/rdv-aux-jardins.jpg\",\"datePublished\":\"2018-05-30T06:43:55+00:00\",\"dateModified\":\"2019-07-15T09:15:05+00:00\",\"author\":{\"@id\":\"https:\\\/\\\/batijournal.com\\\/#\\\/schema\\\/person\\\/1dc96ec6957aa1ccb25ebe78bb19f100\"},\"description\":\"Plac\u00e9e sous le th\u00e8me \u00ab L\u2019Europe des jardins \u00bb, la seizi\u00e8me \u00e9dition de Rendez-vous aux jardins aura lieu le 1,3, et 3 juin 2018\",\"breadcrumb\":{\"@id\":\"https:\\\/\\\/batijournal.com\\\/index.php\\\/ce-week-end-rendez-vous-aux-jardins\\\/99212\\\/#breadcrumb\"},\"inLanguage\":\"fr-FR\",\"potentialAction\":[{\"@type\":\"ReadAction\",\"target\":[\"https:\\\/\\\/batijournal.com\\\/index.php\\\/ce-week-end-rendez-vous-aux-jardins\\\/99212\\\/\"]}]},{\"@type\":\"ImageObject\",\"inLanguage\":\"fr-FR\",\"@id\":\"https:\\\/\\\/batijournal.com\\\/index.php\\\/ce-week-end-rendez-vous-aux-jardins\\\/99212\\\/#primaryimage\",\"url\":\"https:\\\/\\\/batijournal.com\\\/wp-content\\\/uploads\\\/2018\\\/05\\\/rdv-aux-jardins.jpg\",\"contentUrl\":\"https:\\\/\\\/batijournal.com\\\/wp-content\\\/uploads\\\/2018\\\/05\\\/rdv-aux-jardins.jpg\",\"width\":1200,\"height\":800,\"caption\":\"Rendez-vous aux jardins\"},{\"@type\":\"BreadcrumbList\",\"@id\":\"https:\\\/\\\/batijournal.com\\\/index.php\\\/ce-week-end-rendez-vous-aux-jardins\\\/99212\\\/#breadcrumb\",\"itemListElement\":[{\"@type\":\"ListItem\",\"position\":1,\"name\":\"Accueil\",\"item\":\"https:\\\/\\\/batijournal.com\\\/\"},{\"@type\":\"ListItem\",\"position\":2,\"name\":\"Actualit\u00e9s\",\"item\":\"https:\\\/\\\/batijournal.com\\\/index.php\\\/category\\\/actualites\\\/\"},{\"@type\":\"ListItem\",\"position\":3,\"name\":\"Ce week-end, rendez-vous aux jardins\"}]},{\"@type\":\"WebSite\",\"@id\":\"https:\\\/\\\/batijournal.com\\\/#website\",\"url\":\"https:\\\/\\\/batijournal.com\\\/\",\"name\":\"Batijournal\",\"description\":\"L&#039;actualit\u00e9 du b\u00e2timent\",\"potentialAction\":[{\"@type\":\"SearchAction\",\"target\":{\"@type\":\"EntryPoint\",\"urlTemplate\":\"https:\\\/\\\/batijournal.com\\\/?s={search_term_string}\"},\"query-input\":{\"@type\":\"PropertyValueSpecification\",\"valueRequired\":true,\"valueName\":\"search_term_string\"}}],\"inLanguage\":\"fr-FR\"},{\"@type\":\"Person\",\"@id\":\"https:\\\/\\\/batijournal.com\\\/#\\\/schema\\\/person\\\/1dc96ec6957aa1ccb25ebe78bb19f100\",\"name\":\"St\u00e9phane Miget\",\"image\":{\"@type\":\"ImageObject\",\"inLanguage\":\"fr-FR\",\"@id\":\"https:\\\/\\\/secure.gravatar.com\\\/avatar\\\/89915563d925342126b8ef0281b93d9d7fc337043e8df017f780908eb9644451?s=96&d=mm&r=g\",\"url\":\"https:\\\/\\\/secure.gravatar.com\\\/avatar\\\/89915563d925342126b8ef0281b93d9d7fc337043e8df017f780908eb9644451?s=96&d=mm&r=g\",\"contentUrl\":\"https:\\\/\\\/secure.gravatar.com\\\/avatar\\\/89915563d925342126b8ef0281b93d9d7fc337043e8df017f780908eb9644451?s=96&d=mm&r=g\",\"caption\":\"St\u00e9phane Miget\"},\"url\":\"https:\\\/\\\/batijournal.com\\\/index.php\\\/author\\\/stephane\\\/\"}]}<\/script>\n<!-- \/ Yoast SEO plugin. -->","yoast_head_json":{"title":"Ce week-end, rendez-vous aux jardins","description":"Plac\u00e9e sous le th\u00e8me \u00ab L\u2019Europe des jardins \u00bb, la seizi\u00e8me \u00e9dition de Rendez-vous aux jardins aura lieu le 1,3, et 3 juin 2018","robots":{"index":"index","follow":"follow","max-snippet":"max-snippet:-1","max-image-preview":"max-image-preview:large","max-video-preview":"max-video-preview:-1"},"canonical":"https:\/\/batijournal.com\/index.php\/ce-week-end-rendez-vous-aux-jardins\/99212\/","og_locale":"fr_FR","og_type":"article","og_title":"Ce week-end, rendez-vous aux jardins","og_description":"Plac\u00e9e sous le th\u00e8me \u00ab L\u2019Europe des jardins \u00bb, la seizi\u00e8me \u00e9dition de Rendez-vous aux jardins aura lieu le 1,3, et 3 juin 2018","og_url":"https:\/\/batijournal.com\/index.php\/ce-week-end-rendez-vous-aux-jardins\/99212\/","og_site_name":"Batijournal","article_published_time":"2018-05-30T06:43:55+00:00","article_modified_time":"2019-07-15T09:15:05+00:00","og_image":[{"width":1200,"height":800,"url":"https:\/\/batijournal.com\/wp-content\/uploads\/2018\/05\/rdv-aux-jardins.jpg","type":"image\/jpeg"}],"author":"St\u00e9phane Miget","twitter_card":"summary_large_image","twitter_creator":"@bati_journal","twitter_site":"@bati_journal","twitter_misc":{"\u00c9crit par":"St\u00e9phane Miget","Dur\u00e9e de lecture estim\u00e9e":"1 minute"},"schema":{"@context":"https:\/\/schema.org","@graph":[{"@type":"Article","@id":"https:\/\/batijournal.com\/index.php\/ce-week-end-rendez-vous-aux-jardins\/99212\/#article","isPartOf":{"@id":"https:\/\/batijournal.com\/index.php\/ce-week-end-rendez-vous-aux-jardins\/99212\/"},"author":{"name":"St\u00e9phane Miget","@id":"https:\/\/batijournal.com\/#\/schema\/person\/1dc96ec6957aa1ccb25ebe78bb19f100"},"headline":"Ce week-end, rendez-vous aux jardins","datePublished":"2018-05-30T06:43:55+00:00","dateModified":"2019-07-15T09:15:05+00:00","mainEntityOfPage":{"@id":"https:\/\/batijournal.com\/index.php\/ce-week-end-rendez-vous-aux-jardins\/99212\/"},"wordCount":209,"image":{"@id":"https:\/\/batijournal.com\/index.php\/ce-week-end-rendez-vous-aux-jardins\/99212\/#primaryimage"},"thumbnailUrl":"https:\/\/batijournal.com\/wp-content\/uploads\/2018\/05\/rdv-aux-jardins.jpg","keywords":["jardin historique"],"articleSection":["Actualit\u00e9s","Architecture &amp; Conception","zz_Atrium Patrimoine"],"inLanguage":"fr-FR"},{"@type":"WebPage","@id":"https:\/\/batijournal.com\/index.php\/ce-week-end-rendez-vous-aux-jardins\/99212\/","url":"https:\/\/batijournal.com\/index.php\/ce-week-end-rendez-vous-aux-jardins\/99212\/","name":"Ce week-end, rendez-vous aux jardins","isPartOf":{"@id":"https:\/\/batijournal.com\/#website"},"primaryImageOfPage":{"@id":"https:\/\/batijournal.com\/index.php\/ce-week-end-rendez-vous-aux-jardins\/99212\/#primaryimage"},"image":{"@id":"https:\/\/batijournal.com\/index.php\/ce-week-end-rendez-vous-aux-jardins\/99212\/#primaryimage"},"thumbnailUrl":"https:\/\/batijournal.com\/wp-content\/uploads\/2018\/05\/rdv-aux-jardins.jpg","datePublished":"2018-05-30T06:43:55+00:00","dateModified":"2019-07-15T09:15:05+00:00","author":{"@id":"https:\/\/batijournal.com\/#\/schema\/person\/1dc96ec6957aa1ccb25ebe78bb19f100"},"description":"Plac\u00e9e sous le th\u00e8me \u00ab L\u2019Europe des jardins \u00bb, la seizi\u00e8me \u00e9dition de Rendez-vous aux jardins aura lieu le 1,3, et 3 juin 2018","breadcrumb":{"@id":"https:\/\/batijournal.com\/index.php\/ce-week-end-rendez-vous-aux-jardins\/99212\/#breadcrumb"},"inLanguage":"fr-FR","potentialAction":[{"@type":"ReadAction","target":["https:\/\/batijournal.com\/index.php\/ce-week-end-rendez-vous-aux-jardins\/99212\/"]}]},{"@type":"ImageObject","inLanguage":"fr-FR","@id":"https:\/\/batijournal.com\/index.php\/ce-week-end-rendez-vous-aux-jardins\/99212\/#primaryimage","url":"https:\/\/batijournal.com\/wp-content\/uploads\/2018\/05\/rdv-aux-jardins.jpg","contentUrl":"https:\/\/batijournal.com\/wp-content\/uploads\/2018\/05\/rdv-aux-jardins.jpg","width":1200,"height":800,"caption":"Rendez-vous aux jardins"},{"@type":"BreadcrumbList","@id":"https:\/\/batijournal.com\/index.php\/ce-week-end-rendez-vous-aux-jardins\/99212\/#breadcrumb","itemListElement":[{"@type":"ListItem","position":1,"name":"Accueil","item":"https:\/\/batijournal.com\/"},{"@type":"ListItem","position":2,"name":"Actualit\u00e9s","item":"https:\/\/batijournal.com\/index.php\/category\/actualites\/"},{"@type":"ListItem","position":3,"name":"Ce week-end, rendez-vous aux jardins"}]},{"@type":"WebSite","@id":"https:\/\/batijournal.com\/#website","url":"https:\/\/batijournal.com\/","name":"Batijournal","description":"L&#039;actualit\u00e9 du b\u00e2timent","potentialAction":[{"@type":"SearchAction","target":{"@type":"EntryPoint","urlTemplate":"https:\/\/batijournal.com\/?s={search_term_string}"},"query-input":{"@type":"PropertyValueSpecification","valueRequired":true,"valueName":"search_term_string"}}],"inLanguage":"fr-FR"},{"@type":"Person","@id":"https:\/\/batijournal.com\/#\/schema\/person\/1dc96ec6957aa1ccb25ebe78bb19f100","name":"St\u00e9phane Miget","image":{"@type":"ImageObject","inLanguage":"fr-FR","@id":"https:\/\/secure.gravatar.com\/avatar\/89915563d925342126b8ef0281b93d9d7fc337043e8df017f780908eb9644451?s=96&d=mm&r=g","url":"https:\/\/secure.gravatar.com\/avatar\/89915563d925342126b8ef0281b93d9d7fc337043e8df017f780908eb9644451?s=96&d=mm&r=g","contentUrl":"https:\/\/secure.gravatar.com\/avatar\/89915563d925342126b8ef0281b93d9d7fc337043e8df017f780908eb9644451?s=96&d=mm&r=g","caption":"St\u00e9phane Miget"},"url":"https:\/\/batijournal.com\/index.php\/author\/stephane\/"}]}},"_links":{"self":[{"href":"https:\/\/batijournal.com\/index.php\/wp-json\/wp\/v2\/posts\/99212","targetHints":{"allow":["GET"]}}],"collection":[{"href":"https:\/\/batijournal.com\/index.php\/wp-json\/wp\/v2\/posts"}],"about":[{"href":"https:\/\/batijournal.com\/index.php\/wp-json\/wp\/v2\/types\/post"}],"author":[{"embeddable":true,"href":"https:\/\/batijournal.com\/index.php\/wp-json\/wp\/v2\/users\/17"}],"replies":[{"embeddable":true,"href":"https:\/\/batijournal.com\/index.php\/wp-json\/wp\/v2\/comments?post=99212"}],"version-history":[{"count":0,"href":"https:\/\/batijournal.com\/index.php\/wp-json\/wp\/v2\/posts\/99212\/revisions"}],"wp:featuredmedia":[{"embeddable":true,"href":"https:\/\/batijournal.com\/index.php\/wp-json\/wp\/v2\/media\/99214"}],"wp:attachment":[{"href":"https:\/\/batijournal.com\/index.php\/wp-json\/wp\/v2\/media?parent=99212"}],"wp:term":[{"taxonomy":"category","embeddable":true,"href":"https:\/\/batijournal.com\/index.php\/wp-json\/wp\/v2\/categories?post=99212"},{"taxonomy":"post_tag","embeddable":true,"href":"https:\/\/batijournal.com\/index.php\/wp-json\/wp\/v2\/tags?post=99212"}],"curies":[{"name":"wp","href":"https:\/\/api.w.org\/{rel}","templated":true}]}}