{"id":99217,"date":"2018-05-30T09:41:42","date_gmt":"2018-05-30T07:41:42","guid":{"rendered":"https:\/\/batijournal.com\/?p=99217"},"modified":"2019-07-15T11:15:04","modified_gmt":"2019-07-15T09:15:04","slug":"patrimoine-culturel-de-l-union-europeenne","status":"publish","type":"post","link":"https:\/\/batijournal.com\/index.php\/patrimoine-culturel-de-l-union-europeenne\/99217\/","title":{"rendered":"L&rsquo;institut national du patrimoine remporte un prix du patrimoine culturel de l&rsquo;Union europ\u00e9enne"},"content":{"rendered":"<p>Les laur\u00e9ats de l\u2019\u00e9dition 2018 du Prix du patrimoine culturel de l&rsquo;Union europ\u00e9enne Concours Europa Nostra ont \u00e9t\u00e9 d\u00e9cern\u00e9s par la Commission europ\u00e9enne et Europa Nostra, le principal r\u00e9seau europ\u00e9en du patrimoine. Les 29 laur\u00e9ats issus de 17 pays ont \u00e9t\u00e9 r\u00e9compens\u00e9s pour leurs impressionnantes r\u00e9alisations dans les domaines de la conservation, de la recherche, de la contribution exemplaire et de l\u2019\u00e9ducation, de la formation et de la sensibilisation. L\u2019Institut national du patrimoine (INP), a \u00e9t\u00e9 r\u00e9compens\u00e9 pour le programme p\u00e9dagogique du d\u00e9partement des restaurateurs. Afin de contribuer \u00e0 l\u2019\u00e9dition 2018 de l\u2019Ann\u00e9e europ\u00e9enne du patrimoine culturel, le concours de cette ann\u00e9e a particuli\u00e8rement mis l\u2019accent sur la valeur ajout\u00e9e europ\u00e9enne des r\u00e9alisations s\u00e9lectionn\u00e9es dans le domaine du patrimoine. Les laur\u00e9ats seront mis \u00e0 l\u2019honneur lors d\u2019une c\u00e9r\u00e9monie de remise des prix de premier plan le 22 juin \u00e0 Berlin, \u00e0 l\u2019occasion du tout premier Sommet europ\u00e9en du patrimoine culturel.<\/p>\n","protected":false},"excerpt":{"rendered":"<p>Les laur\u00e9ats de l\u2019\u00e9dition 2018 du Prix du patrimoine culturel de l&rsquo;Union europ\u00e9enne Concours Europa Nostra ont \u00e9t\u00e9 d\u00e9cern\u00e9s par la Commission europ\u00e9enne et Europa Nostra, le principal r\u00e9seau europ\u00e9en du patrimoine. Les 29 laur\u00e9ats issus de 17 pays ont \u00e9t\u00e9 r\u00e9compens\u00e9s pour leurs impressionnantes r\u00e9alisations dans les domaines de la conservation, de la recherche, [&hellip;]<\/p>\n","protected":false},"author":17,"featured_media":99218,"comment_status":"closed","ping_status":"closed","sticky":false,"template":"","format":"standard","meta":{"_et_pb_use_builder":"","_et_pb_old_content":"","_et_gb_content_width":"","footnotes":""},"categories":[10530,6340,10785],"tags":[11005],"class_list":["post-99217","post","type-post","status-publish","format-standard","has-post-thumbnail","hentry","category-actualites","category-architecture-conception","category-atrium","tag-concours"],"yoast_head":"<!-- This site is optimized with the Yoast SEO plugin v27.4 - https:\/\/yoast.com\/product\/yoast-seo-wordpress\/ -->\n<title>Patrimoine culturel de l&#039;Union europ\u00e9enne : qui remporte le prix ?<\/title>\n<meta name=\"description\" content=\"Les laur\u00e9ats de l\u2019\u00e9dition 2018 du Prix du patrimoine culturel de l&#039;Union europ\u00e9enne Concours Europa Nostra ont \u00e9t\u00e9 d\u00e9cern\u00e9s...\" \/>\n<meta name=\"robots\" content=\"index, follow, max-snippet:-1, max-image-preview:large, max-video-preview:-1\" \/>\n<link rel=\"canonical\" href=\"https:\/\/batijournal.com\/index.php\/patrimoine-culturel-de-l-union-europeenne\/99217\/\" \/>\n<meta property=\"og:locale\" content=\"fr_FR\" \/>\n<meta property=\"og:type\" content=\"article\" \/>\n<meta property=\"og:title\" content=\"Patrimoine culturel de l&#039;Union europ\u00e9enne : qui remporte le prix ?\" \/>\n<meta property=\"og:description\" content=\"Les laur\u00e9ats de l\u2019\u00e9dition 2018 du Prix du patrimoine culturel de l&#039;Union europ\u00e9enne Concours Europa Nostra ont \u00e9t\u00e9 d\u00e9cern\u00e9s...\" \/>\n<meta property=\"og:url\" content=\"https:\/\/batijournal.com\/index.php\/patrimoine-culturel-de-l-union-europeenne\/99217\/\" \/>\n<meta property=\"og:site_name\" content=\"Batijournal\" \/>\n<meta property=\"article:published_time\" content=\"2018-05-30T07:41:42+00:00\" \/>\n<meta property=\"article:modified_time\" content=\"2019-07-15T09:15:04+00:00\" \/>\n<meta property=\"og:image\" content=\"https:\/\/batijournal.com\/wp-content\/uploads\/2018\/05\/annee-europeenne-du-patrimoine-culturel.png\" \/>\n\t<meta property=\"og:image:width\" content=\"549\" \/>\n\t<meta property=\"og:image:height\" content=\"288\" \/>\n\t<meta property=\"og:image:type\" content=\"image\/png\" \/>\n<meta name=\"author\" content=\"St\u00e9phane Miget\" \/>\n<meta name=\"twitter:card\" content=\"summary_large_image\" \/>\n<meta name=\"twitter:creator\" content=\"@bati_journal\" \/>\n<meta name=\"twitter:site\" content=\"@bati_journal\" \/>\n<meta name=\"twitter:label1\" content=\"\u00c9crit par\" \/>\n\t<meta name=\"twitter:data1\" content=\"St\u00e9phane Miget\" \/>\n\t<meta name=\"twitter:label2\" content=\"Dur\u00e9e de lecture estim\u00e9e\" \/>\n\t<meta name=\"twitter:data2\" content=\"1 minute\" \/>\n<script type=\"application\/ld+json\" class=\"yoast-schema-graph\">{\"@context\":\"https:\\\/\\\/schema.org\",\"@graph\":[{\"@type\":\"Article\",\"@id\":\"https:\\\/\\\/batijournal.com\\\/index.php\\\/patrimoine-culturel-de-l-union-europeenne\\\/99217\\\/#article\",\"isPartOf\":{\"@id\":\"https:\\\/\\\/batijournal.com\\\/index.php\\\/patrimoine-culturel-de-l-union-europeenne\\\/99217\\\/\"},\"author\":{\"name\":\"St\u00e9phane Miget\",\"@id\":\"https:\\\/\\\/batijournal.com\\\/#\\\/schema\\\/person\\\/1dc96ec6957aa1ccb25ebe78bb19f100\"},\"headline\":\"L&rsquo;institut national du patrimoine remporte un prix du patrimoine culturel de l&rsquo;Union europ\u00e9enne\",\"datePublished\":\"2018-05-30T07:41:42+00:00\",\"dateModified\":\"2019-07-15T09:15:04+00:00\",\"mainEntityOfPage\":{\"@id\":\"https:\\\/\\\/batijournal.com\\\/index.php\\\/patrimoine-culturel-de-l-union-europeenne\\\/99217\\\/\"},\"wordCount\":194,\"image\":{\"@id\":\"https:\\\/\\\/batijournal.com\\\/index.php\\\/patrimoine-culturel-de-l-union-europeenne\\\/99217\\\/#primaryimage\"},\"thumbnailUrl\":\"https:\\\/\\\/batijournal.com\\\/wp-content\\\/uploads\\\/2018\\\/05\\\/annee-europeenne-du-patrimoine-culturel.png\",\"keywords\":[\"concours\"],\"articleSection\":[\"Actualit\u00e9s\",\"Architecture &amp; Conception\",\"zz_Atrium Patrimoine\"],\"inLanguage\":\"fr-FR\"},{\"@type\":\"WebPage\",\"@id\":\"https:\\\/\\\/batijournal.com\\\/index.php\\\/patrimoine-culturel-de-l-union-europeenne\\\/99217\\\/\",\"url\":\"https:\\\/\\\/batijournal.com\\\/index.php\\\/patrimoine-culturel-de-l-union-europeenne\\\/99217\\\/\",\"name\":\"Patrimoine culturel de l'Union europ\u00e9enne : qui remporte le prix ?\",\"isPartOf\":{\"@id\":\"https:\\\/\\\/batijournal.com\\\/#website\"},\"primaryImageOfPage\":{\"@id\":\"https:\\\/\\\/batijournal.com\\\/index.php\\\/patrimoine-culturel-de-l-union-europeenne\\\/99217\\\/#primaryimage\"},\"image\":{\"@id\":\"https:\\\/\\\/batijournal.com\\\/index.php\\\/patrimoine-culturel-de-l-union-europeenne\\\/99217\\\/#primaryimage\"},\"thumbnailUrl\":\"https:\\\/\\\/batijournal.com\\\/wp-content\\\/uploads\\\/2018\\\/05\\\/annee-europeenne-du-patrimoine-culturel.png\",\"datePublished\":\"2018-05-30T07:41:42+00:00\",\"dateModified\":\"2019-07-15T09:15:04+00:00\",\"author\":{\"@id\":\"https:\\\/\\\/batijournal.com\\\/#\\\/schema\\\/person\\\/1dc96ec6957aa1ccb25ebe78bb19f100\"},\"description\":\"Les laur\u00e9ats de l\u2019\u00e9dition 2018 du Prix du patrimoine culturel de l'Union europ\u00e9enne Concours Europa Nostra ont \u00e9t\u00e9 d\u00e9cern\u00e9s...\",\"breadcrumb\":{\"@id\":\"https:\\\/\\\/batijournal.com\\\/index.php\\\/patrimoine-culturel-de-l-union-europeenne\\\/99217\\\/#breadcrumb\"},\"inLanguage\":\"fr-FR\",\"potentialAction\":[{\"@type\":\"ReadAction\",\"target\":[\"https:\\\/\\\/batijournal.com\\\/index.php\\\/patrimoine-culturel-de-l-union-europeenne\\\/99217\\\/\"]}]},{\"@type\":\"ImageObject\",\"inLanguage\":\"fr-FR\",\"@id\":\"https:\\\/\\\/batijournal.com\\\/index.php\\\/patrimoine-culturel-de-l-union-europeenne\\\/99217\\\/#primaryimage\",\"url\":\"https:\\\/\\\/batijournal.com\\\/wp-content\\\/uploads\\\/2018\\\/05\\\/annee-europeenne-du-patrimoine-culturel.png\",\"contentUrl\":\"https:\\\/\\\/batijournal.com\\\/wp-content\\\/uploads\\\/2018\\\/05\\\/annee-europeenne-du-patrimoine-culturel.png\",\"width\":549,\"height\":288},{\"@type\":\"BreadcrumbList\",\"@id\":\"https:\\\/\\\/batijournal.com\\\/index.php\\\/patrimoine-culturel-de-l-union-europeenne\\\/99217\\\/#breadcrumb\",\"itemListElement\":[{\"@type\":\"ListItem\",\"position\":1,\"name\":\"Accueil\",\"item\":\"https:\\\/\\\/batijournal.com\\\/\"},{\"@type\":\"ListItem\",\"position\":2,\"name\":\"Actualit\u00e9s\",\"item\":\"https:\\\/\\\/batijournal.com\\\/index.php\\\/category\\\/actualites\\\/\"},{\"@type\":\"ListItem\",\"position\":3,\"name\":\"L&rsquo;institut national du patrimoine remporte un prix du patrimoine culturel de l&rsquo;Union europ\u00e9enne\"}]},{\"@type\":\"WebSite\",\"@id\":\"https:\\\/\\\/batijournal.com\\\/#website\",\"url\":\"https:\\\/\\\/batijournal.com\\\/\",\"name\":\"Batijournal\",\"description\":\"L&#039;actualit\u00e9 du b\u00e2timent\",\"potentialAction\":[{\"@type\":\"SearchAction\",\"target\":{\"@type\":\"EntryPoint\",\"urlTemplate\":\"https:\\\/\\\/batijournal.com\\\/?s={search_term_string}\"},\"query-input\":{\"@type\":\"PropertyValueSpecification\",\"valueRequired\":true,\"valueName\":\"search_term_string\"}}],\"inLanguage\":\"fr-FR\"},{\"@type\":\"Person\",\"@id\":\"https:\\\/\\\/batijournal.com\\\/#\\\/schema\\\/person\\\/1dc96ec6957aa1ccb25ebe78bb19f100\",\"name\":\"St\u00e9phane Miget\",\"image\":{\"@type\":\"ImageObject\",\"inLanguage\":\"fr-FR\",\"@id\":\"https:\\\/\\\/secure.gravatar.com\\\/avatar\\\/89915563d925342126b8ef0281b93d9d7fc337043e8df017f780908eb9644451?s=96&d=mm&r=g\",\"url\":\"https:\\\/\\\/secure.gravatar.com\\\/avatar\\\/89915563d925342126b8ef0281b93d9d7fc337043e8df017f780908eb9644451?s=96&d=mm&r=g\",\"contentUrl\":\"https:\\\/\\\/secure.gravatar.com\\\/avatar\\\/89915563d925342126b8ef0281b93d9d7fc337043e8df017f780908eb9644451?s=96&d=mm&r=g\",\"caption\":\"St\u00e9phane Miget\"},\"url\":\"https:\\\/\\\/batijournal.com\\\/index.php\\\/author\\\/stephane\\\/\"}]}<\/script>\n<!-- \/ Yoast SEO plugin. -->","yoast_head_json":{"title":"Patrimoine culturel de l'Union europ\u00e9enne : qui remporte le prix ?","description":"Les laur\u00e9ats de l\u2019\u00e9dition 2018 du Prix du patrimoine culturel de l'Union europ\u00e9enne Concours Europa Nostra ont \u00e9t\u00e9 d\u00e9cern\u00e9s...","robots":{"index":"index","follow":"follow","max-snippet":"max-snippet:-1","max-image-preview":"max-image-preview:large","max-video-preview":"max-video-preview:-1"},"canonical":"https:\/\/batijournal.com\/index.php\/patrimoine-culturel-de-l-union-europeenne\/99217\/","og_locale":"fr_FR","og_type":"article","og_title":"Patrimoine culturel de l'Union europ\u00e9enne : qui remporte le prix ?","og_description":"Les laur\u00e9ats de l\u2019\u00e9dition 2018 du Prix du patrimoine culturel de l'Union europ\u00e9enne Concours Europa Nostra ont \u00e9t\u00e9 d\u00e9cern\u00e9s...","og_url":"https:\/\/batijournal.com\/index.php\/patrimoine-culturel-de-l-union-europeenne\/99217\/","og_site_name":"Batijournal","article_published_time":"2018-05-30T07:41:42+00:00","article_modified_time":"2019-07-15T09:15:04+00:00","og_image":[{"width":549,"height":288,"url":"https:\/\/batijournal.com\/wp-content\/uploads\/2018\/05\/annee-europeenne-du-patrimoine-culturel.png","type":"image\/png"}],"author":"St\u00e9phane Miget","twitter_card":"summary_large_image","twitter_creator":"@bati_journal","twitter_site":"@bati_journal","twitter_misc":{"\u00c9crit par":"St\u00e9phane Miget","Dur\u00e9e de lecture estim\u00e9e":"1 minute"},"schema":{"@context":"https:\/\/schema.org","@graph":[{"@type":"Article","@id":"https:\/\/batijournal.com\/index.php\/patrimoine-culturel-de-l-union-europeenne\/99217\/#article","isPartOf":{"@id":"https:\/\/batijournal.com\/index.php\/patrimoine-culturel-de-l-union-europeenne\/99217\/"},"author":{"name":"St\u00e9phane Miget","@id":"https:\/\/batijournal.com\/#\/schema\/person\/1dc96ec6957aa1ccb25ebe78bb19f100"},"headline":"L&rsquo;institut national du patrimoine remporte un prix du patrimoine culturel de l&rsquo;Union europ\u00e9enne","datePublished":"2018-05-30T07:41:42+00:00","dateModified":"2019-07-15T09:15:04+00:00","mainEntityOfPage":{"@id":"https:\/\/batijournal.com\/index.php\/patrimoine-culturel-de-l-union-europeenne\/99217\/"},"wordCount":194,"image":{"@id":"https:\/\/batijournal.com\/index.php\/patrimoine-culturel-de-l-union-europeenne\/99217\/#primaryimage"},"thumbnailUrl":"https:\/\/batijournal.com\/wp-content\/uploads\/2018\/05\/annee-europeenne-du-patrimoine-culturel.png","keywords":["concours"],"articleSection":["Actualit\u00e9s","Architecture &amp; Conception","zz_Atrium Patrimoine"],"inLanguage":"fr-FR"},{"@type":"WebPage","@id":"https:\/\/batijournal.com\/index.php\/patrimoine-culturel-de-l-union-europeenne\/99217\/","url":"https:\/\/batijournal.com\/index.php\/patrimoine-culturel-de-l-union-europeenne\/99217\/","name":"Patrimoine culturel de l'Union europ\u00e9enne : qui remporte le prix ?","isPartOf":{"@id":"https:\/\/batijournal.com\/#website"},"primaryImageOfPage":{"@id":"https:\/\/batijournal.com\/index.php\/patrimoine-culturel-de-l-union-europeenne\/99217\/#primaryimage"},"image":{"@id":"https:\/\/batijournal.com\/index.php\/patrimoine-culturel-de-l-union-europeenne\/99217\/#primaryimage"},"thumbnailUrl":"https:\/\/batijournal.com\/wp-content\/uploads\/2018\/05\/annee-europeenne-du-patrimoine-culturel.png","datePublished":"2018-05-30T07:41:42+00:00","dateModified":"2019-07-15T09:15:04+00:00","author":{"@id":"https:\/\/batijournal.com\/#\/schema\/person\/1dc96ec6957aa1ccb25ebe78bb19f100"},"description":"Les laur\u00e9ats de l\u2019\u00e9dition 2018 du Prix du patrimoine culturel de l'Union europ\u00e9enne Concours Europa Nostra ont \u00e9t\u00e9 d\u00e9cern\u00e9s...","breadcrumb":{"@id":"https:\/\/batijournal.com\/index.php\/patrimoine-culturel-de-l-union-europeenne\/99217\/#breadcrumb"},"inLanguage":"fr-FR","potentialAction":[{"@type":"ReadAction","target":["https:\/\/batijournal.com\/index.php\/patrimoine-culturel-de-l-union-europeenne\/99217\/"]}]},{"@type":"ImageObject","inLanguage":"fr-FR","@id":"https:\/\/batijournal.com\/index.php\/patrimoine-culturel-de-l-union-europeenne\/99217\/#primaryimage","url":"https:\/\/batijournal.com\/wp-content\/uploads\/2018\/05\/annee-europeenne-du-patrimoine-culturel.png","contentUrl":"https:\/\/batijournal.com\/wp-content\/uploads\/2018\/05\/annee-europeenne-du-patrimoine-culturel.png","width":549,"height":288},{"@type":"BreadcrumbList","@id":"https:\/\/batijournal.com\/index.php\/patrimoine-culturel-de-l-union-europeenne\/99217\/#breadcrumb","itemListElement":[{"@type":"ListItem","position":1,"name":"Accueil","item":"https:\/\/batijournal.com\/"},{"@type":"ListItem","position":2,"name":"Actualit\u00e9s","item":"https:\/\/batijournal.com\/index.php\/category\/actualites\/"},{"@type":"ListItem","position":3,"name":"L&rsquo;institut national du patrimoine remporte un prix du patrimoine culturel de l&rsquo;Union europ\u00e9enne"}]},{"@type":"WebSite","@id":"https:\/\/batijournal.com\/#website","url":"https:\/\/batijournal.com\/","name":"Batijournal","description":"L&#039;actualit\u00e9 du b\u00e2timent","potentialAction":[{"@type":"SearchAction","target":{"@type":"EntryPoint","urlTemplate":"https:\/\/batijournal.com\/?s={search_term_string}"},"query-input":{"@type":"PropertyValueSpecification","valueRequired":true,"valueName":"search_term_string"}}],"inLanguage":"fr-FR"},{"@type":"Person","@id":"https:\/\/batijournal.com\/#\/schema\/person\/1dc96ec6957aa1ccb25ebe78bb19f100","name":"St\u00e9phane Miget","image":{"@type":"ImageObject","inLanguage":"fr-FR","@id":"https:\/\/secure.gravatar.com\/avatar\/89915563d925342126b8ef0281b93d9d7fc337043e8df017f780908eb9644451?s=96&d=mm&r=g","url":"https:\/\/secure.gravatar.com\/avatar\/89915563d925342126b8ef0281b93d9d7fc337043e8df017f780908eb9644451?s=96&d=mm&r=g","contentUrl":"https:\/\/secure.gravatar.com\/avatar\/89915563d925342126b8ef0281b93d9d7fc337043e8df017f780908eb9644451?s=96&d=mm&r=g","caption":"St\u00e9phane Miget"},"url":"https:\/\/batijournal.com\/index.php\/author\/stephane\/"}]}},"_links":{"self":[{"href":"https:\/\/batijournal.com\/index.php\/wp-json\/wp\/v2\/posts\/99217","targetHints":{"allow":["GET"]}}],"collection":[{"href":"https:\/\/batijournal.com\/index.php\/wp-json\/wp\/v2\/posts"}],"about":[{"href":"https:\/\/batijournal.com\/index.php\/wp-json\/wp\/v2\/types\/post"}],"author":[{"embeddable":true,"href":"https:\/\/batijournal.com\/index.php\/wp-json\/wp\/v2\/users\/17"}],"replies":[{"embeddable":true,"href":"https:\/\/batijournal.com\/index.php\/wp-json\/wp\/v2\/comments?post=99217"}],"version-history":[{"count":0,"href":"https:\/\/batijournal.com\/index.php\/wp-json\/wp\/v2\/posts\/99217\/revisions"}],"wp:featuredmedia":[{"embeddable":true,"href":"https:\/\/batijournal.com\/index.php\/wp-json\/wp\/v2\/media\/99218"}],"wp:attachment":[{"href":"https:\/\/batijournal.com\/index.php\/wp-json\/wp\/v2\/media?parent=99217"}],"wp:term":[{"taxonomy":"category","embeddable":true,"href":"https:\/\/batijournal.com\/index.php\/wp-json\/wp\/v2\/categories?post=99217"},{"taxonomy":"post_tag","embeddable":true,"href":"https:\/\/batijournal.com\/index.php\/wp-json\/wp\/v2\/tags?post=99217"}],"curies":[{"name":"wp","href":"https:\/\/api.w.org\/{rel}","templated":true}]}}