{"id":99219,"date":"2018-05-30T09:48:36","date_gmt":"2018-05-30T07:48:36","guid":{"rendered":"https:\/\/batijournal.com\/?p=99219"},"modified":"2019-07-15T11:15:04","modified_gmt":"2019-07-15T09:15:04","slug":"journees-europeennes-du-patrimoine","status":"publish","type":"post","link":"https:\/\/batijournal.com\/index.php\/journees-europeennes-du-patrimoine\/99219\/","title":{"rendered":"L\u2019Europe du patrimoine au c\u0153ur des Journ\u00e9es europ\u00e9ennes du patrimoine"},"content":{"rendered":"<p>Les prochaines Journ\u00e9es europ\u00e9ennes du patrimoine se tiendront les 15 et 16 septembre 2018 dans le cadre de l\u2019Ann\u00e9e europ\u00e9enne du patrimoine culturel 2018, elles sont plac\u00e9s sous le th\u00e8me \u00ab L\u2019art du partage \u00bb. En France, les 17 000 monuments ouverts seront l\u2019occasion pour les visiteurs de saisir ce que le patrimoine fran\u00e7ais pr\u00e9sente de commun ou de sp\u00e9cifique, et de s\u2019int\u00e9resser aux patrimoines des autres pays du continent. Par ailleurs, pour cette \u00e9dition 2018, la manifestation s\u2019\u00e9largira au vendredi 14 sur l\u2019ensemble du territoire national afin de favoriser l\u2019acc\u00e8s au patrimoine du jeune public scolaire.<\/p>\n","protected":false},"excerpt":{"rendered":"<p>Les prochaines Journ\u00e9es europ\u00e9ennes du patrimoine se tiendront les 15 et 16 septembre 2018 dans le cadre de l\u2019Ann\u00e9e europ\u00e9enne du patrimoine culturel 2018, elles sont plac\u00e9s sous le th\u00e8me \u00ab L\u2019art du partage \u00bb. En France, les 17 000 monuments ouverts seront l\u2019occasion pour les visiteurs de saisir ce que le patrimoine fran\u00e7ais pr\u00e9sente [&hellip;]<\/p>\n","protected":false},"author":17,"featured_media":93737,"comment_status":"closed","ping_status":"closed","sticky":false,"template":"","format":"standard","meta":{"_et_pb_use_builder":"","_et_pb_old_content":"","_et_gb_content_width":"","footnotes":""},"categories":[10530,6340,10785],"tags":[8346],"class_list":["post-99219","post","type-post","status-publish","format-standard","has-post-thumbnail","hentry","category-actualites","category-architecture-conception","category-atrium","tag-journees-europeennes-du-patrimoine"],"yoast_head":"<!-- This site is optimized with the Yoast SEO plugin v27.4 - https:\/\/yoast.com\/product\/yoast-seo-wordpress\/ -->\n<title>Journ\u00e9es europ\u00e9ennes du patrimoine : &quot;art du partage&quot;<\/title>\n<meta name=\"description\" content=\"Les prochaines Journ\u00e9es europ\u00e9ennes du patrimoine se tiendront les 15 et 16 septembre 2018. Elles sont plac\u00e9s sous le th\u00e8me \u00ab L\u2019art du partage \u00bb\" \/>\n<meta name=\"robots\" content=\"index, follow, max-snippet:-1, max-image-preview:large, max-video-preview:-1\" \/>\n<link rel=\"canonical\" href=\"https:\/\/batijournal.com\/index.php\/journees-europeennes-du-patrimoine\/99219\/\" \/>\n<meta property=\"og:locale\" content=\"fr_FR\" \/>\n<meta property=\"og:type\" content=\"article\" \/>\n<meta property=\"og:title\" content=\"Journ\u00e9es europ\u00e9ennes du patrimoine : &quot;art du partage&quot;\" \/>\n<meta property=\"og:description\" content=\"Les prochaines Journ\u00e9es europ\u00e9ennes du patrimoine se tiendront les 15 et 16 septembre 2018. Elles sont plac\u00e9s sous le th\u00e8me \u00ab L\u2019art du partage \u00bb\" \/>\n<meta property=\"og:url\" content=\"https:\/\/batijournal.com\/index.php\/journees-europeennes-du-patrimoine\/99219\/\" \/>\n<meta property=\"og:site_name\" content=\"Batijournal\" \/>\n<meta property=\"article:published_time\" content=\"2018-05-30T07:48:36+00:00\" \/>\n<meta property=\"article:modified_time\" content=\"2019-07-15T09:15:04+00:00\" \/>\n<meta property=\"og:image\" content=\"https:\/\/batijournal.com\/wp-content\/uploads\/2016\/09\/journees-du-patrimoine-2016.jpg\" \/>\n\t<meta property=\"og:image:width\" content=\"1000\" \/>\n\t<meta property=\"og:image:height\" content=\"542\" \/>\n\t<meta property=\"og:image:type\" content=\"image\/jpeg\" \/>\n<meta name=\"author\" content=\"St\u00e9phane Miget\" \/>\n<meta name=\"twitter:card\" content=\"summary_large_image\" \/>\n<meta name=\"twitter:creator\" content=\"@bati_journal\" \/>\n<meta name=\"twitter:site\" content=\"@bati_journal\" \/>\n<meta name=\"twitter:label1\" content=\"\u00c9crit par\" \/>\n\t<meta name=\"twitter:data1\" content=\"St\u00e9phane Miget\" \/>\n\t<meta name=\"twitter:label2\" content=\"Dur\u00e9e de lecture estim\u00e9e\" \/>\n\t<meta name=\"twitter:data2\" content=\"1 minute\" \/>\n<script type=\"application\/ld+json\" class=\"yoast-schema-graph\">{\"@context\":\"https:\\\/\\\/schema.org\",\"@graph\":[{\"@type\":\"Article\",\"@id\":\"https:\\\/\\\/batijournal.com\\\/index.php\\\/journees-europeennes-du-patrimoine\\\/99219\\\/#article\",\"isPartOf\":{\"@id\":\"https:\\\/\\\/batijournal.com\\\/index.php\\\/journees-europeennes-du-patrimoine\\\/99219\\\/\"},\"author\":{\"name\":\"St\u00e9phane Miget\",\"@id\":\"https:\\\/\\\/batijournal.com\\\/#\\\/schema\\\/person\\\/1dc96ec6957aa1ccb25ebe78bb19f100\"},\"headline\":\"L\u2019Europe du patrimoine au c\u0153ur des Journ\u00e9es europ\u00e9ennes du patrimoine\",\"datePublished\":\"2018-05-30T07:48:36+00:00\",\"dateModified\":\"2019-07-15T09:15:04+00:00\",\"mainEntityOfPage\":{\"@id\":\"https:\\\/\\\/batijournal.com\\\/index.php\\\/journees-europeennes-du-patrimoine\\\/99219\\\/\"},\"wordCount\":119,\"image\":{\"@id\":\"https:\\\/\\\/batijournal.com\\\/index.php\\\/journees-europeennes-du-patrimoine\\\/99219\\\/#primaryimage\"},\"thumbnailUrl\":\"https:\\\/\\\/batijournal.com\\\/wp-content\\\/uploads\\\/2016\\\/09\\\/journees-du-patrimoine-2016.jpg\",\"keywords\":[\"journees europeennes du patrimoine\"],\"articleSection\":[\"Actualit\u00e9s\",\"Architecture &amp; Conception\",\"zz_Atrium Patrimoine\"],\"inLanguage\":\"fr-FR\"},{\"@type\":\"WebPage\",\"@id\":\"https:\\\/\\\/batijournal.com\\\/index.php\\\/journees-europeennes-du-patrimoine\\\/99219\\\/\",\"url\":\"https:\\\/\\\/batijournal.com\\\/index.php\\\/journees-europeennes-du-patrimoine\\\/99219\\\/\",\"name\":\"Journ\u00e9es europ\u00e9ennes du patrimoine : \\\"art du partage\\\"\",\"isPartOf\":{\"@id\":\"https:\\\/\\\/batijournal.com\\\/#website\"},\"primaryImageOfPage\":{\"@id\":\"https:\\\/\\\/batijournal.com\\\/index.php\\\/journees-europeennes-du-patrimoine\\\/99219\\\/#primaryimage\"},\"image\":{\"@id\":\"https:\\\/\\\/batijournal.com\\\/index.php\\\/journees-europeennes-du-patrimoine\\\/99219\\\/#primaryimage\"},\"thumbnailUrl\":\"https:\\\/\\\/batijournal.com\\\/wp-content\\\/uploads\\\/2016\\\/09\\\/journees-du-patrimoine-2016.jpg\",\"datePublished\":\"2018-05-30T07:48:36+00:00\",\"dateModified\":\"2019-07-15T09:15:04+00:00\",\"author\":{\"@id\":\"https:\\\/\\\/batijournal.com\\\/#\\\/schema\\\/person\\\/1dc96ec6957aa1ccb25ebe78bb19f100\"},\"description\":\"Les prochaines Journ\u00e9es europ\u00e9ennes du patrimoine se tiendront les 15 et 16 septembre 2018. Elles sont plac\u00e9s sous le th\u00e8me \u00ab L\u2019art du partage \u00bb\",\"breadcrumb\":{\"@id\":\"https:\\\/\\\/batijournal.com\\\/index.php\\\/journees-europeennes-du-patrimoine\\\/99219\\\/#breadcrumb\"},\"inLanguage\":\"fr-FR\",\"potentialAction\":[{\"@type\":\"ReadAction\",\"target\":[\"https:\\\/\\\/batijournal.com\\\/index.php\\\/journees-europeennes-du-patrimoine\\\/99219\\\/\"]}]},{\"@type\":\"ImageObject\",\"inLanguage\":\"fr-FR\",\"@id\":\"https:\\\/\\\/batijournal.com\\\/index.php\\\/journees-europeennes-du-patrimoine\\\/99219\\\/#primaryimage\",\"url\":\"https:\\\/\\\/batijournal.com\\\/wp-content\\\/uploads\\\/2016\\\/09\\\/journees-du-patrimoine-2016.jpg\",\"contentUrl\":\"https:\\\/\\\/batijournal.com\\\/wp-content\\\/uploads\\\/2016\\\/09\\\/journees-du-patrimoine-2016.jpg\",\"width\":1000,\"height\":542,\"caption\":\"journees-europeennes-du-patrimoine\"},{\"@type\":\"BreadcrumbList\",\"@id\":\"https:\\\/\\\/batijournal.com\\\/index.php\\\/journees-europeennes-du-patrimoine\\\/99219\\\/#breadcrumb\",\"itemListElement\":[{\"@type\":\"ListItem\",\"position\":1,\"name\":\"Accueil\",\"item\":\"https:\\\/\\\/batijournal.com\\\/\"},{\"@type\":\"ListItem\",\"position\":2,\"name\":\"Actualit\u00e9s\",\"item\":\"https:\\\/\\\/batijournal.com\\\/index.php\\\/category\\\/actualites\\\/\"},{\"@type\":\"ListItem\",\"position\":3,\"name\":\"L\u2019Europe du patrimoine au c\u0153ur des Journ\u00e9es europ\u00e9ennes du patrimoine\"}]},{\"@type\":\"WebSite\",\"@id\":\"https:\\\/\\\/batijournal.com\\\/#website\",\"url\":\"https:\\\/\\\/batijournal.com\\\/\",\"name\":\"Batijournal\",\"description\":\"L&#039;actualit\u00e9 du b\u00e2timent\",\"potentialAction\":[{\"@type\":\"SearchAction\",\"target\":{\"@type\":\"EntryPoint\",\"urlTemplate\":\"https:\\\/\\\/batijournal.com\\\/?s={search_term_string}\"},\"query-input\":{\"@type\":\"PropertyValueSpecification\",\"valueRequired\":true,\"valueName\":\"search_term_string\"}}],\"inLanguage\":\"fr-FR\"},{\"@type\":\"Person\",\"@id\":\"https:\\\/\\\/batijournal.com\\\/#\\\/schema\\\/person\\\/1dc96ec6957aa1ccb25ebe78bb19f100\",\"name\":\"St\u00e9phane Miget\",\"image\":{\"@type\":\"ImageObject\",\"inLanguage\":\"fr-FR\",\"@id\":\"https:\\\/\\\/secure.gravatar.com\\\/avatar\\\/89915563d925342126b8ef0281b93d9d7fc337043e8df017f780908eb9644451?s=96&d=mm&r=g\",\"url\":\"https:\\\/\\\/secure.gravatar.com\\\/avatar\\\/89915563d925342126b8ef0281b93d9d7fc337043e8df017f780908eb9644451?s=96&d=mm&r=g\",\"contentUrl\":\"https:\\\/\\\/secure.gravatar.com\\\/avatar\\\/89915563d925342126b8ef0281b93d9d7fc337043e8df017f780908eb9644451?s=96&d=mm&r=g\",\"caption\":\"St\u00e9phane Miget\"},\"url\":\"https:\\\/\\\/batijournal.com\\\/index.php\\\/author\\\/stephane\\\/\"}]}<\/script>\n<!-- \/ Yoast SEO plugin. -->","yoast_head_json":{"title":"Journ\u00e9es europ\u00e9ennes du patrimoine : \"art du partage\"","description":"Les prochaines Journ\u00e9es europ\u00e9ennes du patrimoine se tiendront les 15 et 16 septembre 2018. Elles sont plac\u00e9s sous le th\u00e8me \u00ab L\u2019art du partage \u00bb","robots":{"index":"index","follow":"follow","max-snippet":"max-snippet:-1","max-image-preview":"max-image-preview:large","max-video-preview":"max-video-preview:-1"},"canonical":"https:\/\/batijournal.com\/index.php\/journees-europeennes-du-patrimoine\/99219\/","og_locale":"fr_FR","og_type":"article","og_title":"Journ\u00e9es europ\u00e9ennes du patrimoine : \"art du partage\"","og_description":"Les prochaines Journ\u00e9es europ\u00e9ennes du patrimoine se tiendront les 15 et 16 septembre 2018. Elles sont plac\u00e9s sous le th\u00e8me \u00ab L\u2019art du partage \u00bb","og_url":"https:\/\/batijournal.com\/index.php\/journees-europeennes-du-patrimoine\/99219\/","og_site_name":"Batijournal","article_published_time":"2018-05-30T07:48:36+00:00","article_modified_time":"2019-07-15T09:15:04+00:00","og_image":[{"width":1000,"height":542,"url":"https:\/\/batijournal.com\/wp-content\/uploads\/2016\/09\/journees-du-patrimoine-2016.jpg","type":"image\/jpeg"}],"author":"St\u00e9phane Miget","twitter_card":"summary_large_image","twitter_creator":"@bati_journal","twitter_site":"@bati_journal","twitter_misc":{"\u00c9crit par":"St\u00e9phane Miget","Dur\u00e9e de lecture estim\u00e9e":"1 minute"},"schema":{"@context":"https:\/\/schema.org","@graph":[{"@type":"Article","@id":"https:\/\/batijournal.com\/index.php\/journees-europeennes-du-patrimoine\/99219\/#article","isPartOf":{"@id":"https:\/\/batijournal.com\/index.php\/journees-europeennes-du-patrimoine\/99219\/"},"author":{"name":"St\u00e9phane Miget","@id":"https:\/\/batijournal.com\/#\/schema\/person\/1dc96ec6957aa1ccb25ebe78bb19f100"},"headline":"L\u2019Europe du patrimoine au c\u0153ur des Journ\u00e9es europ\u00e9ennes du patrimoine","datePublished":"2018-05-30T07:48:36+00:00","dateModified":"2019-07-15T09:15:04+00:00","mainEntityOfPage":{"@id":"https:\/\/batijournal.com\/index.php\/journees-europeennes-du-patrimoine\/99219\/"},"wordCount":119,"image":{"@id":"https:\/\/batijournal.com\/index.php\/journees-europeennes-du-patrimoine\/99219\/#primaryimage"},"thumbnailUrl":"https:\/\/batijournal.com\/wp-content\/uploads\/2016\/09\/journees-du-patrimoine-2016.jpg","keywords":["journees europeennes du patrimoine"],"articleSection":["Actualit\u00e9s","Architecture &amp; Conception","zz_Atrium Patrimoine"],"inLanguage":"fr-FR"},{"@type":"WebPage","@id":"https:\/\/batijournal.com\/index.php\/journees-europeennes-du-patrimoine\/99219\/","url":"https:\/\/batijournal.com\/index.php\/journees-europeennes-du-patrimoine\/99219\/","name":"Journ\u00e9es europ\u00e9ennes du patrimoine : \"art du partage\"","isPartOf":{"@id":"https:\/\/batijournal.com\/#website"},"primaryImageOfPage":{"@id":"https:\/\/batijournal.com\/index.php\/journees-europeennes-du-patrimoine\/99219\/#primaryimage"},"image":{"@id":"https:\/\/batijournal.com\/index.php\/journees-europeennes-du-patrimoine\/99219\/#primaryimage"},"thumbnailUrl":"https:\/\/batijournal.com\/wp-content\/uploads\/2016\/09\/journees-du-patrimoine-2016.jpg","datePublished":"2018-05-30T07:48:36+00:00","dateModified":"2019-07-15T09:15:04+00:00","author":{"@id":"https:\/\/batijournal.com\/#\/schema\/person\/1dc96ec6957aa1ccb25ebe78bb19f100"},"description":"Les prochaines Journ\u00e9es europ\u00e9ennes du patrimoine se tiendront les 15 et 16 septembre 2018. Elles sont plac\u00e9s sous le th\u00e8me \u00ab L\u2019art du partage \u00bb","breadcrumb":{"@id":"https:\/\/batijournal.com\/index.php\/journees-europeennes-du-patrimoine\/99219\/#breadcrumb"},"inLanguage":"fr-FR","potentialAction":[{"@type":"ReadAction","target":["https:\/\/batijournal.com\/index.php\/journees-europeennes-du-patrimoine\/99219\/"]}]},{"@type":"ImageObject","inLanguage":"fr-FR","@id":"https:\/\/batijournal.com\/index.php\/journees-europeennes-du-patrimoine\/99219\/#primaryimage","url":"https:\/\/batijournal.com\/wp-content\/uploads\/2016\/09\/journees-du-patrimoine-2016.jpg","contentUrl":"https:\/\/batijournal.com\/wp-content\/uploads\/2016\/09\/journees-du-patrimoine-2016.jpg","width":1000,"height":542,"caption":"journees-europeennes-du-patrimoine"},{"@type":"BreadcrumbList","@id":"https:\/\/batijournal.com\/index.php\/journees-europeennes-du-patrimoine\/99219\/#breadcrumb","itemListElement":[{"@type":"ListItem","position":1,"name":"Accueil","item":"https:\/\/batijournal.com\/"},{"@type":"ListItem","position":2,"name":"Actualit\u00e9s","item":"https:\/\/batijournal.com\/index.php\/category\/actualites\/"},{"@type":"ListItem","position":3,"name":"L\u2019Europe du patrimoine au c\u0153ur des Journ\u00e9es europ\u00e9ennes du patrimoine"}]},{"@type":"WebSite","@id":"https:\/\/batijournal.com\/#website","url":"https:\/\/batijournal.com\/","name":"Batijournal","description":"L&#039;actualit\u00e9 du b\u00e2timent","potentialAction":[{"@type":"SearchAction","target":{"@type":"EntryPoint","urlTemplate":"https:\/\/batijournal.com\/?s={search_term_string}"},"query-input":{"@type":"PropertyValueSpecification","valueRequired":true,"valueName":"search_term_string"}}],"inLanguage":"fr-FR"},{"@type":"Person","@id":"https:\/\/batijournal.com\/#\/schema\/person\/1dc96ec6957aa1ccb25ebe78bb19f100","name":"St\u00e9phane Miget","image":{"@type":"ImageObject","inLanguage":"fr-FR","@id":"https:\/\/secure.gravatar.com\/avatar\/89915563d925342126b8ef0281b93d9d7fc337043e8df017f780908eb9644451?s=96&d=mm&r=g","url":"https:\/\/secure.gravatar.com\/avatar\/89915563d925342126b8ef0281b93d9d7fc337043e8df017f780908eb9644451?s=96&d=mm&r=g","contentUrl":"https:\/\/secure.gravatar.com\/avatar\/89915563d925342126b8ef0281b93d9d7fc337043e8df017f780908eb9644451?s=96&d=mm&r=g","caption":"St\u00e9phane Miget"},"url":"https:\/\/batijournal.com\/index.php\/author\/stephane\/"}]}},"_links":{"self":[{"href":"https:\/\/batijournal.com\/index.php\/wp-json\/wp\/v2\/posts\/99219","targetHints":{"allow":["GET"]}}],"collection":[{"href":"https:\/\/batijournal.com\/index.php\/wp-json\/wp\/v2\/posts"}],"about":[{"href":"https:\/\/batijournal.com\/index.php\/wp-json\/wp\/v2\/types\/post"}],"author":[{"embeddable":true,"href":"https:\/\/batijournal.com\/index.php\/wp-json\/wp\/v2\/users\/17"}],"replies":[{"embeddable":true,"href":"https:\/\/batijournal.com\/index.php\/wp-json\/wp\/v2\/comments?post=99219"}],"version-history":[{"count":0,"href":"https:\/\/batijournal.com\/index.php\/wp-json\/wp\/v2\/posts\/99219\/revisions"}],"wp:featuredmedia":[{"embeddable":true,"href":"https:\/\/batijournal.com\/index.php\/wp-json\/wp\/v2\/media\/93737"}],"wp:attachment":[{"href":"https:\/\/batijournal.com\/index.php\/wp-json\/wp\/v2\/media?parent=99219"}],"wp:term":[{"taxonomy":"category","embeddable":true,"href":"https:\/\/batijournal.com\/index.php\/wp-json\/wp\/v2\/categories?post=99219"},{"taxonomy":"post_tag","embeddable":true,"href":"https:\/\/batijournal.com\/index.php\/wp-json\/wp\/v2\/tags?post=99219"}],"curies":[{"name":"wp","href":"https:\/\/api.w.org\/{rel}","templated":true}]}}