{"id":99226,"date":"2018-05-30T14:35:08","date_gmt":"2018-05-30T12:35:08","guid":{"rendered":"https:\/\/batijournal.com\/?p=99226"},"modified":"2019-07-15T17:02:36","modified_gmt":"2019-07-15T15:02:36","slug":"cib-2018-actions-de-lassociation-rockn-wood","status":"publish","type":"post","link":"https:\/\/batijournal.com\/index.php\/cib-2018-actions-de-lassociation-rockn-wood\/99226\/","title":{"rendered":"Carrefour international du bois 2018 &#8211; Les actions de l&rsquo;association Rock&rsquo;n Wood au N\u00e9pal"},"content":{"rendered":"<p><iframe loading=\"lazy\" src=\"https:\/\/www.youtube.com\/embed\/gBU8TKJbCc0\" width=\"560\" height=\"315\" frameborder=\"0\" allowfullscreen=\"allowfullscreen\" data-mce-fragment=\"1\"><\/iframe><\/p>\n<p><strong>Intervenants :\u00a0<\/strong><\/p>\n<p>&#8211; Jean-Claude Baudin, directeur de Charpente C\u00e9nomane<br \/>\n&#8211; Aude Codron, charg\u00e9e de communication, Rock&rsquo;n Wood<br \/>\n&#8211; Antoine Ansquer, pr\u00e9sident, Rock&rsquo;n Wood<\/p>\n<p>Jean-Claude Baudin : \u00ab\u00a0<em>Charpente C\u00e9nomane est une entreprise de construction bois bas\u00e9e dans la Sarthe qui intervient dans toute la France. Nous sommes partenaires de l&rsquo;association. Nous avons mis \u00e0 disposition notre bureau d&rsquo;\u00e9tudes, nous avons mis en place une aide logistique avec du mat\u00e9riel et nous continuons d&rsquo;aider financi\u00e8rement l&rsquo;association. Je suis all\u00e9 au N\u00e9pal. J&rsquo;ai vu \u00e0 quel point on pouvait faire beaucoup avec peu de moyens. Nous avons \u00e9galement r\u00e9fl\u00e9chi \u00e0 la s\u00e9curit\u00e9 sur le chantier. Tout ce que l&rsquo;on donne \u00e0 l&rsquo;association est r\u00e9inject\u00e9 dans les chantiers.\u00a0\u00bb<\/em><\/p>\n<p>Aude Codron : \u00ab\u00a0<em>L&rsquo;association a \u00e9t\u00e9 cr\u00e9\u00e9e en 2016. C&rsquo;est une association sarthoise cr\u00e9\u00e9e au Mans par deux architectes et un ing\u00e9nieur bois. Le d\u00e9fi a \u00e9t\u00e9 de partir au N\u00e9pal pour reconstruire apr\u00e8s le tremblement de terre. Nous avons quatre projets et une centaine d&rsquo;adh\u00e9rents. Cette ann\u00e9e, nous avons re\u00e7u quarante et un b\u00e9n\u00e9voles, artisans, architectes, conducteurs de travaux. Nous avons besoin d&rsquo;eux. Une autre chose dont nous avons besoin est l&rsquo;argent pour fonctionner et financer nos mat\u00e9riaux. Pour postuler en tant que b\u00e9n\u00e9vole, il faut se rendre sur notre site internet <a href=\"http:\/\/www.rocknwood.fr\" target=\"_blank\" rel=\"noopener noreferrer\">www.rocknwood.fr<\/a>\u00a0sur la page \u00ab\u00a0Devenir b\u00e9n\u00e9vole\u00a0\u00bb.\u00a0\u00bb<\/em><\/p>\n<p>Antoine Ansquer : \u00ab\u00a0<em>Au N\u00e9pal, on sait construire, mais pas forc\u00e9ment selon les techniques parasismiques que nous pouvons apporter. Nous essayons de compl\u00e9ter leur savoir-faire avec nos comp\u00e9tences au niveau parasismique ou dans la gestion de chantier. Nous restons 9 mois par an dans ces villages. Pendant ces 9 mois, nos b\u00e9n\u00e9voles restent avec les villageois. L&rsquo;\u00e9change se fait au niveau de la construction, mais \u00e9galement au quotidien. Suite au tremblement de terre, il y a des entreprises de construction qui se sont lanc\u00e9es. Mais les constructeurs ont tr\u00e8s peu de formation. Dans les villages, on s&rsquo;aper\u00e7oit que ce sont des agriculteurs en tr\u00e8s grande majorit\u00e9. Chacun peut apporter sa pierre \u00e0 l&rsquo;\u00e9difice. Au lancement de l&rsquo;association, nous nous sommes impr\u00e9gn\u00e9s de leur fa\u00e7on de construire. Nous nous sommes demand\u00e9s quels \u00e9taient leurs besoins, leurs lacunes. Nous avons rapidement, avec Gauthier qui est ing\u00e9nieur bois, abouti \u00e0 un projet constructible en \u00e9changeant avec les villageois. Nous avons pris connaissance des normes locales (Indian Building Code). Nous avons quatre chantiers diff\u00e9rents pour lesquels nous utilisons des mat\u00e9riaux locaux. Mais nous adaptons nos projets\u00a0au terrain.\u00a0\u00bb<\/em><\/p>\n","protected":false},"excerpt":{"rendered":"<p>Intervenants :\u00a0 &#8211; Jean-Claude Baudin, directeur de Charpente C\u00e9nomane &#8211; Aude Codron, charg\u00e9e de communication, Rock&rsquo;n Wood &#8211; Antoine Ansquer, pr\u00e9sident, Rock&rsquo;n Wood Jean-Claude Baudin : \u00ab\u00a0Charpente C\u00e9nomane est une entreprise de construction bois bas\u00e9e dans la Sarthe qui intervient dans toute la France. Nous sommes partenaires de l&rsquo;association. Nous avons mis \u00e0 disposition notre [&hellip;]<\/p>\n","protected":false},"author":1,"featured_media":99227,"comment_status":"closed","ping_status":"closed","sticky":false,"template":"","format":"standard","meta":{"_et_pb_use_builder":"","_et_pb_old_content":"","_et_gb_content_width":"","footnotes":""},"categories":[11200],"tags":[11054,12409,12500],"class_list":["post-99226","post","type-post","status-publish","format-standard","has-post-thumbnail","hentry","category-batijournal-tv","tag-carrefour-international-du-bois","tag-cib-2018","tag-rockn-wood"],"yoast_head":"<!-- This site is optimized with the Yoast SEO plugin v27.4 - https:\/\/yoast.com\/product\/yoast-seo-wordpress\/ -->\n<title>Rock&#039;n Wood : les actions de l&#039;association au N\u00e9pal - CIB 2018<\/title>\n<meta name=\"description\" content=\"Nous revenons avec un nouveau plateau Batijournal.TV o\u00f9 nous abordons les diff\u00e9rentes actions de l&#039;association Rock&#039;n Wood au N\u00e9pal.\" \/>\n<meta name=\"robots\" content=\"index, follow, max-snippet:-1, max-image-preview:large, max-video-preview:-1\" \/>\n<link rel=\"canonical\" href=\"https:\/\/batijournal.com\/index.php\/cib-2018-actions-de-lassociation-rockn-wood\/99226\/\" \/>\n<meta property=\"og:locale\" content=\"fr_FR\" \/>\n<meta property=\"og:type\" content=\"article\" \/>\n<meta property=\"og:title\" content=\"Rock&#039;n Wood : les actions de l&#039;association au N\u00e9pal - CIB 2018\" \/>\n<meta property=\"og:description\" content=\"Nous revenons avec un nouveau plateau Batijournal.TV o\u00f9 nous abordons les diff\u00e9rentes actions de l&#039;association Rock&#039;n Wood au N\u00e9pal.\" \/>\n<meta property=\"og:url\" content=\"https:\/\/batijournal.com\/index.php\/cib-2018-actions-de-lassociation-rockn-wood\/99226\/\" \/>\n<meta property=\"og:site_name\" content=\"Batijournal\" \/>\n<meta property=\"article:published_time\" content=\"2018-05-30T12:35:08+00:00\" \/>\n<meta property=\"article:modified_time\" content=\"2019-07-15T15:02:36+00:00\" \/>\n<meta property=\"og:image\" content=\"https:\/\/batijournal.com\/wp-content\/uploads\/2018\/05\/carrefour-international-du-bois-1.jpg\" \/>\n\t<meta property=\"og:image:width\" content=\"1280\" \/>\n\t<meta property=\"og:image:height\" content=\"720\" \/>\n\t<meta property=\"og:image:type\" content=\"image\/jpeg\" \/>\n<meta name=\"author\" content=\"Bati-journal\" \/>\n<meta name=\"twitter:card\" content=\"summary_large_image\" \/>\n<meta name=\"twitter:creator\" content=\"@bati_journal\" \/>\n<meta name=\"twitter:site\" content=\"@bati_journal\" \/>\n<meta name=\"twitter:label1\" content=\"\u00c9crit par\" \/>\n\t<meta name=\"twitter:data1\" content=\"Bati-journal\" \/>\n\t<meta name=\"twitter:label2\" content=\"Dur\u00e9e de lecture estim\u00e9e\" \/>\n\t<meta name=\"twitter:data2\" content=\"2 minutes\" \/>\n<script type=\"application\/ld+json\" class=\"yoast-schema-graph\">{\"@context\":\"https:\\\/\\\/schema.org\",\"@graph\":[{\"@type\":\"Article\",\"@id\":\"https:\\\/\\\/batijournal.com\\\/index.php\\\/cib-2018-actions-de-lassociation-rockn-wood\\\/99226\\\/#article\",\"isPartOf\":{\"@id\":\"https:\\\/\\\/batijournal.com\\\/index.php\\\/cib-2018-actions-de-lassociation-rockn-wood\\\/99226\\\/\"},\"author\":{\"name\":\"Bati-journal\",\"@id\":\"https:\\\/\\\/batijournal.com\\\/#\\\/schema\\\/person\\\/6a657e8967569e1b299972574848aa76\"},\"headline\":\"Carrefour international du bois 2018 &#8211; Les actions de l&rsquo;association Rock&rsquo;n Wood au N\u00e9pal\",\"datePublished\":\"2018-05-30T12:35:08+00:00\",\"dateModified\":\"2019-07-15T15:02:36+00:00\",\"mainEntityOfPage\":{\"@id\":\"https:\\\/\\\/batijournal.com\\\/index.php\\\/cib-2018-actions-de-lassociation-rockn-wood\\\/99226\\\/\"},\"wordCount\":465,\"image\":{\"@id\":\"https:\\\/\\\/batijournal.com\\\/index.php\\\/cib-2018-actions-de-lassociation-rockn-wood\\\/99226\\\/#primaryimage\"},\"thumbnailUrl\":\"https:\\\/\\\/batijournal.com\\\/wp-content\\\/uploads\\\/2018\\\/05\\\/carrefour-international-du-bois-1.jpg\",\"keywords\":[\"Carrefour international du bois\",\"cib 2018\",\"Rock'n Wood\"],\"articleSection\":[\"batijournal TV\"],\"inLanguage\":\"fr-FR\"},{\"@type\":\"WebPage\",\"@id\":\"https:\\\/\\\/batijournal.com\\\/index.php\\\/cib-2018-actions-de-lassociation-rockn-wood\\\/99226\\\/\",\"url\":\"https:\\\/\\\/batijournal.com\\\/index.php\\\/cib-2018-actions-de-lassociation-rockn-wood\\\/99226\\\/\",\"name\":\"Rock'n Wood : les actions de l'association au N\u00e9pal - CIB 2018\",\"isPartOf\":{\"@id\":\"https:\\\/\\\/batijournal.com\\\/#website\"},\"primaryImageOfPage\":{\"@id\":\"https:\\\/\\\/batijournal.com\\\/index.php\\\/cib-2018-actions-de-lassociation-rockn-wood\\\/99226\\\/#primaryimage\"},\"image\":{\"@id\":\"https:\\\/\\\/batijournal.com\\\/index.php\\\/cib-2018-actions-de-lassociation-rockn-wood\\\/99226\\\/#primaryimage\"},\"thumbnailUrl\":\"https:\\\/\\\/batijournal.com\\\/wp-content\\\/uploads\\\/2018\\\/05\\\/carrefour-international-du-bois-1.jpg\",\"datePublished\":\"2018-05-30T12:35:08+00:00\",\"dateModified\":\"2019-07-15T15:02:36+00:00\",\"author\":{\"@id\":\"https:\\\/\\\/batijournal.com\\\/#\\\/schema\\\/person\\\/6a657e8967569e1b299972574848aa76\"},\"description\":\"Nous revenons avec un nouveau plateau Batijournal.TV o\u00f9 nous abordons les diff\u00e9rentes actions de l'association Rock'n Wood au N\u00e9pal.\",\"breadcrumb\":{\"@id\":\"https:\\\/\\\/batijournal.com\\\/index.php\\\/cib-2018-actions-de-lassociation-rockn-wood\\\/99226\\\/#breadcrumb\"},\"inLanguage\":\"fr-FR\",\"potentialAction\":[{\"@type\":\"ReadAction\",\"target\":[\"https:\\\/\\\/batijournal.com\\\/index.php\\\/cib-2018-actions-de-lassociation-rockn-wood\\\/99226\\\/\"]}]},{\"@type\":\"ImageObject\",\"inLanguage\":\"fr-FR\",\"@id\":\"https:\\\/\\\/batijournal.com\\\/index.php\\\/cib-2018-actions-de-lassociation-rockn-wood\\\/99226\\\/#primaryimage\",\"url\":\"https:\\\/\\\/batijournal.com\\\/wp-content\\\/uploads\\\/2018\\\/05\\\/carrefour-international-du-bois-1.jpg\",\"contentUrl\":\"https:\\\/\\\/batijournal.com\\\/wp-content\\\/uploads\\\/2018\\\/05\\\/carrefour-international-du-bois-1.jpg\",\"width\":1280,\"height\":720,\"caption\":\"actions de l association Rock'n Wood\"},{\"@type\":\"BreadcrumbList\",\"@id\":\"https:\\\/\\\/batijournal.com\\\/index.php\\\/cib-2018-actions-de-lassociation-rockn-wood\\\/99226\\\/#breadcrumb\",\"itemListElement\":[{\"@type\":\"ListItem\",\"position\":1,\"name\":\"Accueil\",\"item\":\"https:\\\/\\\/batijournal.com\\\/\"},{\"@type\":\"ListItem\",\"position\":2,\"name\":\"batijournal TV\",\"item\":\"https:\\\/\\\/batijournal.com\\\/index.php\\\/category\\\/batijournal-tv\\\/\"},{\"@type\":\"ListItem\",\"position\":3,\"name\":\"Carrefour international du bois 2018 &#8211; Les actions de l&rsquo;association Rock&rsquo;n Wood au N\u00e9pal\"}]},{\"@type\":\"WebSite\",\"@id\":\"https:\\\/\\\/batijournal.com\\\/#website\",\"url\":\"https:\\\/\\\/batijournal.com\\\/\",\"name\":\"Batijournal\",\"description\":\"L&#039;actualit\u00e9 du b\u00e2timent\",\"potentialAction\":[{\"@type\":\"SearchAction\",\"target\":{\"@type\":\"EntryPoint\",\"urlTemplate\":\"https:\\\/\\\/batijournal.com\\\/?s={search_term_string}\"},\"query-input\":{\"@type\":\"PropertyValueSpecification\",\"valueRequired\":true,\"valueName\":\"search_term_string\"}}],\"inLanguage\":\"fr-FR\"},{\"@type\":\"Person\",\"@id\":\"https:\\\/\\\/batijournal.com\\\/#\\\/schema\\\/person\\\/6a657e8967569e1b299972574848aa76\",\"name\":\"Bati-journal\",\"image\":{\"@type\":\"ImageObject\",\"inLanguage\":\"fr-FR\",\"@id\":\"https:\\\/\\\/secure.gravatar.com\\\/avatar\\\/a64364ea26392f9b4dd47e017ddaec74ff03aefc073b49e492e847201258f777?s=96&d=mm&r=g\",\"url\":\"https:\\\/\\\/secure.gravatar.com\\\/avatar\\\/a64364ea26392f9b4dd47e017ddaec74ff03aefc073b49e492e847201258f777?s=96&d=mm&r=g\",\"contentUrl\":\"https:\\\/\\\/secure.gravatar.com\\\/avatar\\\/a64364ea26392f9b4dd47e017ddaec74ff03aefc073b49e492e847201258f777?s=96&d=mm&r=g\",\"caption\":\"Bati-journal\"},\"url\":\"https:\\\/\\\/batijournal.com\\\/index.php\\\/author\\\/elodie\\\/\"}]}<\/script>\n<!-- \/ Yoast SEO plugin. -->","yoast_head_json":{"title":"Rock'n Wood : les actions de l'association au N\u00e9pal - CIB 2018","description":"Nous revenons avec un nouveau plateau Batijournal.TV o\u00f9 nous abordons les diff\u00e9rentes actions de l'association Rock'n Wood au N\u00e9pal.","robots":{"index":"index","follow":"follow","max-snippet":"max-snippet:-1","max-image-preview":"max-image-preview:large","max-video-preview":"max-video-preview:-1"},"canonical":"https:\/\/batijournal.com\/index.php\/cib-2018-actions-de-lassociation-rockn-wood\/99226\/","og_locale":"fr_FR","og_type":"article","og_title":"Rock'n Wood : les actions de l'association au N\u00e9pal - CIB 2018","og_description":"Nous revenons avec un nouveau plateau Batijournal.TV o\u00f9 nous abordons les diff\u00e9rentes actions de l'association Rock'n Wood au N\u00e9pal.","og_url":"https:\/\/batijournal.com\/index.php\/cib-2018-actions-de-lassociation-rockn-wood\/99226\/","og_site_name":"Batijournal","article_published_time":"2018-05-30T12:35:08+00:00","article_modified_time":"2019-07-15T15:02:36+00:00","og_image":[{"width":1280,"height":720,"url":"https:\/\/batijournal.com\/wp-content\/uploads\/2018\/05\/carrefour-international-du-bois-1.jpg","type":"image\/jpeg"}],"author":"Bati-journal","twitter_card":"summary_large_image","twitter_creator":"@bati_journal","twitter_site":"@bati_journal","twitter_misc":{"\u00c9crit par":"Bati-journal","Dur\u00e9e de lecture estim\u00e9e":"2 minutes"},"schema":{"@context":"https:\/\/schema.org","@graph":[{"@type":"Article","@id":"https:\/\/batijournal.com\/index.php\/cib-2018-actions-de-lassociation-rockn-wood\/99226\/#article","isPartOf":{"@id":"https:\/\/batijournal.com\/index.php\/cib-2018-actions-de-lassociation-rockn-wood\/99226\/"},"author":{"name":"Bati-journal","@id":"https:\/\/batijournal.com\/#\/schema\/person\/6a657e8967569e1b299972574848aa76"},"headline":"Carrefour international du bois 2018 &#8211; Les actions de l&rsquo;association Rock&rsquo;n Wood au N\u00e9pal","datePublished":"2018-05-30T12:35:08+00:00","dateModified":"2019-07-15T15:02:36+00:00","mainEntityOfPage":{"@id":"https:\/\/batijournal.com\/index.php\/cib-2018-actions-de-lassociation-rockn-wood\/99226\/"},"wordCount":465,"image":{"@id":"https:\/\/batijournal.com\/index.php\/cib-2018-actions-de-lassociation-rockn-wood\/99226\/#primaryimage"},"thumbnailUrl":"https:\/\/batijournal.com\/wp-content\/uploads\/2018\/05\/carrefour-international-du-bois-1.jpg","keywords":["Carrefour international du bois","cib 2018","Rock'n Wood"],"articleSection":["batijournal TV"],"inLanguage":"fr-FR"},{"@type":"WebPage","@id":"https:\/\/batijournal.com\/index.php\/cib-2018-actions-de-lassociation-rockn-wood\/99226\/","url":"https:\/\/batijournal.com\/index.php\/cib-2018-actions-de-lassociation-rockn-wood\/99226\/","name":"Rock'n Wood : les actions de l'association au N\u00e9pal - CIB 2018","isPartOf":{"@id":"https:\/\/batijournal.com\/#website"},"primaryImageOfPage":{"@id":"https:\/\/batijournal.com\/index.php\/cib-2018-actions-de-lassociation-rockn-wood\/99226\/#primaryimage"},"image":{"@id":"https:\/\/batijournal.com\/index.php\/cib-2018-actions-de-lassociation-rockn-wood\/99226\/#primaryimage"},"thumbnailUrl":"https:\/\/batijournal.com\/wp-content\/uploads\/2018\/05\/carrefour-international-du-bois-1.jpg","datePublished":"2018-05-30T12:35:08+00:00","dateModified":"2019-07-15T15:02:36+00:00","author":{"@id":"https:\/\/batijournal.com\/#\/schema\/person\/6a657e8967569e1b299972574848aa76"},"description":"Nous revenons avec un nouveau plateau Batijournal.TV o\u00f9 nous abordons les diff\u00e9rentes actions de l'association Rock'n Wood au N\u00e9pal.","breadcrumb":{"@id":"https:\/\/batijournal.com\/index.php\/cib-2018-actions-de-lassociation-rockn-wood\/99226\/#breadcrumb"},"inLanguage":"fr-FR","potentialAction":[{"@type":"ReadAction","target":["https:\/\/batijournal.com\/index.php\/cib-2018-actions-de-lassociation-rockn-wood\/99226\/"]}]},{"@type":"ImageObject","inLanguage":"fr-FR","@id":"https:\/\/batijournal.com\/index.php\/cib-2018-actions-de-lassociation-rockn-wood\/99226\/#primaryimage","url":"https:\/\/batijournal.com\/wp-content\/uploads\/2018\/05\/carrefour-international-du-bois-1.jpg","contentUrl":"https:\/\/batijournal.com\/wp-content\/uploads\/2018\/05\/carrefour-international-du-bois-1.jpg","width":1280,"height":720,"caption":"actions de l association Rock'n Wood"},{"@type":"BreadcrumbList","@id":"https:\/\/batijournal.com\/index.php\/cib-2018-actions-de-lassociation-rockn-wood\/99226\/#breadcrumb","itemListElement":[{"@type":"ListItem","position":1,"name":"Accueil","item":"https:\/\/batijournal.com\/"},{"@type":"ListItem","position":2,"name":"batijournal TV","item":"https:\/\/batijournal.com\/index.php\/category\/batijournal-tv\/"},{"@type":"ListItem","position":3,"name":"Carrefour international du bois 2018 &#8211; Les actions de l&rsquo;association Rock&rsquo;n Wood au N\u00e9pal"}]},{"@type":"WebSite","@id":"https:\/\/batijournal.com\/#website","url":"https:\/\/batijournal.com\/","name":"Batijournal","description":"L&#039;actualit\u00e9 du b\u00e2timent","potentialAction":[{"@type":"SearchAction","target":{"@type":"EntryPoint","urlTemplate":"https:\/\/batijournal.com\/?s={search_term_string}"},"query-input":{"@type":"PropertyValueSpecification","valueRequired":true,"valueName":"search_term_string"}}],"inLanguage":"fr-FR"},{"@type":"Person","@id":"https:\/\/batijournal.com\/#\/schema\/person\/6a657e8967569e1b299972574848aa76","name":"Bati-journal","image":{"@type":"ImageObject","inLanguage":"fr-FR","@id":"https:\/\/secure.gravatar.com\/avatar\/a64364ea26392f9b4dd47e017ddaec74ff03aefc073b49e492e847201258f777?s=96&d=mm&r=g","url":"https:\/\/secure.gravatar.com\/avatar\/a64364ea26392f9b4dd47e017ddaec74ff03aefc073b49e492e847201258f777?s=96&d=mm&r=g","contentUrl":"https:\/\/secure.gravatar.com\/avatar\/a64364ea26392f9b4dd47e017ddaec74ff03aefc073b49e492e847201258f777?s=96&d=mm&r=g","caption":"Bati-journal"},"url":"https:\/\/batijournal.com\/index.php\/author\/elodie\/"}]}},"_links":{"self":[{"href":"https:\/\/batijournal.com\/index.php\/wp-json\/wp\/v2\/posts\/99226","targetHints":{"allow":["GET"]}}],"collection":[{"href":"https:\/\/batijournal.com\/index.php\/wp-json\/wp\/v2\/posts"}],"about":[{"href":"https:\/\/batijournal.com\/index.php\/wp-json\/wp\/v2\/types\/post"}],"author":[{"embeddable":true,"href":"https:\/\/batijournal.com\/index.php\/wp-json\/wp\/v2\/users\/1"}],"replies":[{"embeddable":true,"href":"https:\/\/batijournal.com\/index.php\/wp-json\/wp\/v2\/comments?post=99226"}],"version-history":[{"count":0,"href":"https:\/\/batijournal.com\/index.php\/wp-json\/wp\/v2\/posts\/99226\/revisions"}],"wp:featuredmedia":[{"embeddable":true,"href":"https:\/\/batijournal.com\/index.php\/wp-json\/wp\/v2\/media\/99227"}],"wp:attachment":[{"href":"https:\/\/batijournal.com\/index.php\/wp-json\/wp\/v2\/media?parent=99226"}],"wp:term":[{"taxonomy":"category","embeddable":true,"href":"https:\/\/batijournal.com\/index.php\/wp-json\/wp\/v2\/categories?post=99226"},{"taxonomy":"post_tag","embeddable":true,"href":"https:\/\/batijournal.com\/index.php\/wp-json\/wp\/v2\/tags?post=99226"}],"curies":[{"name":"wp","href":"https:\/\/api.w.org\/{rel}","templated":true}]}}