{"id":99232,"date":"2018-05-30T15:56:53","date_gmt":"2018-05-30T13:56:53","guid":{"rendered":"https:\/\/batijournal.com\/?p=99232"},"modified":"2019-07-15T17:02:36","modified_gmt":"2019-07-15T15:02:36","slug":"cib-2018-bois-energie","status":"publish","type":"post","link":"https:\/\/batijournal.com\/index.php\/cib-2018-bois-energie\/99232\/","title":{"rendered":"Carrefour international du bois 2018 &#8211; Bois-\u00e9nergie : ressources et flux"},"content":{"rendered":"<p><iframe loading=\"lazy\" src=\"https:\/\/www.youtube.com\/embed\/fRUGdoGsdKM\" width=\"560\" height=\"315\" frameborder=\"0\" allowfullscreen=\"allowfullscreen\"><\/iframe><\/p>\n<p><strong>Intervenants :\u00a0<\/strong><\/p>\n<ul>\n<li>Laura Pa\u00efs &#8211; Animatrice r\u00e9gionale Bois-\u00c9nergie &#8211; Atlanbois<\/li>\n<li>St\u00e9phane Cousin &#8211; Charg\u00e9 de mission &#8211; Comit\u00e9 interprofessionnel du bois-\u00e9nergie<\/li>\n<li>Hugues De Cherisey &#8211; Secr\u00e9taire g\u00e9n\u00e9ral &#8211; Syndicat national des producteurs de granul\u00e9s de bois<\/li>\n<li>Alice Fautrad &#8211; Ing\u00e9nieure service For\u00eat Alimentation Bio-\u00e9conomie<\/li>\n<\/ul>\n<p><strong>Laura Pa\u00efs :<\/strong> <em>\u00ab\u00a0Atlanbois, interprofession r\u00e9gionale de la fili\u00e8re for\u00eat-bois en pays de la Loire, regroupe les professionnels de toute la fili\u00e8re for\u00eat-bois. Notre r\u00f4le est de faire la promotion du bois dans tous ses usages (entreprises, bureaux d&rsquo;\u00e9tudes, architectes). La ressource en bois \u00e0 l&rsquo;\u00e9chelle non seulement r\u00e9gionale, mais aussi nationale, est sous-exploit\u00e9e, qu&rsquo;il s&rsquo;agisse du bois d&rsquo;\u0153uvre, du bois d&rsquo;industrie ou du bois-\u00e9nergie. On exploite, aujourd&rsquo;hui, la moiti\u00e9 de l&rsquo;accroissement naturel des for\u00eats. On a donc un potentiel suppl\u00e9mentaire consid\u00e9rable, tant pour construire en bois que se chauffer avec le bois. Pour la partie bois-\u00e9nergie, il existe diff\u00e9rentes typologies de ressources : chercher du bois en for\u00eat, valoriser le bois des connexes des industries de la fili\u00e8re bois et les bois en fin de vie (bois de palettes par exemple).<br \/>\n<\/em><em>On parle beaucoup plus du bois d\u00e9chiquet\u00e9 chez les collectifs et industriels, tandis que, chez les particuliers, on parle de bois, de b\u00fbches et\u00a0 de granul\u00e9s.\u00a0<\/em><em>La tendance dans le collectif industriel est \u00e0 l&rsquo;augmentation de l&rsquo;utilisation du bois-\u00e9nergie, lequel a une grande place dans le mix \u00e9nerg\u00e9tique de demain. Le bois-\u00e9nergie poss\u00e8de de nombreux atouts : environnementaux (substitution aux \u00e9nergies fossiles, diminution des gaz \u00e0 effet de serre\u2026), cr\u00e9ation d&#8217;emplois locaux, \u00e9conomie circulaire.\u00a0\u00bb<\/em><\/p>\n<p><strong>Hugues De Cherisey :<\/strong> <em>\u00a0\u00bb Le Syndicat national des producteurs de granul\u00e9s de bois est un syndicat professionnel qui rassemble les producteurs de granul\u00e9s de bois fran\u00e7ais. Aujourd&rsquo;hui, le granul\u00e9 est un des combustibles\u00a0bois qui se d\u00e9veloppe rapidement car il offre une commodit\u00e9 d&rsquo;usage importante, adapt\u00e9 \u00e0 notre monde moderne. En France, le premier utilisateur de granul\u00e9s est le particulier \u00e0 travers l&rsquo;utilisation du po\u00eale. Le deuxi\u00e8me est le particulier poss\u00e9dant une chaudi\u00e8re, enfin, \u00e0 une moindre \u00e9chelle pour l&rsquo;instant, les b\u00e9n\u00e9ficiaires d&rsquo;une chaufferie collective.<br \/>\nLa production, au milieu des ann\u00e9es 2000, \u00e9tait d&rsquo;une dizaine de milliers\u00a0de tonnes, et, cette ann\u00e9e, on d\u00e9passe 1 400 000 tonnes. Une croissance rapide, fruit des unit\u00e9s de production r\u00e9parties dans toute la France. La particularit\u00e9 de notre pays est que l&rsquo;on arrive \u00e0 \u00eatre autosuffisant.\u00a0Le granul\u00e9 fran\u00e7ais est un produit certifi\u00e9 qui dispose d&rsquo;une norme internationale. La fili\u00e8re bois-\u00e9nergie est en pleine \u00e9volution et d\u00e9tentrice de cet atout d&rsquo;un combustible renouvelable et abondant de nos for\u00eats.\u00a0\u00bb<\/em><\/p>\n<p><strong>Alice Fautrad :<\/strong><em> \u00ab\u00a0L&rsquo;Ademe est en charge du d\u00e9veloppement de l&rsquo;environnement et de la ma\u00eetrise de l&rsquo;\u00e9nergie. On vient d&rsquo;avoir les r\u00e9sultats d&rsquo;une \u00e9tude sur le march\u00e9 : l&rsquo;approvisionnement en chauffage domestique des particuliers est le premier pr\u00e9l\u00e8vement de bois\u00a0en for\u00eat et hors for\u00eat ; la moiti\u00e9 de l&rsquo;\u00e9nergie renouvelable li\u00e9e \u00e0 la biomasse est celle des particuliers. On constate, aujourd&rsquo;hui, un abandon des chemin\u00e9es ouvertes, mais, \u00e0 contrario, une \u00e9volution importante du parc, des po\u00eales\u00a0\u00e0 buches (27 % du march\u00e9) et l&rsquo;\u00e9mergence du po\u00eale \u00e0 granul\u00e9s. Le premier appareil de chauffage est le foyer ferm\u00e9. L&rsquo;am\u00e9lioration des rendements a \u00e9t\u00e9 accompagn\u00e9e d&rsquo;une isolation des logements, ce qui fait que la combustion et la qualit\u00e9 de l&rsquo;air sont meilleures. On diminue donc la quantit\u00e9 de bois utilis\u00e9e par m\u00e9nage. Cette enqu\u00eate nous montre aussi une diminution\u00a0des utilisateurs du bois domestique pour se chauffer. On remarque aussi que les particuliers font davantage appel \u00e0 des professionnels pour se fournir. Le bois peut s&rsquo;inscrire comme l&rsquo;\u00e9nergie renouvelable de demain pour le chauffage des particuliers comme pour celui des collectivit\u00e9s et des industries.\u00a0\u00bb<\/em><\/p>\n<p><strong>St\u00e9phane Cousin :<\/strong> \u00ab\u00a0Le Cibe (<em>Comit\u00e9 interprofessionnel du bois- \u00e9nergie) est l&rsquo;interprofession du bois-\u00e9nergie pour les utilisations collectives et individuelles. C&rsquo;est une association qui regroupe 150 adh\u00e9rents et fonctionne avec des commissions de travail sur les diff\u00e9rentes th\u00e9matiques du bois-\u00e9nergie. Traditionnellement, on s&rsquo;int\u00e9resse au bois dans le collectif tertiaire \u00e0 travers les chaufferies au bois, tandis que, dans l&rsquo;industrie, c&rsquo;est un peu plus compliqu\u00e9\u2026 hormis pour les industries du bois, qui exploitent les sous-produits sur site pour leur \u00e9nergie. Quant aux autres industriels, cela d\u00e9pend du contexte \u00e9nerg\u00e9tique. L&rsquo;industriel va rechercher la rentabilit\u00e9 : une \u00e9nergie qui lui co\u00fbte moins cher que son \u00e9nergie fossile\u00a0de r\u00e9f\u00e9rence (le gaz principalement). Concernant la ressource, on a trois grandes cat\u00e9gories : bois sur pied, ressource industrielle, bois en fin de vie. \u00c0 partir de celles-ci, on peut fabriquer des combustibles. Le chauffage collectif industriel a de beaux jours devant lui. On a recens\u00e9 au Cibe plus de 6 000 installations\u00a0collectives industrielles au bois, ce qui n&rsquo;est pas rien.\u00a0\u00bb<\/em><\/p>\n","protected":false},"excerpt":{"rendered":"<p>Intervenants :\u00a0 Laura Pa\u00efs &#8211; Animatrice r\u00e9gionale Bois-\u00c9nergie &#8211; Atlanbois St\u00e9phane Cousin &#8211; Charg\u00e9 de mission &#8211; Comit\u00e9 interprofessionnel du bois-\u00e9nergie Hugues De Cherisey &#8211; Secr\u00e9taire g\u00e9n\u00e9ral &#8211; Syndicat national des producteurs de granul\u00e9s de bois Alice Fautrad &#8211; Ing\u00e9nieure service For\u00eat Alimentation Bio-\u00e9conomie Laura Pa\u00efs : \u00ab\u00a0Atlanbois, interprofession r\u00e9gionale de la fili\u00e8re for\u00eat-bois en [&hellip;]<\/p>\n","protected":false},"author":1,"featured_media":99233,"comment_status":"closed","ping_status":"closed","sticky":false,"template":"","format":"standard","meta":{"_et_pb_use_builder":"","_et_pb_old_content":"","_et_gb_content_width":"","footnotes":""},"categories":[11200],"tags":[44,11054,12409,60,12498,11060],"class_list":["post-99232","post","type-post","status-publish","format-standard","has-post-thumbnail","hentry","category-batijournal-tv","tag-bois","tag-carrefour-international-du-bois","tag-cib-2018","tag-energie","tag-flux","tag-ressources"],"yoast_head":"<!-- This site is optimized with the Yoast SEO plugin v27.4 - https:\/\/yoast.com\/product\/yoast-seo-wordpress\/ -->\n<title>Bois-\u00e9nergie : ressources et flux - Carrefour international du bois 2018<\/title>\n<meta name=\"description\" content=\"&quot;Bois-\u00e9nergie : ressources et flux&quot; un th\u00e8me que nous abordons sur le plateau Batijournal.TV au Carreefour International du bois 2018\" \/>\n<meta name=\"robots\" content=\"index, follow, max-snippet:-1, max-image-preview:large, max-video-preview:-1\" \/>\n<link rel=\"canonical\" href=\"https:\/\/batijournal.com\/index.php\/cib-2018-bois-energie\/99232\/\" \/>\n<meta property=\"og:locale\" content=\"fr_FR\" \/>\n<meta property=\"og:type\" content=\"article\" \/>\n<meta property=\"og:title\" content=\"Bois-\u00e9nergie : ressources et flux - Carrefour international du bois 2018\" \/>\n<meta property=\"og:description\" content=\"&quot;Bois-\u00e9nergie : ressources et flux&quot; un th\u00e8me que nous abordons sur le plateau Batijournal.TV au Carreefour International du bois 2018\" \/>\n<meta property=\"og:url\" content=\"https:\/\/batijournal.com\/index.php\/cib-2018-bois-energie\/99232\/\" \/>\n<meta property=\"og:site_name\" content=\"Batijournal\" \/>\n<meta property=\"article:published_time\" content=\"2018-05-30T13:56:53+00:00\" \/>\n<meta property=\"article:modified_time\" content=\"2019-07-15T15:02:36+00:00\" \/>\n<meta property=\"og:image\" content=\"https:\/\/batijournal.com\/wp-content\/uploads\/2018\/05\/carrefour-international-du-bois-3.jpg\" \/>\n\t<meta property=\"og:image:width\" content=\"1280\" \/>\n\t<meta property=\"og:image:height\" content=\"720\" \/>\n\t<meta property=\"og:image:type\" content=\"image\/jpeg\" \/>\n<meta name=\"author\" content=\"Bati-journal\" \/>\n<meta name=\"twitter:card\" content=\"summary_large_image\" \/>\n<meta name=\"twitter:creator\" content=\"@bati_journal\" \/>\n<meta name=\"twitter:site\" content=\"@bati_journal\" \/>\n<meta name=\"twitter:label1\" content=\"\u00c9crit par\" \/>\n\t<meta name=\"twitter:data1\" content=\"Bati-journal\" \/>\n\t<meta name=\"twitter:label2\" content=\"Dur\u00e9e de lecture estim\u00e9e\" \/>\n\t<meta name=\"twitter:data2\" content=\"4 minutes\" \/>\n<script type=\"application\/ld+json\" class=\"yoast-schema-graph\">{\"@context\":\"https:\\\/\\\/schema.org\",\"@graph\":[{\"@type\":\"Article\",\"@id\":\"https:\\\/\\\/batijournal.com\\\/index.php\\\/cib-2018-bois-energie\\\/99232\\\/#article\",\"isPartOf\":{\"@id\":\"https:\\\/\\\/batijournal.com\\\/index.php\\\/cib-2018-bois-energie\\\/99232\\\/\"},\"author\":{\"name\":\"Bati-journal\",\"@id\":\"https:\\\/\\\/batijournal.com\\\/#\\\/schema\\\/person\\\/6a657e8967569e1b299972574848aa76\"},\"headline\":\"Carrefour international du bois 2018 &#8211; Bois-\u00e9nergie : ressources et flux\",\"datePublished\":\"2018-05-30T13:56:53+00:00\",\"dateModified\":\"2019-07-15T15:02:36+00:00\",\"mainEntityOfPage\":{\"@id\":\"https:\\\/\\\/batijournal.com\\\/index.php\\\/cib-2018-bois-energie\\\/99232\\\/\"},\"wordCount\":871,\"image\":{\"@id\":\"https:\\\/\\\/batijournal.com\\\/index.php\\\/cib-2018-bois-energie\\\/99232\\\/#primaryimage\"},\"thumbnailUrl\":\"https:\\\/\\\/batijournal.com\\\/wp-content\\\/uploads\\\/2018\\\/05\\\/carrefour-international-du-bois-3.jpg\",\"keywords\":[\"bois\",\"Carrefour international du bois\",\"cib 2018\",\"\u00e9nergie\",\"flux\",\"ressources\"],\"articleSection\":[\"batijournal TV\"],\"inLanguage\":\"fr-FR\"},{\"@type\":\"WebPage\",\"@id\":\"https:\\\/\\\/batijournal.com\\\/index.php\\\/cib-2018-bois-energie\\\/99232\\\/\",\"url\":\"https:\\\/\\\/batijournal.com\\\/index.php\\\/cib-2018-bois-energie\\\/99232\\\/\",\"name\":\"Bois-\u00e9nergie : ressources et flux - Carrefour international du bois 2018\",\"isPartOf\":{\"@id\":\"https:\\\/\\\/batijournal.com\\\/#website\"},\"primaryImageOfPage\":{\"@id\":\"https:\\\/\\\/batijournal.com\\\/index.php\\\/cib-2018-bois-energie\\\/99232\\\/#primaryimage\"},\"image\":{\"@id\":\"https:\\\/\\\/batijournal.com\\\/index.php\\\/cib-2018-bois-energie\\\/99232\\\/#primaryimage\"},\"thumbnailUrl\":\"https:\\\/\\\/batijournal.com\\\/wp-content\\\/uploads\\\/2018\\\/05\\\/carrefour-international-du-bois-3.jpg\",\"datePublished\":\"2018-05-30T13:56:53+00:00\",\"dateModified\":\"2019-07-15T15:02:36+00:00\",\"author\":{\"@id\":\"https:\\\/\\\/batijournal.com\\\/#\\\/schema\\\/person\\\/6a657e8967569e1b299972574848aa76\"},\"description\":\"\\\"Bois-\u00e9nergie : ressources et flux\\\" un th\u00e8me que nous abordons sur le plateau Batijournal.TV au Carreefour International du bois 2018\",\"breadcrumb\":{\"@id\":\"https:\\\/\\\/batijournal.com\\\/index.php\\\/cib-2018-bois-energie\\\/99232\\\/#breadcrumb\"},\"inLanguage\":\"fr-FR\",\"potentialAction\":[{\"@type\":\"ReadAction\",\"target\":[\"https:\\\/\\\/batijournal.com\\\/index.php\\\/cib-2018-bois-energie\\\/99232\\\/\"]}]},{\"@type\":\"ImageObject\",\"inLanguage\":\"fr-FR\",\"@id\":\"https:\\\/\\\/batijournal.com\\\/index.php\\\/cib-2018-bois-energie\\\/99232\\\/#primaryimage\",\"url\":\"https:\\\/\\\/batijournal.com\\\/wp-content\\\/uploads\\\/2018\\\/05\\\/carrefour-international-du-bois-3.jpg\",\"contentUrl\":\"https:\\\/\\\/batijournal.com\\\/wp-content\\\/uploads\\\/2018\\\/05\\\/carrefour-international-du-bois-3.jpg\",\"width\":1280,\"height\":720},{\"@type\":\"BreadcrumbList\",\"@id\":\"https:\\\/\\\/batijournal.com\\\/index.php\\\/cib-2018-bois-energie\\\/99232\\\/#breadcrumb\",\"itemListElement\":[{\"@type\":\"ListItem\",\"position\":1,\"name\":\"Accueil\",\"item\":\"https:\\\/\\\/batijournal.com\\\/\"},{\"@type\":\"ListItem\",\"position\":2,\"name\":\"batijournal TV\",\"item\":\"https:\\\/\\\/batijournal.com\\\/index.php\\\/category\\\/batijournal-tv\\\/\"},{\"@type\":\"ListItem\",\"position\":3,\"name\":\"Carrefour international du bois 2018 &#8211; Bois-\u00e9nergie : ressources et flux\"}]},{\"@type\":\"WebSite\",\"@id\":\"https:\\\/\\\/batijournal.com\\\/#website\",\"url\":\"https:\\\/\\\/batijournal.com\\\/\",\"name\":\"Batijournal\",\"description\":\"L&#039;actualit\u00e9 du b\u00e2timent\",\"potentialAction\":[{\"@type\":\"SearchAction\",\"target\":{\"@type\":\"EntryPoint\",\"urlTemplate\":\"https:\\\/\\\/batijournal.com\\\/?s={search_term_string}\"},\"query-input\":{\"@type\":\"PropertyValueSpecification\",\"valueRequired\":true,\"valueName\":\"search_term_string\"}}],\"inLanguage\":\"fr-FR\"},{\"@type\":\"Person\",\"@id\":\"https:\\\/\\\/batijournal.com\\\/#\\\/schema\\\/person\\\/6a657e8967569e1b299972574848aa76\",\"name\":\"Bati-journal\",\"image\":{\"@type\":\"ImageObject\",\"inLanguage\":\"fr-FR\",\"@id\":\"https:\\\/\\\/secure.gravatar.com\\\/avatar\\\/a64364ea26392f9b4dd47e017ddaec74ff03aefc073b49e492e847201258f777?s=96&d=mm&r=g\",\"url\":\"https:\\\/\\\/secure.gravatar.com\\\/avatar\\\/a64364ea26392f9b4dd47e017ddaec74ff03aefc073b49e492e847201258f777?s=96&d=mm&r=g\",\"contentUrl\":\"https:\\\/\\\/secure.gravatar.com\\\/avatar\\\/a64364ea26392f9b4dd47e017ddaec74ff03aefc073b49e492e847201258f777?s=96&d=mm&r=g\",\"caption\":\"Bati-journal\"},\"url\":\"https:\\\/\\\/batijournal.com\\\/index.php\\\/author\\\/elodie\\\/\"}]}<\/script>\n<!-- \/ Yoast SEO plugin. -->","yoast_head_json":{"title":"Bois-\u00e9nergie : ressources et flux - Carrefour international du bois 2018","description":"\"Bois-\u00e9nergie : ressources et flux\" un th\u00e8me que nous abordons sur le plateau Batijournal.TV au Carreefour International du bois 2018","robots":{"index":"index","follow":"follow","max-snippet":"max-snippet:-1","max-image-preview":"max-image-preview:large","max-video-preview":"max-video-preview:-1"},"canonical":"https:\/\/batijournal.com\/index.php\/cib-2018-bois-energie\/99232\/","og_locale":"fr_FR","og_type":"article","og_title":"Bois-\u00e9nergie : ressources et flux - Carrefour international du bois 2018","og_description":"\"Bois-\u00e9nergie : ressources et flux\" un th\u00e8me que nous abordons sur le plateau Batijournal.TV au Carreefour International du bois 2018","og_url":"https:\/\/batijournal.com\/index.php\/cib-2018-bois-energie\/99232\/","og_site_name":"Batijournal","article_published_time":"2018-05-30T13:56:53+00:00","article_modified_time":"2019-07-15T15:02:36+00:00","og_image":[{"width":1280,"height":720,"url":"https:\/\/batijournal.com\/wp-content\/uploads\/2018\/05\/carrefour-international-du-bois-3.jpg","type":"image\/jpeg"}],"author":"Bati-journal","twitter_card":"summary_large_image","twitter_creator":"@bati_journal","twitter_site":"@bati_journal","twitter_misc":{"\u00c9crit par":"Bati-journal","Dur\u00e9e de lecture estim\u00e9e":"4 minutes"},"schema":{"@context":"https:\/\/schema.org","@graph":[{"@type":"Article","@id":"https:\/\/batijournal.com\/index.php\/cib-2018-bois-energie\/99232\/#article","isPartOf":{"@id":"https:\/\/batijournal.com\/index.php\/cib-2018-bois-energie\/99232\/"},"author":{"name":"Bati-journal","@id":"https:\/\/batijournal.com\/#\/schema\/person\/6a657e8967569e1b299972574848aa76"},"headline":"Carrefour international du bois 2018 &#8211; Bois-\u00e9nergie : ressources et flux","datePublished":"2018-05-30T13:56:53+00:00","dateModified":"2019-07-15T15:02:36+00:00","mainEntityOfPage":{"@id":"https:\/\/batijournal.com\/index.php\/cib-2018-bois-energie\/99232\/"},"wordCount":871,"image":{"@id":"https:\/\/batijournal.com\/index.php\/cib-2018-bois-energie\/99232\/#primaryimage"},"thumbnailUrl":"https:\/\/batijournal.com\/wp-content\/uploads\/2018\/05\/carrefour-international-du-bois-3.jpg","keywords":["bois","Carrefour international du bois","cib 2018","\u00e9nergie","flux","ressources"],"articleSection":["batijournal TV"],"inLanguage":"fr-FR"},{"@type":"WebPage","@id":"https:\/\/batijournal.com\/index.php\/cib-2018-bois-energie\/99232\/","url":"https:\/\/batijournal.com\/index.php\/cib-2018-bois-energie\/99232\/","name":"Bois-\u00e9nergie : ressources et flux - Carrefour international du bois 2018","isPartOf":{"@id":"https:\/\/batijournal.com\/#website"},"primaryImageOfPage":{"@id":"https:\/\/batijournal.com\/index.php\/cib-2018-bois-energie\/99232\/#primaryimage"},"image":{"@id":"https:\/\/batijournal.com\/index.php\/cib-2018-bois-energie\/99232\/#primaryimage"},"thumbnailUrl":"https:\/\/batijournal.com\/wp-content\/uploads\/2018\/05\/carrefour-international-du-bois-3.jpg","datePublished":"2018-05-30T13:56:53+00:00","dateModified":"2019-07-15T15:02:36+00:00","author":{"@id":"https:\/\/batijournal.com\/#\/schema\/person\/6a657e8967569e1b299972574848aa76"},"description":"\"Bois-\u00e9nergie : ressources et flux\" un th\u00e8me que nous abordons sur le plateau Batijournal.TV au Carreefour International du bois 2018","breadcrumb":{"@id":"https:\/\/batijournal.com\/index.php\/cib-2018-bois-energie\/99232\/#breadcrumb"},"inLanguage":"fr-FR","potentialAction":[{"@type":"ReadAction","target":["https:\/\/batijournal.com\/index.php\/cib-2018-bois-energie\/99232\/"]}]},{"@type":"ImageObject","inLanguage":"fr-FR","@id":"https:\/\/batijournal.com\/index.php\/cib-2018-bois-energie\/99232\/#primaryimage","url":"https:\/\/batijournal.com\/wp-content\/uploads\/2018\/05\/carrefour-international-du-bois-3.jpg","contentUrl":"https:\/\/batijournal.com\/wp-content\/uploads\/2018\/05\/carrefour-international-du-bois-3.jpg","width":1280,"height":720},{"@type":"BreadcrumbList","@id":"https:\/\/batijournal.com\/index.php\/cib-2018-bois-energie\/99232\/#breadcrumb","itemListElement":[{"@type":"ListItem","position":1,"name":"Accueil","item":"https:\/\/batijournal.com\/"},{"@type":"ListItem","position":2,"name":"batijournal TV","item":"https:\/\/batijournal.com\/index.php\/category\/batijournal-tv\/"},{"@type":"ListItem","position":3,"name":"Carrefour international du bois 2018 &#8211; Bois-\u00e9nergie : ressources et flux"}]},{"@type":"WebSite","@id":"https:\/\/batijournal.com\/#website","url":"https:\/\/batijournal.com\/","name":"Batijournal","description":"L&#039;actualit\u00e9 du b\u00e2timent","potentialAction":[{"@type":"SearchAction","target":{"@type":"EntryPoint","urlTemplate":"https:\/\/batijournal.com\/?s={search_term_string}"},"query-input":{"@type":"PropertyValueSpecification","valueRequired":true,"valueName":"search_term_string"}}],"inLanguage":"fr-FR"},{"@type":"Person","@id":"https:\/\/batijournal.com\/#\/schema\/person\/6a657e8967569e1b299972574848aa76","name":"Bati-journal","image":{"@type":"ImageObject","inLanguage":"fr-FR","@id":"https:\/\/secure.gravatar.com\/avatar\/a64364ea26392f9b4dd47e017ddaec74ff03aefc073b49e492e847201258f777?s=96&d=mm&r=g","url":"https:\/\/secure.gravatar.com\/avatar\/a64364ea26392f9b4dd47e017ddaec74ff03aefc073b49e492e847201258f777?s=96&d=mm&r=g","contentUrl":"https:\/\/secure.gravatar.com\/avatar\/a64364ea26392f9b4dd47e017ddaec74ff03aefc073b49e492e847201258f777?s=96&d=mm&r=g","caption":"Bati-journal"},"url":"https:\/\/batijournal.com\/index.php\/author\/elodie\/"}]}},"_links":{"self":[{"href":"https:\/\/batijournal.com\/index.php\/wp-json\/wp\/v2\/posts\/99232","targetHints":{"allow":["GET"]}}],"collection":[{"href":"https:\/\/batijournal.com\/index.php\/wp-json\/wp\/v2\/posts"}],"about":[{"href":"https:\/\/batijournal.com\/index.php\/wp-json\/wp\/v2\/types\/post"}],"author":[{"embeddable":true,"href":"https:\/\/batijournal.com\/index.php\/wp-json\/wp\/v2\/users\/1"}],"replies":[{"embeddable":true,"href":"https:\/\/batijournal.com\/index.php\/wp-json\/wp\/v2\/comments?post=99232"}],"version-history":[{"count":0,"href":"https:\/\/batijournal.com\/index.php\/wp-json\/wp\/v2\/posts\/99232\/revisions"}],"wp:featuredmedia":[{"embeddable":true,"href":"https:\/\/batijournal.com\/index.php\/wp-json\/wp\/v2\/media\/99233"}],"wp:attachment":[{"href":"https:\/\/batijournal.com\/index.php\/wp-json\/wp\/v2\/media?parent=99232"}],"wp:term":[{"taxonomy":"category","embeddable":true,"href":"https:\/\/batijournal.com\/index.php\/wp-json\/wp\/v2\/categories?post=99232"},{"taxonomy":"post_tag","embeddable":true,"href":"https:\/\/batijournal.com\/index.php\/wp-json\/wp\/v2\/tags?post=99232"}],"curies":[{"name":"wp","href":"https:\/\/api.w.org\/{rel}","templated":true}]}}