{"id":99293,"date":"2018-06-01T12:16:23","date_gmt":"2018-06-01T10:16:23","guid":{"rendered":"https:\/\/batijournal.com\/?p=99293"},"modified":"2019-07-15T17:02:34","modified_gmt":"2019-07-15T15:02:34","slug":"carrefour-international-du-bois-2018-wood-surfer-my-wooden-life","status":"publish","type":"post","link":"https:\/\/batijournal.com\/index.php\/carrefour-international-du-bois-2018-wood-surfer-my-wooden-life\/99293\/","title":{"rendered":"Carrefour international du bois 2018 &#8211; Wood Surfer \/ My Wooden Life"},"content":{"rendered":"<p><iframe loading=\"lazy\" src=\"https:\/\/www.youtube.com\/embed\/fd1xjUtCVi0\" width=\"560\" height=\"315\" frameborder=\"0\" allowfullscreen=\"allowfullscreen\" data-mce-fragment=\"1\"><\/iframe><\/p>\n<p><strong>Intervenants :<br \/>\n&#8211;<\/strong>\u00a0C\u00e9cile Touret, cofondatrice de My Wooden Life<br \/>\n&#8211; Marie-C\u00e9cile Pinson, cofondatrice de My Wooden Life<br \/>\n&#8211; Bernard Lechevalier, directeur de la publication, \u00c9ditions des Halles<\/p>\n<p>C\u00e9cile Touret : <em>\u00ab\u00a0My Wooden Life est une plateforme qui donne des exemples de l&rsquo;art de vivre autour de l&rsquo;architecture, du design et du mat\u00e9riau bois. Vous pouvez y trouver des articles, des r\u00e9alisations avec une possibilit\u00e9 de les tester, notamment le lyc\u00e9e Nelson-Mandela, le lyc\u00e9e de Carquefou, un \u00ab\u00a0coffee shop\u00a0\u00bb, un haras&#8230; Dans ce num\u00e9ro de <\/em>Wood Surfer<em>, nous expliquons notre d\u00e9marche, et les lecteurs vont y retrouver un article plus d\u00e9taill\u00e9 sur le haras de Strasbourg. Dans les num\u00e9ros \u00e0 venir, l&rsquo;id\u00e9e est d&rsquo;\u00e9crire sur une th\u00e9matique ou un point de vue.\u00a0\u00bb<\/em><\/p>\n<p>Marie-C\u00e9cile Pinson : \u00ab\u00a0<em>Le cadre de vie est lieu de vie. My Wooden Life est une plateforme num\u00e9rique. Cette plateforme va accueillir des articles de fond.\u00a0\u00bb<\/em><\/p>\n<p>Bernard Lechevalier : \u00ab\u00a0Wood Surfer <em>a \u00e9t\u00e9 cr\u00e9\u00e9 il y a une vingtaine d&rsquo;ann\u00e9es autour du bois dans la construction. Nous avions une fili\u00e8re pour laquelle la construction constitue un moteur essentiel en terme de volume \u00e9conomique. Nous sommes partis du constat qu&rsquo;il fallait un magazine d\u00e9di\u00e9 au bois dans l&rsquo;architecture et dans la construction\u2026 cela fait 18 ans que l&rsquo;on accompagne cette fili\u00e8re. <\/em>Wood Surfer<em> propose \u00e0 ses lecteurs l&rsquo;actualit\u00e9 de la fili\u00e8re bois-construction, des chantiers, des r\u00e9alisations&#8230; Nous essayons d&rsquo;apporter au lectorat un certain nombre d&rsquo;\u00e9l\u00e9ments essentiels. Nous y r\u00e9alisons aussi une rubrique intitul\u00e9e \u00ab\u00a0Chantier bois de A \u00e0 Z\u00a0\u00bb dans laquelle est d\u00e9crypt\u00e9 un chantier \u00e0 travers divers aspects : parti architectural, \u00e9tudes de conception, r\u00e9alisation. Nous avons d\u00e9sormais une nouvelle rubrique : \u00ab\u00a0My Wooden Life\u00a0\u00bb.\u00a0\u00bb\u00a0<\/em><\/p>\n","protected":false},"excerpt":{"rendered":"<p>Intervenants : &#8211;\u00a0C\u00e9cile Touret, cofondatrice de My Wooden Life &#8211; Marie-C\u00e9cile Pinson, cofondatrice de My Wooden Life &#8211; Bernard Lechevalier, directeur de la publication, \u00c9ditions des Halles C\u00e9cile Touret : \u00ab\u00a0My Wooden Life est une plateforme qui donne des exemples de l&rsquo;art de vivre autour de l&rsquo;architecture, du design et du mat\u00e9riau bois. Vous pouvez [&hellip;]<\/p>\n","protected":false},"author":1,"featured_media":99294,"comment_status":"closed","ping_status":"closed","sticky":false,"template":"","format":"standard","meta":{"_et_pb_use_builder":"","_et_pb_old_content":"","_et_gb_content_width":"","footnotes":""},"categories":[11200],"tags":[12409],"class_list":["post-99293","post","type-post","status-publish","format-standard","has-post-thumbnail","hentry","category-batijournal-tv","tag-cib-2018"],"yoast_head":"<!-- This site is optimized with the Yoast SEO plugin v27.4 - https:\/\/yoast.com\/product\/yoast-seo-wordpress\/ -->\n<title>Wood Surfer \/ My Wooden Life au Carrefour International du Bois<\/title>\n<meta name=\"description\" content=\"Wood Surfer &amp; My Wooden Life sont les invit\u00e9s du plateau TV Batijournal pr\u00e9sent lors du Carrefour International du Bois 2018\" \/>\n<meta name=\"robots\" content=\"index, follow, max-snippet:-1, max-image-preview:large, max-video-preview:-1\" \/>\n<link rel=\"canonical\" href=\"https:\/\/batijournal.com\/index.php\/carrefour-international-du-bois-2018-wood-surfer-my-wooden-life\/99293\/\" \/>\n<meta property=\"og:locale\" content=\"fr_FR\" \/>\n<meta property=\"og:type\" content=\"article\" \/>\n<meta property=\"og:title\" content=\"Wood Surfer \/ My Wooden Life au Carrefour International du Bois\" \/>\n<meta property=\"og:description\" content=\"Wood Surfer &amp; My Wooden Life sont les invit\u00e9s du plateau TV Batijournal pr\u00e9sent lors du Carrefour International du Bois 2018\" \/>\n<meta property=\"og:url\" content=\"https:\/\/batijournal.com\/index.php\/carrefour-international-du-bois-2018-wood-surfer-my-wooden-life\/99293\/\" \/>\n<meta property=\"og:site_name\" content=\"Batijournal\" \/>\n<meta property=\"article:published_time\" content=\"2018-06-01T10:16:23+00:00\" \/>\n<meta property=\"article:modified_time\" content=\"2019-07-15T15:02:34+00:00\" \/>\n<meta property=\"og:image\" content=\"https:\/\/batijournal.com\/wp-content\/uploads\/2018\/06\/carrefour-international-du-bois-3.jpg\" \/>\n\t<meta property=\"og:image:width\" content=\"1280\" \/>\n\t<meta property=\"og:image:height\" content=\"720\" \/>\n\t<meta property=\"og:image:type\" content=\"image\/jpeg\" \/>\n<meta name=\"author\" content=\"Bati-journal\" \/>\n<meta name=\"twitter:card\" content=\"summary_large_image\" \/>\n<meta name=\"twitter:creator\" content=\"@bati_journal\" \/>\n<meta name=\"twitter:site\" content=\"@bati_journal\" \/>\n<meta name=\"twitter:label1\" content=\"\u00c9crit par\" \/>\n\t<meta name=\"twitter:data1\" content=\"Bati-journal\" \/>\n\t<meta name=\"twitter:label2\" content=\"Dur\u00e9e de lecture estim\u00e9e\" \/>\n\t<meta name=\"twitter:data2\" content=\"1 minute\" \/>\n<script type=\"application\/ld+json\" class=\"yoast-schema-graph\">{\"@context\":\"https:\\\/\\\/schema.org\",\"@graph\":[{\"@type\":\"Article\",\"@id\":\"https:\\\/\\\/batijournal.com\\\/index.php\\\/carrefour-international-du-bois-2018-wood-surfer-my-wooden-life\\\/99293\\\/#article\",\"isPartOf\":{\"@id\":\"https:\\\/\\\/batijournal.com\\\/index.php\\\/carrefour-international-du-bois-2018-wood-surfer-my-wooden-life\\\/99293\\\/\"},\"author\":{\"name\":\"Bati-journal\",\"@id\":\"https:\\\/\\\/batijournal.com\\\/#\\\/schema\\\/person\\\/6a657e8967569e1b299972574848aa76\"},\"headline\":\"Carrefour international du bois 2018 &#8211; Wood Surfer \\\/ My Wooden Life\",\"datePublished\":\"2018-06-01T10:16:23+00:00\",\"dateModified\":\"2019-07-15T15:02:34+00:00\",\"mainEntityOfPage\":{\"@id\":\"https:\\\/\\\/batijournal.com\\\/index.php\\\/carrefour-international-du-bois-2018-wood-surfer-my-wooden-life\\\/99293\\\/\"},\"wordCount\":314,\"image\":{\"@id\":\"https:\\\/\\\/batijournal.com\\\/index.php\\\/carrefour-international-du-bois-2018-wood-surfer-my-wooden-life\\\/99293\\\/#primaryimage\"},\"thumbnailUrl\":\"https:\\\/\\\/batijournal.com\\\/wp-content\\\/uploads\\\/2018\\\/06\\\/carrefour-international-du-bois-3.jpg\",\"keywords\":[\"cib 2018\"],\"articleSection\":[\"batijournal TV\"],\"inLanguage\":\"fr-FR\"},{\"@type\":\"WebPage\",\"@id\":\"https:\\\/\\\/batijournal.com\\\/index.php\\\/carrefour-international-du-bois-2018-wood-surfer-my-wooden-life\\\/99293\\\/\",\"url\":\"https:\\\/\\\/batijournal.com\\\/index.php\\\/carrefour-international-du-bois-2018-wood-surfer-my-wooden-life\\\/99293\\\/\",\"name\":\"Wood Surfer \\\/ My Wooden Life au Carrefour International du Bois\",\"isPartOf\":{\"@id\":\"https:\\\/\\\/batijournal.com\\\/#website\"},\"primaryImageOfPage\":{\"@id\":\"https:\\\/\\\/batijournal.com\\\/index.php\\\/carrefour-international-du-bois-2018-wood-surfer-my-wooden-life\\\/99293\\\/#primaryimage\"},\"image\":{\"@id\":\"https:\\\/\\\/batijournal.com\\\/index.php\\\/carrefour-international-du-bois-2018-wood-surfer-my-wooden-life\\\/99293\\\/#primaryimage\"},\"thumbnailUrl\":\"https:\\\/\\\/batijournal.com\\\/wp-content\\\/uploads\\\/2018\\\/06\\\/carrefour-international-du-bois-3.jpg\",\"datePublished\":\"2018-06-01T10:16:23+00:00\",\"dateModified\":\"2019-07-15T15:02:34+00:00\",\"author\":{\"@id\":\"https:\\\/\\\/batijournal.com\\\/#\\\/schema\\\/person\\\/6a657e8967569e1b299972574848aa76\"},\"description\":\"Wood Surfer & My Wooden Life sont les invit\u00e9s du plateau TV Batijournal pr\u00e9sent lors du Carrefour International du Bois 2018\",\"breadcrumb\":{\"@id\":\"https:\\\/\\\/batijournal.com\\\/index.php\\\/carrefour-international-du-bois-2018-wood-surfer-my-wooden-life\\\/99293\\\/#breadcrumb\"},\"inLanguage\":\"fr-FR\",\"potentialAction\":[{\"@type\":\"ReadAction\",\"target\":[\"https:\\\/\\\/batijournal.com\\\/index.php\\\/carrefour-international-du-bois-2018-wood-surfer-my-wooden-life\\\/99293\\\/\"]}]},{\"@type\":\"ImageObject\",\"inLanguage\":\"fr-FR\",\"@id\":\"https:\\\/\\\/batijournal.com\\\/index.php\\\/carrefour-international-du-bois-2018-wood-surfer-my-wooden-life\\\/99293\\\/#primaryimage\",\"url\":\"https:\\\/\\\/batijournal.com\\\/wp-content\\\/uploads\\\/2018\\\/06\\\/carrefour-international-du-bois-3.jpg\",\"contentUrl\":\"https:\\\/\\\/batijournal.com\\\/wp-content\\\/uploads\\\/2018\\\/06\\\/carrefour-international-du-bois-3.jpg\",\"width\":1280,\"height\":720,\"caption\":\"Wood Surfer My Wooden Life\"},{\"@type\":\"BreadcrumbList\",\"@id\":\"https:\\\/\\\/batijournal.com\\\/index.php\\\/carrefour-international-du-bois-2018-wood-surfer-my-wooden-life\\\/99293\\\/#breadcrumb\",\"itemListElement\":[{\"@type\":\"ListItem\",\"position\":1,\"name\":\"Accueil\",\"item\":\"https:\\\/\\\/batijournal.com\\\/\"},{\"@type\":\"ListItem\",\"position\":2,\"name\":\"batijournal TV\",\"item\":\"https:\\\/\\\/batijournal.com\\\/index.php\\\/category\\\/batijournal-tv\\\/\"},{\"@type\":\"ListItem\",\"position\":3,\"name\":\"Carrefour international du bois 2018 &#8211; Wood Surfer \\\/ My Wooden Life\"}]},{\"@type\":\"WebSite\",\"@id\":\"https:\\\/\\\/batijournal.com\\\/#website\",\"url\":\"https:\\\/\\\/batijournal.com\\\/\",\"name\":\"Batijournal\",\"description\":\"L&#039;actualit\u00e9 du b\u00e2timent\",\"potentialAction\":[{\"@type\":\"SearchAction\",\"target\":{\"@type\":\"EntryPoint\",\"urlTemplate\":\"https:\\\/\\\/batijournal.com\\\/?s={search_term_string}\"},\"query-input\":{\"@type\":\"PropertyValueSpecification\",\"valueRequired\":true,\"valueName\":\"search_term_string\"}}],\"inLanguage\":\"fr-FR\"},{\"@type\":\"Person\",\"@id\":\"https:\\\/\\\/batijournal.com\\\/#\\\/schema\\\/person\\\/6a657e8967569e1b299972574848aa76\",\"name\":\"Bati-journal\",\"image\":{\"@type\":\"ImageObject\",\"inLanguage\":\"fr-FR\",\"@id\":\"https:\\\/\\\/secure.gravatar.com\\\/avatar\\\/a64364ea26392f9b4dd47e017ddaec74ff03aefc073b49e492e847201258f777?s=96&d=mm&r=g\",\"url\":\"https:\\\/\\\/secure.gravatar.com\\\/avatar\\\/a64364ea26392f9b4dd47e017ddaec74ff03aefc073b49e492e847201258f777?s=96&d=mm&r=g\",\"contentUrl\":\"https:\\\/\\\/secure.gravatar.com\\\/avatar\\\/a64364ea26392f9b4dd47e017ddaec74ff03aefc073b49e492e847201258f777?s=96&d=mm&r=g\",\"caption\":\"Bati-journal\"},\"url\":\"https:\\\/\\\/batijournal.com\\\/index.php\\\/author\\\/elodie\\\/\"}]}<\/script>\n<!-- \/ Yoast SEO plugin. -->","yoast_head_json":{"title":"Wood Surfer \/ My Wooden Life au Carrefour International du Bois","description":"Wood Surfer & My Wooden Life sont les invit\u00e9s du plateau TV Batijournal pr\u00e9sent lors du Carrefour International du Bois 2018","robots":{"index":"index","follow":"follow","max-snippet":"max-snippet:-1","max-image-preview":"max-image-preview:large","max-video-preview":"max-video-preview:-1"},"canonical":"https:\/\/batijournal.com\/index.php\/carrefour-international-du-bois-2018-wood-surfer-my-wooden-life\/99293\/","og_locale":"fr_FR","og_type":"article","og_title":"Wood Surfer \/ My Wooden Life au Carrefour International du Bois","og_description":"Wood Surfer & My Wooden Life sont les invit\u00e9s du plateau TV Batijournal pr\u00e9sent lors du Carrefour International du Bois 2018","og_url":"https:\/\/batijournal.com\/index.php\/carrefour-international-du-bois-2018-wood-surfer-my-wooden-life\/99293\/","og_site_name":"Batijournal","article_published_time":"2018-06-01T10:16:23+00:00","article_modified_time":"2019-07-15T15:02:34+00:00","og_image":[{"width":1280,"height":720,"url":"https:\/\/batijournal.com\/wp-content\/uploads\/2018\/06\/carrefour-international-du-bois-3.jpg","type":"image\/jpeg"}],"author":"Bati-journal","twitter_card":"summary_large_image","twitter_creator":"@bati_journal","twitter_site":"@bati_journal","twitter_misc":{"\u00c9crit par":"Bati-journal","Dur\u00e9e de lecture estim\u00e9e":"1 minute"},"schema":{"@context":"https:\/\/schema.org","@graph":[{"@type":"Article","@id":"https:\/\/batijournal.com\/index.php\/carrefour-international-du-bois-2018-wood-surfer-my-wooden-life\/99293\/#article","isPartOf":{"@id":"https:\/\/batijournal.com\/index.php\/carrefour-international-du-bois-2018-wood-surfer-my-wooden-life\/99293\/"},"author":{"name":"Bati-journal","@id":"https:\/\/batijournal.com\/#\/schema\/person\/6a657e8967569e1b299972574848aa76"},"headline":"Carrefour international du bois 2018 &#8211; Wood Surfer \/ My Wooden Life","datePublished":"2018-06-01T10:16:23+00:00","dateModified":"2019-07-15T15:02:34+00:00","mainEntityOfPage":{"@id":"https:\/\/batijournal.com\/index.php\/carrefour-international-du-bois-2018-wood-surfer-my-wooden-life\/99293\/"},"wordCount":314,"image":{"@id":"https:\/\/batijournal.com\/index.php\/carrefour-international-du-bois-2018-wood-surfer-my-wooden-life\/99293\/#primaryimage"},"thumbnailUrl":"https:\/\/batijournal.com\/wp-content\/uploads\/2018\/06\/carrefour-international-du-bois-3.jpg","keywords":["cib 2018"],"articleSection":["batijournal TV"],"inLanguage":"fr-FR"},{"@type":"WebPage","@id":"https:\/\/batijournal.com\/index.php\/carrefour-international-du-bois-2018-wood-surfer-my-wooden-life\/99293\/","url":"https:\/\/batijournal.com\/index.php\/carrefour-international-du-bois-2018-wood-surfer-my-wooden-life\/99293\/","name":"Wood Surfer \/ My Wooden Life au Carrefour International du Bois","isPartOf":{"@id":"https:\/\/batijournal.com\/#website"},"primaryImageOfPage":{"@id":"https:\/\/batijournal.com\/index.php\/carrefour-international-du-bois-2018-wood-surfer-my-wooden-life\/99293\/#primaryimage"},"image":{"@id":"https:\/\/batijournal.com\/index.php\/carrefour-international-du-bois-2018-wood-surfer-my-wooden-life\/99293\/#primaryimage"},"thumbnailUrl":"https:\/\/batijournal.com\/wp-content\/uploads\/2018\/06\/carrefour-international-du-bois-3.jpg","datePublished":"2018-06-01T10:16:23+00:00","dateModified":"2019-07-15T15:02:34+00:00","author":{"@id":"https:\/\/batijournal.com\/#\/schema\/person\/6a657e8967569e1b299972574848aa76"},"description":"Wood Surfer & My Wooden Life sont les invit\u00e9s du plateau TV Batijournal pr\u00e9sent lors du Carrefour International du Bois 2018","breadcrumb":{"@id":"https:\/\/batijournal.com\/index.php\/carrefour-international-du-bois-2018-wood-surfer-my-wooden-life\/99293\/#breadcrumb"},"inLanguage":"fr-FR","potentialAction":[{"@type":"ReadAction","target":["https:\/\/batijournal.com\/index.php\/carrefour-international-du-bois-2018-wood-surfer-my-wooden-life\/99293\/"]}]},{"@type":"ImageObject","inLanguage":"fr-FR","@id":"https:\/\/batijournal.com\/index.php\/carrefour-international-du-bois-2018-wood-surfer-my-wooden-life\/99293\/#primaryimage","url":"https:\/\/batijournal.com\/wp-content\/uploads\/2018\/06\/carrefour-international-du-bois-3.jpg","contentUrl":"https:\/\/batijournal.com\/wp-content\/uploads\/2018\/06\/carrefour-international-du-bois-3.jpg","width":1280,"height":720,"caption":"Wood Surfer My Wooden Life"},{"@type":"BreadcrumbList","@id":"https:\/\/batijournal.com\/index.php\/carrefour-international-du-bois-2018-wood-surfer-my-wooden-life\/99293\/#breadcrumb","itemListElement":[{"@type":"ListItem","position":1,"name":"Accueil","item":"https:\/\/batijournal.com\/"},{"@type":"ListItem","position":2,"name":"batijournal TV","item":"https:\/\/batijournal.com\/index.php\/category\/batijournal-tv\/"},{"@type":"ListItem","position":3,"name":"Carrefour international du bois 2018 &#8211; Wood Surfer \/ My Wooden Life"}]},{"@type":"WebSite","@id":"https:\/\/batijournal.com\/#website","url":"https:\/\/batijournal.com\/","name":"Batijournal","description":"L&#039;actualit\u00e9 du b\u00e2timent","potentialAction":[{"@type":"SearchAction","target":{"@type":"EntryPoint","urlTemplate":"https:\/\/batijournal.com\/?s={search_term_string}"},"query-input":{"@type":"PropertyValueSpecification","valueRequired":true,"valueName":"search_term_string"}}],"inLanguage":"fr-FR"},{"@type":"Person","@id":"https:\/\/batijournal.com\/#\/schema\/person\/6a657e8967569e1b299972574848aa76","name":"Bati-journal","image":{"@type":"ImageObject","inLanguage":"fr-FR","@id":"https:\/\/secure.gravatar.com\/avatar\/a64364ea26392f9b4dd47e017ddaec74ff03aefc073b49e492e847201258f777?s=96&d=mm&r=g","url":"https:\/\/secure.gravatar.com\/avatar\/a64364ea26392f9b4dd47e017ddaec74ff03aefc073b49e492e847201258f777?s=96&d=mm&r=g","contentUrl":"https:\/\/secure.gravatar.com\/avatar\/a64364ea26392f9b4dd47e017ddaec74ff03aefc073b49e492e847201258f777?s=96&d=mm&r=g","caption":"Bati-journal"},"url":"https:\/\/batijournal.com\/index.php\/author\/elodie\/"}]}},"_links":{"self":[{"href":"https:\/\/batijournal.com\/index.php\/wp-json\/wp\/v2\/posts\/99293","targetHints":{"allow":["GET"]}}],"collection":[{"href":"https:\/\/batijournal.com\/index.php\/wp-json\/wp\/v2\/posts"}],"about":[{"href":"https:\/\/batijournal.com\/index.php\/wp-json\/wp\/v2\/types\/post"}],"author":[{"embeddable":true,"href":"https:\/\/batijournal.com\/index.php\/wp-json\/wp\/v2\/users\/1"}],"replies":[{"embeddable":true,"href":"https:\/\/batijournal.com\/index.php\/wp-json\/wp\/v2\/comments?post=99293"}],"version-history":[{"count":0,"href":"https:\/\/batijournal.com\/index.php\/wp-json\/wp\/v2\/posts\/99293\/revisions"}],"wp:featuredmedia":[{"embeddable":true,"href":"https:\/\/batijournal.com\/index.php\/wp-json\/wp\/v2\/media\/99294"}],"wp:attachment":[{"href":"https:\/\/batijournal.com\/index.php\/wp-json\/wp\/v2\/media?parent=99293"}],"wp:term":[{"taxonomy":"category","embeddable":true,"href":"https:\/\/batijournal.com\/index.php\/wp-json\/wp\/v2\/categories?post=99293"},{"taxonomy":"post_tag","embeddable":true,"href":"https:\/\/batijournal.com\/index.php\/wp-json\/wp\/v2\/tags?post=99293"}],"curies":[{"name":"wp","href":"https:\/\/api.w.org\/{rel}","templated":true}]}}