{"id":99341,"date":"2018-06-05T17:29:45","date_gmt":"2018-06-05T15:29:45","guid":{"rendered":"https:\/\/batijournal.com\/?p=99341"},"modified":"2019-07-15T12:31:00","modified_gmt":"2019-07-15T10:31:00","slug":"enedis-et-lecole-polytechnique-partenariat-en-intelligence-artificielle","status":"publish","type":"post","link":"https:\/\/batijournal.com\/index.php\/enedis-et-lecole-polytechnique-partenariat-en-intelligence-artificielle\/99341\/","title":{"rendered":"ENEDIS et l&rsquo;\u00c9cole polytechnique nouent un partenariat en intelligence artificielle"},"content":{"rendered":"<p>Jean-Bernard Lartigue, D\u00e9l\u00e9gu\u00e9 G\u00e9n\u00e9ral de la Fondation de l&rsquo;\u00c9cole polytechnique et Frank Pacard, Directeur de l&rsquo;Enseignement et de la Recherche de l&rsquo;X ont sign\u00e9 mercredi 30 mai 2018 un partenariat avec Jean PAOLETTI, Directeur R\u00e9gional Enedis en Ile-de-France Est, en pr\u00e9sence de Dominique LAGARDE, Directeur du programme Mobilit\u00e9 \u00e9lectrique d&rsquo;Enedis. Ce rapprochement entre ENEDIS et l&rsquo;\u00c9cole polytechnique marque la volont\u00e9 des deux partenaires de travailler de concert dans le domaine de l&rsquo;intelligence artificielle, l&rsquo;X \u00e9tant tr\u00e8s impliqu\u00e9e dans la recherche et la formation en intelligence artificielle. De son c\u00f4t\u00e9, ENEDIS entend renforcer son \u00e9cosyst\u00e8me de partenaires externes sp\u00e9cialis\u00e9s dans l&rsquo;intelligence artificielle dont l&rsquo;\u00c9cole polytechnique.<\/p>\n","protected":false},"excerpt":{"rendered":"<p>Jean-Bernard Lartigue, D\u00e9l\u00e9gu\u00e9 G\u00e9n\u00e9ral de la Fondation de l&rsquo;\u00c9cole polytechnique et Frank Pacard, Directeur de l&rsquo;Enseignement et de la Recherche de l&rsquo;X ont sign\u00e9 mercredi 30 mai 2018 un partenariat avec Jean PAOLETTI, Directeur R\u00e9gional Enedis en Ile-de-France Est, en pr\u00e9sence de Dominique LAGARDE, Directeur du programme Mobilit\u00e9 \u00e9lectrique d&rsquo;Enedis. Ce rapprochement entre ENEDIS et [&hellip;]<\/p>\n","protected":false},"author":17,"featured_media":99342,"comment_status":"closed","ping_status":"closed","sticky":false,"template":"","format":"standard","meta":{"_et_pb_use_builder":"","_et_pb_old_content":"","_et_gb_content_width":"","footnotes":""},"categories":[10530,6356],"tags":[],"class_list":["post-99341","post","type-post","status-publish","format-standard","has-post-thumbnail","hentry","category-actualites","category-produits-solutions-techniques"],"yoast_head":"<!-- This site is optimized with the Yoast SEO plugin v27.4 - https:\/\/yoast.com\/product\/yoast-seo-wordpress\/ -->\n<title>ENEDIS et l&#039;\u00c9cole polytechnique : un partenariat en intelligence artificielle<\/title>\n<meta name=\"description\" content=\"ENEDIS et l&#039;\u00c9cole polytechnique ont sign\u00e9 mercredi 30 mai 2018 un partenariat en intelligence artificielle\" \/>\n<meta name=\"robots\" content=\"index, follow, max-snippet:-1, max-image-preview:large, max-video-preview:-1\" \/>\n<link rel=\"canonical\" href=\"https:\/\/batijournal.com\/index.php\/enedis-et-lecole-polytechnique-partenariat-en-intelligence-artificielle\/99341\/\" \/>\n<meta property=\"og:locale\" content=\"fr_FR\" \/>\n<meta property=\"og:type\" content=\"article\" \/>\n<meta property=\"og:title\" content=\"ENEDIS et l&#039;\u00c9cole polytechnique : un partenariat en intelligence artificielle\" \/>\n<meta property=\"og:description\" content=\"ENEDIS et l&#039;\u00c9cole polytechnique ont sign\u00e9 mercredi 30 mai 2018 un partenariat en intelligence artificielle\" \/>\n<meta property=\"og:url\" content=\"https:\/\/batijournal.com\/index.php\/enedis-et-lecole-polytechnique-partenariat-en-intelligence-artificielle\/99341\/\" \/>\n<meta property=\"og:site_name\" content=\"Batijournal\" \/>\n<meta property=\"article:published_time\" content=\"2018-06-05T15:29:45+00:00\" \/>\n<meta property=\"article:modified_time\" content=\"2019-07-15T10:31:00+00:00\" \/>\n<meta property=\"og:image\" content=\"https:\/\/batijournal.com\/wp-content\/uploads\/2018\/06\/enedis-polytechnique.png\" \/>\n\t<meta property=\"og:image:width\" content=\"879\" \/>\n\t<meta property=\"og:image:height\" content=\"373\" \/>\n\t<meta property=\"og:image:type\" content=\"image\/png\" \/>\n<meta name=\"author\" content=\"St\u00e9phane Miget\" \/>\n<meta name=\"twitter:card\" content=\"summary_large_image\" \/>\n<meta name=\"twitter:creator\" content=\"@bati_journal\" \/>\n<meta name=\"twitter:site\" content=\"@bati_journal\" \/>\n<meta name=\"twitter:label1\" content=\"\u00c9crit par\" \/>\n\t<meta name=\"twitter:data1\" content=\"St\u00e9phane Miget\" \/>\n\t<meta name=\"twitter:label2\" content=\"Dur\u00e9e de lecture estim\u00e9e\" \/>\n\t<meta name=\"twitter:data2\" content=\"1 minute\" \/>\n<script type=\"application\/ld+json\" class=\"yoast-schema-graph\">{\"@context\":\"https:\\\/\\\/schema.org\",\"@graph\":[{\"@type\":\"Article\",\"@id\":\"https:\\\/\\\/batijournal.com\\\/index.php\\\/enedis-et-lecole-polytechnique-partenariat-en-intelligence-artificielle\\\/99341\\\/#article\",\"isPartOf\":{\"@id\":\"https:\\\/\\\/batijournal.com\\\/index.php\\\/enedis-et-lecole-polytechnique-partenariat-en-intelligence-artificielle\\\/99341\\\/\"},\"author\":{\"name\":\"St\u00e9phane Miget\",\"@id\":\"https:\\\/\\\/batijournal.com\\\/#\\\/schema\\\/person\\\/1dc96ec6957aa1ccb25ebe78bb19f100\"},\"headline\":\"ENEDIS et l&rsquo;\u00c9cole polytechnique nouent un partenariat en intelligence artificielle\",\"datePublished\":\"2018-06-05T15:29:45+00:00\",\"dateModified\":\"2019-07-15T10:31:00+00:00\",\"mainEntityOfPage\":{\"@id\":\"https:\\\/\\\/batijournal.com\\\/index.php\\\/enedis-et-lecole-polytechnique-partenariat-en-intelligence-artificielle\\\/99341\\\/\"},\"wordCount\":134,\"image\":{\"@id\":\"https:\\\/\\\/batijournal.com\\\/index.php\\\/enedis-et-lecole-polytechnique-partenariat-en-intelligence-artificielle\\\/99341\\\/#primaryimage\"},\"thumbnailUrl\":\"https:\\\/\\\/batijournal.com\\\/wp-content\\\/uploads\\\/2018\\\/06\\\/enedis-polytechnique.png\",\"articleSection\":[\"Actualit\u00e9s\",\"Produits &amp; Solutions techniques\"],\"inLanguage\":\"fr-FR\"},{\"@type\":\"WebPage\",\"@id\":\"https:\\\/\\\/batijournal.com\\\/index.php\\\/enedis-et-lecole-polytechnique-partenariat-en-intelligence-artificielle\\\/99341\\\/\",\"url\":\"https:\\\/\\\/batijournal.com\\\/index.php\\\/enedis-et-lecole-polytechnique-partenariat-en-intelligence-artificielle\\\/99341\\\/\",\"name\":\"ENEDIS et l'\u00c9cole polytechnique : un partenariat en intelligence artificielle\",\"isPartOf\":{\"@id\":\"https:\\\/\\\/batijournal.com\\\/#website\"},\"primaryImageOfPage\":{\"@id\":\"https:\\\/\\\/batijournal.com\\\/index.php\\\/enedis-et-lecole-polytechnique-partenariat-en-intelligence-artificielle\\\/99341\\\/#primaryimage\"},\"image\":{\"@id\":\"https:\\\/\\\/batijournal.com\\\/index.php\\\/enedis-et-lecole-polytechnique-partenariat-en-intelligence-artificielle\\\/99341\\\/#primaryimage\"},\"thumbnailUrl\":\"https:\\\/\\\/batijournal.com\\\/wp-content\\\/uploads\\\/2018\\\/06\\\/enedis-polytechnique.png\",\"datePublished\":\"2018-06-05T15:29:45+00:00\",\"dateModified\":\"2019-07-15T10:31:00+00:00\",\"author\":{\"@id\":\"https:\\\/\\\/batijournal.com\\\/#\\\/schema\\\/person\\\/1dc96ec6957aa1ccb25ebe78bb19f100\"},\"description\":\"ENEDIS et l'\u00c9cole polytechnique ont sign\u00e9 mercredi 30 mai 2018 un partenariat en intelligence artificielle\",\"breadcrumb\":{\"@id\":\"https:\\\/\\\/batijournal.com\\\/index.php\\\/enedis-et-lecole-polytechnique-partenariat-en-intelligence-artificielle\\\/99341\\\/#breadcrumb\"},\"inLanguage\":\"fr-FR\",\"potentialAction\":[{\"@type\":\"ReadAction\",\"target\":[\"https:\\\/\\\/batijournal.com\\\/index.php\\\/enedis-et-lecole-polytechnique-partenariat-en-intelligence-artificielle\\\/99341\\\/\"]}]},{\"@type\":\"ImageObject\",\"inLanguage\":\"fr-FR\",\"@id\":\"https:\\\/\\\/batijournal.com\\\/index.php\\\/enedis-et-lecole-polytechnique-partenariat-en-intelligence-artificielle\\\/99341\\\/#primaryimage\",\"url\":\"https:\\\/\\\/batijournal.com\\\/wp-content\\\/uploads\\\/2018\\\/06\\\/enedis-polytechnique.png\",\"contentUrl\":\"https:\\\/\\\/batijournal.com\\\/wp-content\\\/uploads\\\/2018\\\/06\\\/enedis-polytechnique.png\",\"width\":879,\"height\":373,\"caption\":\"enedis-et-lecole-polytechnique-partenariat-en-intelligence-artificielle\"},{\"@type\":\"BreadcrumbList\",\"@id\":\"https:\\\/\\\/batijournal.com\\\/index.php\\\/enedis-et-lecole-polytechnique-partenariat-en-intelligence-artificielle\\\/99341\\\/#breadcrumb\",\"itemListElement\":[{\"@type\":\"ListItem\",\"position\":1,\"name\":\"Accueil\",\"item\":\"https:\\\/\\\/batijournal.com\\\/\"},{\"@type\":\"ListItem\",\"position\":2,\"name\":\"Actualit\u00e9s\",\"item\":\"https:\\\/\\\/batijournal.com\\\/index.php\\\/category\\\/actualites\\\/\"},{\"@type\":\"ListItem\",\"position\":3,\"name\":\"ENEDIS et l&rsquo;\u00c9cole polytechnique nouent un partenariat en intelligence artificielle\"}]},{\"@type\":\"WebSite\",\"@id\":\"https:\\\/\\\/batijournal.com\\\/#website\",\"url\":\"https:\\\/\\\/batijournal.com\\\/\",\"name\":\"Batijournal\",\"description\":\"L&#039;actualit\u00e9 du b\u00e2timent\",\"potentialAction\":[{\"@type\":\"SearchAction\",\"target\":{\"@type\":\"EntryPoint\",\"urlTemplate\":\"https:\\\/\\\/batijournal.com\\\/?s={search_term_string}\"},\"query-input\":{\"@type\":\"PropertyValueSpecification\",\"valueRequired\":true,\"valueName\":\"search_term_string\"}}],\"inLanguage\":\"fr-FR\"},{\"@type\":\"Person\",\"@id\":\"https:\\\/\\\/batijournal.com\\\/#\\\/schema\\\/person\\\/1dc96ec6957aa1ccb25ebe78bb19f100\",\"name\":\"St\u00e9phane Miget\",\"image\":{\"@type\":\"ImageObject\",\"inLanguage\":\"fr-FR\",\"@id\":\"https:\\\/\\\/secure.gravatar.com\\\/avatar\\\/89915563d925342126b8ef0281b93d9d7fc337043e8df017f780908eb9644451?s=96&d=mm&r=g\",\"url\":\"https:\\\/\\\/secure.gravatar.com\\\/avatar\\\/89915563d925342126b8ef0281b93d9d7fc337043e8df017f780908eb9644451?s=96&d=mm&r=g\",\"contentUrl\":\"https:\\\/\\\/secure.gravatar.com\\\/avatar\\\/89915563d925342126b8ef0281b93d9d7fc337043e8df017f780908eb9644451?s=96&d=mm&r=g\",\"caption\":\"St\u00e9phane Miget\"},\"url\":\"https:\\\/\\\/batijournal.com\\\/index.php\\\/author\\\/stephane\\\/\"}]}<\/script>\n<!-- \/ Yoast SEO plugin. -->","yoast_head_json":{"title":"ENEDIS et l'\u00c9cole polytechnique : un partenariat en intelligence artificielle","description":"ENEDIS et l'\u00c9cole polytechnique ont sign\u00e9 mercredi 30 mai 2018 un partenariat en intelligence artificielle","robots":{"index":"index","follow":"follow","max-snippet":"max-snippet:-1","max-image-preview":"max-image-preview:large","max-video-preview":"max-video-preview:-1"},"canonical":"https:\/\/batijournal.com\/index.php\/enedis-et-lecole-polytechnique-partenariat-en-intelligence-artificielle\/99341\/","og_locale":"fr_FR","og_type":"article","og_title":"ENEDIS et l'\u00c9cole polytechnique : un partenariat en intelligence artificielle","og_description":"ENEDIS et l'\u00c9cole polytechnique ont sign\u00e9 mercredi 30 mai 2018 un partenariat en intelligence artificielle","og_url":"https:\/\/batijournal.com\/index.php\/enedis-et-lecole-polytechnique-partenariat-en-intelligence-artificielle\/99341\/","og_site_name":"Batijournal","article_published_time":"2018-06-05T15:29:45+00:00","article_modified_time":"2019-07-15T10:31:00+00:00","og_image":[{"width":879,"height":373,"url":"https:\/\/batijournal.com\/wp-content\/uploads\/2018\/06\/enedis-polytechnique.png","type":"image\/png"}],"author":"St\u00e9phane Miget","twitter_card":"summary_large_image","twitter_creator":"@bati_journal","twitter_site":"@bati_journal","twitter_misc":{"\u00c9crit par":"St\u00e9phane Miget","Dur\u00e9e de lecture estim\u00e9e":"1 minute"},"schema":{"@context":"https:\/\/schema.org","@graph":[{"@type":"Article","@id":"https:\/\/batijournal.com\/index.php\/enedis-et-lecole-polytechnique-partenariat-en-intelligence-artificielle\/99341\/#article","isPartOf":{"@id":"https:\/\/batijournal.com\/index.php\/enedis-et-lecole-polytechnique-partenariat-en-intelligence-artificielle\/99341\/"},"author":{"name":"St\u00e9phane Miget","@id":"https:\/\/batijournal.com\/#\/schema\/person\/1dc96ec6957aa1ccb25ebe78bb19f100"},"headline":"ENEDIS et l&rsquo;\u00c9cole polytechnique nouent un partenariat en intelligence artificielle","datePublished":"2018-06-05T15:29:45+00:00","dateModified":"2019-07-15T10:31:00+00:00","mainEntityOfPage":{"@id":"https:\/\/batijournal.com\/index.php\/enedis-et-lecole-polytechnique-partenariat-en-intelligence-artificielle\/99341\/"},"wordCount":134,"image":{"@id":"https:\/\/batijournal.com\/index.php\/enedis-et-lecole-polytechnique-partenariat-en-intelligence-artificielle\/99341\/#primaryimage"},"thumbnailUrl":"https:\/\/batijournal.com\/wp-content\/uploads\/2018\/06\/enedis-polytechnique.png","articleSection":["Actualit\u00e9s","Produits &amp; Solutions techniques"],"inLanguage":"fr-FR"},{"@type":"WebPage","@id":"https:\/\/batijournal.com\/index.php\/enedis-et-lecole-polytechnique-partenariat-en-intelligence-artificielle\/99341\/","url":"https:\/\/batijournal.com\/index.php\/enedis-et-lecole-polytechnique-partenariat-en-intelligence-artificielle\/99341\/","name":"ENEDIS et l'\u00c9cole polytechnique : un partenariat en intelligence artificielle","isPartOf":{"@id":"https:\/\/batijournal.com\/#website"},"primaryImageOfPage":{"@id":"https:\/\/batijournal.com\/index.php\/enedis-et-lecole-polytechnique-partenariat-en-intelligence-artificielle\/99341\/#primaryimage"},"image":{"@id":"https:\/\/batijournal.com\/index.php\/enedis-et-lecole-polytechnique-partenariat-en-intelligence-artificielle\/99341\/#primaryimage"},"thumbnailUrl":"https:\/\/batijournal.com\/wp-content\/uploads\/2018\/06\/enedis-polytechnique.png","datePublished":"2018-06-05T15:29:45+00:00","dateModified":"2019-07-15T10:31:00+00:00","author":{"@id":"https:\/\/batijournal.com\/#\/schema\/person\/1dc96ec6957aa1ccb25ebe78bb19f100"},"description":"ENEDIS et l'\u00c9cole polytechnique ont sign\u00e9 mercredi 30 mai 2018 un partenariat en intelligence artificielle","breadcrumb":{"@id":"https:\/\/batijournal.com\/index.php\/enedis-et-lecole-polytechnique-partenariat-en-intelligence-artificielle\/99341\/#breadcrumb"},"inLanguage":"fr-FR","potentialAction":[{"@type":"ReadAction","target":["https:\/\/batijournal.com\/index.php\/enedis-et-lecole-polytechnique-partenariat-en-intelligence-artificielle\/99341\/"]}]},{"@type":"ImageObject","inLanguage":"fr-FR","@id":"https:\/\/batijournal.com\/index.php\/enedis-et-lecole-polytechnique-partenariat-en-intelligence-artificielle\/99341\/#primaryimage","url":"https:\/\/batijournal.com\/wp-content\/uploads\/2018\/06\/enedis-polytechnique.png","contentUrl":"https:\/\/batijournal.com\/wp-content\/uploads\/2018\/06\/enedis-polytechnique.png","width":879,"height":373,"caption":"enedis-et-lecole-polytechnique-partenariat-en-intelligence-artificielle"},{"@type":"BreadcrumbList","@id":"https:\/\/batijournal.com\/index.php\/enedis-et-lecole-polytechnique-partenariat-en-intelligence-artificielle\/99341\/#breadcrumb","itemListElement":[{"@type":"ListItem","position":1,"name":"Accueil","item":"https:\/\/batijournal.com\/"},{"@type":"ListItem","position":2,"name":"Actualit\u00e9s","item":"https:\/\/batijournal.com\/index.php\/category\/actualites\/"},{"@type":"ListItem","position":3,"name":"ENEDIS et l&rsquo;\u00c9cole polytechnique nouent un partenariat en intelligence artificielle"}]},{"@type":"WebSite","@id":"https:\/\/batijournal.com\/#website","url":"https:\/\/batijournal.com\/","name":"Batijournal","description":"L&#039;actualit\u00e9 du b\u00e2timent","potentialAction":[{"@type":"SearchAction","target":{"@type":"EntryPoint","urlTemplate":"https:\/\/batijournal.com\/?s={search_term_string}"},"query-input":{"@type":"PropertyValueSpecification","valueRequired":true,"valueName":"search_term_string"}}],"inLanguage":"fr-FR"},{"@type":"Person","@id":"https:\/\/batijournal.com\/#\/schema\/person\/1dc96ec6957aa1ccb25ebe78bb19f100","name":"St\u00e9phane Miget","image":{"@type":"ImageObject","inLanguage":"fr-FR","@id":"https:\/\/secure.gravatar.com\/avatar\/89915563d925342126b8ef0281b93d9d7fc337043e8df017f780908eb9644451?s=96&d=mm&r=g","url":"https:\/\/secure.gravatar.com\/avatar\/89915563d925342126b8ef0281b93d9d7fc337043e8df017f780908eb9644451?s=96&d=mm&r=g","contentUrl":"https:\/\/secure.gravatar.com\/avatar\/89915563d925342126b8ef0281b93d9d7fc337043e8df017f780908eb9644451?s=96&d=mm&r=g","caption":"St\u00e9phane Miget"},"url":"https:\/\/batijournal.com\/index.php\/author\/stephane\/"}]}},"_links":{"self":[{"href":"https:\/\/batijournal.com\/index.php\/wp-json\/wp\/v2\/posts\/99341","targetHints":{"allow":["GET"]}}],"collection":[{"href":"https:\/\/batijournal.com\/index.php\/wp-json\/wp\/v2\/posts"}],"about":[{"href":"https:\/\/batijournal.com\/index.php\/wp-json\/wp\/v2\/types\/post"}],"author":[{"embeddable":true,"href":"https:\/\/batijournal.com\/index.php\/wp-json\/wp\/v2\/users\/17"}],"replies":[{"embeddable":true,"href":"https:\/\/batijournal.com\/index.php\/wp-json\/wp\/v2\/comments?post=99341"}],"version-history":[{"count":0,"href":"https:\/\/batijournal.com\/index.php\/wp-json\/wp\/v2\/posts\/99341\/revisions"}],"wp:featuredmedia":[{"embeddable":true,"href":"https:\/\/batijournal.com\/index.php\/wp-json\/wp\/v2\/media\/99342"}],"wp:attachment":[{"href":"https:\/\/batijournal.com\/index.php\/wp-json\/wp\/v2\/media?parent=99341"}],"wp:term":[{"taxonomy":"category","embeddable":true,"href":"https:\/\/batijournal.com\/index.php\/wp-json\/wp\/v2\/categories?post=99341"},{"taxonomy":"post_tag","embeddable":true,"href":"https:\/\/batijournal.com\/index.php\/wp-json\/wp\/v2\/tags?post=99341"}],"curies":[{"name":"wp","href":"https:\/\/api.w.org\/{rel}","templated":true}]}}