{"id":99343,"date":"2018-06-05T16:20:38","date_gmt":"2018-06-05T14:20:38","guid":{"rendered":"https:\/\/batijournal.com\/?p=99343"},"modified":"2020-07-17T13:45:00","modified_gmt":"2020-07-17T11:45:00","slug":"carrefour-international-du-bois-2018","status":"publish","type":"post","link":"https:\/\/batijournal.com\/index.php\/carrefour-international-du-bois-2018\/99343\/","title":{"rendered":"Carrefour international du Bois 2018\u00a0: les feux restent au vert"},"content":{"rendered":"<p><strong>\u00a0Bilan du Carrefour international du Bois 2018 :\u00a0<\/strong><\/p>\n<p>Avec 11 500 visiteurs, soit une augmentation de 10 % par rapport \u00e0 2016, la 15e \u00e9dition du Carrefour international du bois \u00e0 Nantes affiche une fr\u00e9quentation record depuis sa cr\u00e9ation. Le terme \u00ab\u00a0international\u00a0\u00bb convient plus que jamais \u00e0 l&rsquo;\u00e9v\u00e9nement qui a accueilli cette ann\u00e9e plus de 29 % de visiteurs \u00e9trangers. \u00ab\u00a0Pour la premi\u00e8re fois, nous avons re\u00e7u des Am\u00e9ricains, signe que le salon a une port\u00e9e mondiale, reconnu comme un incontournable sur le bois\u00a0\u00bb, pr\u00e9cise Pierre Piveteau, pr\u00e9sident du CIB. C\u00f4t\u00e9 exposants, 85 pays ont \u00e9t\u00e9 repr\u00e9sent\u00e9s.<\/p>\n<p>Le rendez-vous nantais a \u00e9t\u00e9 l&rsquo;occasion de v\u00e9rifier que le march\u00e9 du bois continue \u00e0 profiter de la conjoncture positive. \u00ab\u00a0Nous constatons une augmentation de 10 % sur les permis de construire, annonce Eric Toppan, France Bois For\u00eat. Le prix des sciages est en augmentation depuis 4 ans et nous atteignons des prix assez soutenus sur la mati\u00e8re.\u00a0\u00bb. Pour Pierre Piveteau, ces perspectives positives sont un peu assombries par un manque de comp\u00e9titivit\u00e9 li\u00e9 \u00e0 un pr\u00e9l\u00e8vement trop fort\u00a0: \u00ab\u00a0Nous pourrions courir aussi vite que les Allemands, si nous \u00e9tions aussi peu charg\u00e9s\u00a0\u00bb.<\/p>\n<p><a href=\"http:\/\/www.timbershow.com\">www.timbershow.com<\/a><\/p>\n","protected":false},"excerpt":{"rendered":"<p>\u00a0Bilan du Carrefour international du Bois 2018 :\u00a0 Avec 11 500 visiteurs, soit une augmentation de 10 % par rapport \u00e0 2016, la 15e \u00e9dition du Carrefour international du bois \u00e0 Nantes affiche une fr\u00e9quentation record depuis sa cr\u00e9ation. Le terme \u00ab\u00a0international\u00a0\u00bb convient plus que jamais \u00e0 l&rsquo;\u00e9v\u00e9nement qui a accueilli cette ann\u00e9e plus de [&hellip;]<\/p>\n","protected":false},"author":17,"featured_media":99344,"comment_status":"closed","ping_status":"closed","sticky":false,"template":"","format":"standard","meta":{"_et_pb_use_builder":"","_et_pb_old_content":"","_et_gb_content_width":"","footnotes":""},"categories":[10530,6345,9192,10764],"tags":[12409,4122],"class_list":["post-99343","post","type-post","status-publish","format-standard","has-post-thumbnail","hentry","category-actualites","category-economie-marches","category-evenements","category-woodsurfer","tag-cib-2018","tag-piveteaubois"],"yoast_head":"<!-- This site is optimized with the Yoast SEO plugin v27.4 - https:\/\/yoast.com\/product\/yoast-seo-wordpress\/ -->\n<title>Carrefour international du Bois 2018\u00a0: les feux restent au vert<\/title>\n<meta name=\"description\" content=\"Carrefour international du Bois 2018\u00a0: la 15e \u00e9dition du Carrefour international du bois \u00e0 Nantes affiche une fr\u00e9quentation record depuis sa cr\u00e9ation\" \/>\n<meta name=\"robots\" content=\"index, follow, max-snippet:-1, max-image-preview:large, max-video-preview:-1\" \/>\n<link rel=\"canonical\" href=\"https:\/\/batijournal.com\/index.php\/carrefour-international-du-bois-2018\/99343\/\" \/>\n<meta property=\"og:locale\" content=\"fr_FR\" \/>\n<meta property=\"og:type\" content=\"article\" \/>\n<meta property=\"og:title\" content=\"Carrefour international du Bois 2018\u00a0: les feux restent au vert\" \/>\n<meta property=\"og:description\" content=\"Carrefour international du Bois 2018\u00a0: la 15e \u00e9dition du Carrefour international du bois \u00e0 Nantes affiche une fr\u00e9quentation record depuis sa cr\u00e9ation\" \/>\n<meta property=\"og:url\" content=\"https:\/\/batijournal.com\/index.php\/carrefour-international-du-bois-2018\/99343\/\" \/>\n<meta property=\"og:site_name\" content=\"Batijournal\" \/>\n<meta property=\"article:published_time\" content=\"2018-06-05T14:20:38+00:00\" \/>\n<meta property=\"article:modified_time\" content=\"2020-07-17T11:45:00+00:00\" \/>\n<meta property=\"og:image\" content=\"https:\/\/batijournal.com\/wp-content\/uploads\/2018\/06\/CIB-2018.jpg\" \/>\n\t<meta property=\"og:image:width\" content=\"2244\" \/>\n\t<meta property=\"og:image:height\" content=\"1498\" \/>\n\t<meta property=\"og:image:type\" content=\"image\/jpeg\" \/>\n<meta name=\"author\" content=\"St\u00e9phane Miget\" \/>\n<meta name=\"twitter:card\" content=\"summary_large_image\" \/>\n<meta name=\"twitter:creator\" content=\"@bati_journal\" \/>\n<meta name=\"twitter:site\" content=\"@bati_journal\" \/>\n<meta name=\"twitter:label1\" content=\"\u00c9crit par\" \/>\n\t<meta name=\"twitter:data1\" content=\"St\u00e9phane Miget\" \/>\n\t<meta name=\"twitter:label2\" content=\"Dur\u00e9e de lecture estim\u00e9e\" \/>\n\t<meta name=\"twitter:data2\" content=\"1 minute\" \/>\n<script type=\"application\/ld+json\" class=\"yoast-schema-graph\">{\"@context\":\"https:\\\/\\\/schema.org\",\"@graph\":[{\"@type\":\"Article\",\"@id\":\"https:\\\/\\\/batijournal.com\\\/index.php\\\/carrefour-international-du-bois-2018\\\/99343\\\/#article\",\"isPartOf\":{\"@id\":\"https:\\\/\\\/batijournal.com\\\/index.php\\\/carrefour-international-du-bois-2018\\\/99343\\\/\"},\"author\":{\"name\":\"St\u00e9phane Miget\",\"@id\":\"https:\\\/\\\/batijournal.com\\\/#\\\/schema\\\/person\\\/1dc96ec6957aa1ccb25ebe78bb19f100\"},\"headline\":\"Carrefour international du Bois 2018\u00a0: les feux restent au vert\",\"datePublished\":\"2018-06-05T14:20:38+00:00\",\"dateModified\":\"2020-07-17T11:45:00+00:00\",\"mainEntityOfPage\":{\"@id\":\"https:\\\/\\\/batijournal.com\\\/index.php\\\/carrefour-international-du-bois-2018\\\/99343\\\/\"},\"wordCount\":206,\"image\":{\"@id\":\"https:\\\/\\\/batijournal.com\\\/index.php\\\/carrefour-international-du-bois-2018\\\/99343\\\/#primaryimage\"},\"thumbnailUrl\":\"https:\\\/\\\/batijournal.com\\\/wp-content\\\/uploads\\\/2018\\\/06\\\/CIB-2018.jpg\",\"keywords\":[\"cib 2018\",\"PiveteauBois\"],\"articleSection\":[\"Actualit\u00e9s\",\"\u00c9conomie &amp; March\u00e9s\",\"\u00c9v\u00e9nements\",\"zz_Woodsurfer\"],\"inLanguage\":\"fr-FR\"},{\"@type\":\"WebPage\",\"@id\":\"https:\\\/\\\/batijournal.com\\\/index.php\\\/carrefour-international-du-bois-2018\\\/99343\\\/\",\"url\":\"https:\\\/\\\/batijournal.com\\\/index.php\\\/carrefour-international-du-bois-2018\\\/99343\\\/\",\"name\":\"Carrefour international du Bois 2018\u00a0: les feux restent au vert\",\"isPartOf\":{\"@id\":\"https:\\\/\\\/batijournal.com\\\/#website\"},\"primaryImageOfPage\":{\"@id\":\"https:\\\/\\\/batijournal.com\\\/index.php\\\/carrefour-international-du-bois-2018\\\/99343\\\/#primaryimage\"},\"image\":{\"@id\":\"https:\\\/\\\/batijournal.com\\\/index.php\\\/carrefour-international-du-bois-2018\\\/99343\\\/#primaryimage\"},\"thumbnailUrl\":\"https:\\\/\\\/batijournal.com\\\/wp-content\\\/uploads\\\/2018\\\/06\\\/CIB-2018.jpg\",\"datePublished\":\"2018-06-05T14:20:38+00:00\",\"dateModified\":\"2020-07-17T11:45:00+00:00\",\"author\":{\"@id\":\"https:\\\/\\\/batijournal.com\\\/#\\\/schema\\\/person\\\/1dc96ec6957aa1ccb25ebe78bb19f100\"},\"description\":\"Carrefour international du Bois 2018\u00a0: la 15e \u00e9dition du Carrefour international du bois \u00e0 Nantes affiche une fr\u00e9quentation record depuis sa cr\u00e9ation\",\"breadcrumb\":{\"@id\":\"https:\\\/\\\/batijournal.com\\\/index.php\\\/carrefour-international-du-bois-2018\\\/99343\\\/#breadcrumb\"},\"inLanguage\":\"fr-FR\",\"potentialAction\":[{\"@type\":\"ReadAction\",\"target\":[\"https:\\\/\\\/batijournal.com\\\/index.php\\\/carrefour-international-du-bois-2018\\\/99343\\\/\"]}]},{\"@type\":\"ImageObject\",\"inLanguage\":\"fr-FR\",\"@id\":\"https:\\\/\\\/batijournal.com\\\/index.php\\\/carrefour-international-du-bois-2018\\\/99343\\\/#primaryimage\",\"url\":\"https:\\\/\\\/batijournal.com\\\/wp-content\\\/uploads\\\/2018\\\/06\\\/CIB-2018.jpg\",\"contentUrl\":\"https:\\\/\\\/batijournal.com\\\/wp-content\\\/uploads\\\/2018\\\/06\\\/CIB-2018.jpg\",\"width\":2244,\"height\":1498,\"caption\":\"Carrefour international du Bois 2018\u00a0\"},{\"@type\":\"BreadcrumbList\",\"@id\":\"https:\\\/\\\/batijournal.com\\\/index.php\\\/carrefour-international-du-bois-2018\\\/99343\\\/#breadcrumb\",\"itemListElement\":[{\"@type\":\"ListItem\",\"position\":1,\"name\":\"Accueil\",\"item\":\"https:\\\/\\\/batijournal.com\\\/\"},{\"@type\":\"ListItem\",\"position\":2,\"name\":\"Actualit\u00e9s\",\"item\":\"https:\\\/\\\/batijournal.com\\\/index.php\\\/category\\\/actualites\\\/\"},{\"@type\":\"ListItem\",\"position\":3,\"name\":\"Carrefour international du Bois 2018\u00a0: les feux restent au vert\"}]},{\"@type\":\"WebSite\",\"@id\":\"https:\\\/\\\/batijournal.com\\\/#website\",\"url\":\"https:\\\/\\\/batijournal.com\\\/\",\"name\":\"Batijournal\",\"description\":\"L&#039;actualit\u00e9 du b\u00e2timent\",\"potentialAction\":[{\"@type\":\"SearchAction\",\"target\":{\"@type\":\"EntryPoint\",\"urlTemplate\":\"https:\\\/\\\/batijournal.com\\\/?s={search_term_string}\"},\"query-input\":{\"@type\":\"PropertyValueSpecification\",\"valueRequired\":true,\"valueName\":\"search_term_string\"}}],\"inLanguage\":\"fr-FR\"},{\"@type\":\"Person\",\"@id\":\"https:\\\/\\\/batijournal.com\\\/#\\\/schema\\\/person\\\/1dc96ec6957aa1ccb25ebe78bb19f100\",\"name\":\"St\u00e9phane Miget\",\"image\":{\"@type\":\"ImageObject\",\"inLanguage\":\"fr-FR\",\"@id\":\"https:\\\/\\\/secure.gravatar.com\\\/avatar\\\/89915563d925342126b8ef0281b93d9d7fc337043e8df017f780908eb9644451?s=96&d=mm&r=g\",\"url\":\"https:\\\/\\\/secure.gravatar.com\\\/avatar\\\/89915563d925342126b8ef0281b93d9d7fc337043e8df017f780908eb9644451?s=96&d=mm&r=g\",\"contentUrl\":\"https:\\\/\\\/secure.gravatar.com\\\/avatar\\\/89915563d925342126b8ef0281b93d9d7fc337043e8df017f780908eb9644451?s=96&d=mm&r=g\",\"caption\":\"St\u00e9phane Miget\"},\"url\":\"https:\\\/\\\/batijournal.com\\\/index.php\\\/author\\\/stephane\\\/\"}]}<\/script>\n<!-- \/ Yoast SEO plugin. -->","yoast_head_json":{"title":"Carrefour international du Bois 2018\u00a0: les feux restent au vert","description":"Carrefour international du Bois 2018\u00a0: la 15e \u00e9dition du Carrefour international du bois \u00e0 Nantes affiche une fr\u00e9quentation record depuis sa cr\u00e9ation","robots":{"index":"index","follow":"follow","max-snippet":"max-snippet:-1","max-image-preview":"max-image-preview:large","max-video-preview":"max-video-preview:-1"},"canonical":"https:\/\/batijournal.com\/index.php\/carrefour-international-du-bois-2018\/99343\/","og_locale":"fr_FR","og_type":"article","og_title":"Carrefour international du Bois 2018\u00a0: les feux restent au vert","og_description":"Carrefour international du Bois 2018\u00a0: la 15e \u00e9dition du Carrefour international du bois \u00e0 Nantes affiche une fr\u00e9quentation record depuis sa cr\u00e9ation","og_url":"https:\/\/batijournal.com\/index.php\/carrefour-international-du-bois-2018\/99343\/","og_site_name":"Batijournal","article_published_time":"2018-06-05T14:20:38+00:00","article_modified_time":"2020-07-17T11:45:00+00:00","og_image":[{"width":2244,"height":1498,"url":"https:\/\/batijournal.com\/wp-content\/uploads\/2018\/06\/CIB-2018.jpg","type":"image\/jpeg"}],"author":"St\u00e9phane Miget","twitter_card":"summary_large_image","twitter_creator":"@bati_journal","twitter_site":"@bati_journal","twitter_misc":{"\u00c9crit par":"St\u00e9phane Miget","Dur\u00e9e de lecture estim\u00e9e":"1 minute"},"schema":{"@context":"https:\/\/schema.org","@graph":[{"@type":"Article","@id":"https:\/\/batijournal.com\/index.php\/carrefour-international-du-bois-2018\/99343\/#article","isPartOf":{"@id":"https:\/\/batijournal.com\/index.php\/carrefour-international-du-bois-2018\/99343\/"},"author":{"name":"St\u00e9phane Miget","@id":"https:\/\/batijournal.com\/#\/schema\/person\/1dc96ec6957aa1ccb25ebe78bb19f100"},"headline":"Carrefour international du Bois 2018\u00a0: les feux restent au vert","datePublished":"2018-06-05T14:20:38+00:00","dateModified":"2020-07-17T11:45:00+00:00","mainEntityOfPage":{"@id":"https:\/\/batijournal.com\/index.php\/carrefour-international-du-bois-2018\/99343\/"},"wordCount":206,"image":{"@id":"https:\/\/batijournal.com\/index.php\/carrefour-international-du-bois-2018\/99343\/#primaryimage"},"thumbnailUrl":"https:\/\/batijournal.com\/wp-content\/uploads\/2018\/06\/CIB-2018.jpg","keywords":["cib 2018","PiveteauBois"],"articleSection":["Actualit\u00e9s","\u00c9conomie &amp; March\u00e9s","\u00c9v\u00e9nements","zz_Woodsurfer"],"inLanguage":"fr-FR"},{"@type":"WebPage","@id":"https:\/\/batijournal.com\/index.php\/carrefour-international-du-bois-2018\/99343\/","url":"https:\/\/batijournal.com\/index.php\/carrefour-international-du-bois-2018\/99343\/","name":"Carrefour international du Bois 2018\u00a0: les feux restent au vert","isPartOf":{"@id":"https:\/\/batijournal.com\/#website"},"primaryImageOfPage":{"@id":"https:\/\/batijournal.com\/index.php\/carrefour-international-du-bois-2018\/99343\/#primaryimage"},"image":{"@id":"https:\/\/batijournal.com\/index.php\/carrefour-international-du-bois-2018\/99343\/#primaryimage"},"thumbnailUrl":"https:\/\/batijournal.com\/wp-content\/uploads\/2018\/06\/CIB-2018.jpg","datePublished":"2018-06-05T14:20:38+00:00","dateModified":"2020-07-17T11:45:00+00:00","author":{"@id":"https:\/\/batijournal.com\/#\/schema\/person\/1dc96ec6957aa1ccb25ebe78bb19f100"},"description":"Carrefour international du Bois 2018\u00a0: la 15e \u00e9dition du Carrefour international du bois \u00e0 Nantes affiche une fr\u00e9quentation record depuis sa cr\u00e9ation","breadcrumb":{"@id":"https:\/\/batijournal.com\/index.php\/carrefour-international-du-bois-2018\/99343\/#breadcrumb"},"inLanguage":"fr-FR","potentialAction":[{"@type":"ReadAction","target":["https:\/\/batijournal.com\/index.php\/carrefour-international-du-bois-2018\/99343\/"]}]},{"@type":"ImageObject","inLanguage":"fr-FR","@id":"https:\/\/batijournal.com\/index.php\/carrefour-international-du-bois-2018\/99343\/#primaryimage","url":"https:\/\/batijournal.com\/wp-content\/uploads\/2018\/06\/CIB-2018.jpg","contentUrl":"https:\/\/batijournal.com\/wp-content\/uploads\/2018\/06\/CIB-2018.jpg","width":2244,"height":1498,"caption":"Carrefour international du Bois 2018\u00a0"},{"@type":"BreadcrumbList","@id":"https:\/\/batijournal.com\/index.php\/carrefour-international-du-bois-2018\/99343\/#breadcrumb","itemListElement":[{"@type":"ListItem","position":1,"name":"Accueil","item":"https:\/\/batijournal.com\/"},{"@type":"ListItem","position":2,"name":"Actualit\u00e9s","item":"https:\/\/batijournal.com\/index.php\/category\/actualites\/"},{"@type":"ListItem","position":3,"name":"Carrefour international du Bois 2018\u00a0: les feux restent au vert"}]},{"@type":"WebSite","@id":"https:\/\/batijournal.com\/#website","url":"https:\/\/batijournal.com\/","name":"Batijournal","description":"L&#039;actualit\u00e9 du b\u00e2timent","potentialAction":[{"@type":"SearchAction","target":{"@type":"EntryPoint","urlTemplate":"https:\/\/batijournal.com\/?s={search_term_string}"},"query-input":{"@type":"PropertyValueSpecification","valueRequired":true,"valueName":"search_term_string"}}],"inLanguage":"fr-FR"},{"@type":"Person","@id":"https:\/\/batijournal.com\/#\/schema\/person\/1dc96ec6957aa1ccb25ebe78bb19f100","name":"St\u00e9phane Miget","image":{"@type":"ImageObject","inLanguage":"fr-FR","@id":"https:\/\/secure.gravatar.com\/avatar\/89915563d925342126b8ef0281b93d9d7fc337043e8df017f780908eb9644451?s=96&d=mm&r=g","url":"https:\/\/secure.gravatar.com\/avatar\/89915563d925342126b8ef0281b93d9d7fc337043e8df017f780908eb9644451?s=96&d=mm&r=g","contentUrl":"https:\/\/secure.gravatar.com\/avatar\/89915563d925342126b8ef0281b93d9d7fc337043e8df017f780908eb9644451?s=96&d=mm&r=g","caption":"St\u00e9phane Miget"},"url":"https:\/\/batijournal.com\/index.php\/author\/stephane\/"}]}},"_links":{"self":[{"href":"https:\/\/batijournal.com\/index.php\/wp-json\/wp\/v2\/posts\/99343","targetHints":{"allow":["GET"]}}],"collection":[{"href":"https:\/\/batijournal.com\/index.php\/wp-json\/wp\/v2\/posts"}],"about":[{"href":"https:\/\/batijournal.com\/index.php\/wp-json\/wp\/v2\/types\/post"}],"author":[{"embeddable":true,"href":"https:\/\/batijournal.com\/index.php\/wp-json\/wp\/v2\/users\/17"}],"replies":[{"embeddable":true,"href":"https:\/\/batijournal.com\/index.php\/wp-json\/wp\/v2\/comments?post=99343"}],"version-history":[{"count":0,"href":"https:\/\/batijournal.com\/index.php\/wp-json\/wp\/v2\/posts\/99343\/revisions"}],"wp:featuredmedia":[{"embeddable":true,"href":"https:\/\/batijournal.com\/index.php\/wp-json\/wp\/v2\/media\/99344"}],"wp:attachment":[{"href":"https:\/\/batijournal.com\/index.php\/wp-json\/wp\/v2\/media?parent=99343"}],"wp:term":[{"taxonomy":"category","embeddable":true,"href":"https:\/\/batijournal.com\/index.php\/wp-json\/wp\/v2\/categories?post=99343"},{"taxonomy":"post_tag","embeddable":true,"href":"https:\/\/batijournal.com\/index.php\/wp-json\/wp\/v2\/tags?post=99343"}],"curies":[{"name":"wp","href":"https:\/\/api.w.org\/{rel}","templated":true}]}}