{"id":99372,"date":"2018-06-11T15:49:19","date_gmt":"2018-06-11T13:49:19","guid":{"rendered":"https:\/\/batijournal.com\/?p=99372"},"modified":"2019-07-15T12:03:44","modified_gmt":"2019-07-15T10:03:44","slug":"risque-daugmentation-de-la-tva-reduite-une-suite-logique","status":"publish","type":"post","link":"https:\/\/batijournal.com\/index.php\/risque-daugmentation-de-la-tva-reduite-une-suite-logique\/99372\/","title":{"rendered":"Risque d&rsquo;augmentation de la TVA r\u00e9duite : une suite logique&#8230;"},"content":{"rendered":"<p>Depuis la sortie, il y a un an maintenant, d&rsquo;<a href=\"https:\/\/batijournal.com\/cour-comptes-remet-question-aides-aux-logements\/96384\" target=\"_blank\" rel=\"noopener noreferrer\">un rapport de la Cour des Comptes qui remettait en cause la TVA \u00e0 taux r\u00e9duit, les dispositifs Scellier interm\u00e9diaire ou Duflot-Pinel, PTZ+, PEL<\/a>, les coups de boutoir du gouvernement contre les aides au logement n&rsquo;ont pas cess\u00e9. Pour la cour, ces aides engendrent des effets d\u2019aubaine et leur impact \u00e9conomique sur le secteur du b\u00e2timent appara\u00eet sans rapport avec leur co\u00fbt. La transformation du CITE avec l&rsquo;exclusion de certains travaux, notament ceux concernant les menuiseries, avait laiss\u00e9 les professionnels pantois. Aujourd&rsquo;hui, certaines souhaiteraient revenir sur les taux r\u00e9duits de TVA. La FFB s\u2019inqui\u00e8te, car cette nouvelle menace vient ajouter de l\u2019incertitude sur un march\u00e9 d\u00e9j\u00e0 p\u00e9nalis\u00e9 par le grand flou qui r\u00e8gne quant \u00e0 l\u2019avenir des dispositifs de soutien \u00e0 la r\u00e9novation \u00e9nerg\u00e9tique, mais aussi parce que cette menace annoncerait le grand retour du travail au noir. Pour la Capeb, l\u2019\u00e9ventuelle suppression de la TVA r\u00e9duite p\u00e9naliserait en premier lieu les Fran\u00e7ais. Ce sont eux qui in fine paient la facture. Sous couvert de revoir les aides aux entreprises, le gouvernement r\u00e9duirait le pouvoir d\u2019achat des m\u00e9nages en mati\u00e8re de travaux. Les carnets de commandes pourraient se r\u00e9duire significativement, entravant la r\u00e9cente dynamique de reprise \u00e9conomique et de cr\u00e9ation d\u2019emplois dans l\u2019artisanat du b\u00e2timent. Remettre en cause la TVA r\u00e9duite, apr\u00e8s avoir r\u00e9duit de pr\u00e8s d\u2019un milliard les aides en 2018 au titre du CITE, donnerait un coup d\u2019arr\u00eat au march\u00e9 pourtant prioritaire de la r\u00e9novation.<\/p>\n","protected":false},"excerpt":{"rendered":"<p>Depuis la sortie, il y a un an maintenant, d&rsquo;un rapport de la Cour des Comptes qui remettait en cause la TVA \u00e0 taux r\u00e9duit, les dispositifs Scellier interm\u00e9diaire ou Duflot-Pinel, PTZ+, PEL, les coups de boutoir du gouvernement contre les aides au logement n&rsquo;ont pas cess\u00e9. Pour la cour, ces aides engendrent des effets [&hellip;]<\/p>\n","protected":false},"author":17,"featured_media":87319,"comment_status":"closed","ping_status":"closed","sticky":false,"template":"","format":"standard","meta":{"_et_pb_use_builder":"","_et_pb_old_content":"","_et_gb_content_width":"","footnotes":""},"categories":[10736,10530,6345],"tags":[1683,1693],"class_list":["post-99372","post","type-post","status-publish","format-standard","has-post-thumbnail","hentry","category-a-la-une","category-actualites","category-economie-marches","tag-renovation-energetique","tag-tva"],"yoast_head":"<!-- This site is optimized with the Yoast SEO plugin v27.4 - https:\/\/yoast.com\/product\/yoast-seo-wordpress\/ -->\n<title>Risque d&#039;augmentation de la TVA r\u00e9duite : une suite logique...<\/title>\n<meta name=\"robots\" content=\"index, follow, max-snippet:-1, max-image-preview:large, max-video-preview:-1\" \/>\n<link rel=\"canonical\" href=\"https:\/\/batijournal.com\/index.php\/risque-daugmentation-de-la-tva-reduite-une-suite-logique\/99372\/\" \/>\n<meta property=\"og:locale\" content=\"fr_FR\" \/>\n<meta property=\"og:type\" content=\"article\" \/>\n<meta property=\"og:title\" content=\"Risque d&#039;augmentation de la TVA r\u00e9duite : une suite logique...\" \/>\n<meta property=\"og:description\" content=\"Depuis la sortie, il y a un an maintenant, d&rsquo;un rapport de la Cour des Comptes qui remettait en cause la TVA \u00e0 taux r\u00e9duit, les dispositifs Scellier interm\u00e9diaire ou Duflot-Pinel, PTZ+, PEL, les coups de boutoir du gouvernement contre les aides au logement n&rsquo;ont pas cess\u00e9. Pour la cour, ces aides engendrent des effets [&hellip;]\" \/>\n<meta property=\"og:url\" content=\"https:\/\/batijournal.com\/index.php\/risque-daugmentation-de-la-tva-reduite-une-suite-logique\/99372\/\" \/>\n<meta property=\"og:site_name\" content=\"Batijournal\" \/>\n<meta property=\"article:published_time\" content=\"2018-06-11T13:49:19+00:00\" \/>\n<meta property=\"article:modified_time\" content=\"2019-07-15T10:03:44+00:00\" \/>\n<meta property=\"og:image\" content=\"https:\/\/batijournal.com\/wp-content\/uploads\/2015\/05\/99857158.jpg\" \/>\n\t<meta property=\"og:image:width\" content=\"600\" \/>\n\t<meta property=\"og:image:height\" content=\"450\" \/>\n\t<meta property=\"og:image:type\" content=\"image\/jpeg\" \/>\n<meta name=\"author\" content=\"St\u00e9phane Miget\" \/>\n<meta name=\"twitter:card\" content=\"summary_large_image\" \/>\n<meta name=\"twitter:creator\" content=\"@bati_journal\" \/>\n<meta name=\"twitter:site\" content=\"@bati_journal\" \/>\n<meta name=\"twitter:label1\" content=\"\u00c9crit par\" \/>\n\t<meta name=\"twitter:data1\" content=\"St\u00e9phane Miget\" \/>\n\t<meta name=\"twitter:label2\" content=\"Dur\u00e9e de lecture estim\u00e9e\" \/>\n\t<meta name=\"twitter:data2\" content=\"1 minute\" \/>\n<script type=\"application\/ld+json\" class=\"yoast-schema-graph\">{\"@context\":\"https:\\\/\\\/schema.org\",\"@graph\":[{\"@type\":\"Article\",\"@id\":\"https:\\\/\\\/batijournal.com\\\/index.php\\\/risque-daugmentation-de-la-tva-reduite-une-suite-logique\\\/99372\\\/#article\",\"isPartOf\":{\"@id\":\"https:\\\/\\\/batijournal.com\\\/index.php\\\/risque-daugmentation-de-la-tva-reduite-une-suite-logique\\\/99372\\\/\"},\"author\":{\"name\":\"St\u00e9phane Miget\",\"@id\":\"https:\\\/\\\/batijournal.com\\\/#\\\/schema\\\/person\\\/1dc96ec6957aa1ccb25ebe78bb19f100\"},\"headline\":\"Risque d&rsquo;augmentation de la TVA r\u00e9duite : une suite logique&#8230;\",\"datePublished\":\"2018-06-11T13:49:19+00:00\",\"dateModified\":\"2019-07-15T10:03:44+00:00\",\"mainEntityOfPage\":{\"@id\":\"https:\\\/\\\/batijournal.com\\\/index.php\\\/risque-daugmentation-de-la-tva-reduite-une-suite-logique\\\/99372\\\/\"},\"wordCount\":295,\"image\":{\"@id\":\"https:\\\/\\\/batijournal.com\\\/index.php\\\/risque-daugmentation-de-la-tva-reduite-une-suite-logique\\\/99372\\\/#primaryimage\"},\"thumbnailUrl\":\"https:\\\/\\\/batijournal.com\\\/wp-content\\\/uploads\\\/2015\\\/05\\\/99857158.jpg\",\"keywords\":[\"renovation energetique\",\"tva\"],\"articleSection\":[\"A la Une\",\"Actualit\u00e9s\",\"\u00c9conomie &amp; March\u00e9s\"],\"inLanguage\":\"fr-FR\"},{\"@type\":\"WebPage\",\"@id\":\"https:\\\/\\\/batijournal.com\\\/index.php\\\/risque-daugmentation-de-la-tva-reduite-une-suite-logique\\\/99372\\\/\",\"url\":\"https:\\\/\\\/batijournal.com\\\/index.php\\\/risque-daugmentation-de-la-tva-reduite-une-suite-logique\\\/99372\\\/\",\"name\":\"Risque d'augmentation de la TVA r\u00e9duite : une suite logique...\",\"isPartOf\":{\"@id\":\"https:\\\/\\\/batijournal.com\\\/#website\"},\"primaryImageOfPage\":{\"@id\":\"https:\\\/\\\/batijournal.com\\\/index.php\\\/risque-daugmentation-de-la-tva-reduite-une-suite-logique\\\/99372\\\/#primaryimage\"},\"image\":{\"@id\":\"https:\\\/\\\/batijournal.com\\\/index.php\\\/risque-daugmentation-de-la-tva-reduite-une-suite-logique\\\/99372\\\/#primaryimage\"},\"thumbnailUrl\":\"https:\\\/\\\/batijournal.com\\\/wp-content\\\/uploads\\\/2015\\\/05\\\/99857158.jpg\",\"datePublished\":\"2018-06-11T13:49:19+00:00\",\"dateModified\":\"2019-07-15T10:03:44+00:00\",\"author\":{\"@id\":\"https:\\\/\\\/batijournal.com\\\/#\\\/schema\\\/person\\\/1dc96ec6957aa1ccb25ebe78bb19f100\"},\"breadcrumb\":{\"@id\":\"https:\\\/\\\/batijournal.com\\\/index.php\\\/risque-daugmentation-de-la-tva-reduite-une-suite-logique\\\/99372\\\/#breadcrumb\"},\"inLanguage\":\"fr-FR\",\"potentialAction\":[{\"@type\":\"ReadAction\",\"target\":[\"https:\\\/\\\/batijournal.com\\\/index.php\\\/risque-daugmentation-de-la-tva-reduite-une-suite-logique\\\/99372\\\/\"]}]},{\"@type\":\"ImageObject\",\"inLanguage\":\"fr-FR\",\"@id\":\"https:\\\/\\\/batijournal.com\\\/index.php\\\/risque-daugmentation-de-la-tva-reduite-une-suite-logique\\\/99372\\\/#primaryimage\",\"url\":\"https:\\\/\\\/batijournal.com\\\/wp-content\\\/uploads\\\/2015\\\/05\\\/99857158.jpg\",\"contentUrl\":\"https:\\\/\\\/batijournal.com\\\/wp-content\\\/uploads\\\/2015\\\/05\\\/99857158.jpg\",\"width\":600,\"height\":450,\"caption\":\"r\u00e9novation logements\"},{\"@type\":\"BreadcrumbList\",\"@id\":\"https:\\\/\\\/batijournal.com\\\/index.php\\\/risque-daugmentation-de-la-tva-reduite-une-suite-logique\\\/99372\\\/#breadcrumb\",\"itemListElement\":[{\"@type\":\"ListItem\",\"position\":1,\"name\":\"Accueil\",\"item\":\"https:\\\/\\\/batijournal.com\\\/\"},{\"@type\":\"ListItem\",\"position\":2,\"name\":\"A la Une\",\"item\":\"https:\\\/\\\/batijournal.com\\\/index.php\\\/category\\\/a-la-une\\\/\"},{\"@type\":\"ListItem\",\"position\":3,\"name\":\"Risque d&rsquo;augmentation de la TVA r\u00e9duite : une suite logique&#8230;\"}]},{\"@type\":\"WebSite\",\"@id\":\"https:\\\/\\\/batijournal.com\\\/#website\",\"url\":\"https:\\\/\\\/batijournal.com\\\/\",\"name\":\"Batijournal\",\"description\":\"L&#039;actualit\u00e9 du b\u00e2timent\",\"potentialAction\":[{\"@type\":\"SearchAction\",\"target\":{\"@type\":\"EntryPoint\",\"urlTemplate\":\"https:\\\/\\\/batijournal.com\\\/?s={search_term_string}\"},\"query-input\":{\"@type\":\"PropertyValueSpecification\",\"valueRequired\":true,\"valueName\":\"search_term_string\"}}],\"inLanguage\":\"fr-FR\"},{\"@type\":\"Person\",\"@id\":\"https:\\\/\\\/batijournal.com\\\/#\\\/schema\\\/person\\\/1dc96ec6957aa1ccb25ebe78bb19f100\",\"name\":\"St\u00e9phane Miget\",\"image\":{\"@type\":\"ImageObject\",\"inLanguage\":\"fr-FR\",\"@id\":\"https:\\\/\\\/secure.gravatar.com\\\/avatar\\\/89915563d925342126b8ef0281b93d9d7fc337043e8df017f780908eb9644451?s=96&d=mm&r=g\",\"url\":\"https:\\\/\\\/secure.gravatar.com\\\/avatar\\\/89915563d925342126b8ef0281b93d9d7fc337043e8df017f780908eb9644451?s=96&d=mm&r=g\",\"contentUrl\":\"https:\\\/\\\/secure.gravatar.com\\\/avatar\\\/89915563d925342126b8ef0281b93d9d7fc337043e8df017f780908eb9644451?s=96&d=mm&r=g\",\"caption\":\"St\u00e9phane Miget\"},\"url\":\"https:\\\/\\\/batijournal.com\\\/index.php\\\/author\\\/stephane\\\/\"}]}<\/script>\n<!-- \/ Yoast SEO plugin. -->","yoast_head_json":{"title":"Risque d'augmentation de la TVA r\u00e9duite : une suite logique...","robots":{"index":"index","follow":"follow","max-snippet":"max-snippet:-1","max-image-preview":"max-image-preview:large","max-video-preview":"max-video-preview:-1"},"canonical":"https:\/\/batijournal.com\/index.php\/risque-daugmentation-de-la-tva-reduite-une-suite-logique\/99372\/","og_locale":"fr_FR","og_type":"article","og_title":"Risque d'augmentation de la TVA r\u00e9duite : une suite logique...","og_description":"Depuis la sortie, il y a un an maintenant, d&rsquo;un rapport de la Cour des Comptes qui remettait en cause la TVA \u00e0 taux r\u00e9duit, les dispositifs Scellier interm\u00e9diaire ou Duflot-Pinel, PTZ+, PEL, les coups de boutoir du gouvernement contre les aides au logement n&rsquo;ont pas cess\u00e9. Pour la cour, ces aides engendrent des effets [&hellip;]","og_url":"https:\/\/batijournal.com\/index.php\/risque-daugmentation-de-la-tva-reduite-une-suite-logique\/99372\/","og_site_name":"Batijournal","article_published_time":"2018-06-11T13:49:19+00:00","article_modified_time":"2019-07-15T10:03:44+00:00","og_image":[{"width":600,"height":450,"url":"https:\/\/batijournal.com\/wp-content\/uploads\/2015\/05\/99857158.jpg","type":"image\/jpeg"}],"author":"St\u00e9phane Miget","twitter_card":"summary_large_image","twitter_creator":"@bati_journal","twitter_site":"@bati_journal","twitter_misc":{"\u00c9crit par":"St\u00e9phane Miget","Dur\u00e9e de lecture estim\u00e9e":"1 minute"},"schema":{"@context":"https:\/\/schema.org","@graph":[{"@type":"Article","@id":"https:\/\/batijournal.com\/index.php\/risque-daugmentation-de-la-tva-reduite-une-suite-logique\/99372\/#article","isPartOf":{"@id":"https:\/\/batijournal.com\/index.php\/risque-daugmentation-de-la-tva-reduite-une-suite-logique\/99372\/"},"author":{"name":"St\u00e9phane Miget","@id":"https:\/\/batijournal.com\/#\/schema\/person\/1dc96ec6957aa1ccb25ebe78bb19f100"},"headline":"Risque d&rsquo;augmentation de la TVA r\u00e9duite : une suite logique&#8230;","datePublished":"2018-06-11T13:49:19+00:00","dateModified":"2019-07-15T10:03:44+00:00","mainEntityOfPage":{"@id":"https:\/\/batijournal.com\/index.php\/risque-daugmentation-de-la-tva-reduite-une-suite-logique\/99372\/"},"wordCount":295,"image":{"@id":"https:\/\/batijournal.com\/index.php\/risque-daugmentation-de-la-tva-reduite-une-suite-logique\/99372\/#primaryimage"},"thumbnailUrl":"https:\/\/batijournal.com\/wp-content\/uploads\/2015\/05\/99857158.jpg","keywords":["renovation energetique","tva"],"articleSection":["A la Une","Actualit\u00e9s","\u00c9conomie &amp; March\u00e9s"],"inLanguage":"fr-FR"},{"@type":"WebPage","@id":"https:\/\/batijournal.com\/index.php\/risque-daugmentation-de-la-tva-reduite-une-suite-logique\/99372\/","url":"https:\/\/batijournal.com\/index.php\/risque-daugmentation-de-la-tva-reduite-une-suite-logique\/99372\/","name":"Risque d'augmentation de la TVA r\u00e9duite : une suite logique...","isPartOf":{"@id":"https:\/\/batijournal.com\/#website"},"primaryImageOfPage":{"@id":"https:\/\/batijournal.com\/index.php\/risque-daugmentation-de-la-tva-reduite-une-suite-logique\/99372\/#primaryimage"},"image":{"@id":"https:\/\/batijournal.com\/index.php\/risque-daugmentation-de-la-tva-reduite-une-suite-logique\/99372\/#primaryimage"},"thumbnailUrl":"https:\/\/batijournal.com\/wp-content\/uploads\/2015\/05\/99857158.jpg","datePublished":"2018-06-11T13:49:19+00:00","dateModified":"2019-07-15T10:03:44+00:00","author":{"@id":"https:\/\/batijournal.com\/#\/schema\/person\/1dc96ec6957aa1ccb25ebe78bb19f100"},"breadcrumb":{"@id":"https:\/\/batijournal.com\/index.php\/risque-daugmentation-de-la-tva-reduite-une-suite-logique\/99372\/#breadcrumb"},"inLanguage":"fr-FR","potentialAction":[{"@type":"ReadAction","target":["https:\/\/batijournal.com\/index.php\/risque-daugmentation-de-la-tva-reduite-une-suite-logique\/99372\/"]}]},{"@type":"ImageObject","inLanguage":"fr-FR","@id":"https:\/\/batijournal.com\/index.php\/risque-daugmentation-de-la-tva-reduite-une-suite-logique\/99372\/#primaryimage","url":"https:\/\/batijournal.com\/wp-content\/uploads\/2015\/05\/99857158.jpg","contentUrl":"https:\/\/batijournal.com\/wp-content\/uploads\/2015\/05\/99857158.jpg","width":600,"height":450,"caption":"r\u00e9novation logements"},{"@type":"BreadcrumbList","@id":"https:\/\/batijournal.com\/index.php\/risque-daugmentation-de-la-tva-reduite-une-suite-logique\/99372\/#breadcrumb","itemListElement":[{"@type":"ListItem","position":1,"name":"Accueil","item":"https:\/\/batijournal.com\/"},{"@type":"ListItem","position":2,"name":"A la Une","item":"https:\/\/batijournal.com\/index.php\/category\/a-la-une\/"},{"@type":"ListItem","position":3,"name":"Risque d&rsquo;augmentation de la TVA r\u00e9duite : une suite logique&#8230;"}]},{"@type":"WebSite","@id":"https:\/\/batijournal.com\/#website","url":"https:\/\/batijournal.com\/","name":"Batijournal","description":"L&#039;actualit\u00e9 du b\u00e2timent","potentialAction":[{"@type":"SearchAction","target":{"@type":"EntryPoint","urlTemplate":"https:\/\/batijournal.com\/?s={search_term_string}"},"query-input":{"@type":"PropertyValueSpecification","valueRequired":true,"valueName":"search_term_string"}}],"inLanguage":"fr-FR"},{"@type":"Person","@id":"https:\/\/batijournal.com\/#\/schema\/person\/1dc96ec6957aa1ccb25ebe78bb19f100","name":"St\u00e9phane Miget","image":{"@type":"ImageObject","inLanguage":"fr-FR","@id":"https:\/\/secure.gravatar.com\/avatar\/89915563d925342126b8ef0281b93d9d7fc337043e8df017f780908eb9644451?s=96&d=mm&r=g","url":"https:\/\/secure.gravatar.com\/avatar\/89915563d925342126b8ef0281b93d9d7fc337043e8df017f780908eb9644451?s=96&d=mm&r=g","contentUrl":"https:\/\/secure.gravatar.com\/avatar\/89915563d925342126b8ef0281b93d9d7fc337043e8df017f780908eb9644451?s=96&d=mm&r=g","caption":"St\u00e9phane Miget"},"url":"https:\/\/batijournal.com\/index.php\/author\/stephane\/"}]}},"_links":{"self":[{"href":"https:\/\/batijournal.com\/index.php\/wp-json\/wp\/v2\/posts\/99372","targetHints":{"allow":["GET"]}}],"collection":[{"href":"https:\/\/batijournal.com\/index.php\/wp-json\/wp\/v2\/posts"}],"about":[{"href":"https:\/\/batijournal.com\/index.php\/wp-json\/wp\/v2\/types\/post"}],"author":[{"embeddable":true,"href":"https:\/\/batijournal.com\/index.php\/wp-json\/wp\/v2\/users\/17"}],"replies":[{"embeddable":true,"href":"https:\/\/batijournal.com\/index.php\/wp-json\/wp\/v2\/comments?post=99372"}],"version-history":[{"count":0,"href":"https:\/\/batijournal.com\/index.php\/wp-json\/wp\/v2\/posts\/99372\/revisions"}],"wp:featuredmedia":[{"embeddable":true,"href":"https:\/\/batijournal.com\/index.php\/wp-json\/wp\/v2\/media\/87319"}],"wp:attachment":[{"href":"https:\/\/batijournal.com\/index.php\/wp-json\/wp\/v2\/media?parent=99372"}],"wp:term":[{"taxonomy":"category","embeddable":true,"href":"https:\/\/batijournal.com\/index.php\/wp-json\/wp\/v2\/categories?post=99372"},{"taxonomy":"post_tag","embeddable":true,"href":"https:\/\/batijournal.com\/index.php\/wp-json\/wp\/v2\/tags?post=99372"}],"curies":[{"name":"wp","href":"https:\/\/api.w.org\/{rel}","templated":true}]}}