{"id":99399,"date":"2018-06-13T10:58:57","date_gmt":"2018-06-13T08:58:57","guid":{"rendered":"https:\/\/batijournal.com\/?p=99399"},"modified":"2019-07-15T11:15:03","modified_gmt":"2019-07-15T09:15:03","slug":"drones-drac-nouvelle-aquitaine-racines-et-des-ailes","status":"publish","type":"post","link":"https:\/\/batijournal.com\/index.php\/drones-drac-nouvelle-aquitaine-racines-et-des-ailes\/99399\/","title":{"rendered":"Les drones de la DRAC Nouvelle-Aquitaine d\u00e9ploy\u00e9s pour \u00ab\u00a0Des racines et des ailes\u00a0\u00bb"},"content":{"rendered":"<p>En mai dernier, les agents de la DRAC Nouvelle-Aquitaine ont d\u00e9ploy\u00e9 leurs drones pour une d\u00e9monstration film\u00e9e par les cam\u00e9ras de l\u2019\u00e9mission Des racines et des ailes. Depuis 2017, la DRAC Nouvelle-Aquitaine s\u2019est dot\u00e9e de deux drones utilis\u00e9s pour effectuer des relev\u00e9s en trois dimensions (3D) et cr\u00e9er \u00e0 partir de prises de vues, des Mod\u00e8les num\u00e9riques de terrains (MNT). Un syst\u00e8me novateur qui permet de r\u00e9aliser des relev\u00e9s en hauteur, en ext\u00e9rieur, pour les monuments historiques et l&rsquo;arch\u00e9ologie. Olivier Bigot, ing\u00e9nieur cartographe et David Gislard, informaticien \u00e0 la DRAC Nouvelle-Aquitaine, ont pilot\u00e9 ces drones pour l&rsquo;\u00e9mission et un reportage sur le Ch\u00e2teau de Marmande, situ\u00e9 \u00e0 Vell\u00e8ches dns la Vienne. Cet \u00e9difice, class\u00e9 Monument historique depuis 2015, est en cours de restauration, il sera ouvert au public pendant les Journ\u00e9es nationales de l\u2019arch\u00e9ologie du 15 au 17 juin 2018.<\/p>\n<p><em>Photo et source : DRAC Nouvelle-Aquitaine<\/em><\/p>\n<p>&nbsp;<\/p>\n","protected":false},"excerpt":{"rendered":"<p>En mai dernier, les agents de la DRAC Nouvelle-Aquitaine ont d\u00e9ploy\u00e9 leurs drones pour une d\u00e9monstration film\u00e9e par les cam\u00e9ras de l\u2019\u00e9mission Des racines et des ailes. Depuis 2017, la DRAC Nouvelle-Aquitaine s\u2019est dot\u00e9e de deux drones utilis\u00e9s pour effectuer des relev\u00e9s en trois dimensions (3D) et cr\u00e9er \u00e0 partir de prises de vues, des [&hellip;]<\/p>\n","protected":false},"author":17,"featured_media":99400,"comment_status":"closed","ping_status":"closed","sticky":false,"template":"","format":"standard","meta":{"_et_pb_use_builder":"","_et_pb_old_content":"","_et_gb_content_width":"","footnotes":""},"categories":[10530,6340,10785],"tags":[6376],"class_list":["post-99399","post","type-post","status-publish","format-standard","has-post-thumbnail","hentry","category-actualites","category-architecture-conception","category-atrium","tag-monument-historique"],"yoast_head":"<!-- This site is optimized with the Yoast SEO plugin v27.4 - https:\/\/yoast.com\/product\/yoast-seo-wordpress\/ -->\n<title>Les drones de la DRAC Nouvelle-Aquitaine pour &quot;Des racines et des ailes&quot;<\/title>\n<meta name=\"description\" content=\"n mai dernier, les agents de la DRAC Nouvelle-Aquitaine ont d\u00e9ploy\u00e9 leurs drones pour une \u00e9mission &quot;Des racines et des ailes.&quot;\" \/>\n<meta name=\"robots\" content=\"index, follow, max-snippet:-1, max-image-preview:large, max-video-preview:-1\" \/>\n<link rel=\"canonical\" href=\"https:\/\/batijournal.com\/index.php\/drones-drac-nouvelle-aquitaine-racines-et-des-ailes\/99399\/\" \/>\n<meta property=\"og:locale\" content=\"fr_FR\" \/>\n<meta property=\"og:type\" content=\"article\" \/>\n<meta property=\"og:title\" content=\"Les drones de la DRAC Nouvelle-Aquitaine pour &quot;Des racines et des ailes&quot;\" \/>\n<meta property=\"og:description\" content=\"n mai dernier, les agents de la DRAC Nouvelle-Aquitaine ont d\u00e9ploy\u00e9 leurs drones pour une \u00e9mission &quot;Des racines et des ailes.&quot;\" \/>\n<meta property=\"og:url\" content=\"https:\/\/batijournal.com\/index.php\/drones-drac-nouvelle-aquitaine-racines-et-des-ailes\/99399\/\" \/>\n<meta property=\"og:site_name\" content=\"Batijournal\" \/>\n<meta property=\"article:published_time\" content=\"2018-06-13T08:58:57+00:00\" \/>\n<meta property=\"article:modified_time\" content=\"2019-07-15T09:15:03+00:00\" \/>\n<meta property=\"og:image\" content=\"https:\/\/batijournal.com\/wp-content\/uploads\/2018\/06\/Drone-Velleches-mai-2018.jpg\" \/>\n\t<meta property=\"og:image:width\" content=\"360\" \/>\n\t<meta property=\"og:image:height\" content=\"270\" \/>\n\t<meta property=\"og:image:type\" content=\"image\/jpeg\" \/>\n<meta name=\"author\" content=\"St\u00e9phane Miget\" \/>\n<meta name=\"twitter:card\" content=\"summary_large_image\" \/>\n<meta name=\"twitter:creator\" content=\"@bati_journal\" \/>\n<meta name=\"twitter:site\" content=\"@bati_journal\" \/>\n<meta name=\"twitter:label1\" content=\"\u00c9crit par\" \/>\n\t<meta name=\"twitter:data1\" content=\"St\u00e9phane Miget\" \/>\n\t<meta name=\"twitter:label2\" content=\"Dur\u00e9e de lecture estim\u00e9e\" \/>\n\t<meta name=\"twitter:data2\" content=\"1 minute\" \/>\n<script type=\"application\/ld+json\" class=\"yoast-schema-graph\">{\"@context\":\"https:\\\/\\\/schema.org\",\"@graph\":[{\"@type\":\"Article\",\"@id\":\"https:\\\/\\\/batijournal.com\\\/index.php\\\/drones-drac-nouvelle-aquitaine-racines-et-des-ailes\\\/99399\\\/#article\",\"isPartOf\":{\"@id\":\"https:\\\/\\\/batijournal.com\\\/index.php\\\/drones-drac-nouvelle-aquitaine-racines-et-des-ailes\\\/99399\\\/\"},\"author\":{\"name\":\"St\u00e9phane Miget\",\"@id\":\"https:\\\/\\\/batijournal.com\\\/#\\\/schema\\\/person\\\/1dc96ec6957aa1ccb25ebe78bb19f100\"},\"headline\":\"Les drones de la DRAC Nouvelle-Aquitaine d\u00e9ploy\u00e9s pour \u00ab\u00a0Des racines et des ailes\u00a0\u00bb\",\"datePublished\":\"2018-06-13T08:58:57+00:00\",\"dateModified\":\"2019-07-15T09:15:03+00:00\",\"mainEntityOfPage\":{\"@id\":\"https:\\\/\\\/batijournal.com\\\/index.php\\\/drones-drac-nouvelle-aquitaine-racines-et-des-ailes\\\/99399\\\/\"},\"wordCount\":178,\"image\":{\"@id\":\"https:\\\/\\\/batijournal.com\\\/index.php\\\/drones-drac-nouvelle-aquitaine-racines-et-des-ailes\\\/99399\\\/#primaryimage\"},\"thumbnailUrl\":\"https:\\\/\\\/batijournal.com\\\/wp-content\\\/uploads\\\/2018\\\/06\\\/Drone-Velleches-mai-2018.jpg\",\"keywords\":[\"monument historique\"],\"articleSection\":[\"Actualit\u00e9s\",\"Architecture &amp; Conception\",\"zz_Atrium Patrimoine\"],\"inLanguage\":\"fr-FR\"},{\"@type\":\"WebPage\",\"@id\":\"https:\\\/\\\/batijournal.com\\\/index.php\\\/drones-drac-nouvelle-aquitaine-racines-et-des-ailes\\\/99399\\\/\",\"url\":\"https:\\\/\\\/batijournal.com\\\/index.php\\\/drones-drac-nouvelle-aquitaine-racines-et-des-ailes\\\/99399\\\/\",\"name\":\"Les drones de la DRAC Nouvelle-Aquitaine pour \\\"Des racines et des ailes\\\"\",\"isPartOf\":{\"@id\":\"https:\\\/\\\/batijournal.com\\\/#website\"},\"primaryImageOfPage\":{\"@id\":\"https:\\\/\\\/batijournal.com\\\/index.php\\\/drones-drac-nouvelle-aquitaine-racines-et-des-ailes\\\/99399\\\/#primaryimage\"},\"image\":{\"@id\":\"https:\\\/\\\/batijournal.com\\\/index.php\\\/drones-drac-nouvelle-aquitaine-racines-et-des-ailes\\\/99399\\\/#primaryimage\"},\"thumbnailUrl\":\"https:\\\/\\\/batijournal.com\\\/wp-content\\\/uploads\\\/2018\\\/06\\\/Drone-Velleches-mai-2018.jpg\",\"datePublished\":\"2018-06-13T08:58:57+00:00\",\"dateModified\":\"2019-07-15T09:15:03+00:00\",\"author\":{\"@id\":\"https:\\\/\\\/batijournal.com\\\/#\\\/schema\\\/person\\\/1dc96ec6957aa1ccb25ebe78bb19f100\"},\"description\":\"n mai dernier, les agents de la DRAC Nouvelle-Aquitaine ont d\u00e9ploy\u00e9 leurs drones pour une \u00e9mission \\\"Des racines et des ailes.\\\"\",\"breadcrumb\":{\"@id\":\"https:\\\/\\\/batijournal.com\\\/index.php\\\/drones-drac-nouvelle-aquitaine-racines-et-des-ailes\\\/99399\\\/#breadcrumb\"},\"inLanguage\":\"fr-FR\",\"potentialAction\":[{\"@type\":\"ReadAction\",\"target\":[\"https:\\\/\\\/batijournal.com\\\/index.php\\\/drones-drac-nouvelle-aquitaine-racines-et-des-ailes\\\/99399\\\/\"]}]},{\"@type\":\"ImageObject\",\"inLanguage\":\"fr-FR\",\"@id\":\"https:\\\/\\\/batijournal.com\\\/index.php\\\/drones-drac-nouvelle-aquitaine-racines-et-des-ailes\\\/99399\\\/#primaryimage\",\"url\":\"https:\\\/\\\/batijournal.com\\\/wp-content\\\/uploads\\\/2018\\\/06\\\/Drone-Velleches-mai-2018.jpg\",\"contentUrl\":\"https:\\\/\\\/batijournal.com\\\/wp-content\\\/uploads\\\/2018\\\/06\\\/Drone-Velleches-mai-2018.jpg\",\"width\":360,\"height\":270,\"caption\":\"drones-drac-nouvelle-aquitaine-racines-et-des-ailes\"},{\"@type\":\"BreadcrumbList\",\"@id\":\"https:\\\/\\\/batijournal.com\\\/index.php\\\/drones-drac-nouvelle-aquitaine-racines-et-des-ailes\\\/99399\\\/#breadcrumb\",\"itemListElement\":[{\"@type\":\"ListItem\",\"position\":1,\"name\":\"Accueil\",\"item\":\"https:\\\/\\\/batijournal.com\\\/\"},{\"@type\":\"ListItem\",\"position\":2,\"name\":\"Actualit\u00e9s\",\"item\":\"https:\\\/\\\/batijournal.com\\\/index.php\\\/category\\\/actualites\\\/\"},{\"@type\":\"ListItem\",\"position\":3,\"name\":\"Les drones de la DRAC Nouvelle-Aquitaine d\u00e9ploy\u00e9s pour \u00ab\u00a0Des racines et des ailes\u00a0\u00bb\"}]},{\"@type\":\"WebSite\",\"@id\":\"https:\\\/\\\/batijournal.com\\\/#website\",\"url\":\"https:\\\/\\\/batijournal.com\\\/\",\"name\":\"Batijournal\",\"description\":\"L&#039;actualit\u00e9 du b\u00e2timent\",\"potentialAction\":[{\"@type\":\"SearchAction\",\"target\":{\"@type\":\"EntryPoint\",\"urlTemplate\":\"https:\\\/\\\/batijournal.com\\\/?s={search_term_string}\"},\"query-input\":{\"@type\":\"PropertyValueSpecification\",\"valueRequired\":true,\"valueName\":\"search_term_string\"}}],\"inLanguage\":\"fr-FR\"},{\"@type\":\"Person\",\"@id\":\"https:\\\/\\\/batijournal.com\\\/#\\\/schema\\\/person\\\/1dc96ec6957aa1ccb25ebe78bb19f100\",\"name\":\"St\u00e9phane Miget\",\"image\":{\"@type\":\"ImageObject\",\"inLanguage\":\"fr-FR\",\"@id\":\"https:\\\/\\\/secure.gravatar.com\\\/avatar\\\/89915563d925342126b8ef0281b93d9d7fc337043e8df017f780908eb9644451?s=96&d=mm&r=g\",\"url\":\"https:\\\/\\\/secure.gravatar.com\\\/avatar\\\/89915563d925342126b8ef0281b93d9d7fc337043e8df017f780908eb9644451?s=96&d=mm&r=g\",\"contentUrl\":\"https:\\\/\\\/secure.gravatar.com\\\/avatar\\\/89915563d925342126b8ef0281b93d9d7fc337043e8df017f780908eb9644451?s=96&d=mm&r=g\",\"caption\":\"St\u00e9phane Miget\"},\"url\":\"https:\\\/\\\/batijournal.com\\\/index.php\\\/author\\\/stephane\\\/\"}]}<\/script>\n<!-- \/ Yoast SEO plugin. -->","yoast_head_json":{"title":"Les drones de la DRAC Nouvelle-Aquitaine pour \"Des racines et des ailes\"","description":"n mai dernier, les agents de la DRAC Nouvelle-Aquitaine ont d\u00e9ploy\u00e9 leurs drones pour une \u00e9mission \"Des racines et des ailes.\"","robots":{"index":"index","follow":"follow","max-snippet":"max-snippet:-1","max-image-preview":"max-image-preview:large","max-video-preview":"max-video-preview:-1"},"canonical":"https:\/\/batijournal.com\/index.php\/drones-drac-nouvelle-aquitaine-racines-et-des-ailes\/99399\/","og_locale":"fr_FR","og_type":"article","og_title":"Les drones de la DRAC Nouvelle-Aquitaine pour \"Des racines et des ailes\"","og_description":"n mai dernier, les agents de la DRAC Nouvelle-Aquitaine ont d\u00e9ploy\u00e9 leurs drones pour une \u00e9mission \"Des racines et des ailes.\"","og_url":"https:\/\/batijournal.com\/index.php\/drones-drac-nouvelle-aquitaine-racines-et-des-ailes\/99399\/","og_site_name":"Batijournal","article_published_time":"2018-06-13T08:58:57+00:00","article_modified_time":"2019-07-15T09:15:03+00:00","og_image":[{"width":360,"height":270,"url":"https:\/\/batijournal.com\/wp-content\/uploads\/2018\/06\/Drone-Velleches-mai-2018.jpg","type":"image\/jpeg"}],"author":"St\u00e9phane Miget","twitter_card":"summary_large_image","twitter_creator":"@bati_journal","twitter_site":"@bati_journal","twitter_misc":{"\u00c9crit par":"St\u00e9phane Miget","Dur\u00e9e de lecture estim\u00e9e":"1 minute"},"schema":{"@context":"https:\/\/schema.org","@graph":[{"@type":"Article","@id":"https:\/\/batijournal.com\/index.php\/drones-drac-nouvelle-aquitaine-racines-et-des-ailes\/99399\/#article","isPartOf":{"@id":"https:\/\/batijournal.com\/index.php\/drones-drac-nouvelle-aquitaine-racines-et-des-ailes\/99399\/"},"author":{"name":"St\u00e9phane Miget","@id":"https:\/\/batijournal.com\/#\/schema\/person\/1dc96ec6957aa1ccb25ebe78bb19f100"},"headline":"Les drones de la DRAC Nouvelle-Aquitaine d\u00e9ploy\u00e9s pour \u00ab\u00a0Des racines et des ailes\u00a0\u00bb","datePublished":"2018-06-13T08:58:57+00:00","dateModified":"2019-07-15T09:15:03+00:00","mainEntityOfPage":{"@id":"https:\/\/batijournal.com\/index.php\/drones-drac-nouvelle-aquitaine-racines-et-des-ailes\/99399\/"},"wordCount":178,"image":{"@id":"https:\/\/batijournal.com\/index.php\/drones-drac-nouvelle-aquitaine-racines-et-des-ailes\/99399\/#primaryimage"},"thumbnailUrl":"https:\/\/batijournal.com\/wp-content\/uploads\/2018\/06\/Drone-Velleches-mai-2018.jpg","keywords":["monument historique"],"articleSection":["Actualit\u00e9s","Architecture &amp; Conception","zz_Atrium Patrimoine"],"inLanguage":"fr-FR"},{"@type":"WebPage","@id":"https:\/\/batijournal.com\/index.php\/drones-drac-nouvelle-aquitaine-racines-et-des-ailes\/99399\/","url":"https:\/\/batijournal.com\/index.php\/drones-drac-nouvelle-aquitaine-racines-et-des-ailes\/99399\/","name":"Les drones de la DRAC Nouvelle-Aquitaine pour \"Des racines et des ailes\"","isPartOf":{"@id":"https:\/\/batijournal.com\/#website"},"primaryImageOfPage":{"@id":"https:\/\/batijournal.com\/index.php\/drones-drac-nouvelle-aquitaine-racines-et-des-ailes\/99399\/#primaryimage"},"image":{"@id":"https:\/\/batijournal.com\/index.php\/drones-drac-nouvelle-aquitaine-racines-et-des-ailes\/99399\/#primaryimage"},"thumbnailUrl":"https:\/\/batijournal.com\/wp-content\/uploads\/2018\/06\/Drone-Velleches-mai-2018.jpg","datePublished":"2018-06-13T08:58:57+00:00","dateModified":"2019-07-15T09:15:03+00:00","author":{"@id":"https:\/\/batijournal.com\/#\/schema\/person\/1dc96ec6957aa1ccb25ebe78bb19f100"},"description":"n mai dernier, les agents de la DRAC Nouvelle-Aquitaine ont d\u00e9ploy\u00e9 leurs drones pour une \u00e9mission \"Des racines et des ailes.\"","breadcrumb":{"@id":"https:\/\/batijournal.com\/index.php\/drones-drac-nouvelle-aquitaine-racines-et-des-ailes\/99399\/#breadcrumb"},"inLanguage":"fr-FR","potentialAction":[{"@type":"ReadAction","target":["https:\/\/batijournal.com\/index.php\/drones-drac-nouvelle-aquitaine-racines-et-des-ailes\/99399\/"]}]},{"@type":"ImageObject","inLanguage":"fr-FR","@id":"https:\/\/batijournal.com\/index.php\/drones-drac-nouvelle-aquitaine-racines-et-des-ailes\/99399\/#primaryimage","url":"https:\/\/batijournal.com\/wp-content\/uploads\/2018\/06\/Drone-Velleches-mai-2018.jpg","contentUrl":"https:\/\/batijournal.com\/wp-content\/uploads\/2018\/06\/Drone-Velleches-mai-2018.jpg","width":360,"height":270,"caption":"drones-drac-nouvelle-aquitaine-racines-et-des-ailes"},{"@type":"BreadcrumbList","@id":"https:\/\/batijournal.com\/index.php\/drones-drac-nouvelle-aquitaine-racines-et-des-ailes\/99399\/#breadcrumb","itemListElement":[{"@type":"ListItem","position":1,"name":"Accueil","item":"https:\/\/batijournal.com\/"},{"@type":"ListItem","position":2,"name":"Actualit\u00e9s","item":"https:\/\/batijournal.com\/index.php\/category\/actualites\/"},{"@type":"ListItem","position":3,"name":"Les drones de la DRAC Nouvelle-Aquitaine d\u00e9ploy\u00e9s pour \u00ab\u00a0Des racines et des ailes\u00a0\u00bb"}]},{"@type":"WebSite","@id":"https:\/\/batijournal.com\/#website","url":"https:\/\/batijournal.com\/","name":"Batijournal","description":"L&#039;actualit\u00e9 du b\u00e2timent","potentialAction":[{"@type":"SearchAction","target":{"@type":"EntryPoint","urlTemplate":"https:\/\/batijournal.com\/?s={search_term_string}"},"query-input":{"@type":"PropertyValueSpecification","valueRequired":true,"valueName":"search_term_string"}}],"inLanguage":"fr-FR"},{"@type":"Person","@id":"https:\/\/batijournal.com\/#\/schema\/person\/1dc96ec6957aa1ccb25ebe78bb19f100","name":"St\u00e9phane Miget","image":{"@type":"ImageObject","inLanguage":"fr-FR","@id":"https:\/\/secure.gravatar.com\/avatar\/89915563d925342126b8ef0281b93d9d7fc337043e8df017f780908eb9644451?s=96&d=mm&r=g","url":"https:\/\/secure.gravatar.com\/avatar\/89915563d925342126b8ef0281b93d9d7fc337043e8df017f780908eb9644451?s=96&d=mm&r=g","contentUrl":"https:\/\/secure.gravatar.com\/avatar\/89915563d925342126b8ef0281b93d9d7fc337043e8df017f780908eb9644451?s=96&d=mm&r=g","caption":"St\u00e9phane Miget"},"url":"https:\/\/batijournal.com\/index.php\/author\/stephane\/"}]}},"_links":{"self":[{"href":"https:\/\/batijournal.com\/index.php\/wp-json\/wp\/v2\/posts\/99399","targetHints":{"allow":["GET"]}}],"collection":[{"href":"https:\/\/batijournal.com\/index.php\/wp-json\/wp\/v2\/posts"}],"about":[{"href":"https:\/\/batijournal.com\/index.php\/wp-json\/wp\/v2\/types\/post"}],"author":[{"embeddable":true,"href":"https:\/\/batijournal.com\/index.php\/wp-json\/wp\/v2\/users\/17"}],"replies":[{"embeddable":true,"href":"https:\/\/batijournal.com\/index.php\/wp-json\/wp\/v2\/comments?post=99399"}],"version-history":[{"count":0,"href":"https:\/\/batijournal.com\/index.php\/wp-json\/wp\/v2\/posts\/99399\/revisions"}],"wp:featuredmedia":[{"embeddable":true,"href":"https:\/\/batijournal.com\/index.php\/wp-json\/wp\/v2\/media\/99400"}],"wp:attachment":[{"href":"https:\/\/batijournal.com\/index.php\/wp-json\/wp\/v2\/media?parent=99399"}],"wp:term":[{"taxonomy":"category","embeddable":true,"href":"https:\/\/batijournal.com\/index.php\/wp-json\/wp\/v2\/categories?post=99399"},{"taxonomy":"post_tag","embeddable":true,"href":"https:\/\/batijournal.com\/index.php\/wp-json\/wp\/v2\/tags?post=99399"}],"curies":[{"name":"wp","href":"https:\/\/api.w.org\/{rel}","templated":true}]}}