{"id":99429,"date":"2018-06-18T08:36:34","date_gmt":"2018-06-18T06:36:34","guid":{"rendered":"https:\/\/batijournal.com\/?p=99429"},"modified":"2019-07-15T12:08:41","modified_gmt":"2019-07-15T10:08:41","slug":"offices-publics-de-l-habitat","status":"publish","type":"post","link":"https:\/\/batijournal.com\/index.php\/offices-publics-de-l-habitat\/99429\/","title":{"rendered":"Les Offices Publics de l&rsquo;Habitat prennent des r\u00e9solutions un contexte de profond bouleversement"},"content":{"rendered":"<p><strong>La F\u00e9d\u00e9ration nationale des Offices Publics de l&rsquo;Habitat a tenu son assembl\u00e9e g\u00e9n\u00e9rale annuelle les 7 et 8 juin \u00e0 Grenoble. Pendant deux jours, pr\u00e8s de 200 offices \u00e9taient r\u00e9unis pour d\u00e9battre et \u00e9changer autour de l&rsquo;actualit\u00e9. RLS et loi Elan ont \u00e9t\u00e9 au centre des d\u00e9bats. La r\u00e9solution de cette assembl\u00e9e, vot\u00e9e \u00e0 la quasi-unanimit\u00e9 des participants, exprime les attentes, les inqui\u00e9tudes mais aussi les propositions des Offices Publics de l&rsquo;Habitat.<\/strong><\/p>\n<p>Force de proposition pour am\u00e9liorer leurs conditions d&rsquo;exercice dans tous les territoires au b\u00e9n\u00e9fice des habitants les plus modestes, les offices (2\/3 d&rsquo;entre eux) devront r\u00e9duire la voilure d\u00e8s 2018 d&rsquo;apr\u00e8s les chiffres tir\u00e9s de la premi\u00e8re enqu\u00eate sur les cons\u00e9quences de la RLS. 61% des offices vont diminuer leur budget d&rsquo;entretien courant de 6% en moyenne et la moiti\u00e9 leurs investissements (neufs et r\u00e9habilitation) d&rsquo;un tiers. C&rsquo;est pourquoi les OPH continuent \u00e0 d\u00e9noncer la baisse des APL compens\u00e9e par la RLS, combat men\u00e9 pour les locataires les plus modestes et pour le maintien de l&rsquo;activit\u00e9 du secteur du b\u00e2timent. Ils restent mobilis\u00e9s pour trouver un nouvel \u00e9quilibre plus favorable aux investissements et donc aux locataires, en vue de la prochaine loi de finances.<\/p>\n<p>Attach\u00e9s au r\u00f4le des collectivit\u00e9s au service des politiques de l&rsquo;habitat, les offices demandent que les seuils soient adapt\u00e9s aux sp\u00e9cificit\u00e9s des territoires. Ainsi la soci\u00e9t\u00e9 de coordination, projet ambitieux de regroupement des organismes de logement social port\u00e9 par la FOPH, respecte le r\u00f4le des collectivit\u00e9s locales, la place des \u00e9lus et des habitants : il s&rsquo;agit d&rsquo;un regroupement horizontal qui doit permettre une plus grande efficience collective en permettant aux organismes de logement social de couvrir toutes les comp\u00e9tences autoris\u00e9es par la loi, tout en garantissant l&rsquo;int\u00e9grit\u00e9 de ses membres. Ce projet a \u00e9t\u00e9 repris par les Pouvoirs publics qui l&rsquo;ont cependant \u00ab verticalis\u00e9 \u00bb. Par voie d&rsquo;amendement, la F\u00e9d\u00e9ration continue \u00e0 d\u00e9fendre l&rsquo;horizontalit\u00e9 du mod\u00e8le propos\u00e9.<\/p>\n<p>Contre la financiarisation en cours du secteur, les offices entendent sauvegarder les fondamentaux du logement social fran\u00e7ais en maintenant l&rsquo;\u00e9quilibre entre :<br \/>\n&#8211; Un mod\u00e8le de financement par l&rsquo;\u00e9pargne populaire \u00e0 partir de pr\u00eats longs et bonifi\u00e9s pour les investissements mais aussi d&rsquo;aides \u00e0 la pierre permettant de maintenir des loyers bas (par une fiscalit\u00e9 adapt\u00e9e et des subventions)<br \/>\n&#8211; Et un mod\u00e8le de solidarit\u00e9 nationale au travers des APL.<\/p>\n<p>Avec la F\u00e9d\u00e9ration, les Offices Publics de l&rsquo;Habitat s&rsquo;engagent \u00e0 travailler dans les prochains mois \u00e0 des sujets vitaux pour leur avenir et leur efficacit\u00e9 sociale :<br \/>\n&#8211; Sur la recherche d&rsquo;optimisation de leurs moyens financiers et de leur efficacit\u00e9 sociale en \u00e9tudiant toutes les voies de diversification possibles (am\u00e9nagement, logements interm\u00e9diaires, accession sociale, intervention dans les centres anciens, optimisation fonci\u00e8re&#8230;) ou qui vont l&rsquo;\u00eatre via la loi ELAN (nouveaux services, prestations pour le compte de tiers&#8230;),<br \/>\n&#8211; A lancer rapidement les projets de renouvellement urbain \u00e0 hauteur des moyens disponibles,<br \/>\n&#8211; A poursuivre le d\u00e9veloppement d&rsquo;initiatives citoyennes (qui seront valoris\u00e9es par la F\u00e9d\u00e9ration) notamment dans les QPV,<br \/>\n&#8211; A mener une r\u00e9flexion sur les loyers et les charges afin d&rsquo;am\u00e9liorer le pouvoir d&rsquo;achat des habitants sans ob\u00e9rer les capacit\u00e9s d&rsquo;entretien du parc et d&rsquo;investissement soit le contraire d&rsquo;un loyer fonction des revenus.<\/p>\n","protected":false},"excerpt":{"rendered":"<p>La F\u00e9d\u00e9ration nationale des Offices Publics de l&rsquo;Habitat a tenu son assembl\u00e9e g\u00e9n\u00e9rale annuelle les 7 et 8 juin \u00e0 Grenoble. Pendant deux jours, pr\u00e8s de 200 offices \u00e9taient r\u00e9unis pour d\u00e9battre et \u00e9changer autour de l&rsquo;actualit\u00e9. RLS et loi Elan ont \u00e9t\u00e9 au centre des d\u00e9bats. La r\u00e9solution de cette assembl\u00e9e, vot\u00e9e \u00e0 la [&hellip;]<\/p>\n","protected":false},"author":17,"featured_media":87954,"comment_status":"closed","ping_status":"closed","sticky":false,"template":"","format":"standard","meta":{"_et_pb_use_builder":"","_et_pb_old_content":"","_et_gb_content_width":"","footnotes":""},"categories":[10530,6345],"tags":[1290],"class_list":["post-99429","post","type-post","status-publish","format-standard","has-post-thumbnail","hentry","category-actualites","category-economie-marches","tag-hlm"],"yoast_head":"<!-- This site is optimized with the Yoast SEO plugin v27.4 - https:\/\/yoast.com\/product\/yoast-seo-wordpress\/ -->\n<title>Les Offices Publics de l&#039;Habitat prennent des r\u00e9solutions<\/title>\n<meta name=\"description\" content=\"La F\u00e9d\u00e9ration nationale des Offices Publics de l&#039;Habitat a tenu son assembl\u00e9e g\u00e9n\u00e9rale annuelle les 7 et 8 juin \u00e0 Grenoble.\" \/>\n<meta name=\"robots\" content=\"index, follow, max-snippet:-1, max-image-preview:large, max-video-preview:-1\" \/>\n<link rel=\"canonical\" href=\"https:\/\/batijournal.com\/index.php\/offices-publics-de-l-habitat\/99429\/\" \/>\n<meta property=\"og:locale\" content=\"fr_FR\" \/>\n<meta property=\"og:type\" content=\"article\" \/>\n<meta property=\"og:title\" content=\"Les Offices Publics de l&#039;Habitat prennent des r\u00e9solutions\" \/>\n<meta property=\"og:description\" content=\"La F\u00e9d\u00e9ration nationale des Offices Publics de l&#039;Habitat a tenu son assembl\u00e9e g\u00e9n\u00e9rale annuelle les 7 et 8 juin \u00e0 Grenoble.\" \/>\n<meta property=\"og:url\" content=\"https:\/\/batijournal.com\/index.php\/offices-publics-de-l-habitat\/99429\/\" \/>\n<meta property=\"og:site_name\" content=\"Batijournal\" \/>\n<meta property=\"article:published_time\" content=\"2018-06-18T06:36:34+00:00\" \/>\n<meta property=\"article:modified_time\" content=\"2019-07-15T10:08:41+00:00\" \/>\n<meta property=\"og:image\" content=\"https:\/\/batijournal.com\/wp-content\/uploads\/2015\/06\/mouvement-hlm.jpg\" \/>\n\t<meta property=\"og:image:width\" content=\"1000\" \/>\n\t<meta property=\"og:image:height\" content=\"593\" \/>\n\t<meta property=\"og:image:type\" content=\"image\/jpeg\" \/>\n<meta name=\"author\" content=\"St\u00e9phane Miget\" \/>\n<meta name=\"twitter:card\" content=\"summary_large_image\" \/>\n<meta name=\"twitter:creator\" content=\"@bati_journal\" \/>\n<meta name=\"twitter:site\" content=\"@bati_journal\" \/>\n<meta name=\"twitter:label1\" content=\"\u00c9crit par\" \/>\n\t<meta name=\"twitter:data1\" content=\"St\u00e9phane Miget\" \/>\n\t<meta name=\"twitter:label2\" content=\"Dur\u00e9e de lecture estim\u00e9e\" \/>\n\t<meta name=\"twitter:data2\" content=\"3 minutes\" \/>\n<script type=\"application\/ld+json\" class=\"yoast-schema-graph\">{\"@context\":\"https:\\\/\\\/schema.org\",\"@graph\":[{\"@type\":\"Article\",\"@id\":\"https:\\\/\\\/batijournal.com\\\/index.php\\\/offices-publics-de-l-habitat\\\/99429\\\/#article\",\"isPartOf\":{\"@id\":\"https:\\\/\\\/batijournal.com\\\/index.php\\\/offices-publics-de-l-habitat\\\/99429\\\/\"},\"author\":{\"name\":\"St\u00e9phane Miget\",\"@id\":\"https:\\\/\\\/batijournal.com\\\/#\\\/schema\\\/person\\\/1dc96ec6957aa1ccb25ebe78bb19f100\"},\"headline\":\"Les Offices Publics de l&rsquo;Habitat prennent des r\u00e9solutions un contexte de profond bouleversement\",\"datePublished\":\"2018-06-18T06:36:34+00:00\",\"dateModified\":\"2019-07-15T10:08:41+00:00\",\"mainEntityOfPage\":{\"@id\":\"https:\\\/\\\/batijournal.com\\\/index.php\\\/offices-publics-de-l-habitat\\\/99429\\\/\"},\"wordCount\":614,\"image\":{\"@id\":\"https:\\\/\\\/batijournal.com\\\/index.php\\\/offices-publics-de-l-habitat\\\/99429\\\/#primaryimage\"},\"thumbnailUrl\":\"https:\\\/\\\/batijournal.com\\\/wp-content\\\/uploads\\\/2015\\\/06\\\/mouvement-hlm.jpg\",\"keywords\":[\"HLM\"],\"articleSection\":[\"Actualit\u00e9s\",\"\u00c9conomie &amp; March\u00e9s\"],\"inLanguage\":\"fr-FR\"},{\"@type\":\"WebPage\",\"@id\":\"https:\\\/\\\/batijournal.com\\\/index.php\\\/offices-publics-de-l-habitat\\\/99429\\\/\",\"url\":\"https:\\\/\\\/batijournal.com\\\/index.php\\\/offices-publics-de-l-habitat\\\/99429\\\/\",\"name\":\"Les Offices Publics de l'Habitat prennent des r\u00e9solutions\",\"isPartOf\":{\"@id\":\"https:\\\/\\\/batijournal.com\\\/#website\"},\"primaryImageOfPage\":{\"@id\":\"https:\\\/\\\/batijournal.com\\\/index.php\\\/offices-publics-de-l-habitat\\\/99429\\\/#primaryimage\"},\"image\":{\"@id\":\"https:\\\/\\\/batijournal.com\\\/index.php\\\/offices-publics-de-l-habitat\\\/99429\\\/#primaryimage\"},\"thumbnailUrl\":\"https:\\\/\\\/batijournal.com\\\/wp-content\\\/uploads\\\/2015\\\/06\\\/mouvement-hlm.jpg\",\"datePublished\":\"2018-06-18T06:36:34+00:00\",\"dateModified\":\"2019-07-15T10:08:41+00:00\",\"author\":{\"@id\":\"https:\\\/\\\/batijournal.com\\\/#\\\/schema\\\/person\\\/1dc96ec6957aa1ccb25ebe78bb19f100\"},\"description\":\"La F\u00e9d\u00e9ration nationale des Offices Publics de l'Habitat a tenu son assembl\u00e9e g\u00e9n\u00e9rale annuelle les 7 et 8 juin \u00e0 Grenoble.\",\"breadcrumb\":{\"@id\":\"https:\\\/\\\/batijournal.com\\\/index.php\\\/offices-publics-de-l-habitat\\\/99429\\\/#breadcrumb\"},\"inLanguage\":\"fr-FR\",\"potentialAction\":[{\"@type\":\"ReadAction\",\"target\":[\"https:\\\/\\\/batijournal.com\\\/index.php\\\/offices-publics-de-l-habitat\\\/99429\\\/\"]}]},{\"@type\":\"ImageObject\",\"inLanguage\":\"fr-FR\",\"@id\":\"https:\\\/\\\/batijournal.com\\\/index.php\\\/offices-publics-de-l-habitat\\\/99429\\\/#primaryimage\",\"url\":\"https:\\\/\\\/batijournal.com\\\/wp-content\\\/uploads\\\/2015\\\/06\\\/mouvement-hlm.jpg\",\"contentUrl\":\"https:\\\/\\\/batijournal.com\\\/wp-content\\\/uploads\\\/2015\\\/06\\\/mouvement-hlm.jpg\",\"width\":1000,\"height\":593,\"caption\":\"Offices Publics de l Habitat\"},{\"@type\":\"BreadcrumbList\",\"@id\":\"https:\\\/\\\/batijournal.com\\\/index.php\\\/offices-publics-de-l-habitat\\\/99429\\\/#breadcrumb\",\"itemListElement\":[{\"@type\":\"ListItem\",\"position\":1,\"name\":\"Accueil\",\"item\":\"https:\\\/\\\/batijournal.com\\\/\"},{\"@type\":\"ListItem\",\"position\":2,\"name\":\"Actualit\u00e9s\",\"item\":\"https:\\\/\\\/batijournal.com\\\/index.php\\\/category\\\/actualites\\\/\"},{\"@type\":\"ListItem\",\"position\":3,\"name\":\"Les Offices Publics de l&rsquo;Habitat prennent des r\u00e9solutions un contexte de profond bouleversement\"}]},{\"@type\":\"WebSite\",\"@id\":\"https:\\\/\\\/batijournal.com\\\/#website\",\"url\":\"https:\\\/\\\/batijournal.com\\\/\",\"name\":\"Batijournal\",\"description\":\"L&#039;actualit\u00e9 du b\u00e2timent\",\"potentialAction\":[{\"@type\":\"SearchAction\",\"target\":{\"@type\":\"EntryPoint\",\"urlTemplate\":\"https:\\\/\\\/batijournal.com\\\/?s={search_term_string}\"},\"query-input\":{\"@type\":\"PropertyValueSpecification\",\"valueRequired\":true,\"valueName\":\"search_term_string\"}}],\"inLanguage\":\"fr-FR\"},{\"@type\":\"Person\",\"@id\":\"https:\\\/\\\/batijournal.com\\\/#\\\/schema\\\/person\\\/1dc96ec6957aa1ccb25ebe78bb19f100\",\"name\":\"St\u00e9phane Miget\",\"image\":{\"@type\":\"ImageObject\",\"inLanguage\":\"fr-FR\",\"@id\":\"https:\\\/\\\/secure.gravatar.com\\\/avatar\\\/89915563d925342126b8ef0281b93d9d7fc337043e8df017f780908eb9644451?s=96&d=mm&r=g\",\"url\":\"https:\\\/\\\/secure.gravatar.com\\\/avatar\\\/89915563d925342126b8ef0281b93d9d7fc337043e8df017f780908eb9644451?s=96&d=mm&r=g\",\"contentUrl\":\"https:\\\/\\\/secure.gravatar.com\\\/avatar\\\/89915563d925342126b8ef0281b93d9d7fc337043e8df017f780908eb9644451?s=96&d=mm&r=g\",\"caption\":\"St\u00e9phane Miget\"},\"url\":\"https:\\\/\\\/batijournal.com\\\/index.php\\\/author\\\/stephane\\\/\"}]}<\/script>\n<!-- \/ Yoast SEO plugin. -->","yoast_head_json":{"title":"Les Offices Publics de l'Habitat prennent des r\u00e9solutions","description":"La F\u00e9d\u00e9ration nationale des Offices Publics de l'Habitat a tenu son assembl\u00e9e g\u00e9n\u00e9rale annuelle les 7 et 8 juin \u00e0 Grenoble.","robots":{"index":"index","follow":"follow","max-snippet":"max-snippet:-1","max-image-preview":"max-image-preview:large","max-video-preview":"max-video-preview:-1"},"canonical":"https:\/\/batijournal.com\/index.php\/offices-publics-de-l-habitat\/99429\/","og_locale":"fr_FR","og_type":"article","og_title":"Les Offices Publics de l'Habitat prennent des r\u00e9solutions","og_description":"La F\u00e9d\u00e9ration nationale des Offices Publics de l'Habitat a tenu son assembl\u00e9e g\u00e9n\u00e9rale annuelle les 7 et 8 juin \u00e0 Grenoble.","og_url":"https:\/\/batijournal.com\/index.php\/offices-publics-de-l-habitat\/99429\/","og_site_name":"Batijournal","article_published_time":"2018-06-18T06:36:34+00:00","article_modified_time":"2019-07-15T10:08:41+00:00","og_image":[{"width":1000,"height":593,"url":"https:\/\/batijournal.com\/wp-content\/uploads\/2015\/06\/mouvement-hlm.jpg","type":"image\/jpeg"}],"author":"St\u00e9phane Miget","twitter_card":"summary_large_image","twitter_creator":"@bati_journal","twitter_site":"@bati_journal","twitter_misc":{"\u00c9crit par":"St\u00e9phane Miget","Dur\u00e9e de lecture estim\u00e9e":"3 minutes"},"schema":{"@context":"https:\/\/schema.org","@graph":[{"@type":"Article","@id":"https:\/\/batijournal.com\/index.php\/offices-publics-de-l-habitat\/99429\/#article","isPartOf":{"@id":"https:\/\/batijournal.com\/index.php\/offices-publics-de-l-habitat\/99429\/"},"author":{"name":"St\u00e9phane Miget","@id":"https:\/\/batijournal.com\/#\/schema\/person\/1dc96ec6957aa1ccb25ebe78bb19f100"},"headline":"Les Offices Publics de l&rsquo;Habitat prennent des r\u00e9solutions un contexte de profond bouleversement","datePublished":"2018-06-18T06:36:34+00:00","dateModified":"2019-07-15T10:08:41+00:00","mainEntityOfPage":{"@id":"https:\/\/batijournal.com\/index.php\/offices-publics-de-l-habitat\/99429\/"},"wordCount":614,"image":{"@id":"https:\/\/batijournal.com\/index.php\/offices-publics-de-l-habitat\/99429\/#primaryimage"},"thumbnailUrl":"https:\/\/batijournal.com\/wp-content\/uploads\/2015\/06\/mouvement-hlm.jpg","keywords":["HLM"],"articleSection":["Actualit\u00e9s","\u00c9conomie &amp; March\u00e9s"],"inLanguage":"fr-FR"},{"@type":"WebPage","@id":"https:\/\/batijournal.com\/index.php\/offices-publics-de-l-habitat\/99429\/","url":"https:\/\/batijournal.com\/index.php\/offices-publics-de-l-habitat\/99429\/","name":"Les Offices Publics de l'Habitat prennent des r\u00e9solutions","isPartOf":{"@id":"https:\/\/batijournal.com\/#website"},"primaryImageOfPage":{"@id":"https:\/\/batijournal.com\/index.php\/offices-publics-de-l-habitat\/99429\/#primaryimage"},"image":{"@id":"https:\/\/batijournal.com\/index.php\/offices-publics-de-l-habitat\/99429\/#primaryimage"},"thumbnailUrl":"https:\/\/batijournal.com\/wp-content\/uploads\/2015\/06\/mouvement-hlm.jpg","datePublished":"2018-06-18T06:36:34+00:00","dateModified":"2019-07-15T10:08:41+00:00","author":{"@id":"https:\/\/batijournal.com\/#\/schema\/person\/1dc96ec6957aa1ccb25ebe78bb19f100"},"description":"La F\u00e9d\u00e9ration nationale des Offices Publics de l'Habitat a tenu son assembl\u00e9e g\u00e9n\u00e9rale annuelle les 7 et 8 juin \u00e0 Grenoble.","breadcrumb":{"@id":"https:\/\/batijournal.com\/index.php\/offices-publics-de-l-habitat\/99429\/#breadcrumb"},"inLanguage":"fr-FR","potentialAction":[{"@type":"ReadAction","target":["https:\/\/batijournal.com\/index.php\/offices-publics-de-l-habitat\/99429\/"]}]},{"@type":"ImageObject","inLanguage":"fr-FR","@id":"https:\/\/batijournal.com\/index.php\/offices-publics-de-l-habitat\/99429\/#primaryimage","url":"https:\/\/batijournal.com\/wp-content\/uploads\/2015\/06\/mouvement-hlm.jpg","contentUrl":"https:\/\/batijournal.com\/wp-content\/uploads\/2015\/06\/mouvement-hlm.jpg","width":1000,"height":593,"caption":"Offices Publics de l Habitat"},{"@type":"BreadcrumbList","@id":"https:\/\/batijournal.com\/index.php\/offices-publics-de-l-habitat\/99429\/#breadcrumb","itemListElement":[{"@type":"ListItem","position":1,"name":"Accueil","item":"https:\/\/batijournal.com\/"},{"@type":"ListItem","position":2,"name":"Actualit\u00e9s","item":"https:\/\/batijournal.com\/index.php\/category\/actualites\/"},{"@type":"ListItem","position":3,"name":"Les Offices Publics de l&rsquo;Habitat prennent des r\u00e9solutions un contexte de profond bouleversement"}]},{"@type":"WebSite","@id":"https:\/\/batijournal.com\/#website","url":"https:\/\/batijournal.com\/","name":"Batijournal","description":"L&#039;actualit\u00e9 du b\u00e2timent","potentialAction":[{"@type":"SearchAction","target":{"@type":"EntryPoint","urlTemplate":"https:\/\/batijournal.com\/?s={search_term_string}"},"query-input":{"@type":"PropertyValueSpecification","valueRequired":true,"valueName":"search_term_string"}}],"inLanguage":"fr-FR"},{"@type":"Person","@id":"https:\/\/batijournal.com\/#\/schema\/person\/1dc96ec6957aa1ccb25ebe78bb19f100","name":"St\u00e9phane Miget","image":{"@type":"ImageObject","inLanguage":"fr-FR","@id":"https:\/\/secure.gravatar.com\/avatar\/89915563d925342126b8ef0281b93d9d7fc337043e8df017f780908eb9644451?s=96&d=mm&r=g","url":"https:\/\/secure.gravatar.com\/avatar\/89915563d925342126b8ef0281b93d9d7fc337043e8df017f780908eb9644451?s=96&d=mm&r=g","contentUrl":"https:\/\/secure.gravatar.com\/avatar\/89915563d925342126b8ef0281b93d9d7fc337043e8df017f780908eb9644451?s=96&d=mm&r=g","caption":"St\u00e9phane Miget"},"url":"https:\/\/batijournal.com\/index.php\/author\/stephane\/"}]}},"_links":{"self":[{"href":"https:\/\/batijournal.com\/index.php\/wp-json\/wp\/v2\/posts\/99429","targetHints":{"allow":["GET"]}}],"collection":[{"href":"https:\/\/batijournal.com\/index.php\/wp-json\/wp\/v2\/posts"}],"about":[{"href":"https:\/\/batijournal.com\/index.php\/wp-json\/wp\/v2\/types\/post"}],"author":[{"embeddable":true,"href":"https:\/\/batijournal.com\/index.php\/wp-json\/wp\/v2\/users\/17"}],"replies":[{"embeddable":true,"href":"https:\/\/batijournal.com\/index.php\/wp-json\/wp\/v2\/comments?post=99429"}],"version-history":[{"count":0,"href":"https:\/\/batijournal.com\/index.php\/wp-json\/wp\/v2\/posts\/99429\/revisions"}],"wp:featuredmedia":[{"embeddable":true,"href":"https:\/\/batijournal.com\/index.php\/wp-json\/wp\/v2\/media\/87954"}],"wp:attachment":[{"href":"https:\/\/batijournal.com\/index.php\/wp-json\/wp\/v2\/media?parent=99429"}],"wp:term":[{"taxonomy":"category","embeddable":true,"href":"https:\/\/batijournal.com\/index.php\/wp-json\/wp\/v2\/categories?post=99429"},{"taxonomy":"post_tag","embeddable":true,"href":"https:\/\/batijournal.com\/index.php\/wp-json\/wp\/v2\/tags?post=99429"}],"curies":[{"name":"wp","href":"https:\/\/api.w.org\/{rel}","templated":true}]}}