{"id":99449,"date":"2018-06-18T17:10:43","date_gmt":"2018-06-18T15:10:43","guid":{"rendered":"https:\/\/batijournal.com\/?p=99449"},"modified":"2018-07-19T15:00:34","modified_gmt":"2018-07-19T13:00:34","slug":"michel-druilhe-president-de-france-bois-foret","status":"publish","type":"post","link":"https:\/\/batijournal.com\/index.php\/michel-druilhe-president-de-france-bois-foret\/99449\/","title":{"rendered":"Michel Druilhe, nouveau pr\u00e9sident de France Bois For\u00eat"},"content":{"rendered":"<p><span style=\"color: #000000;\">Michel Druilhe, a \u00e9t\u00e9 \u00e9lu le 14 juin \u00e0 la t\u00eate de l&rsquo;interprofession nationale France Bois For\u00eat, succ\u00e9dant \u00e0 Cyril Le Picard. Le nouveau pr\u00e9sident entame son mandat de 3 ans en annon\u00e7ant deux principaux objectifs\u00a0: valoriser la for\u00eat et le bois dans tous ses usages et faire de l&rsquo;innovation un moteur pour l&rsquo;avenir de la fili\u00e8re.\u00a0\u00ab\u00a0L&rsquo;enjeu est le maintien d&rsquo;une coh\u00e9sion entre l&rsquo;amont et l&rsquo;aval de la fili\u00e8re for\u00eat bois, afin d&rsquo;entreprendre des actions communes pour le d\u00e9veloppement des entreprises du secteur et maintenir le patrimoine forestier.\u00a0\u00bb Ag\u00e9 de 68 ans, Michel Druilhe conna\u00eet bien les enjeux de la fili\u00e8re apr\u00e8s avoir \u00e9t\u00e9 notamment dirigeant des Scieries R\u00e9unies d&rsquo;Abreschviller (1992-2007), puis d&rsquo;Abreschviller Sciages (2009-2012). <\/span><\/p>\n<p><span style=\"color: #000000;\">Cr\u00e9\u00e9e en 2004, l&rsquo;interprofession nationale France Bois For\u00eat est plac\u00e9e sous l&rsquo;\u00e9gide du Minist\u00e8re de la Culture et de l&rsquo;alimentation. Elle regroupe 22 organisations professionnelles repr\u00e9sentant l&rsquo;ensemble de la fili\u00e8re for\u00eat-bois.<\/span><\/p>\n<p><a href=\"http:\/\/www.franceboisforet.fr\">www.franceboisforet.fr<\/a><\/p>\n<p>&nbsp;<\/p>\n","protected":false},"excerpt":{"rendered":"<p>Michel Druilhe, a \u00e9t\u00e9 \u00e9lu le 14 juin \u00e0 la t\u00eate de l&rsquo;interprofession nationale France Bois For\u00eat, succ\u00e9dant \u00e0 Cyril Le Picard. Le nouveau pr\u00e9sident entame son mandat de 3 ans en annon\u00e7ant deux principaux objectifs\u00a0: valoriser la for\u00eat et le bois dans tous ses usages et faire de l&rsquo;innovation un moteur pour l&rsquo;avenir de [&hellip;]<\/p>\n","protected":false},"author":17,"featured_media":99450,"comment_status":"closed","ping_status":"closed","sticky":false,"template":"","format":"standard","meta":{"_et_pb_use_builder":"","_et_pb_old_content":"","_et_gb_content_width":"","footnotes":""},"categories":[10530,10768,10764],"tags":[],"class_list":["post-99449","post","type-post","status-publish","format-standard","has-post-thumbnail","hentry","category-actualites","category-nouvelles-tetes","category-woodsurfer"],"yoast_head":"<!-- This site is optimized with the Yoast SEO plugin v27.4 - https:\/\/yoast.com\/product\/yoast-seo-wordpress\/ -->\n<title>Michel Druilhe: le nouveau pr\u00e9sident de France Bois For\u00eat<\/title>\n<meta name=\"description\" content=\"Michel Druilhe, a \u00e9t\u00e9 \u00e9lu le 14 juin \u00e0 la t\u00eate de l&#039;interprofession nationale France Bois For\u00eat, succ\u00e9dant \u00e0 Cyril Le Picard.\" \/>\n<meta name=\"robots\" content=\"index, follow, max-snippet:-1, max-image-preview:large, max-video-preview:-1\" \/>\n<link rel=\"canonical\" href=\"https:\/\/batijournal.com\/index.php\/michel-druilhe-president-de-france-bois-foret\/99449\/\" \/>\n<meta property=\"og:locale\" content=\"fr_FR\" \/>\n<meta property=\"og:type\" content=\"article\" \/>\n<meta property=\"og:title\" content=\"Michel Druilhe: le nouveau pr\u00e9sident de France Bois For\u00eat\" \/>\n<meta property=\"og:description\" content=\"Michel Druilhe, a \u00e9t\u00e9 \u00e9lu le 14 juin \u00e0 la t\u00eate de l&#039;interprofession nationale France Bois For\u00eat, succ\u00e9dant \u00e0 Cyril Le Picard.\" \/>\n<meta property=\"og:url\" content=\"https:\/\/batijournal.com\/index.php\/michel-druilhe-president-de-france-bois-foret\/99449\/\" \/>\n<meta property=\"og:site_name\" content=\"Batijournal\" \/>\n<meta property=\"article:published_time\" content=\"2018-06-18T15:10:43+00:00\" \/>\n<meta property=\"article:modified_time\" content=\"2018-07-19T13:00:34+00:00\" \/>\n<meta property=\"og:image\" content=\"https:\/\/batijournal.com\/wp-content\/uploads\/2018\/06\/Druilhe.jpg\" \/>\n\t<meta property=\"og:image:width\" content=\"516\" \/>\n\t<meta property=\"og:image:height\" content=\"394\" \/>\n\t<meta property=\"og:image:type\" content=\"image\/jpeg\" \/>\n<meta name=\"author\" content=\"St\u00e9phane Miget\" \/>\n<meta name=\"twitter:card\" content=\"summary_large_image\" \/>\n<meta name=\"twitter:creator\" content=\"@bati_journal\" \/>\n<meta name=\"twitter:site\" content=\"@bati_journal\" \/>\n<meta name=\"twitter:label1\" content=\"\u00c9crit par\" \/>\n\t<meta name=\"twitter:data1\" content=\"St\u00e9phane Miget\" \/>\n\t<meta name=\"twitter:label2\" content=\"Dur\u00e9e de lecture estim\u00e9e\" \/>\n\t<meta name=\"twitter:data2\" content=\"1 minute\" \/>\n<script type=\"application\/ld+json\" class=\"yoast-schema-graph\">{\"@context\":\"https:\\\/\\\/schema.org\",\"@graph\":[{\"@type\":\"Article\",\"@id\":\"https:\\\/\\\/batijournal.com\\\/index.php\\\/michel-druilhe-president-de-france-bois-foret\\\/99449\\\/#article\",\"isPartOf\":{\"@id\":\"https:\\\/\\\/batijournal.com\\\/index.php\\\/michel-druilhe-president-de-france-bois-foret\\\/99449\\\/\"},\"author\":{\"name\":\"St\u00e9phane Miget\",\"@id\":\"https:\\\/\\\/batijournal.com\\\/#\\\/schema\\\/person\\\/1dc96ec6957aa1ccb25ebe78bb19f100\"},\"headline\":\"Michel Druilhe, nouveau pr\u00e9sident de France Bois For\u00eat\",\"datePublished\":\"2018-06-18T15:10:43+00:00\",\"dateModified\":\"2018-07-19T13:00:34+00:00\",\"mainEntityOfPage\":{\"@id\":\"https:\\\/\\\/batijournal.com\\\/index.php\\\/michel-druilhe-president-de-france-bois-foret\\\/99449\\\/\"},\"wordCount\":190,\"image\":{\"@id\":\"https:\\\/\\\/batijournal.com\\\/index.php\\\/michel-druilhe-president-de-france-bois-foret\\\/99449\\\/#primaryimage\"},\"thumbnailUrl\":\"https:\\\/\\\/batijournal.com\\\/wp-content\\\/uploads\\\/2018\\\/06\\\/Druilhe.jpg\",\"articleSection\":[\"Actualit\u00e9s\",\"zz_Nouvelles t\u00eates - Woodsurfer\",\"zz_Woodsurfer\"],\"inLanguage\":\"fr-FR\"},{\"@type\":\"WebPage\",\"@id\":\"https:\\\/\\\/batijournal.com\\\/index.php\\\/michel-druilhe-president-de-france-bois-foret\\\/99449\\\/\",\"url\":\"https:\\\/\\\/batijournal.com\\\/index.php\\\/michel-druilhe-president-de-france-bois-foret\\\/99449\\\/\",\"name\":\"Michel Druilhe: le nouveau pr\u00e9sident de France Bois For\u00eat\",\"isPartOf\":{\"@id\":\"https:\\\/\\\/batijournal.com\\\/#website\"},\"primaryImageOfPage\":{\"@id\":\"https:\\\/\\\/batijournal.com\\\/index.php\\\/michel-druilhe-president-de-france-bois-foret\\\/99449\\\/#primaryimage\"},\"image\":{\"@id\":\"https:\\\/\\\/batijournal.com\\\/index.php\\\/michel-druilhe-president-de-france-bois-foret\\\/99449\\\/#primaryimage\"},\"thumbnailUrl\":\"https:\\\/\\\/batijournal.com\\\/wp-content\\\/uploads\\\/2018\\\/06\\\/Druilhe.jpg\",\"datePublished\":\"2018-06-18T15:10:43+00:00\",\"dateModified\":\"2018-07-19T13:00:34+00:00\",\"author\":{\"@id\":\"https:\\\/\\\/batijournal.com\\\/#\\\/schema\\\/person\\\/1dc96ec6957aa1ccb25ebe78bb19f100\"},\"description\":\"Michel Druilhe, a \u00e9t\u00e9 \u00e9lu le 14 juin \u00e0 la t\u00eate de l'interprofession nationale France Bois For\u00eat, succ\u00e9dant \u00e0 Cyril Le Picard.\",\"breadcrumb\":{\"@id\":\"https:\\\/\\\/batijournal.com\\\/index.php\\\/michel-druilhe-president-de-france-bois-foret\\\/99449\\\/#breadcrumb\"},\"inLanguage\":\"fr-FR\",\"potentialAction\":[{\"@type\":\"ReadAction\",\"target\":[\"https:\\\/\\\/batijournal.com\\\/index.php\\\/michel-druilhe-president-de-france-bois-foret\\\/99449\\\/\"]}]},{\"@type\":\"ImageObject\",\"inLanguage\":\"fr-FR\",\"@id\":\"https:\\\/\\\/batijournal.com\\\/index.php\\\/michel-druilhe-president-de-france-bois-foret\\\/99449\\\/#primaryimage\",\"url\":\"https:\\\/\\\/batijournal.com\\\/wp-content\\\/uploads\\\/2018\\\/06\\\/Druilhe.jpg\",\"contentUrl\":\"https:\\\/\\\/batijournal.com\\\/wp-content\\\/uploads\\\/2018\\\/06\\\/Druilhe.jpg\",\"width\":516,\"height\":394,\"caption\":\"Michel-Druilhe-nouveau-president-france-bois-foret\"},{\"@type\":\"BreadcrumbList\",\"@id\":\"https:\\\/\\\/batijournal.com\\\/index.php\\\/michel-druilhe-president-de-france-bois-foret\\\/99449\\\/#breadcrumb\",\"itemListElement\":[{\"@type\":\"ListItem\",\"position\":1,\"name\":\"Accueil\",\"item\":\"https:\\\/\\\/batijournal.com\\\/\"},{\"@type\":\"ListItem\",\"position\":2,\"name\":\"Actualit\u00e9s\",\"item\":\"https:\\\/\\\/batijournal.com\\\/index.php\\\/category\\\/actualites\\\/\"},{\"@type\":\"ListItem\",\"position\":3,\"name\":\"Michel Druilhe, nouveau pr\u00e9sident de France Bois For\u00eat\"}]},{\"@type\":\"WebSite\",\"@id\":\"https:\\\/\\\/batijournal.com\\\/#website\",\"url\":\"https:\\\/\\\/batijournal.com\\\/\",\"name\":\"Batijournal\",\"description\":\"L&#039;actualit\u00e9 du b\u00e2timent\",\"potentialAction\":[{\"@type\":\"SearchAction\",\"target\":{\"@type\":\"EntryPoint\",\"urlTemplate\":\"https:\\\/\\\/batijournal.com\\\/?s={search_term_string}\"},\"query-input\":{\"@type\":\"PropertyValueSpecification\",\"valueRequired\":true,\"valueName\":\"search_term_string\"}}],\"inLanguage\":\"fr-FR\"},{\"@type\":\"Person\",\"@id\":\"https:\\\/\\\/batijournal.com\\\/#\\\/schema\\\/person\\\/1dc96ec6957aa1ccb25ebe78bb19f100\",\"name\":\"St\u00e9phane Miget\",\"image\":{\"@type\":\"ImageObject\",\"inLanguage\":\"fr-FR\",\"@id\":\"https:\\\/\\\/secure.gravatar.com\\\/avatar\\\/89915563d925342126b8ef0281b93d9d7fc337043e8df017f780908eb9644451?s=96&d=mm&r=g\",\"url\":\"https:\\\/\\\/secure.gravatar.com\\\/avatar\\\/89915563d925342126b8ef0281b93d9d7fc337043e8df017f780908eb9644451?s=96&d=mm&r=g\",\"contentUrl\":\"https:\\\/\\\/secure.gravatar.com\\\/avatar\\\/89915563d925342126b8ef0281b93d9d7fc337043e8df017f780908eb9644451?s=96&d=mm&r=g\",\"caption\":\"St\u00e9phane Miget\"},\"url\":\"https:\\\/\\\/batijournal.com\\\/index.php\\\/author\\\/stephane\\\/\"}]}<\/script>\n<!-- \/ Yoast SEO plugin. -->","yoast_head_json":{"title":"Michel Druilhe: le nouveau pr\u00e9sident de France Bois For\u00eat","description":"Michel Druilhe, a \u00e9t\u00e9 \u00e9lu le 14 juin \u00e0 la t\u00eate de l'interprofession nationale France Bois For\u00eat, succ\u00e9dant \u00e0 Cyril Le Picard.","robots":{"index":"index","follow":"follow","max-snippet":"max-snippet:-1","max-image-preview":"max-image-preview:large","max-video-preview":"max-video-preview:-1"},"canonical":"https:\/\/batijournal.com\/index.php\/michel-druilhe-president-de-france-bois-foret\/99449\/","og_locale":"fr_FR","og_type":"article","og_title":"Michel Druilhe: le nouveau pr\u00e9sident de France Bois For\u00eat","og_description":"Michel Druilhe, a \u00e9t\u00e9 \u00e9lu le 14 juin \u00e0 la t\u00eate de l'interprofession nationale France Bois For\u00eat, succ\u00e9dant \u00e0 Cyril Le Picard.","og_url":"https:\/\/batijournal.com\/index.php\/michel-druilhe-president-de-france-bois-foret\/99449\/","og_site_name":"Batijournal","article_published_time":"2018-06-18T15:10:43+00:00","article_modified_time":"2018-07-19T13:00:34+00:00","og_image":[{"width":516,"height":394,"url":"https:\/\/batijournal.com\/wp-content\/uploads\/2018\/06\/Druilhe.jpg","type":"image\/jpeg"}],"author":"St\u00e9phane Miget","twitter_card":"summary_large_image","twitter_creator":"@bati_journal","twitter_site":"@bati_journal","twitter_misc":{"\u00c9crit par":"St\u00e9phane Miget","Dur\u00e9e de lecture estim\u00e9e":"1 minute"},"schema":{"@context":"https:\/\/schema.org","@graph":[{"@type":"Article","@id":"https:\/\/batijournal.com\/index.php\/michel-druilhe-president-de-france-bois-foret\/99449\/#article","isPartOf":{"@id":"https:\/\/batijournal.com\/index.php\/michel-druilhe-president-de-france-bois-foret\/99449\/"},"author":{"name":"St\u00e9phane Miget","@id":"https:\/\/batijournal.com\/#\/schema\/person\/1dc96ec6957aa1ccb25ebe78bb19f100"},"headline":"Michel Druilhe, nouveau pr\u00e9sident de France Bois For\u00eat","datePublished":"2018-06-18T15:10:43+00:00","dateModified":"2018-07-19T13:00:34+00:00","mainEntityOfPage":{"@id":"https:\/\/batijournal.com\/index.php\/michel-druilhe-president-de-france-bois-foret\/99449\/"},"wordCount":190,"image":{"@id":"https:\/\/batijournal.com\/index.php\/michel-druilhe-president-de-france-bois-foret\/99449\/#primaryimage"},"thumbnailUrl":"https:\/\/batijournal.com\/wp-content\/uploads\/2018\/06\/Druilhe.jpg","articleSection":["Actualit\u00e9s","zz_Nouvelles t\u00eates - Woodsurfer","zz_Woodsurfer"],"inLanguage":"fr-FR"},{"@type":"WebPage","@id":"https:\/\/batijournal.com\/index.php\/michel-druilhe-president-de-france-bois-foret\/99449\/","url":"https:\/\/batijournal.com\/index.php\/michel-druilhe-president-de-france-bois-foret\/99449\/","name":"Michel Druilhe: le nouveau pr\u00e9sident de France Bois For\u00eat","isPartOf":{"@id":"https:\/\/batijournal.com\/#website"},"primaryImageOfPage":{"@id":"https:\/\/batijournal.com\/index.php\/michel-druilhe-president-de-france-bois-foret\/99449\/#primaryimage"},"image":{"@id":"https:\/\/batijournal.com\/index.php\/michel-druilhe-president-de-france-bois-foret\/99449\/#primaryimage"},"thumbnailUrl":"https:\/\/batijournal.com\/wp-content\/uploads\/2018\/06\/Druilhe.jpg","datePublished":"2018-06-18T15:10:43+00:00","dateModified":"2018-07-19T13:00:34+00:00","author":{"@id":"https:\/\/batijournal.com\/#\/schema\/person\/1dc96ec6957aa1ccb25ebe78bb19f100"},"description":"Michel Druilhe, a \u00e9t\u00e9 \u00e9lu le 14 juin \u00e0 la t\u00eate de l'interprofession nationale France Bois For\u00eat, succ\u00e9dant \u00e0 Cyril Le Picard.","breadcrumb":{"@id":"https:\/\/batijournal.com\/index.php\/michel-druilhe-president-de-france-bois-foret\/99449\/#breadcrumb"},"inLanguage":"fr-FR","potentialAction":[{"@type":"ReadAction","target":["https:\/\/batijournal.com\/index.php\/michel-druilhe-president-de-france-bois-foret\/99449\/"]}]},{"@type":"ImageObject","inLanguage":"fr-FR","@id":"https:\/\/batijournal.com\/index.php\/michel-druilhe-president-de-france-bois-foret\/99449\/#primaryimage","url":"https:\/\/batijournal.com\/wp-content\/uploads\/2018\/06\/Druilhe.jpg","contentUrl":"https:\/\/batijournal.com\/wp-content\/uploads\/2018\/06\/Druilhe.jpg","width":516,"height":394,"caption":"Michel-Druilhe-nouveau-president-france-bois-foret"},{"@type":"BreadcrumbList","@id":"https:\/\/batijournal.com\/index.php\/michel-druilhe-president-de-france-bois-foret\/99449\/#breadcrumb","itemListElement":[{"@type":"ListItem","position":1,"name":"Accueil","item":"https:\/\/batijournal.com\/"},{"@type":"ListItem","position":2,"name":"Actualit\u00e9s","item":"https:\/\/batijournal.com\/index.php\/category\/actualites\/"},{"@type":"ListItem","position":3,"name":"Michel Druilhe, nouveau pr\u00e9sident de France Bois For\u00eat"}]},{"@type":"WebSite","@id":"https:\/\/batijournal.com\/#website","url":"https:\/\/batijournal.com\/","name":"Batijournal","description":"L&#039;actualit\u00e9 du b\u00e2timent","potentialAction":[{"@type":"SearchAction","target":{"@type":"EntryPoint","urlTemplate":"https:\/\/batijournal.com\/?s={search_term_string}"},"query-input":{"@type":"PropertyValueSpecification","valueRequired":true,"valueName":"search_term_string"}}],"inLanguage":"fr-FR"},{"@type":"Person","@id":"https:\/\/batijournal.com\/#\/schema\/person\/1dc96ec6957aa1ccb25ebe78bb19f100","name":"St\u00e9phane Miget","image":{"@type":"ImageObject","inLanguage":"fr-FR","@id":"https:\/\/secure.gravatar.com\/avatar\/89915563d925342126b8ef0281b93d9d7fc337043e8df017f780908eb9644451?s=96&d=mm&r=g","url":"https:\/\/secure.gravatar.com\/avatar\/89915563d925342126b8ef0281b93d9d7fc337043e8df017f780908eb9644451?s=96&d=mm&r=g","contentUrl":"https:\/\/secure.gravatar.com\/avatar\/89915563d925342126b8ef0281b93d9d7fc337043e8df017f780908eb9644451?s=96&d=mm&r=g","caption":"St\u00e9phane Miget"},"url":"https:\/\/batijournal.com\/index.php\/author\/stephane\/"}]}},"_links":{"self":[{"href":"https:\/\/batijournal.com\/index.php\/wp-json\/wp\/v2\/posts\/99449","targetHints":{"allow":["GET"]}}],"collection":[{"href":"https:\/\/batijournal.com\/index.php\/wp-json\/wp\/v2\/posts"}],"about":[{"href":"https:\/\/batijournal.com\/index.php\/wp-json\/wp\/v2\/types\/post"}],"author":[{"embeddable":true,"href":"https:\/\/batijournal.com\/index.php\/wp-json\/wp\/v2\/users\/17"}],"replies":[{"embeddable":true,"href":"https:\/\/batijournal.com\/index.php\/wp-json\/wp\/v2\/comments?post=99449"}],"version-history":[{"count":0,"href":"https:\/\/batijournal.com\/index.php\/wp-json\/wp\/v2\/posts\/99449\/revisions"}],"wp:featuredmedia":[{"embeddable":true,"href":"https:\/\/batijournal.com\/index.php\/wp-json\/wp\/v2\/media\/99450"}],"wp:attachment":[{"href":"https:\/\/batijournal.com\/index.php\/wp-json\/wp\/v2\/media?parent=99449"}],"wp:term":[{"taxonomy":"category","embeddable":true,"href":"https:\/\/batijournal.com\/index.php\/wp-json\/wp\/v2\/categories?post=99449"},{"taxonomy":"post_tag","embeddable":true,"href":"https:\/\/batijournal.com\/index.php\/wp-json\/wp\/v2\/tags?post=99449"}],"curies":[{"name":"wp","href":"https:\/\/api.w.org\/{rel}","templated":true}]}}