{"id":99451,"date":"2018-06-18T17:59:51","date_gmt":"2018-06-18T15:59:51","guid":{"rendered":"https:\/\/batijournal.com\/?p=99451"},"modified":"2018-08-29T11:09:07","modified_gmt":"2018-08-29T09:09:07","slug":"commerce-du-bois-pierre-gautron-president","status":"publish","type":"post","link":"https:\/\/batijournal.com\/index.php\/commerce-du-bois-pierre-gautron-president\/99451\/","title":{"rendered":"LCB\u00a0: l&rsquo;organigramme \u00e9volue (en partie)"},"content":{"rendered":"<p><span style=\"color: #000000;\">Pierre Gautron a \u00e9t\u00e9 r\u00e9\u00e9lu pr\u00e9sident de l&rsquo;association Le Commerce du Bois le 1er juin, lors de l&rsquo;Assembl\u00e9e g\u00e9n\u00e9rale de LCB qui s&rsquo;est tenue au Carrefour international du Bois \u00e0 Nantes. Il a profit\u00e9 de cette occasion pour annoncer un nouvel axe strat\u00e9gique de l&rsquo;association\u00a0: une action de formation pour les n\u00e9gociants sp\u00e9cialis\u00e9s. L&rsquo;assembl\u00e9e g\u00e9n\u00e9rale a \u00e9t\u00e9 \u00e9galement marqu\u00e9e par le d\u00e9part \u00e0 la retraite d&rsquo;Eric Boiley, directeur historique de LCB qui a \u00e9t\u00e9 \u00e0 l&rsquo;initiative de la cr\u00e9ation l&rsquo;association en 2000 et de la mise en place de la Charte environnementale de l&rsquo;achat et de la vente responsables de bois. C&rsquo;est Arnaud H\u00e9troit, pr\u00e9c\u00e9demment secr\u00e9taire g\u00e9n\u00e9ral \u00e0 la F\u00e9d\u00e9ration Fran\u00e7aise du B\u00e2timent, en charge de l&rsquo;animation de de l&rsquo;Union des M\u00e9tiers du Bois, puis responsable au sein de l&rsquo;interprofession nationale France Bois For\u00eat, qui lui succ\u00e8de \u00e0 ce poste.<\/span><\/p>\n<p>Photo : Eric Boiley (\u00e0 gauche) et Arnaud H\u00e9troit.<\/p>\n<p><a href=\"http:\/\/lecommercedubois.org\">lecommercedubois.org<\/a><\/p>\n","protected":false},"excerpt":{"rendered":"<p>Pierre Gautron a \u00e9t\u00e9 r\u00e9\u00e9lu pr\u00e9sident de l&rsquo;association Le Commerce du Bois le 1er juin, lors de l&rsquo;Assembl\u00e9e g\u00e9n\u00e9rale de LCB qui s&rsquo;est tenue au Carrefour international du Bois \u00e0 Nantes. Il a profit\u00e9 de cette occasion pour annoncer un nouvel axe strat\u00e9gique de l&rsquo;association\u00a0: une action de formation pour les n\u00e9gociants sp\u00e9cialis\u00e9s. L&rsquo;assembl\u00e9e g\u00e9n\u00e9rale [&hellip;]<\/p>\n","protected":false},"author":17,"featured_media":99452,"comment_status":"closed","ping_status":"closed","sticky":false,"template":"","format":"standard","meta":{"_et_pb_use_builder":"","_et_pb_old_content":"","_et_gb_content_width":"","footnotes":""},"categories":[10530,11953,10768,10764],"tags":[],"class_list":["post-99451","post","type-post","status-publish","format-standard","has-post-thumbnail","hentry","category-actualites","category-actualites-generalistes","category-nouvelles-tetes","category-woodsurfer"],"yoast_head":"<!-- This site is optimized with the Yoast SEO plugin v27.4 - https:\/\/yoast.com\/product\/yoast-seo-wordpress\/ -->\n<title>Le Commerce du Bois : Pierre Gautron r\u00e9\u00e9lu pr\u00e9sident de l&#039;association<\/title>\n<meta name=\"description\" content=\"Pierre Gautron a \u00e9t\u00e9 r\u00e9\u00e9lu pr\u00e9sident de l&#039;association Le Commerce du Bois le 1er juin, lors de l&#039;Assembl\u00e9e g\u00e9n\u00e9rale de LCB qui s&#039;est tenue au CIB \u00e0 Nantes.\" \/>\n<meta name=\"robots\" content=\"index, follow, max-snippet:-1, max-image-preview:large, max-video-preview:-1\" \/>\n<link rel=\"canonical\" href=\"https:\/\/batijournal.com\/index.php\/commerce-du-bois-pierre-gautron-president\/99451\/\" \/>\n<meta property=\"og:locale\" content=\"fr_FR\" \/>\n<meta property=\"og:type\" content=\"article\" \/>\n<meta property=\"og:title\" content=\"Le Commerce du Bois : Pierre Gautron r\u00e9\u00e9lu pr\u00e9sident de l&#039;association\" \/>\n<meta property=\"og:description\" content=\"Pierre Gautron a \u00e9t\u00e9 r\u00e9\u00e9lu pr\u00e9sident de l&#039;association Le Commerce du Bois le 1er juin, lors de l&#039;Assembl\u00e9e g\u00e9n\u00e9rale de LCB qui s&#039;est tenue au CIB \u00e0 Nantes.\" \/>\n<meta property=\"og:url\" content=\"https:\/\/batijournal.com\/index.php\/commerce-du-bois-pierre-gautron-president\/99451\/\" \/>\n<meta property=\"og:site_name\" content=\"Batijournal\" \/>\n<meta property=\"article:published_time\" content=\"2018-06-18T15:59:51+00:00\" \/>\n<meta property=\"article:modified_time\" content=\"2018-08-29T09:09:07+00:00\" \/>\n<meta property=\"og:image\" content=\"https:\/\/batijournal.com\/wp-content\/uploads\/2018\/06\/Eric-Boilley-\u00e0-gauche-et-son-sucesseur-Arnaud-H\u00e9troit-\u00e0-droite-c-LCB.jpg\" \/>\n\t<meta property=\"og:image:width\" content=\"822\" \/>\n\t<meta property=\"og:image:height\" content=\"944\" \/>\n\t<meta property=\"og:image:type\" content=\"image\/jpeg\" \/>\n<meta name=\"author\" content=\"St\u00e9phane Miget\" \/>\n<meta name=\"twitter:card\" content=\"summary_large_image\" \/>\n<meta name=\"twitter:creator\" content=\"@bati_journal\" \/>\n<meta name=\"twitter:site\" content=\"@bati_journal\" \/>\n<meta name=\"twitter:label1\" content=\"\u00c9crit par\" \/>\n\t<meta name=\"twitter:data1\" content=\"St\u00e9phane Miget\" \/>\n\t<meta name=\"twitter:label2\" content=\"Dur\u00e9e de lecture estim\u00e9e\" \/>\n\t<meta name=\"twitter:data2\" content=\"1 minute\" \/>\n<script type=\"application\/ld+json\" class=\"yoast-schema-graph\">{\"@context\":\"https:\\\/\\\/schema.org\",\"@graph\":[{\"@type\":\"Article\",\"@id\":\"https:\\\/\\\/batijournal.com\\\/index.php\\\/commerce-du-bois-pierre-gautron-president\\\/99451\\\/#article\",\"isPartOf\":{\"@id\":\"https:\\\/\\\/batijournal.com\\\/index.php\\\/commerce-du-bois-pierre-gautron-president\\\/99451\\\/\"},\"author\":{\"name\":\"St\u00e9phane Miget\",\"@id\":\"https:\\\/\\\/batijournal.com\\\/#\\\/schema\\\/person\\\/1dc96ec6957aa1ccb25ebe78bb19f100\"},\"headline\":\"LCB\u00a0: l&rsquo;organigramme \u00e9volue (en partie)\",\"datePublished\":\"2018-06-18T15:59:51+00:00\",\"dateModified\":\"2018-08-29T09:09:07+00:00\",\"mainEntityOfPage\":{\"@id\":\"https:\\\/\\\/batijournal.com\\\/index.php\\\/commerce-du-bois-pierre-gautron-president\\\/99451\\\/\"},\"wordCount\":191,\"image\":{\"@id\":\"https:\\\/\\\/batijournal.com\\\/index.php\\\/commerce-du-bois-pierre-gautron-president\\\/99451\\\/#primaryimage\"},\"thumbnailUrl\":\"https:\\\/\\\/batijournal.com\\\/wp-content\\\/uploads\\\/2018\\\/06\\\/Eric-Boilley-\u00e0-gauche-et-son-sucesseur-Arnaud-H\u00e9troit-\u00e0-droite-c-LCB.jpg\",\"articleSection\":[\"Actualit\u00e9s\",\"Actualit\u00e9s g\u00e9n\u00e9ralistes\",\"zz_Nouvelles t\u00eates - Woodsurfer\",\"zz_Woodsurfer\"],\"inLanguage\":\"fr-FR\"},{\"@type\":\"WebPage\",\"@id\":\"https:\\\/\\\/batijournal.com\\\/index.php\\\/commerce-du-bois-pierre-gautron-president\\\/99451\\\/\",\"url\":\"https:\\\/\\\/batijournal.com\\\/index.php\\\/commerce-du-bois-pierre-gautron-president\\\/99451\\\/\",\"name\":\"Le Commerce du Bois : Pierre Gautron r\u00e9\u00e9lu pr\u00e9sident de l'association\",\"isPartOf\":{\"@id\":\"https:\\\/\\\/batijournal.com\\\/#website\"},\"primaryImageOfPage\":{\"@id\":\"https:\\\/\\\/batijournal.com\\\/index.php\\\/commerce-du-bois-pierre-gautron-president\\\/99451\\\/#primaryimage\"},\"image\":{\"@id\":\"https:\\\/\\\/batijournal.com\\\/index.php\\\/commerce-du-bois-pierre-gautron-president\\\/99451\\\/#primaryimage\"},\"thumbnailUrl\":\"https:\\\/\\\/batijournal.com\\\/wp-content\\\/uploads\\\/2018\\\/06\\\/Eric-Boilley-\u00e0-gauche-et-son-sucesseur-Arnaud-H\u00e9troit-\u00e0-droite-c-LCB.jpg\",\"datePublished\":\"2018-06-18T15:59:51+00:00\",\"dateModified\":\"2018-08-29T09:09:07+00:00\",\"author\":{\"@id\":\"https:\\\/\\\/batijournal.com\\\/#\\\/schema\\\/person\\\/1dc96ec6957aa1ccb25ebe78bb19f100\"},\"description\":\"Pierre Gautron a \u00e9t\u00e9 r\u00e9\u00e9lu pr\u00e9sident de l'association Le Commerce du Bois le 1er juin, lors de l'Assembl\u00e9e g\u00e9n\u00e9rale de LCB qui s'est tenue au CIB \u00e0 Nantes.\",\"breadcrumb\":{\"@id\":\"https:\\\/\\\/batijournal.com\\\/index.php\\\/commerce-du-bois-pierre-gautron-president\\\/99451\\\/#breadcrumb\"},\"inLanguage\":\"fr-FR\",\"potentialAction\":[{\"@type\":\"ReadAction\",\"target\":[\"https:\\\/\\\/batijournal.com\\\/index.php\\\/commerce-du-bois-pierre-gautron-president\\\/99451\\\/\"]}]},{\"@type\":\"ImageObject\",\"inLanguage\":\"fr-FR\",\"@id\":\"https:\\\/\\\/batijournal.com\\\/index.php\\\/commerce-du-bois-pierre-gautron-president\\\/99451\\\/#primaryimage\",\"url\":\"https:\\\/\\\/batijournal.com\\\/wp-content\\\/uploads\\\/2018\\\/06\\\/Eric-Boilley-\u00e0-gauche-et-son-sucesseur-Arnaud-H\u00e9troit-\u00e0-droite-c-LCB.jpg\",\"contentUrl\":\"https:\\\/\\\/batijournal.com\\\/wp-content\\\/uploads\\\/2018\\\/06\\\/Eric-Boilley-\u00e0-gauche-et-son-sucesseur-Arnaud-H\u00e9troit-\u00e0-droite-c-LCB.jpg\",\"width\":822,\"height\":944,\"caption\":\"commerce-du-bois-pierre-gautron-president\"},{\"@type\":\"BreadcrumbList\",\"@id\":\"https:\\\/\\\/batijournal.com\\\/index.php\\\/commerce-du-bois-pierre-gautron-president\\\/99451\\\/#breadcrumb\",\"itemListElement\":[{\"@type\":\"ListItem\",\"position\":1,\"name\":\"Accueil\",\"item\":\"https:\\\/\\\/batijournal.com\\\/\"},{\"@type\":\"ListItem\",\"position\":2,\"name\":\"Actualit\u00e9s\",\"item\":\"https:\\\/\\\/batijournal.com\\\/index.php\\\/category\\\/actualites\\\/\"},{\"@type\":\"ListItem\",\"position\":3,\"name\":\"LCB\u00a0: l&rsquo;organigramme \u00e9volue (en partie)\"}]},{\"@type\":\"WebSite\",\"@id\":\"https:\\\/\\\/batijournal.com\\\/#website\",\"url\":\"https:\\\/\\\/batijournal.com\\\/\",\"name\":\"Batijournal\",\"description\":\"L&#039;actualit\u00e9 du b\u00e2timent\",\"potentialAction\":[{\"@type\":\"SearchAction\",\"target\":{\"@type\":\"EntryPoint\",\"urlTemplate\":\"https:\\\/\\\/batijournal.com\\\/?s={search_term_string}\"},\"query-input\":{\"@type\":\"PropertyValueSpecification\",\"valueRequired\":true,\"valueName\":\"search_term_string\"}}],\"inLanguage\":\"fr-FR\"},{\"@type\":\"Person\",\"@id\":\"https:\\\/\\\/batijournal.com\\\/#\\\/schema\\\/person\\\/1dc96ec6957aa1ccb25ebe78bb19f100\",\"name\":\"St\u00e9phane Miget\",\"image\":{\"@type\":\"ImageObject\",\"inLanguage\":\"fr-FR\",\"@id\":\"https:\\\/\\\/secure.gravatar.com\\\/avatar\\\/89915563d925342126b8ef0281b93d9d7fc337043e8df017f780908eb9644451?s=96&d=mm&r=g\",\"url\":\"https:\\\/\\\/secure.gravatar.com\\\/avatar\\\/89915563d925342126b8ef0281b93d9d7fc337043e8df017f780908eb9644451?s=96&d=mm&r=g\",\"contentUrl\":\"https:\\\/\\\/secure.gravatar.com\\\/avatar\\\/89915563d925342126b8ef0281b93d9d7fc337043e8df017f780908eb9644451?s=96&d=mm&r=g\",\"caption\":\"St\u00e9phane Miget\"},\"url\":\"https:\\\/\\\/batijournal.com\\\/index.php\\\/author\\\/stephane\\\/\"}]}<\/script>\n<!-- \/ Yoast SEO plugin. -->","yoast_head_json":{"title":"Le Commerce du Bois : Pierre Gautron r\u00e9\u00e9lu pr\u00e9sident de l'association","description":"Pierre Gautron a \u00e9t\u00e9 r\u00e9\u00e9lu pr\u00e9sident de l'association Le Commerce du Bois le 1er juin, lors de l'Assembl\u00e9e g\u00e9n\u00e9rale de LCB qui s'est tenue au CIB \u00e0 Nantes.","robots":{"index":"index","follow":"follow","max-snippet":"max-snippet:-1","max-image-preview":"max-image-preview:large","max-video-preview":"max-video-preview:-1"},"canonical":"https:\/\/batijournal.com\/index.php\/commerce-du-bois-pierre-gautron-president\/99451\/","og_locale":"fr_FR","og_type":"article","og_title":"Le Commerce du Bois : Pierre Gautron r\u00e9\u00e9lu pr\u00e9sident de l'association","og_description":"Pierre Gautron a \u00e9t\u00e9 r\u00e9\u00e9lu pr\u00e9sident de l'association Le Commerce du Bois le 1er juin, lors de l'Assembl\u00e9e g\u00e9n\u00e9rale de LCB qui s'est tenue au CIB \u00e0 Nantes.","og_url":"https:\/\/batijournal.com\/index.php\/commerce-du-bois-pierre-gautron-president\/99451\/","og_site_name":"Batijournal","article_published_time":"2018-06-18T15:59:51+00:00","article_modified_time":"2018-08-29T09:09:07+00:00","og_image":[{"width":822,"height":944,"url":"https:\/\/batijournal.com\/wp-content\/uploads\/2018\/06\/Eric-Boilley-\u00e0-gauche-et-son-sucesseur-Arnaud-H\u00e9troit-\u00e0-droite-c-LCB.jpg","type":"image\/jpeg"}],"author":"St\u00e9phane Miget","twitter_card":"summary_large_image","twitter_creator":"@bati_journal","twitter_site":"@bati_journal","twitter_misc":{"\u00c9crit par":"St\u00e9phane Miget","Dur\u00e9e de lecture estim\u00e9e":"1 minute"},"schema":{"@context":"https:\/\/schema.org","@graph":[{"@type":"Article","@id":"https:\/\/batijournal.com\/index.php\/commerce-du-bois-pierre-gautron-president\/99451\/#article","isPartOf":{"@id":"https:\/\/batijournal.com\/index.php\/commerce-du-bois-pierre-gautron-president\/99451\/"},"author":{"name":"St\u00e9phane Miget","@id":"https:\/\/batijournal.com\/#\/schema\/person\/1dc96ec6957aa1ccb25ebe78bb19f100"},"headline":"LCB\u00a0: l&rsquo;organigramme \u00e9volue (en partie)","datePublished":"2018-06-18T15:59:51+00:00","dateModified":"2018-08-29T09:09:07+00:00","mainEntityOfPage":{"@id":"https:\/\/batijournal.com\/index.php\/commerce-du-bois-pierre-gautron-president\/99451\/"},"wordCount":191,"image":{"@id":"https:\/\/batijournal.com\/index.php\/commerce-du-bois-pierre-gautron-president\/99451\/#primaryimage"},"thumbnailUrl":"https:\/\/batijournal.com\/wp-content\/uploads\/2018\/06\/Eric-Boilley-\u00e0-gauche-et-son-sucesseur-Arnaud-H\u00e9troit-\u00e0-droite-c-LCB.jpg","articleSection":["Actualit\u00e9s","Actualit\u00e9s g\u00e9n\u00e9ralistes","zz_Nouvelles t\u00eates - Woodsurfer","zz_Woodsurfer"],"inLanguage":"fr-FR"},{"@type":"WebPage","@id":"https:\/\/batijournal.com\/index.php\/commerce-du-bois-pierre-gautron-president\/99451\/","url":"https:\/\/batijournal.com\/index.php\/commerce-du-bois-pierre-gautron-president\/99451\/","name":"Le Commerce du Bois : Pierre Gautron r\u00e9\u00e9lu pr\u00e9sident de l'association","isPartOf":{"@id":"https:\/\/batijournal.com\/#website"},"primaryImageOfPage":{"@id":"https:\/\/batijournal.com\/index.php\/commerce-du-bois-pierre-gautron-president\/99451\/#primaryimage"},"image":{"@id":"https:\/\/batijournal.com\/index.php\/commerce-du-bois-pierre-gautron-president\/99451\/#primaryimage"},"thumbnailUrl":"https:\/\/batijournal.com\/wp-content\/uploads\/2018\/06\/Eric-Boilley-\u00e0-gauche-et-son-sucesseur-Arnaud-H\u00e9troit-\u00e0-droite-c-LCB.jpg","datePublished":"2018-06-18T15:59:51+00:00","dateModified":"2018-08-29T09:09:07+00:00","author":{"@id":"https:\/\/batijournal.com\/#\/schema\/person\/1dc96ec6957aa1ccb25ebe78bb19f100"},"description":"Pierre Gautron a \u00e9t\u00e9 r\u00e9\u00e9lu pr\u00e9sident de l'association Le Commerce du Bois le 1er juin, lors de l'Assembl\u00e9e g\u00e9n\u00e9rale de LCB qui s'est tenue au CIB \u00e0 Nantes.","breadcrumb":{"@id":"https:\/\/batijournal.com\/index.php\/commerce-du-bois-pierre-gautron-president\/99451\/#breadcrumb"},"inLanguage":"fr-FR","potentialAction":[{"@type":"ReadAction","target":["https:\/\/batijournal.com\/index.php\/commerce-du-bois-pierre-gautron-president\/99451\/"]}]},{"@type":"ImageObject","inLanguage":"fr-FR","@id":"https:\/\/batijournal.com\/index.php\/commerce-du-bois-pierre-gautron-president\/99451\/#primaryimage","url":"https:\/\/batijournal.com\/wp-content\/uploads\/2018\/06\/Eric-Boilley-\u00e0-gauche-et-son-sucesseur-Arnaud-H\u00e9troit-\u00e0-droite-c-LCB.jpg","contentUrl":"https:\/\/batijournal.com\/wp-content\/uploads\/2018\/06\/Eric-Boilley-\u00e0-gauche-et-son-sucesseur-Arnaud-H\u00e9troit-\u00e0-droite-c-LCB.jpg","width":822,"height":944,"caption":"commerce-du-bois-pierre-gautron-president"},{"@type":"BreadcrumbList","@id":"https:\/\/batijournal.com\/index.php\/commerce-du-bois-pierre-gautron-president\/99451\/#breadcrumb","itemListElement":[{"@type":"ListItem","position":1,"name":"Accueil","item":"https:\/\/batijournal.com\/"},{"@type":"ListItem","position":2,"name":"Actualit\u00e9s","item":"https:\/\/batijournal.com\/index.php\/category\/actualites\/"},{"@type":"ListItem","position":3,"name":"LCB\u00a0: l&rsquo;organigramme \u00e9volue (en partie)"}]},{"@type":"WebSite","@id":"https:\/\/batijournal.com\/#website","url":"https:\/\/batijournal.com\/","name":"Batijournal","description":"L&#039;actualit\u00e9 du b\u00e2timent","potentialAction":[{"@type":"SearchAction","target":{"@type":"EntryPoint","urlTemplate":"https:\/\/batijournal.com\/?s={search_term_string}"},"query-input":{"@type":"PropertyValueSpecification","valueRequired":true,"valueName":"search_term_string"}}],"inLanguage":"fr-FR"},{"@type":"Person","@id":"https:\/\/batijournal.com\/#\/schema\/person\/1dc96ec6957aa1ccb25ebe78bb19f100","name":"St\u00e9phane Miget","image":{"@type":"ImageObject","inLanguage":"fr-FR","@id":"https:\/\/secure.gravatar.com\/avatar\/89915563d925342126b8ef0281b93d9d7fc337043e8df017f780908eb9644451?s=96&d=mm&r=g","url":"https:\/\/secure.gravatar.com\/avatar\/89915563d925342126b8ef0281b93d9d7fc337043e8df017f780908eb9644451?s=96&d=mm&r=g","contentUrl":"https:\/\/secure.gravatar.com\/avatar\/89915563d925342126b8ef0281b93d9d7fc337043e8df017f780908eb9644451?s=96&d=mm&r=g","caption":"St\u00e9phane Miget"},"url":"https:\/\/batijournal.com\/index.php\/author\/stephane\/"}]}},"_links":{"self":[{"href":"https:\/\/batijournal.com\/index.php\/wp-json\/wp\/v2\/posts\/99451","targetHints":{"allow":["GET"]}}],"collection":[{"href":"https:\/\/batijournal.com\/index.php\/wp-json\/wp\/v2\/posts"}],"about":[{"href":"https:\/\/batijournal.com\/index.php\/wp-json\/wp\/v2\/types\/post"}],"author":[{"embeddable":true,"href":"https:\/\/batijournal.com\/index.php\/wp-json\/wp\/v2\/users\/17"}],"replies":[{"embeddable":true,"href":"https:\/\/batijournal.com\/index.php\/wp-json\/wp\/v2\/comments?post=99451"}],"version-history":[{"count":0,"href":"https:\/\/batijournal.com\/index.php\/wp-json\/wp\/v2\/posts\/99451\/revisions"}],"wp:featuredmedia":[{"embeddable":true,"href":"https:\/\/batijournal.com\/index.php\/wp-json\/wp\/v2\/media\/99452"}],"wp:attachment":[{"href":"https:\/\/batijournal.com\/index.php\/wp-json\/wp\/v2\/media?parent=99451"}],"wp:term":[{"taxonomy":"category","embeddable":true,"href":"https:\/\/batijournal.com\/index.php\/wp-json\/wp\/v2\/categories?post=99451"},{"taxonomy":"post_tag","embeddable":true,"href":"https:\/\/batijournal.com\/index.php\/wp-json\/wp\/v2\/tags?post=99451"}],"curies":[{"name":"wp","href":"https:\/\/api.w.org\/{rel}","templated":true}]}}