{"id":99465,"date":"2018-06-19T17:07:22","date_gmt":"2018-06-19T15:07:22","guid":{"rendered":"https:\/\/batijournal.com\/?p=99465"},"modified":"2019-07-15T11:15:02","modified_gmt":"2019-07-15T09:15:02","slug":"infographie-patrimoine-en-peril","status":"publish","type":"post","link":"https:\/\/batijournal.com\/index.php\/infographie-patrimoine-en-peril\/99465\/","title":{"rendered":"Infographie sur la strat\u00e9gie de l\u2019\u00c9tat en faveur du patrimoine"},"content":{"rendered":"<p><strong>INFOGRAPHIE :\u00a0<\/strong><\/p>\n<p>Alors que 251 \u00e9difices ont \u00e9t\u00e9 retenus par la mission \u00ab\u00a0Patrimoine en p\u00e9ril\u00a0\u00bb confi\u00e9e par le pr\u00e9sident de la R\u00e9publique \u00e0 l&rsquo;animateur St\u00e9phane Bern, le minist\u00e8re de la culture publie une infographie sur les principales donn\u00e9es de la strat\u00e9gie de l\u2019\u00c9tat en faveur du patrimoine.<\/p>\n<p><img loading=\"lazy\" decoding=\"async\" class=\"aligncenter wp-image-99466 size-full\" src=\"https:\/\/batijournal.com\/wp-content\/uploads\/2018\/06\/Infographie-patrimoine-mission-Bern.jpg\" alt=\"infographie patrimoine en peril\" width=\"603\" height=\"2421\" srcset=\"https:\/\/batijournal.com\/wp-content\/uploads\/2018\/06\/Infographie-patrimoine-mission-Bern.jpg 603w, https:\/\/batijournal.com\/wp-content\/uploads\/2018\/06\/Infographie-patrimoine-mission-Bern-37x150.jpg 37w, https:\/\/batijournal.com\/wp-content\/uploads\/2018\/06\/Infographie-patrimoine-mission-Bern-75x300.jpg 75w, https:\/\/batijournal.com\/wp-content\/uploads\/2018\/06\/Infographie-patrimoine-mission-Bern-255x1024.jpg 255w, https:\/\/batijournal.com\/wp-content\/uploads\/2018\/06\/Infographie-patrimoine-mission-Bern-600x2409.jpg 600w\" sizes=\"(max-width: 603px) 100vw, 603px\" \/><\/p>\n","protected":false},"excerpt":{"rendered":"<p>INFOGRAPHIE :\u00a0 Alors que 251 \u00e9difices ont \u00e9t\u00e9 retenus par la mission \u00ab\u00a0Patrimoine en p\u00e9ril\u00a0\u00bb confi\u00e9e par le pr\u00e9sident de la R\u00e9publique \u00e0 l&rsquo;animateur St\u00e9phane Bern, le minist\u00e8re de la culture publie une infographie sur les principales donn\u00e9es de la strat\u00e9gie de l\u2019\u00c9tat en faveur du patrimoine.<\/p>\n","protected":false},"author":17,"featured_media":91560,"comment_status":"closed","ping_status":"closed","sticky":false,"template":"","format":"standard","meta":{"_et_pb_use_builder":"","_et_pb_old_content":"","_et_gb_content_width":"","footnotes":""},"categories":[10530,6340,10785],"tags":[12334],"class_list":["post-99465","post","type-post","status-publish","format-standard","has-post-thumbnail","hentry","category-actualites","category-architecture-conception","category-atrium","tag-loto-du-patrimoine"],"yoast_head":"<!-- This site is optimized with the Yoast SEO plugin v27.4 - https:\/\/yoast.com\/product\/yoast-seo-wordpress\/ -->\n<title>Infographie sur la strat\u00e9gie de l\u2019\u00c9tat en faveur du patrimoine<\/title>\n<meta name=\"description\" content=\"Le minist\u00e8re de la culture publie une infographie sur les principales donn\u00e9es de la strat\u00e9gie de l\u2019\u00c9tat en faveur du patrimoine.\" \/>\n<meta name=\"robots\" content=\"index, follow, max-snippet:-1, max-image-preview:large, max-video-preview:-1\" \/>\n<link rel=\"canonical\" href=\"https:\/\/batijournal.com\/index.php\/infographie-patrimoine-en-peril\/99465\/\" \/>\n<meta property=\"og:locale\" content=\"fr_FR\" \/>\n<meta property=\"og:type\" content=\"article\" \/>\n<meta property=\"og:title\" content=\"Infographie sur la strat\u00e9gie de l\u2019\u00c9tat en faveur du patrimoine\" \/>\n<meta property=\"og:description\" content=\"Le minist\u00e8re de la culture publie une infographie sur les principales donn\u00e9es de la strat\u00e9gie de l\u2019\u00c9tat en faveur du patrimoine.\" \/>\n<meta property=\"og:url\" content=\"https:\/\/batijournal.com\/index.php\/infographie-patrimoine-en-peril\/99465\/\" \/>\n<meta property=\"og:site_name\" content=\"Batijournal\" \/>\n<meta property=\"article:published_time\" content=\"2018-06-19T15:07:22+00:00\" \/>\n<meta property=\"article:modified_time\" content=\"2019-07-15T09:15:02+00:00\" \/>\n<meta property=\"og:image\" content=\"https:\/\/batijournal.com\/wp-content\/uploads\/2016\/02\/patrimoine-de-proximite.jpg\" \/>\n\t<meta property=\"og:image:width\" content=\"1024\" \/>\n\t<meta property=\"og:image:height\" content=\"683\" \/>\n\t<meta property=\"og:image:type\" content=\"image\/jpeg\" \/>\n<meta name=\"author\" content=\"St\u00e9phane Miget\" \/>\n<meta name=\"twitter:card\" content=\"summary_large_image\" \/>\n<meta name=\"twitter:creator\" content=\"@bati_journal\" \/>\n<meta name=\"twitter:site\" content=\"@bati_journal\" \/>\n<meta name=\"twitter:label1\" content=\"\u00c9crit par\" \/>\n\t<meta name=\"twitter:data1\" content=\"St\u00e9phane Miget\" \/>\n<script type=\"application\/ld+json\" class=\"yoast-schema-graph\">{\"@context\":\"https:\\\/\\\/schema.org\",\"@graph\":[{\"@type\":\"Article\",\"@id\":\"https:\\\/\\\/batijournal.com\\\/index.php\\\/infographie-patrimoine-en-peril\\\/99465\\\/#article\",\"isPartOf\":{\"@id\":\"https:\\\/\\\/batijournal.com\\\/index.php\\\/infographie-patrimoine-en-peril\\\/99465\\\/\"},\"author\":{\"name\":\"St\u00e9phane Miget\",\"@id\":\"https:\\\/\\\/batijournal.com\\\/#\\\/schema\\\/person\\\/1dc96ec6957aa1ccb25ebe78bb19f100\"},\"headline\":\"Infographie sur la strat\u00e9gie de l\u2019\u00c9tat en faveur du patrimoine\",\"datePublished\":\"2018-06-19T15:07:22+00:00\",\"dateModified\":\"2019-07-15T09:15:02+00:00\",\"mainEntityOfPage\":{\"@id\":\"https:\\\/\\\/batijournal.com\\\/index.php\\\/infographie-patrimoine-en-peril\\\/99465\\\/\"},\"wordCount\":66,\"image\":{\"@id\":\"https:\\\/\\\/batijournal.com\\\/index.php\\\/infographie-patrimoine-en-peril\\\/99465\\\/#primaryimage\"},\"thumbnailUrl\":\"https:\\\/\\\/batijournal.com\\\/wp-content\\\/uploads\\\/2016\\\/02\\\/patrimoine-de-proximite.jpg\",\"keywords\":[\"loto du patrimoine\"],\"articleSection\":[\"Actualit\u00e9s\",\"Architecture &amp; Conception\",\"zz_Atrium Patrimoine\"],\"inLanguage\":\"fr-FR\"},{\"@type\":\"WebPage\",\"@id\":\"https:\\\/\\\/batijournal.com\\\/index.php\\\/infographie-patrimoine-en-peril\\\/99465\\\/\",\"url\":\"https:\\\/\\\/batijournal.com\\\/index.php\\\/infographie-patrimoine-en-peril\\\/99465\\\/\",\"name\":\"Infographie sur la strat\u00e9gie de l\u2019\u00c9tat en faveur du patrimoine\",\"isPartOf\":{\"@id\":\"https:\\\/\\\/batijournal.com\\\/#website\"},\"primaryImageOfPage\":{\"@id\":\"https:\\\/\\\/batijournal.com\\\/index.php\\\/infographie-patrimoine-en-peril\\\/99465\\\/#primaryimage\"},\"image\":{\"@id\":\"https:\\\/\\\/batijournal.com\\\/index.php\\\/infographie-patrimoine-en-peril\\\/99465\\\/#primaryimage\"},\"thumbnailUrl\":\"https:\\\/\\\/batijournal.com\\\/wp-content\\\/uploads\\\/2016\\\/02\\\/patrimoine-de-proximite.jpg\",\"datePublished\":\"2018-06-19T15:07:22+00:00\",\"dateModified\":\"2019-07-15T09:15:02+00:00\",\"author\":{\"@id\":\"https:\\\/\\\/batijournal.com\\\/#\\\/schema\\\/person\\\/1dc96ec6957aa1ccb25ebe78bb19f100\"},\"description\":\"Le minist\u00e8re de la culture publie une infographie sur les principales donn\u00e9es de la strat\u00e9gie de l\u2019\u00c9tat en faveur du patrimoine.\",\"breadcrumb\":{\"@id\":\"https:\\\/\\\/batijournal.com\\\/index.php\\\/infographie-patrimoine-en-peril\\\/99465\\\/#breadcrumb\"},\"inLanguage\":\"fr-FR\",\"potentialAction\":[{\"@type\":\"ReadAction\",\"target\":[\"https:\\\/\\\/batijournal.com\\\/index.php\\\/infographie-patrimoine-en-peril\\\/99465\\\/\"]}]},{\"@type\":\"ImageObject\",\"inLanguage\":\"fr-FR\",\"@id\":\"https:\\\/\\\/batijournal.com\\\/index.php\\\/infographie-patrimoine-en-peril\\\/99465\\\/#primaryimage\",\"url\":\"https:\\\/\\\/batijournal.com\\\/wp-content\\\/uploads\\\/2016\\\/02\\\/patrimoine-de-proximite.jpg\",\"contentUrl\":\"https:\\\/\\\/batijournal.com\\\/wp-content\\\/uploads\\\/2016\\\/02\\\/patrimoine-de-proximite.jpg\",\"width\":1024,\"height\":683,\"caption\":\"infographie-patrimoine-en-peril\"},{\"@type\":\"BreadcrumbList\",\"@id\":\"https:\\\/\\\/batijournal.com\\\/index.php\\\/infographie-patrimoine-en-peril\\\/99465\\\/#breadcrumb\",\"itemListElement\":[{\"@type\":\"ListItem\",\"position\":1,\"name\":\"Accueil\",\"item\":\"https:\\\/\\\/batijournal.com\\\/\"},{\"@type\":\"ListItem\",\"position\":2,\"name\":\"Actualit\u00e9s\",\"item\":\"https:\\\/\\\/batijournal.com\\\/index.php\\\/category\\\/actualites\\\/\"},{\"@type\":\"ListItem\",\"position\":3,\"name\":\"Infographie sur la strat\u00e9gie de l\u2019\u00c9tat en faveur du patrimoine\"}]},{\"@type\":\"WebSite\",\"@id\":\"https:\\\/\\\/batijournal.com\\\/#website\",\"url\":\"https:\\\/\\\/batijournal.com\\\/\",\"name\":\"Batijournal\",\"description\":\"L&#039;actualit\u00e9 du b\u00e2timent\",\"potentialAction\":[{\"@type\":\"SearchAction\",\"target\":{\"@type\":\"EntryPoint\",\"urlTemplate\":\"https:\\\/\\\/batijournal.com\\\/?s={search_term_string}\"},\"query-input\":{\"@type\":\"PropertyValueSpecification\",\"valueRequired\":true,\"valueName\":\"search_term_string\"}}],\"inLanguage\":\"fr-FR\"},{\"@type\":\"Person\",\"@id\":\"https:\\\/\\\/batijournal.com\\\/#\\\/schema\\\/person\\\/1dc96ec6957aa1ccb25ebe78bb19f100\",\"name\":\"St\u00e9phane Miget\",\"image\":{\"@type\":\"ImageObject\",\"inLanguage\":\"fr-FR\",\"@id\":\"https:\\\/\\\/secure.gravatar.com\\\/avatar\\\/89915563d925342126b8ef0281b93d9d7fc337043e8df017f780908eb9644451?s=96&d=mm&r=g\",\"url\":\"https:\\\/\\\/secure.gravatar.com\\\/avatar\\\/89915563d925342126b8ef0281b93d9d7fc337043e8df017f780908eb9644451?s=96&d=mm&r=g\",\"contentUrl\":\"https:\\\/\\\/secure.gravatar.com\\\/avatar\\\/89915563d925342126b8ef0281b93d9d7fc337043e8df017f780908eb9644451?s=96&d=mm&r=g\",\"caption\":\"St\u00e9phane Miget\"},\"url\":\"https:\\\/\\\/batijournal.com\\\/index.php\\\/author\\\/stephane\\\/\"}]}<\/script>\n<!-- \/ Yoast SEO plugin. -->","yoast_head_json":{"title":"Infographie sur la strat\u00e9gie de l\u2019\u00c9tat en faveur du patrimoine","description":"Le minist\u00e8re de la culture publie une infographie sur les principales donn\u00e9es de la strat\u00e9gie de l\u2019\u00c9tat en faveur du patrimoine.","robots":{"index":"index","follow":"follow","max-snippet":"max-snippet:-1","max-image-preview":"max-image-preview:large","max-video-preview":"max-video-preview:-1"},"canonical":"https:\/\/batijournal.com\/index.php\/infographie-patrimoine-en-peril\/99465\/","og_locale":"fr_FR","og_type":"article","og_title":"Infographie sur la strat\u00e9gie de l\u2019\u00c9tat en faveur du patrimoine","og_description":"Le minist\u00e8re de la culture publie une infographie sur les principales donn\u00e9es de la strat\u00e9gie de l\u2019\u00c9tat en faveur du patrimoine.","og_url":"https:\/\/batijournal.com\/index.php\/infographie-patrimoine-en-peril\/99465\/","og_site_name":"Batijournal","article_published_time":"2018-06-19T15:07:22+00:00","article_modified_time":"2019-07-15T09:15:02+00:00","og_image":[{"width":1024,"height":683,"url":"https:\/\/batijournal.com\/wp-content\/uploads\/2016\/02\/patrimoine-de-proximite.jpg","type":"image\/jpeg"}],"author":"St\u00e9phane Miget","twitter_card":"summary_large_image","twitter_creator":"@bati_journal","twitter_site":"@bati_journal","twitter_misc":{"\u00c9crit par":"St\u00e9phane Miget"},"schema":{"@context":"https:\/\/schema.org","@graph":[{"@type":"Article","@id":"https:\/\/batijournal.com\/index.php\/infographie-patrimoine-en-peril\/99465\/#article","isPartOf":{"@id":"https:\/\/batijournal.com\/index.php\/infographie-patrimoine-en-peril\/99465\/"},"author":{"name":"St\u00e9phane Miget","@id":"https:\/\/batijournal.com\/#\/schema\/person\/1dc96ec6957aa1ccb25ebe78bb19f100"},"headline":"Infographie sur la strat\u00e9gie de l\u2019\u00c9tat en faveur du patrimoine","datePublished":"2018-06-19T15:07:22+00:00","dateModified":"2019-07-15T09:15:02+00:00","mainEntityOfPage":{"@id":"https:\/\/batijournal.com\/index.php\/infographie-patrimoine-en-peril\/99465\/"},"wordCount":66,"image":{"@id":"https:\/\/batijournal.com\/index.php\/infographie-patrimoine-en-peril\/99465\/#primaryimage"},"thumbnailUrl":"https:\/\/batijournal.com\/wp-content\/uploads\/2016\/02\/patrimoine-de-proximite.jpg","keywords":["loto du patrimoine"],"articleSection":["Actualit\u00e9s","Architecture &amp; Conception","zz_Atrium Patrimoine"],"inLanguage":"fr-FR"},{"@type":"WebPage","@id":"https:\/\/batijournal.com\/index.php\/infographie-patrimoine-en-peril\/99465\/","url":"https:\/\/batijournal.com\/index.php\/infographie-patrimoine-en-peril\/99465\/","name":"Infographie sur la strat\u00e9gie de l\u2019\u00c9tat en faveur du patrimoine","isPartOf":{"@id":"https:\/\/batijournal.com\/#website"},"primaryImageOfPage":{"@id":"https:\/\/batijournal.com\/index.php\/infographie-patrimoine-en-peril\/99465\/#primaryimage"},"image":{"@id":"https:\/\/batijournal.com\/index.php\/infographie-patrimoine-en-peril\/99465\/#primaryimage"},"thumbnailUrl":"https:\/\/batijournal.com\/wp-content\/uploads\/2016\/02\/patrimoine-de-proximite.jpg","datePublished":"2018-06-19T15:07:22+00:00","dateModified":"2019-07-15T09:15:02+00:00","author":{"@id":"https:\/\/batijournal.com\/#\/schema\/person\/1dc96ec6957aa1ccb25ebe78bb19f100"},"description":"Le minist\u00e8re de la culture publie une infographie sur les principales donn\u00e9es de la strat\u00e9gie de l\u2019\u00c9tat en faveur du patrimoine.","breadcrumb":{"@id":"https:\/\/batijournal.com\/index.php\/infographie-patrimoine-en-peril\/99465\/#breadcrumb"},"inLanguage":"fr-FR","potentialAction":[{"@type":"ReadAction","target":["https:\/\/batijournal.com\/index.php\/infographie-patrimoine-en-peril\/99465\/"]}]},{"@type":"ImageObject","inLanguage":"fr-FR","@id":"https:\/\/batijournal.com\/index.php\/infographie-patrimoine-en-peril\/99465\/#primaryimage","url":"https:\/\/batijournal.com\/wp-content\/uploads\/2016\/02\/patrimoine-de-proximite.jpg","contentUrl":"https:\/\/batijournal.com\/wp-content\/uploads\/2016\/02\/patrimoine-de-proximite.jpg","width":1024,"height":683,"caption":"infographie-patrimoine-en-peril"},{"@type":"BreadcrumbList","@id":"https:\/\/batijournal.com\/index.php\/infographie-patrimoine-en-peril\/99465\/#breadcrumb","itemListElement":[{"@type":"ListItem","position":1,"name":"Accueil","item":"https:\/\/batijournal.com\/"},{"@type":"ListItem","position":2,"name":"Actualit\u00e9s","item":"https:\/\/batijournal.com\/index.php\/category\/actualites\/"},{"@type":"ListItem","position":3,"name":"Infographie sur la strat\u00e9gie de l\u2019\u00c9tat en faveur du patrimoine"}]},{"@type":"WebSite","@id":"https:\/\/batijournal.com\/#website","url":"https:\/\/batijournal.com\/","name":"Batijournal","description":"L&#039;actualit\u00e9 du b\u00e2timent","potentialAction":[{"@type":"SearchAction","target":{"@type":"EntryPoint","urlTemplate":"https:\/\/batijournal.com\/?s={search_term_string}"},"query-input":{"@type":"PropertyValueSpecification","valueRequired":true,"valueName":"search_term_string"}}],"inLanguage":"fr-FR"},{"@type":"Person","@id":"https:\/\/batijournal.com\/#\/schema\/person\/1dc96ec6957aa1ccb25ebe78bb19f100","name":"St\u00e9phane Miget","image":{"@type":"ImageObject","inLanguage":"fr-FR","@id":"https:\/\/secure.gravatar.com\/avatar\/89915563d925342126b8ef0281b93d9d7fc337043e8df017f780908eb9644451?s=96&d=mm&r=g","url":"https:\/\/secure.gravatar.com\/avatar\/89915563d925342126b8ef0281b93d9d7fc337043e8df017f780908eb9644451?s=96&d=mm&r=g","contentUrl":"https:\/\/secure.gravatar.com\/avatar\/89915563d925342126b8ef0281b93d9d7fc337043e8df017f780908eb9644451?s=96&d=mm&r=g","caption":"St\u00e9phane Miget"},"url":"https:\/\/batijournal.com\/index.php\/author\/stephane\/"}]}},"_links":{"self":[{"href":"https:\/\/batijournal.com\/index.php\/wp-json\/wp\/v2\/posts\/99465","targetHints":{"allow":["GET"]}}],"collection":[{"href":"https:\/\/batijournal.com\/index.php\/wp-json\/wp\/v2\/posts"}],"about":[{"href":"https:\/\/batijournal.com\/index.php\/wp-json\/wp\/v2\/types\/post"}],"author":[{"embeddable":true,"href":"https:\/\/batijournal.com\/index.php\/wp-json\/wp\/v2\/users\/17"}],"replies":[{"embeddable":true,"href":"https:\/\/batijournal.com\/index.php\/wp-json\/wp\/v2\/comments?post=99465"}],"version-history":[{"count":0,"href":"https:\/\/batijournal.com\/index.php\/wp-json\/wp\/v2\/posts\/99465\/revisions"}],"wp:featuredmedia":[{"embeddable":true,"href":"https:\/\/batijournal.com\/index.php\/wp-json\/wp\/v2\/media\/91560"}],"wp:attachment":[{"href":"https:\/\/batijournal.com\/index.php\/wp-json\/wp\/v2\/media?parent=99465"}],"wp:term":[{"taxonomy":"category","embeddable":true,"href":"https:\/\/batijournal.com\/index.php\/wp-json\/wp\/v2\/categories?post=99465"},{"taxonomy":"post_tag","embeddable":true,"href":"https:\/\/batijournal.com\/index.php\/wp-json\/wp\/v2\/tags?post=99465"}],"curies":[{"name":"wp","href":"https:\/\/api.w.org\/{rel}","templated":true}]}}