{"id":99467,"date":"2018-06-19T17:24:29","date_gmt":"2018-06-19T15:24:29","guid":{"rendered":"https:\/\/batijournal.com\/?p=99467"},"modified":"2018-08-29T10:44:20","modified_gmt":"2018-08-29T08:44:20","slug":"ouverture-au-public-maison-natale-georges-clemenceau","status":"publish","type":"post","link":"https:\/\/batijournal.com\/index.php\/ouverture-au-public-maison-natale-georges-clemenceau\/99467\/","title":{"rendered":"Ouverture au public de la maison natale de Georges Clemenceau"},"content":{"rendered":"<p><strong>L&rsquo;ouverture au public la maison natale de Georges Clemenceau, \u00e0 Mouilleron-en-Pareds en Vend\u00e9e, s\u2018inscrit dans le cadre de l&rsquo;ann\u00e9e Clemenceau, point d&rsquo;orgue du Centenaire de la Grande Guerre.<\/strong><\/p>\n<p>Suite \u00e0 l\u2019appel d\u2019offre du minist\u00e8re de la Culture, l\u2019agence nantaise TITAN Architectes a \u00e9t\u00e9 retenue en 2015 pour la r\u00e9novation et l\u2019am\u00e9nagement mus\u00e9ographique de la maison natale de Georges Clemenceau. La maison, construite au XVIIIe si\u00e8cle, pr\u00e9sente une architecture simple et domestique, caract\u00e9ristique des constructions de c\u0153ur de village, avec une fa\u00e7ade plus riante sur le jardin. Elle pr\u00e9sente une surface de 600 m2. Malgr\u00e9 sa transformation pendant plusieurs d\u00e9cennies en boulangerie, elle a conserv\u00e9 l&rsquo;essentiel de ses volumes int\u00e9rieurs, ainsi que quelques \u00e9l\u00e9ments de d\u00e9cor, chemin\u00e9es, trumeaux, boiseries, huisseries du XVIIIe si\u00e8cle, parquets \u00e0 larges lames et tomettes.<\/p>\n<p>La vente de la maison par la famille maternelle de Clemenceau a entra\u00een\u00e9 la dispersion du mobilier et l\u2019absence d&rsquo;archives a interdit tout projet de reconstitution. La r\u00e9novation a eu pour but de mettre en valeur l&rsquo;architecture de cette maison traditionnelle en respectant l&rsquo;esprit du lieu et les traces encore pr\u00e9sentes dans cette maison-mus\u00e9e \u00e0 taille humaine, tout en proposant les meilleures solutions pour accueillir les publics et permettre l&rsquo;accessibilit\u00e9 \u00e0 tous.<\/p>\n<p>Le projet intervient sur la forme et la fa\u00e7ade du b\u00e2timent ancien de fa\u00e7on tr\u00e8s contemporaine. L\u2019essence et les mat\u00e9riaux rustiques sont pr\u00e9serv\u00e9s, la pierre bross\u00e9e, la charpente nettoy\u00e9e, m\u00e9nageant un vaste espace pour le contenu. La mise en sc\u00e8ne du lieu, \u00ab la sc\u00e9nographie \u00bb, l\u2019escalier et la coursive mettent en valeur les mat\u00e9riaux robustes en adoptant un design soign\u00e9 et \u00e9pur\u00e9. La grange, adjacente \u00e0 la maison, a \u00e9galement \u00e9t\u00e9 r\u00e9nov\u00e9e et am\u00e9nag\u00e9e pour constituer un espace culturel. Sur deux niveaux, le mus\u00e9e propose au public une exp\u00e9rience de visite agr\u00e9able et accessible. Les collections sont pr\u00e9sent\u00e9es dans des vitrines p\u00e9dagogiques, compl\u00e9t\u00e9es par des dispositifs multim\u00e9dia de toute nature dont certains destin\u00e9s \u00e0 illustrer le lien entre l\u2019histoire de Georges Clemenceau et notre soci\u00e9t\u00e9 actuelle.<\/p>\n<p><img loading=\"lazy\" decoding=\"async\" class=\"aligncenter size-full wp-image-99468\" src=\"https:\/\/batijournal.com\/wp-content\/uploads\/2018\/06\/maison-natale-de-Georges-Clemenceau-2.png\" alt=\"\" width=\"844\" height=\"475\" srcset=\"https:\/\/batijournal.com\/wp-content\/uploads\/2018\/06\/maison-natale-de-Georges-Clemenceau-2.png 844w, https:\/\/batijournal.com\/wp-content\/uploads\/2018\/06\/maison-natale-de-Georges-Clemenceau-2-150x84.png 150w, https:\/\/batijournal.com\/wp-content\/uploads\/2018\/06\/maison-natale-de-Georges-Clemenceau-2-300x169.png 300w, https:\/\/batijournal.com\/wp-content\/uploads\/2018\/06\/maison-natale-de-Georges-Clemenceau-2-768x432.png 768w, https:\/\/batijournal.com\/wp-content\/uploads\/2018\/06\/maison-natale-de-Georges-Clemenceau-2-600x338.png 600w\" sizes=\"(max-width: 844px) 100vw, 844px\" \/><\/p>\n<p>La maison natale du \u00ab Tigre \u00bb pr\u00e9sente le parcours d\u2019un homme de convictions et d\u2019engagement qui, par sa pens\u00e9e et son action, a laiss\u00e9 son empreinte dans l\u2019Histoire de France. Elle rend magnifiquement hommage \u00e0 ses multiples facettes : figure r\u00e9publicaine, grand homme d&rsquo;\u00c9tat, Clemenceau \u00e9tait aussi un amoureux de la Vend\u00e9e, de l\u2019\u00e9criture, de l\u2019art contemporain et des lointains voyages.<\/p>\n<p>Cette maison c\u00f4toie celle du Mar\u00e9chal de Lattre, \u00e9galement originaire de Mouilleron-en-Pareds. Les deux hommes sont unis par la culture au sein du mus\u00e9e national Clemenceau-de Lattre, qui nourrit notre m\u00e9moire collective, valorise notre patrimoine, et contribue au dynamisme de notre territoire. Apr\u00e8s un an et demi de travaux, il est d\u00e9sormais pr\u00eat \u00e0 accueillir tous les publics. Plus de 200 objets et documents appartenant aux collections nationales, ainsi que de g\u00e9n\u00e9reux d\u00e9p\u00f4ts du mus\u00e9e Clemenceau de Paris, trente animations multim\u00e9dias, des activit\u00e9s culturelles et p\u00e9dagogiques, permettront au public de d\u00e9couvrir ce h\u00e9ros fran\u00e7ais.<\/p>\n","protected":false},"excerpt":{"rendered":"<p>L&rsquo;ouverture au public la maison natale de Georges Clemenceau, \u00e0 Mouilleron-en-Pareds en Vend\u00e9e, s\u2018inscrit dans le cadre de l&rsquo;ann\u00e9e Clemenceau, point d&rsquo;orgue du Centenaire de la Grande Guerre. Suite \u00e0 l\u2019appel d\u2019offre du minist\u00e8re de la Culture, l\u2019agence nantaise TITAN Architectes a \u00e9t\u00e9 retenue en 2015 pour la r\u00e9novation et l\u2019am\u00e9nagement mus\u00e9ographique de la maison [&hellip;]<\/p>\n","protected":false},"author":17,"featured_media":99469,"comment_status":"closed","ping_status":"closed","sticky":false,"template":"","format":"standard","meta":{"_et_pb_use_builder":"","_et_pb_old_content":"","_et_gb_content_width":"","footnotes":""},"categories":[10530],"tags":[],"class_list":["post-99467","post","type-post","status-publish","format-standard","has-post-thumbnail","hentry","category-actualites"],"yoast_head":"<!-- This site is optimized with the Yoast SEO plugin v27.4 - https:\/\/yoast.com\/product\/yoast-seo-wordpress\/ -->\n<title>Ouverture au public de la maison natale de Georges Clemenceau<\/title>\n<meta name=\"description\" content=\"L&#039;ouverture au public la maison natale de Georges Clemenceau \u00e0 Mouilleron-en-Pareds en Vend\u00e9e s\u2018inscrit dans le cadre de l&#039;ann\u00e9e Clemenceau\" \/>\n<meta name=\"robots\" content=\"index, follow, max-snippet:-1, max-image-preview:large, max-video-preview:-1\" \/>\n<link rel=\"canonical\" href=\"https:\/\/batijournal.com\/index.php\/ouverture-au-public-maison-natale-georges-clemenceau\/99467\/\" \/>\n<meta property=\"og:locale\" content=\"fr_FR\" \/>\n<meta property=\"og:type\" content=\"article\" \/>\n<meta property=\"og:title\" content=\"Ouverture au public de la maison natale de Georges Clemenceau\" \/>\n<meta property=\"og:description\" content=\"L&#039;ouverture au public la maison natale de Georges Clemenceau \u00e0 Mouilleron-en-Pareds en Vend\u00e9e s\u2018inscrit dans le cadre de l&#039;ann\u00e9e Clemenceau\" \/>\n<meta property=\"og:url\" content=\"https:\/\/batijournal.com\/index.php\/ouverture-au-public-maison-natale-georges-clemenceau\/99467\/\" \/>\n<meta property=\"og:site_name\" content=\"Batijournal\" \/>\n<meta property=\"article:published_time\" content=\"2018-06-19T15:24:29+00:00\" \/>\n<meta property=\"article:modified_time\" content=\"2018-08-29T08:44:20+00:00\" \/>\n<meta property=\"og:image\" content=\"https:\/\/batijournal.com\/wp-content\/uploads\/2018\/06\/maison-natale-de-Georges-Clemenceau.png\" \/>\n\t<meta property=\"og:image:width\" content=\"1057\" \/>\n\t<meta property=\"og:image:height\" content=\"730\" \/>\n\t<meta property=\"og:image:type\" content=\"image\/png\" \/>\n<meta name=\"author\" content=\"St\u00e9phane Miget\" \/>\n<meta name=\"twitter:card\" content=\"summary_large_image\" \/>\n<meta name=\"twitter:creator\" content=\"@bati_journal\" \/>\n<meta name=\"twitter:site\" content=\"@bati_journal\" \/>\n<meta name=\"twitter:label1\" content=\"\u00c9crit par\" \/>\n\t<meta name=\"twitter:data1\" content=\"St\u00e9phane Miget\" \/>\n\t<meta name=\"twitter:label2\" content=\"Dur\u00e9e de lecture estim\u00e9e\" \/>\n\t<meta name=\"twitter:data2\" content=\"3 minutes\" \/>\n<script type=\"application\/ld+json\" class=\"yoast-schema-graph\">{\"@context\":\"https:\\\/\\\/schema.org\",\"@graph\":[{\"@type\":\"Article\",\"@id\":\"https:\\\/\\\/batijournal.com\\\/index.php\\\/ouverture-au-public-maison-natale-georges-clemenceau\\\/99467\\\/#article\",\"isPartOf\":{\"@id\":\"https:\\\/\\\/batijournal.com\\\/index.php\\\/ouverture-au-public-maison-natale-georges-clemenceau\\\/99467\\\/\"},\"author\":{\"name\":\"St\u00e9phane Miget\",\"@id\":\"https:\\\/\\\/batijournal.com\\\/#\\\/schema\\\/person\\\/1dc96ec6957aa1ccb25ebe78bb19f100\"},\"headline\":\"Ouverture au public de la maison natale de Georges Clemenceau\",\"datePublished\":\"2018-06-19T15:24:29+00:00\",\"dateModified\":\"2018-08-29T08:44:20+00:00\",\"mainEntityOfPage\":{\"@id\":\"https:\\\/\\\/batijournal.com\\\/index.php\\\/ouverture-au-public-maison-natale-georges-clemenceau\\\/99467\\\/\"},\"wordCount\":571,\"image\":{\"@id\":\"https:\\\/\\\/batijournal.com\\\/index.php\\\/ouverture-au-public-maison-natale-georges-clemenceau\\\/99467\\\/#primaryimage\"},\"thumbnailUrl\":\"https:\\\/\\\/batijournal.com\\\/wp-content\\\/uploads\\\/2018\\\/06\\\/maison-natale-de-Georges-Clemenceau.png\",\"articleSection\":[\"Actualit\u00e9s\"],\"inLanguage\":\"fr-FR\"},{\"@type\":\"WebPage\",\"@id\":\"https:\\\/\\\/batijournal.com\\\/index.php\\\/ouverture-au-public-maison-natale-georges-clemenceau\\\/99467\\\/\",\"url\":\"https:\\\/\\\/batijournal.com\\\/index.php\\\/ouverture-au-public-maison-natale-georges-clemenceau\\\/99467\\\/\",\"name\":\"Ouverture au public de la maison natale de Georges Clemenceau\",\"isPartOf\":{\"@id\":\"https:\\\/\\\/batijournal.com\\\/#website\"},\"primaryImageOfPage\":{\"@id\":\"https:\\\/\\\/batijournal.com\\\/index.php\\\/ouverture-au-public-maison-natale-georges-clemenceau\\\/99467\\\/#primaryimage\"},\"image\":{\"@id\":\"https:\\\/\\\/batijournal.com\\\/index.php\\\/ouverture-au-public-maison-natale-georges-clemenceau\\\/99467\\\/#primaryimage\"},\"thumbnailUrl\":\"https:\\\/\\\/batijournal.com\\\/wp-content\\\/uploads\\\/2018\\\/06\\\/maison-natale-de-Georges-Clemenceau.png\",\"datePublished\":\"2018-06-19T15:24:29+00:00\",\"dateModified\":\"2018-08-29T08:44:20+00:00\",\"author\":{\"@id\":\"https:\\\/\\\/batijournal.com\\\/#\\\/schema\\\/person\\\/1dc96ec6957aa1ccb25ebe78bb19f100\"},\"description\":\"L'ouverture au public la maison natale de Georges Clemenceau \u00e0 Mouilleron-en-Pareds en Vend\u00e9e s\u2018inscrit dans le cadre de l'ann\u00e9e Clemenceau\",\"breadcrumb\":{\"@id\":\"https:\\\/\\\/batijournal.com\\\/index.php\\\/ouverture-au-public-maison-natale-georges-clemenceau\\\/99467\\\/#breadcrumb\"},\"inLanguage\":\"fr-FR\",\"potentialAction\":[{\"@type\":\"ReadAction\",\"target\":[\"https:\\\/\\\/batijournal.com\\\/index.php\\\/ouverture-au-public-maison-natale-georges-clemenceau\\\/99467\\\/\"]}]},{\"@type\":\"ImageObject\",\"inLanguage\":\"fr-FR\",\"@id\":\"https:\\\/\\\/batijournal.com\\\/index.php\\\/ouverture-au-public-maison-natale-georges-clemenceau\\\/99467\\\/#primaryimage\",\"url\":\"https:\\\/\\\/batijournal.com\\\/wp-content\\\/uploads\\\/2018\\\/06\\\/maison-natale-de-Georges-Clemenceau.png\",\"contentUrl\":\"https:\\\/\\\/batijournal.com\\\/wp-content\\\/uploads\\\/2018\\\/06\\\/maison-natale-de-Georges-Clemenceau.png\",\"width\":1057,\"height\":730,\"caption\":\"maison natale de Georges Clemenceau\"},{\"@type\":\"BreadcrumbList\",\"@id\":\"https:\\\/\\\/batijournal.com\\\/index.php\\\/ouverture-au-public-maison-natale-georges-clemenceau\\\/99467\\\/#breadcrumb\",\"itemListElement\":[{\"@type\":\"ListItem\",\"position\":1,\"name\":\"Accueil\",\"item\":\"https:\\\/\\\/batijournal.com\\\/\"},{\"@type\":\"ListItem\",\"position\":2,\"name\":\"Actualit\u00e9s\",\"item\":\"https:\\\/\\\/batijournal.com\\\/index.php\\\/category\\\/actualites\\\/\"},{\"@type\":\"ListItem\",\"position\":3,\"name\":\"Ouverture au public de la maison natale de Georges Clemenceau\"}]},{\"@type\":\"WebSite\",\"@id\":\"https:\\\/\\\/batijournal.com\\\/#website\",\"url\":\"https:\\\/\\\/batijournal.com\\\/\",\"name\":\"Batijournal\",\"description\":\"L&#039;actualit\u00e9 du b\u00e2timent\",\"potentialAction\":[{\"@type\":\"SearchAction\",\"target\":{\"@type\":\"EntryPoint\",\"urlTemplate\":\"https:\\\/\\\/batijournal.com\\\/?s={search_term_string}\"},\"query-input\":{\"@type\":\"PropertyValueSpecification\",\"valueRequired\":true,\"valueName\":\"search_term_string\"}}],\"inLanguage\":\"fr-FR\"},{\"@type\":\"Person\",\"@id\":\"https:\\\/\\\/batijournal.com\\\/#\\\/schema\\\/person\\\/1dc96ec6957aa1ccb25ebe78bb19f100\",\"name\":\"St\u00e9phane Miget\",\"image\":{\"@type\":\"ImageObject\",\"inLanguage\":\"fr-FR\",\"@id\":\"https:\\\/\\\/secure.gravatar.com\\\/avatar\\\/89915563d925342126b8ef0281b93d9d7fc337043e8df017f780908eb9644451?s=96&d=mm&r=g\",\"url\":\"https:\\\/\\\/secure.gravatar.com\\\/avatar\\\/89915563d925342126b8ef0281b93d9d7fc337043e8df017f780908eb9644451?s=96&d=mm&r=g\",\"contentUrl\":\"https:\\\/\\\/secure.gravatar.com\\\/avatar\\\/89915563d925342126b8ef0281b93d9d7fc337043e8df017f780908eb9644451?s=96&d=mm&r=g\",\"caption\":\"St\u00e9phane Miget\"},\"url\":\"https:\\\/\\\/batijournal.com\\\/index.php\\\/author\\\/stephane\\\/\"}]}<\/script>\n<!-- \/ Yoast SEO plugin. -->","yoast_head_json":{"title":"Ouverture au public de la maison natale de Georges Clemenceau","description":"L'ouverture au public la maison natale de Georges Clemenceau \u00e0 Mouilleron-en-Pareds en Vend\u00e9e s\u2018inscrit dans le cadre de l'ann\u00e9e Clemenceau","robots":{"index":"index","follow":"follow","max-snippet":"max-snippet:-1","max-image-preview":"max-image-preview:large","max-video-preview":"max-video-preview:-1"},"canonical":"https:\/\/batijournal.com\/index.php\/ouverture-au-public-maison-natale-georges-clemenceau\/99467\/","og_locale":"fr_FR","og_type":"article","og_title":"Ouverture au public de la maison natale de Georges Clemenceau","og_description":"L'ouverture au public la maison natale de Georges Clemenceau \u00e0 Mouilleron-en-Pareds en Vend\u00e9e s\u2018inscrit dans le cadre de l'ann\u00e9e Clemenceau","og_url":"https:\/\/batijournal.com\/index.php\/ouverture-au-public-maison-natale-georges-clemenceau\/99467\/","og_site_name":"Batijournal","article_published_time":"2018-06-19T15:24:29+00:00","article_modified_time":"2018-08-29T08:44:20+00:00","og_image":[{"width":1057,"height":730,"url":"https:\/\/batijournal.com\/wp-content\/uploads\/2018\/06\/maison-natale-de-Georges-Clemenceau.png","type":"image\/png"}],"author":"St\u00e9phane Miget","twitter_card":"summary_large_image","twitter_creator":"@bati_journal","twitter_site":"@bati_journal","twitter_misc":{"\u00c9crit par":"St\u00e9phane Miget","Dur\u00e9e de lecture estim\u00e9e":"3 minutes"},"schema":{"@context":"https:\/\/schema.org","@graph":[{"@type":"Article","@id":"https:\/\/batijournal.com\/index.php\/ouverture-au-public-maison-natale-georges-clemenceau\/99467\/#article","isPartOf":{"@id":"https:\/\/batijournal.com\/index.php\/ouverture-au-public-maison-natale-georges-clemenceau\/99467\/"},"author":{"name":"St\u00e9phane Miget","@id":"https:\/\/batijournal.com\/#\/schema\/person\/1dc96ec6957aa1ccb25ebe78bb19f100"},"headline":"Ouverture au public de la maison natale de Georges Clemenceau","datePublished":"2018-06-19T15:24:29+00:00","dateModified":"2018-08-29T08:44:20+00:00","mainEntityOfPage":{"@id":"https:\/\/batijournal.com\/index.php\/ouverture-au-public-maison-natale-georges-clemenceau\/99467\/"},"wordCount":571,"image":{"@id":"https:\/\/batijournal.com\/index.php\/ouverture-au-public-maison-natale-georges-clemenceau\/99467\/#primaryimage"},"thumbnailUrl":"https:\/\/batijournal.com\/wp-content\/uploads\/2018\/06\/maison-natale-de-Georges-Clemenceau.png","articleSection":["Actualit\u00e9s"],"inLanguage":"fr-FR"},{"@type":"WebPage","@id":"https:\/\/batijournal.com\/index.php\/ouverture-au-public-maison-natale-georges-clemenceau\/99467\/","url":"https:\/\/batijournal.com\/index.php\/ouverture-au-public-maison-natale-georges-clemenceau\/99467\/","name":"Ouverture au public de la maison natale de Georges Clemenceau","isPartOf":{"@id":"https:\/\/batijournal.com\/#website"},"primaryImageOfPage":{"@id":"https:\/\/batijournal.com\/index.php\/ouverture-au-public-maison-natale-georges-clemenceau\/99467\/#primaryimage"},"image":{"@id":"https:\/\/batijournal.com\/index.php\/ouverture-au-public-maison-natale-georges-clemenceau\/99467\/#primaryimage"},"thumbnailUrl":"https:\/\/batijournal.com\/wp-content\/uploads\/2018\/06\/maison-natale-de-Georges-Clemenceau.png","datePublished":"2018-06-19T15:24:29+00:00","dateModified":"2018-08-29T08:44:20+00:00","author":{"@id":"https:\/\/batijournal.com\/#\/schema\/person\/1dc96ec6957aa1ccb25ebe78bb19f100"},"description":"L'ouverture au public la maison natale de Georges Clemenceau \u00e0 Mouilleron-en-Pareds en Vend\u00e9e s\u2018inscrit dans le cadre de l'ann\u00e9e Clemenceau","breadcrumb":{"@id":"https:\/\/batijournal.com\/index.php\/ouverture-au-public-maison-natale-georges-clemenceau\/99467\/#breadcrumb"},"inLanguage":"fr-FR","potentialAction":[{"@type":"ReadAction","target":["https:\/\/batijournal.com\/index.php\/ouverture-au-public-maison-natale-georges-clemenceau\/99467\/"]}]},{"@type":"ImageObject","inLanguage":"fr-FR","@id":"https:\/\/batijournal.com\/index.php\/ouverture-au-public-maison-natale-georges-clemenceau\/99467\/#primaryimage","url":"https:\/\/batijournal.com\/wp-content\/uploads\/2018\/06\/maison-natale-de-Georges-Clemenceau.png","contentUrl":"https:\/\/batijournal.com\/wp-content\/uploads\/2018\/06\/maison-natale-de-Georges-Clemenceau.png","width":1057,"height":730,"caption":"maison natale de Georges Clemenceau"},{"@type":"BreadcrumbList","@id":"https:\/\/batijournal.com\/index.php\/ouverture-au-public-maison-natale-georges-clemenceau\/99467\/#breadcrumb","itemListElement":[{"@type":"ListItem","position":1,"name":"Accueil","item":"https:\/\/batijournal.com\/"},{"@type":"ListItem","position":2,"name":"Actualit\u00e9s","item":"https:\/\/batijournal.com\/index.php\/category\/actualites\/"},{"@type":"ListItem","position":3,"name":"Ouverture au public de la maison natale de Georges Clemenceau"}]},{"@type":"WebSite","@id":"https:\/\/batijournal.com\/#website","url":"https:\/\/batijournal.com\/","name":"Batijournal","description":"L&#039;actualit\u00e9 du b\u00e2timent","potentialAction":[{"@type":"SearchAction","target":{"@type":"EntryPoint","urlTemplate":"https:\/\/batijournal.com\/?s={search_term_string}"},"query-input":{"@type":"PropertyValueSpecification","valueRequired":true,"valueName":"search_term_string"}}],"inLanguage":"fr-FR"},{"@type":"Person","@id":"https:\/\/batijournal.com\/#\/schema\/person\/1dc96ec6957aa1ccb25ebe78bb19f100","name":"St\u00e9phane Miget","image":{"@type":"ImageObject","inLanguage":"fr-FR","@id":"https:\/\/secure.gravatar.com\/avatar\/89915563d925342126b8ef0281b93d9d7fc337043e8df017f780908eb9644451?s=96&d=mm&r=g","url":"https:\/\/secure.gravatar.com\/avatar\/89915563d925342126b8ef0281b93d9d7fc337043e8df017f780908eb9644451?s=96&d=mm&r=g","contentUrl":"https:\/\/secure.gravatar.com\/avatar\/89915563d925342126b8ef0281b93d9d7fc337043e8df017f780908eb9644451?s=96&d=mm&r=g","caption":"St\u00e9phane Miget"},"url":"https:\/\/batijournal.com\/index.php\/author\/stephane\/"}]}},"_links":{"self":[{"href":"https:\/\/batijournal.com\/index.php\/wp-json\/wp\/v2\/posts\/99467","targetHints":{"allow":["GET"]}}],"collection":[{"href":"https:\/\/batijournal.com\/index.php\/wp-json\/wp\/v2\/posts"}],"about":[{"href":"https:\/\/batijournal.com\/index.php\/wp-json\/wp\/v2\/types\/post"}],"author":[{"embeddable":true,"href":"https:\/\/batijournal.com\/index.php\/wp-json\/wp\/v2\/users\/17"}],"replies":[{"embeddable":true,"href":"https:\/\/batijournal.com\/index.php\/wp-json\/wp\/v2\/comments?post=99467"}],"version-history":[{"count":0,"href":"https:\/\/batijournal.com\/index.php\/wp-json\/wp\/v2\/posts\/99467\/revisions"}],"wp:featuredmedia":[{"embeddable":true,"href":"https:\/\/batijournal.com\/index.php\/wp-json\/wp\/v2\/media\/99469"}],"wp:attachment":[{"href":"https:\/\/batijournal.com\/index.php\/wp-json\/wp\/v2\/media?parent=99467"}],"wp:term":[{"taxonomy":"category","embeddable":true,"href":"https:\/\/batijournal.com\/index.php\/wp-json\/wp\/v2\/categories?post=99467"},{"taxonomy":"post_tag","embeddable":true,"href":"https:\/\/batijournal.com\/index.php\/wp-json\/wp\/v2\/tags?post=99467"}],"curies":[{"name":"wp","href":"https:\/\/api.w.org\/{rel}","templated":true}]}}