{"id":99471,"date":"2018-06-20T12:19:30","date_gmt":"2018-06-20T10:19:30","guid":{"rendered":"https:\/\/batijournal.com\/?p=99471"},"modified":"2018-08-29T10:35:48","modified_gmt":"2018-08-29T08:35:48","slug":"marc-barani-prix-de-lacademie-darchitecture","status":"publish","type":"post","link":"https:\/\/batijournal.com\/index.php\/marc-barani-prix-de-lacademie-darchitecture\/99471\/","title":{"rendered":"Marc Barani, prix de l\u2019Acad\u00e9mie d\u2019Architecture"},"content":{"rendered":"<p>Les Prix de l\u2019Acad\u00e9mie d\u2019Architecture ont mis \u00e0 l&rsquo;honneur une quarantaine de laur\u00e9ats. <strong>La m\u00e9daille d\u2019Or a \u00e9t\u00e9 d\u00e9cern\u00e9e \u00e0 Marc Barani<\/strong>, architecte m\u00e9diterran\u00e9en de culture, riche d\u2019une formation pluridisciplinaire, de l\u2019anthropologie aux arts plastiques en passant par l\u2019architecture. Le jury tenait \u00e0 le saluer pour son approche transversale de l\u2019architecture, du paysage et de l\u2019urbain associ\u00e9e \u00e0 un sens scrupuleux du d\u00e9tail constructif qui conf\u00e8re une noblesse intemporelle aux oeuvres exemplaires qu\u2019il con\u00e7oit dans une grande vari\u00e9t\u00e9 de domaines.<\/p>\n<p><strong>La m\u00e9daille d\u2019Honneur a \u00e9t\u00e9 d\u00e9cern\u00e9e \u00e0 l\u2019architecte Ren\u00e9e Gailhoustet<\/strong>, engag\u00e9e dans l\u2019architecture \u00e0 une \u00e9poque o\u00f9 les femmes \u00e9taient quasi absentes du m\u00e9tier. Elle fut une des rares architectes \u00e0 consacrer sa carri\u00e8re aux probl\u00e9matiques du logement social, en proposant des solutions particuli\u00e8rement novatrices dans les ann\u00e9es 1960. C\u2019est aussi une mani\u00e8re pour l\u2019Acad\u00e9mie de signifier l\u2019importance qu\u2019elle accorde \u00e0 la question du logement social, \u00e0 l\u2019heure o\u00f9 l\u2019Etat met en d\u00e9bat une nouvelle loi sur le logement.<\/p>\n<p><strong>Le Prix du Logement de l\u2019Ordre national des Architectes a \u00e9t\u00e9 d\u00e9cern\u00e9 \u00e0 l\u2019agence Tectoniques<\/strong>. Ce prix salue l\u2019innovation, non seulement dans son architecture qui recourt \u00e0 la construction bois, aux mat\u00e9riaux bio-sourc\u00e9s et \u00e0 la pr\u00e9fabrication de macro-composants, mais \u00e9galement dans son fonctionnement et dans son organisation pluridisciplinaire, m\u00ealant notamment architectes et ing\u00e9nieurs.<\/p>\n<p>Cette ann\u00e9e, le jury pr\u00e9sid\u00e9 par l\u2019architecte Bertrand Dubus a r\u00e9compens\u00e9 37 laur\u00e9ats. Seize Prix d\u2019Architecture et quinze Prix du B\u00e2timent sont d\u00e9cern\u00e9s. Quatre jeunes architectes sont m\u00e9daill\u00e9s pour la qualit\u00e9 de leurs projets de fin d\u2019\u00e9tude. Le Prix du Logement de l\u2019Ordre national des Architectes a mis en lumi\u00e8re une agence pluridisciplinaire et le Prix Pierre Roux-Dorlut a r\u00e9compens\u00e9 une agence pour la qualit\u00e9 d\u2019insertion de son projet.<\/p>\n<p>Photo : Villa, atelier Marc Barani, 2004<\/p>\n<p>&nbsp;<\/p>\n","protected":false},"excerpt":{"rendered":"<p>Les Prix de l\u2019Acad\u00e9mie d\u2019Architecture ont mis \u00e0 l&rsquo;honneur une quarantaine de laur\u00e9ats. La m\u00e9daille d\u2019Or a \u00e9t\u00e9 d\u00e9cern\u00e9e \u00e0 Marc Barani, architecte m\u00e9diterran\u00e9en de culture, riche d\u2019une formation pluridisciplinaire, de l\u2019anthropologie aux arts plastiques en passant par l\u2019architecture. Le jury tenait \u00e0 le saluer pour son approche transversale de l\u2019architecture, du paysage et de [&hellip;]<\/p>\n","protected":false},"author":17,"featured_media":99472,"comment_status":"closed","ping_status":"closed","sticky":false,"template":"","format":"standard","meta":{"_et_pb_use_builder":"","_et_pb_old_content":"","_et_gb_content_width":"","footnotes":""},"categories":[10530,6340],"tags":[11005],"class_list":["post-99471","post","type-post","status-publish","format-standard","has-post-thumbnail","hentry","category-actualites","category-architecture-conception","tag-concours"],"yoast_head":"<!-- This site is optimized with the Yoast SEO plugin v27.4 - https:\/\/yoast.com\/product\/yoast-seo-wordpress\/ -->\n<title>Prix de l\u2019Acad\u00e9mie d\u2019Architecture d\u00e9cern\u00e9 \u00e0 Marc Barani<\/title>\n<meta name=\"description\" content=\"Les Prix de l\u2019Acad\u00e9mie d\u2019Architecture. La m\u00e9daille d\u2019Or a \u00e9t\u00e9 d\u00e9cern\u00e9e \u00e0 Marc Barani, architecte m\u00e9diterran\u00e9en de culture\" \/>\n<meta name=\"robots\" content=\"index, follow, max-snippet:-1, max-image-preview:large, max-video-preview:-1\" \/>\n<link rel=\"canonical\" href=\"https:\/\/batijournal.com\/index.php\/marc-barani-prix-de-lacademie-darchitecture\/99471\/\" \/>\n<meta property=\"og:locale\" content=\"fr_FR\" \/>\n<meta property=\"og:type\" content=\"article\" \/>\n<meta property=\"og:title\" content=\"Prix de l\u2019Acad\u00e9mie d\u2019Architecture d\u00e9cern\u00e9 \u00e0 Marc Barani\" \/>\n<meta property=\"og:description\" content=\"Les Prix de l\u2019Acad\u00e9mie d\u2019Architecture. La m\u00e9daille d\u2019Or a \u00e9t\u00e9 d\u00e9cern\u00e9e \u00e0 Marc Barani, architecte m\u00e9diterran\u00e9en de culture\" \/>\n<meta property=\"og:url\" content=\"https:\/\/batijournal.com\/index.php\/marc-barani-prix-de-lacademie-darchitecture\/99471\/\" \/>\n<meta property=\"og:site_name\" content=\"Batijournal\" \/>\n<meta property=\"article:published_time\" content=\"2018-06-20T10:19:30+00:00\" \/>\n<meta property=\"article:modified_time\" content=\"2018-08-29T08:35:48+00:00\" \/>\n<meta property=\"og:image\" content=\"https:\/\/batijournal.com\/wp-content\/uploads\/2018\/06\/villa-marc-barani.jpg\" \/>\n\t<meta property=\"og:image:width\" content=\"800\" \/>\n\t<meta property=\"og:image:height\" content=\"396\" \/>\n\t<meta property=\"og:image:type\" content=\"image\/jpeg\" \/>\n<meta name=\"author\" content=\"St\u00e9phane Miget\" \/>\n<meta name=\"twitter:card\" content=\"summary_large_image\" \/>\n<meta name=\"twitter:creator\" content=\"@bati_journal\" \/>\n<meta name=\"twitter:site\" content=\"@bati_journal\" \/>\n<meta name=\"twitter:label1\" content=\"\u00c9crit par\" \/>\n\t<meta name=\"twitter:data1\" content=\"St\u00e9phane Miget\" \/>\n\t<meta name=\"twitter:label2\" content=\"Dur\u00e9e de lecture estim\u00e9e\" \/>\n\t<meta name=\"twitter:data2\" content=\"2 minutes\" \/>\n<script type=\"application\/ld+json\" class=\"yoast-schema-graph\">{\"@context\":\"https:\\\/\\\/schema.org\",\"@graph\":[{\"@type\":\"Article\",\"@id\":\"https:\\\/\\\/batijournal.com\\\/index.php\\\/marc-barani-prix-de-lacademie-darchitecture\\\/99471\\\/#article\",\"isPartOf\":{\"@id\":\"https:\\\/\\\/batijournal.com\\\/index.php\\\/marc-barani-prix-de-lacademie-darchitecture\\\/99471\\\/\"},\"author\":{\"name\":\"St\u00e9phane Miget\",\"@id\":\"https:\\\/\\\/batijournal.com\\\/#\\\/schema\\\/person\\\/1dc96ec6957aa1ccb25ebe78bb19f100\"},\"headline\":\"Marc Barani, prix de l\u2019Acad\u00e9mie d\u2019Architecture\",\"datePublished\":\"2018-06-20T10:19:30+00:00\",\"dateModified\":\"2018-08-29T08:35:48+00:00\",\"mainEntityOfPage\":{\"@id\":\"https:\\\/\\\/batijournal.com\\\/index.php\\\/marc-barani-prix-de-lacademie-darchitecture\\\/99471\\\/\"},\"wordCount\":352,\"image\":{\"@id\":\"https:\\\/\\\/batijournal.com\\\/index.php\\\/marc-barani-prix-de-lacademie-darchitecture\\\/99471\\\/#primaryimage\"},\"thumbnailUrl\":\"https:\\\/\\\/batijournal.com\\\/wp-content\\\/uploads\\\/2018\\\/06\\\/villa-marc-barani.jpg\",\"keywords\":[\"concours\"],\"articleSection\":[\"Actualit\u00e9s\",\"Architecture &amp; Conception\"],\"inLanguage\":\"fr-FR\"},{\"@type\":\"WebPage\",\"@id\":\"https:\\\/\\\/batijournal.com\\\/index.php\\\/marc-barani-prix-de-lacademie-darchitecture\\\/99471\\\/\",\"url\":\"https:\\\/\\\/batijournal.com\\\/index.php\\\/marc-barani-prix-de-lacademie-darchitecture\\\/99471\\\/\",\"name\":\"Prix de l\u2019Acad\u00e9mie d\u2019Architecture d\u00e9cern\u00e9 \u00e0 Marc Barani\",\"isPartOf\":{\"@id\":\"https:\\\/\\\/batijournal.com\\\/#website\"},\"primaryImageOfPage\":{\"@id\":\"https:\\\/\\\/batijournal.com\\\/index.php\\\/marc-barani-prix-de-lacademie-darchitecture\\\/99471\\\/#primaryimage\"},\"image\":{\"@id\":\"https:\\\/\\\/batijournal.com\\\/index.php\\\/marc-barani-prix-de-lacademie-darchitecture\\\/99471\\\/#primaryimage\"},\"thumbnailUrl\":\"https:\\\/\\\/batijournal.com\\\/wp-content\\\/uploads\\\/2018\\\/06\\\/villa-marc-barani.jpg\",\"datePublished\":\"2018-06-20T10:19:30+00:00\",\"dateModified\":\"2018-08-29T08:35:48+00:00\",\"author\":{\"@id\":\"https:\\\/\\\/batijournal.com\\\/#\\\/schema\\\/person\\\/1dc96ec6957aa1ccb25ebe78bb19f100\"},\"description\":\"Les Prix de l\u2019Acad\u00e9mie d\u2019Architecture. La m\u00e9daille d\u2019Or a \u00e9t\u00e9 d\u00e9cern\u00e9e \u00e0 Marc Barani, architecte m\u00e9diterran\u00e9en de culture\",\"breadcrumb\":{\"@id\":\"https:\\\/\\\/batijournal.com\\\/index.php\\\/marc-barani-prix-de-lacademie-darchitecture\\\/99471\\\/#breadcrumb\"},\"inLanguage\":\"fr-FR\",\"potentialAction\":[{\"@type\":\"ReadAction\",\"target\":[\"https:\\\/\\\/batijournal.com\\\/index.php\\\/marc-barani-prix-de-lacademie-darchitecture\\\/99471\\\/\"]}]},{\"@type\":\"ImageObject\",\"inLanguage\":\"fr-FR\",\"@id\":\"https:\\\/\\\/batijournal.com\\\/index.php\\\/marc-barani-prix-de-lacademie-darchitecture\\\/99471\\\/#primaryimage\",\"url\":\"https:\\\/\\\/batijournal.com\\\/wp-content\\\/uploads\\\/2018\\\/06\\\/villa-marc-barani.jpg\",\"contentUrl\":\"https:\\\/\\\/batijournal.com\\\/wp-content\\\/uploads\\\/2018\\\/06\\\/villa-marc-barani.jpg\",\"width\":800,\"height\":396,\"caption\":\"prix de l academie d architecture\"},{\"@type\":\"BreadcrumbList\",\"@id\":\"https:\\\/\\\/batijournal.com\\\/index.php\\\/marc-barani-prix-de-lacademie-darchitecture\\\/99471\\\/#breadcrumb\",\"itemListElement\":[{\"@type\":\"ListItem\",\"position\":1,\"name\":\"Accueil\",\"item\":\"https:\\\/\\\/batijournal.com\\\/\"},{\"@type\":\"ListItem\",\"position\":2,\"name\":\"Actualit\u00e9s\",\"item\":\"https:\\\/\\\/batijournal.com\\\/index.php\\\/category\\\/actualites\\\/\"},{\"@type\":\"ListItem\",\"position\":3,\"name\":\"Marc Barani, prix de l\u2019Acad\u00e9mie d\u2019Architecture\"}]},{\"@type\":\"WebSite\",\"@id\":\"https:\\\/\\\/batijournal.com\\\/#website\",\"url\":\"https:\\\/\\\/batijournal.com\\\/\",\"name\":\"Batijournal\",\"description\":\"L&#039;actualit\u00e9 du b\u00e2timent\",\"potentialAction\":[{\"@type\":\"SearchAction\",\"target\":{\"@type\":\"EntryPoint\",\"urlTemplate\":\"https:\\\/\\\/batijournal.com\\\/?s={search_term_string}\"},\"query-input\":{\"@type\":\"PropertyValueSpecification\",\"valueRequired\":true,\"valueName\":\"search_term_string\"}}],\"inLanguage\":\"fr-FR\"},{\"@type\":\"Person\",\"@id\":\"https:\\\/\\\/batijournal.com\\\/#\\\/schema\\\/person\\\/1dc96ec6957aa1ccb25ebe78bb19f100\",\"name\":\"St\u00e9phane Miget\",\"image\":{\"@type\":\"ImageObject\",\"inLanguage\":\"fr-FR\",\"@id\":\"https:\\\/\\\/secure.gravatar.com\\\/avatar\\\/89915563d925342126b8ef0281b93d9d7fc337043e8df017f780908eb9644451?s=96&d=mm&r=g\",\"url\":\"https:\\\/\\\/secure.gravatar.com\\\/avatar\\\/89915563d925342126b8ef0281b93d9d7fc337043e8df017f780908eb9644451?s=96&d=mm&r=g\",\"contentUrl\":\"https:\\\/\\\/secure.gravatar.com\\\/avatar\\\/89915563d925342126b8ef0281b93d9d7fc337043e8df017f780908eb9644451?s=96&d=mm&r=g\",\"caption\":\"St\u00e9phane Miget\"},\"url\":\"https:\\\/\\\/batijournal.com\\\/index.php\\\/author\\\/stephane\\\/\"}]}<\/script>\n<!-- \/ Yoast SEO plugin. -->","yoast_head_json":{"title":"Prix de l\u2019Acad\u00e9mie d\u2019Architecture d\u00e9cern\u00e9 \u00e0 Marc Barani","description":"Les Prix de l\u2019Acad\u00e9mie d\u2019Architecture. La m\u00e9daille d\u2019Or a \u00e9t\u00e9 d\u00e9cern\u00e9e \u00e0 Marc Barani, architecte m\u00e9diterran\u00e9en de culture","robots":{"index":"index","follow":"follow","max-snippet":"max-snippet:-1","max-image-preview":"max-image-preview:large","max-video-preview":"max-video-preview:-1"},"canonical":"https:\/\/batijournal.com\/index.php\/marc-barani-prix-de-lacademie-darchitecture\/99471\/","og_locale":"fr_FR","og_type":"article","og_title":"Prix de l\u2019Acad\u00e9mie d\u2019Architecture d\u00e9cern\u00e9 \u00e0 Marc Barani","og_description":"Les Prix de l\u2019Acad\u00e9mie d\u2019Architecture. La m\u00e9daille d\u2019Or a \u00e9t\u00e9 d\u00e9cern\u00e9e \u00e0 Marc Barani, architecte m\u00e9diterran\u00e9en de culture","og_url":"https:\/\/batijournal.com\/index.php\/marc-barani-prix-de-lacademie-darchitecture\/99471\/","og_site_name":"Batijournal","article_published_time":"2018-06-20T10:19:30+00:00","article_modified_time":"2018-08-29T08:35:48+00:00","og_image":[{"width":800,"height":396,"url":"https:\/\/batijournal.com\/wp-content\/uploads\/2018\/06\/villa-marc-barani.jpg","type":"image\/jpeg"}],"author":"St\u00e9phane Miget","twitter_card":"summary_large_image","twitter_creator":"@bati_journal","twitter_site":"@bati_journal","twitter_misc":{"\u00c9crit par":"St\u00e9phane Miget","Dur\u00e9e de lecture estim\u00e9e":"2 minutes"},"schema":{"@context":"https:\/\/schema.org","@graph":[{"@type":"Article","@id":"https:\/\/batijournal.com\/index.php\/marc-barani-prix-de-lacademie-darchitecture\/99471\/#article","isPartOf":{"@id":"https:\/\/batijournal.com\/index.php\/marc-barani-prix-de-lacademie-darchitecture\/99471\/"},"author":{"name":"St\u00e9phane Miget","@id":"https:\/\/batijournal.com\/#\/schema\/person\/1dc96ec6957aa1ccb25ebe78bb19f100"},"headline":"Marc Barani, prix de l\u2019Acad\u00e9mie d\u2019Architecture","datePublished":"2018-06-20T10:19:30+00:00","dateModified":"2018-08-29T08:35:48+00:00","mainEntityOfPage":{"@id":"https:\/\/batijournal.com\/index.php\/marc-barani-prix-de-lacademie-darchitecture\/99471\/"},"wordCount":352,"image":{"@id":"https:\/\/batijournal.com\/index.php\/marc-barani-prix-de-lacademie-darchitecture\/99471\/#primaryimage"},"thumbnailUrl":"https:\/\/batijournal.com\/wp-content\/uploads\/2018\/06\/villa-marc-barani.jpg","keywords":["concours"],"articleSection":["Actualit\u00e9s","Architecture &amp; Conception"],"inLanguage":"fr-FR"},{"@type":"WebPage","@id":"https:\/\/batijournal.com\/index.php\/marc-barani-prix-de-lacademie-darchitecture\/99471\/","url":"https:\/\/batijournal.com\/index.php\/marc-barani-prix-de-lacademie-darchitecture\/99471\/","name":"Prix de l\u2019Acad\u00e9mie d\u2019Architecture d\u00e9cern\u00e9 \u00e0 Marc Barani","isPartOf":{"@id":"https:\/\/batijournal.com\/#website"},"primaryImageOfPage":{"@id":"https:\/\/batijournal.com\/index.php\/marc-barani-prix-de-lacademie-darchitecture\/99471\/#primaryimage"},"image":{"@id":"https:\/\/batijournal.com\/index.php\/marc-barani-prix-de-lacademie-darchitecture\/99471\/#primaryimage"},"thumbnailUrl":"https:\/\/batijournal.com\/wp-content\/uploads\/2018\/06\/villa-marc-barani.jpg","datePublished":"2018-06-20T10:19:30+00:00","dateModified":"2018-08-29T08:35:48+00:00","author":{"@id":"https:\/\/batijournal.com\/#\/schema\/person\/1dc96ec6957aa1ccb25ebe78bb19f100"},"description":"Les Prix de l\u2019Acad\u00e9mie d\u2019Architecture. La m\u00e9daille d\u2019Or a \u00e9t\u00e9 d\u00e9cern\u00e9e \u00e0 Marc Barani, architecte m\u00e9diterran\u00e9en de culture","breadcrumb":{"@id":"https:\/\/batijournal.com\/index.php\/marc-barani-prix-de-lacademie-darchitecture\/99471\/#breadcrumb"},"inLanguage":"fr-FR","potentialAction":[{"@type":"ReadAction","target":["https:\/\/batijournal.com\/index.php\/marc-barani-prix-de-lacademie-darchitecture\/99471\/"]}]},{"@type":"ImageObject","inLanguage":"fr-FR","@id":"https:\/\/batijournal.com\/index.php\/marc-barani-prix-de-lacademie-darchitecture\/99471\/#primaryimage","url":"https:\/\/batijournal.com\/wp-content\/uploads\/2018\/06\/villa-marc-barani.jpg","contentUrl":"https:\/\/batijournal.com\/wp-content\/uploads\/2018\/06\/villa-marc-barani.jpg","width":800,"height":396,"caption":"prix de l academie d architecture"},{"@type":"BreadcrumbList","@id":"https:\/\/batijournal.com\/index.php\/marc-barani-prix-de-lacademie-darchitecture\/99471\/#breadcrumb","itemListElement":[{"@type":"ListItem","position":1,"name":"Accueil","item":"https:\/\/batijournal.com\/"},{"@type":"ListItem","position":2,"name":"Actualit\u00e9s","item":"https:\/\/batijournal.com\/index.php\/category\/actualites\/"},{"@type":"ListItem","position":3,"name":"Marc Barani, prix de l\u2019Acad\u00e9mie d\u2019Architecture"}]},{"@type":"WebSite","@id":"https:\/\/batijournal.com\/#website","url":"https:\/\/batijournal.com\/","name":"Batijournal","description":"L&#039;actualit\u00e9 du b\u00e2timent","potentialAction":[{"@type":"SearchAction","target":{"@type":"EntryPoint","urlTemplate":"https:\/\/batijournal.com\/?s={search_term_string}"},"query-input":{"@type":"PropertyValueSpecification","valueRequired":true,"valueName":"search_term_string"}}],"inLanguage":"fr-FR"},{"@type":"Person","@id":"https:\/\/batijournal.com\/#\/schema\/person\/1dc96ec6957aa1ccb25ebe78bb19f100","name":"St\u00e9phane Miget","image":{"@type":"ImageObject","inLanguage":"fr-FR","@id":"https:\/\/secure.gravatar.com\/avatar\/89915563d925342126b8ef0281b93d9d7fc337043e8df017f780908eb9644451?s=96&d=mm&r=g","url":"https:\/\/secure.gravatar.com\/avatar\/89915563d925342126b8ef0281b93d9d7fc337043e8df017f780908eb9644451?s=96&d=mm&r=g","contentUrl":"https:\/\/secure.gravatar.com\/avatar\/89915563d925342126b8ef0281b93d9d7fc337043e8df017f780908eb9644451?s=96&d=mm&r=g","caption":"St\u00e9phane Miget"},"url":"https:\/\/batijournal.com\/index.php\/author\/stephane\/"}]}},"_links":{"self":[{"href":"https:\/\/batijournal.com\/index.php\/wp-json\/wp\/v2\/posts\/99471","targetHints":{"allow":["GET"]}}],"collection":[{"href":"https:\/\/batijournal.com\/index.php\/wp-json\/wp\/v2\/posts"}],"about":[{"href":"https:\/\/batijournal.com\/index.php\/wp-json\/wp\/v2\/types\/post"}],"author":[{"embeddable":true,"href":"https:\/\/batijournal.com\/index.php\/wp-json\/wp\/v2\/users\/17"}],"replies":[{"embeddable":true,"href":"https:\/\/batijournal.com\/index.php\/wp-json\/wp\/v2\/comments?post=99471"}],"version-history":[{"count":0,"href":"https:\/\/batijournal.com\/index.php\/wp-json\/wp\/v2\/posts\/99471\/revisions"}],"wp:featuredmedia":[{"embeddable":true,"href":"https:\/\/batijournal.com\/index.php\/wp-json\/wp\/v2\/media\/99472"}],"wp:attachment":[{"href":"https:\/\/batijournal.com\/index.php\/wp-json\/wp\/v2\/media?parent=99471"}],"wp:term":[{"taxonomy":"category","embeddable":true,"href":"https:\/\/batijournal.com\/index.php\/wp-json\/wp\/v2\/categories?post=99471"},{"taxonomy":"post_tag","embeddable":true,"href":"https:\/\/batijournal.com\/index.php\/wp-json\/wp\/v2\/tags?post=99471"}],"curies":[{"name":"wp","href":"https:\/\/api.w.org\/{rel}","templated":true}]}}