{"id":99481,"date":"2018-06-20T23:46:53","date_gmt":"2018-06-20T21:46:53","guid":{"rendered":"https:\/\/batijournal.com\/?p=99481"},"modified":"2019-07-15T12:13:00","modified_gmt":"2019-07-15T10:13:00","slug":"l-unep-se-retire-de-lassociation-francaise-des-toitures-vegetalisees","status":"publish","type":"post","link":"https:\/\/batijournal.com\/index.php\/l-unep-se-retire-de-lassociation-francaise-des-toitures-vegetalisees\/99481\/","title":{"rendered":"L\u2019Unep se retire de l\u2019association fran\u00e7aise des toitures v\u00e9g\u00e9talis\u00e9es"},"content":{"rendered":"<p>L\u2019Union Nationale des Entreprises du Paysage a annonc\u00e9 son retrait de l\u2019association fran\u00e7aise des toitures v\u00e9g\u00e9talis\u00e9es, l\u2019Adivet, dont elle \u00e9tait adh\u00e9rente depuis dix ans. Par cette d\u00e9cision les professionnels du paysage tiennent \u00e0 mettre en lumi\u00e8re le d\u00e9faut de repr\u00e9sentativit\u00e9 existant au sein de l\u2019association, et qui d\u00e9sormais ne garantit plus un traitement et une vision objective des enjeux de la v\u00e9g\u00e9talisation des toitures et des fa\u00e7ades. La repr\u00e9sentativit\u00e9 de la diversit\u00e9 des acteurs, dont l\u2019Adivet est normalement garante, n\u2019\u00e9tant plus respect\u00e9e, la l\u00e9gitimit\u00e9 de l\u2019association \u00e0 imposer des r\u00e8gles professionnelles justes, \u00e9quitables et applicables \u00e0 tous est d\u00e9sormais trop alt\u00e9r\u00e9e pour que l\u2019Unep continue \u00e0 s\u2019y investir et \u00e0 la soutenir. Cette d\u00e9cision marque la fin de la repr\u00e9sentation des acteurs du paysage au sein de l\u2019Adivet, qui regroupe d\u00e9sormais une tr\u00e8s large majorit\u00e9 de fournisseurs de syst\u00e8mes pr\u00e9cultiv\u00e9s et d\u2019entreprises d\u2019\u00e9tanch\u00e9it\u00e9.<\/p>\n<p>Thierry Muller, ancien repr\u00e9sentant de l\u2019Unep au bureau de l\u2019Adivet explique :<br \/>\n<em>\u00ab L\u2019Adivet a r\u00e9dig\u00e9 une r\u00e8gle professionnelle relative aux toitures v\u00e9g\u00e9talis\u00e9es sans faire preuve de consensus entre ses adh\u00e9rents, et ce durant plusieurs ann\u00e9es, en d\u00e9pit de nos demandes, soit de pr\u00e9ciser l\u2019ensemble des organisations des march\u00e9s possibles conform\u00e9ment aux dispositions r\u00e9glementaires du code des march\u00e9s publics, soit de ne pas traiter ce point. En r\u00e9sulte un texte qui, malgr\u00e9 une qualit\u00e9 technique ind\u00e9niable, limite le r\u00f4le du paysagiste \u00e0 celui de sous-traitant dans le cadre des appels d\u2019offres. Le r\u00f4le pivot du paysagiste sur des projets d\u2019envergure est donc ignor\u00e9, tout autant que la qualit\u00e9 des projets d\u00e9j\u00e0 men\u00e9s avec succ\u00e8s en lots s\u00e9par\u00e9s entre \u00e9tancheurs et paysagistes. Ce texte, in\u00e9gal et in\u00e9quitable pour le v\u00e9g\u00e9tal, n\u2019a d\u2019ailleurs pas b\u00e9n\u00e9fici\u00e9 du soutien de la F\u00e9d\u00e9ration Fran\u00e7aise du Paysage et a men\u00e9 au non-renouvellement du partenariat avec l\u2019association Plante &amp; Cit\u00e9 \u00bb.<\/em><\/p>\n","protected":false},"excerpt":{"rendered":"<p>L\u2019Union Nationale des Entreprises du Paysage a annonc\u00e9 son retrait de l\u2019association fran\u00e7aise des toitures v\u00e9g\u00e9talis\u00e9es, l\u2019Adivet, dont elle \u00e9tait adh\u00e9rente depuis dix ans. Par cette d\u00e9cision les professionnels du paysage tiennent \u00e0 mettre en lumi\u00e8re le d\u00e9faut de repr\u00e9sentativit\u00e9 existant au sein de l\u2019association, et qui d\u00e9sormais ne garantit plus un traitement et une [&hellip;]<\/p>\n","protected":false},"author":17,"featured_media":83053,"comment_status":"closed","ping_status":"closed","sticky":false,"template":"","format":"standard","meta":{"_et_pb_use_builder":"","_et_pb_old_content":"","_et_gb_content_width":"","footnotes":""},"categories":[10530,6345,10771,10775,10778],"tags":[3712],"class_list":["post-99481","post","type-post","status-publish","format-standard","has-post-thumbnail","hentry","category-actualites","category-economie-marches","category-5facades","category-actualites-5facades","category-planete","tag-toiture-vegetalisee"],"yoast_head":"<!-- This site is optimized with the Yoast SEO plugin v27.4 - https:\/\/yoast.com\/product\/yoast-seo-wordpress\/ -->\n<title>L\u2019UNEP se retire de l\u2019association fran\u00e7aise des toitures v\u00e9g\u00e9talis\u00e9es<\/title>\n<meta name=\"description\" content=\"L\u2019Union Nationale des Entreprises du Paysage (UNEP) a annonc\u00e9 son retrait de l\u2019association fran\u00e7aise des toitures v\u00e9g\u00e9talis\u00e9es, l\u2019Adivet.\" \/>\n<meta name=\"robots\" content=\"index, follow, max-snippet:-1, max-image-preview:large, max-video-preview:-1\" \/>\n<link rel=\"canonical\" href=\"https:\/\/batijournal.com\/index.php\/l-unep-se-retire-de-lassociation-francaise-des-toitures-vegetalisees\/99481\/\" \/>\n<meta property=\"og:locale\" content=\"fr_FR\" \/>\n<meta property=\"og:type\" content=\"article\" \/>\n<meta property=\"og:title\" content=\"L\u2019UNEP se retire de l\u2019association fran\u00e7aise des toitures v\u00e9g\u00e9talis\u00e9es\" \/>\n<meta property=\"og:description\" content=\"L\u2019Union Nationale des Entreprises du Paysage (UNEP) a annonc\u00e9 son retrait de l\u2019association fran\u00e7aise des toitures v\u00e9g\u00e9talis\u00e9es, l\u2019Adivet.\" \/>\n<meta property=\"og:url\" content=\"https:\/\/batijournal.com\/index.php\/l-unep-se-retire-de-lassociation-francaise-des-toitures-vegetalisees\/99481\/\" \/>\n<meta property=\"og:site_name\" content=\"Batijournal\" \/>\n<meta property=\"article:published_time\" content=\"2018-06-20T21:46:53+00:00\" \/>\n<meta property=\"article:modified_time\" content=\"2019-07-15T10:13:00+00:00\" \/>\n<meta property=\"og:image\" content=\"https:\/\/batijournal.com\/wp-content\/uploads\/2015\/03\/609808621.jpg\" \/>\n\t<meta property=\"og:image:width\" content=\"600\" \/>\n\t<meta property=\"og:image:height\" content=\"400\" \/>\n\t<meta property=\"og:image:type\" content=\"image\/jpeg\" \/>\n<meta name=\"author\" content=\"St\u00e9phane Miget\" \/>\n<meta name=\"twitter:card\" content=\"summary_large_image\" \/>\n<meta name=\"twitter:creator\" content=\"@bati_journal\" \/>\n<meta name=\"twitter:site\" content=\"@bati_journal\" \/>\n<meta name=\"twitter:label1\" content=\"\u00c9crit par\" \/>\n\t<meta name=\"twitter:data1\" content=\"St\u00e9phane Miget\" \/>\n\t<meta name=\"twitter:label2\" content=\"Dur\u00e9e de lecture estim\u00e9e\" \/>\n\t<meta name=\"twitter:data2\" content=\"2 minutes\" \/>\n<script type=\"application\/ld+json\" class=\"yoast-schema-graph\">{\"@context\":\"https:\\\/\\\/schema.org\",\"@graph\":[{\"@type\":\"Article\",\"@id\":\"https:\\\/\\\/batijournal.com\\\/index.php\\\/l-unep-se-retire-de-lassociation-francaise-des-toitures-vegetalisees\\\/99481\\\/#article\",\"isPartOf\":{\"@id\":\"https:\\\/\\\/batijournal.com\\\/index.php\\\/l-unep-se-retire-de-lassociation-francaise-des-toitures-vegetalisees\\\/99481\\\/\"},\"author\":{\"name\":\"St\u00e9phane Miget\",\"@id\":\"https:\\\/\\\/batijournal.com\\\/#\\\/schema\\\/person\\\/1dc96ec6957aa1ccb25ebe78bb19f100\"},\"headline\":\"L\u2019Unep se retire de l\u2019association fran\u00e7aise des toitures v\u00e9g\u00e9talis\u00e9es\",\"datePublished\":\"2018-06-20T21:46:53+00:00\",\"dateModified\":\"2019-07-15T10:13:00+00:00\",\"mainEntityOfPage\":{\"@id\":\"https:\\\/\\\/batijournal.com\\\/index.php\\\/l-unep-se-retire-de-lassociation-francaise-des-toitures-vegetalisees\\\/99481\\\/\"},\"wordCount\":384,\"image\":{\"@id\":\"https:\\\/\\\/batijournal.com\\\/index.php\\\/l-unep-se-retire-de-lassociation-francaise-des-toitures-vegetalisees\\\/99481\\\/#primaryimage\"},\"thumbnailUrl\":\"https:\\\/\\\/batijournal.com\\\/wp-content\\\/uploads\\\/2015\\\/03\\\/609808621.jpg\",\"keywords\":[\"toiture v\u00e9g\u00e9talis\u00e9e\"],\"articleSection\":[\"Actualit\u00e9s\",\"\u00c9conomie &amp; March\u00e9s\",\"zz_5fa\u00e7ades\",\"zz_Actualit\u00e9s - 5fa\u00e7ades\",\"zz_Plan\u00e8te B\u00e2timent\"],\"inLanguage\":\"fr-FR\"},{\"@type\":\"WebPage\",\"@id\":\"https:\\\/\\\/batijournal.com\\\/index.php\\\/l-unep-se-retire-de-lassociation-francaise-des-toitures-vegetalisees\\\/99481\\\/\",\"url\":\"https:\\\/\\\/batijournal.com\\\/index.php\\\/l-unep-se-retire-de-lassociation-francaise-des-toitures-vegetalisees\\\/99481\\\/\",\"name\":\"L\u2019UNEP se retire de l\u2019association fran\u00e7aise des toitures v\u00e9g\u00e9talis\u00e9es\",\"isPartOf\":{\"@id\":\"https:\\\/\\\/batijournal.com\\\/#website\"},\"primaryImageOfPage\":{\"@id\":\"https:\\\/\\\/batijournal.com\\\/index.php\\\/l-unep-se-retire-de-lassociation-francaise-des-toitures-vegetalisees\\\/99481\\\/#primaryimage\"},\"image\":{\"@id\":\"https:\\\/\\\/batijournal.com\\\/index.php\\\/l-unep-se-retire-de-lassociation-francaise-des-toitures-vegetalisees\\\/99481\\\/#primaryimage\"},\"thumbnailUrl\":\"https:\\\/\\\/batijournal.com\\\/wp-content\\\/uploads\\\/2015\\\/03\\\/609808621.jpg\",\"datePublished\":\"2018-06-20T21:46:53+00:00\",\"dateModified\":\"2019-07-15T10:13:00+00:00\",\"author\":{\"@id\":\"https:\\\/\\\/batijournal.com\\\/#\\\/schema\\\/person\\\/1dc96ec6957aa1ccb25ebe78bb19f100\"},\"description\":\"L\u2019Union Nationale des Entreprises du Paysage (UNEP) a annonc\u00e9 son retrait de l\u2019association fran\u00e7aise des toitures v\u00e9g\u00e9talis\u00e9es, l\u2019Adivet.\",\"breadcrumb\":{\"@id\":\"https:\\\/\\\/batijournal.com\\\/index.php\\\/l-unep-se-retire-de-lassociation-francaise-des-toitures-vegetalisees\\\/99481\\\/#breadcrumb\"},\"inLanguage\":\"fr-FR\",\"potentialAction\":[{\"@type\":\"ReadAction\",\"target\":[\"https:\\\/\\\/batijournal.com\\\/index.php\\\/l-unep-se-retire-de-lassociation-francaise-des-toitures-vegetalisees\\\/99481\\\/\"]}]},{\"@type\":\"ImageObject\",\"inLanguage\":\"fr-FR\",\"@id\":\"https:\\\/\\\/batijournal.com\\\/index.php\\\/l-unep-se-retire-de-lassociation-francaise-des-toitures-vegetalisees\\\/99481\\\/#primaryimage\",\"url\":\"https:\\\/\\\/batijournal.com\\\/wp-content\\\/uploads\\\/2015\\\/03\\\/609808621.jpg\",\"contentUrl\":\"https:\\\/\\\/batijournal.com\\\/wp-content\\\/uploads\\\/2015\\\/03\\\/609808621.jpg\",\"width\":600,\"height\":400},{\"@type\":\"BreadcrumbList\",\"@id\":\"https:\\\/\\\/batijournal.com\\\/index.php\\\/l-unep-se-retire-de-lassociation-francaise-des-toitures-vegetalisees\\\/99481\\\/#breadcrumb\",\"itemListElement\":[{\"@type\":\"ListItem\",\"position\":1,\"name\":\"Accueil\",\"item\":\"https:\\\/\\\/batijournal.com\\\/\"},{\"@type\":\"ListItem\",\"position\":2,\"name\":\"Actualit\u00e9s\",\"item\":\"https:\\\/\\\/batijournal.com\\\/index.php\\\/category\\\/actualites\\\/\"},{\"@type\":\"ListItem\",\"position\":3,\"name\":\"L\u2019Unep se retire de l\u2019association fran\u00e7aise des toitures v\u00e9g\u00e9talis\u00e9es\"}]},{\"@type\":\"WebSite\",\"@id\":\"https:\\\/\\\/batijournal.com\\\/#website\",\"url\":\"https:\\\/\\\/batijournal.com\\\/\",\"name\":\"Batijournal\",\"description\":\"L&#039;actualit\u00e9 du b\u00e2timent\",\"potentialAction\":[{\"@type\":\"SearchAction\",\"target\":{\"@type\":\"EntryPoint\",\"urlTemplate\":\"https:\\\/\\\/batijournal.com\\\/?s={search_term_string}\"},\"query-input\":{\"@type\":\"PropertyValueSpecification\",\"valueRequired\":true,\"valueName\":\"search_term_string\"}}],\"inLanguage\":\"fr-FR\"},{\"@type\":\"Person\",\"@id\":\"https:\\\/\\\/batijournal.com\\\/#\\\/schema\\\/person\\\/1dc96ec6957aa1ccb25ebe78bb19f100\",\"name\":\"St\u00e9phane Miget\",\"image\":{\"@type\":\"ImageObject\",\"inLanguage\":\"fr-FR\",\"@id\":\"https:\\\/\\\/secure.gravatar.com\\\/avatar\\\/89915563d925342126b8ef0281b93d9d7fc337043e8df017f780908eb9644451?s=96&d=mm&r=g\",\"url\":\"https:\\\/\\\/secure.gravatar.com\\\/avatar\\\/89915563d925342126b8ef0281b93d9d7fc337043e8df017f780908eb9644451?s=96&d=mm&r=g\",\"contentUrl\":\"https:\\\/\\\/secure.gravatar.com\\\/avatar\\\/89915563d925342126b8ef0281b93d9d7fc337043e8df017f780908eb9644451?s=96&d=mm&r=g\",\"caption\":\"St\u00e9phane Miget\"},\"url\":\"https:\\\/\\\/batijournal.com\\\/index.php\\\/author\\\/stephane\\\/\"}]}<\/script>\n<!-- \/ Yoast SEO plugin. -->","yoast_head_json":{"title":"L\u2019UNEP se retire de l\u2019association fran\u00e7aise des toitures v\u00e9g\u00e9talis\u00e9es","description":"L\u2019Union Nationale des Entreprises du Paysage (UNEP) a annonc\u00e9 son retrait de l\u2019association fran\u00e7aise des toitures v\u00e9g\u00e9talis\u00e9es, l\u2019Adivet.","robots":{"index":"index","follow":"follow","max-snippet":"max-snippet:-1","max-image-preview":"max-image-preview:large","max-video-preview":"max-video-preview:-1"},"canonical":"https:\/\/batijournal.com\/index.php\/l-unep-se-retire-de-lassociation-francaise-des-toitures-vegetalisees\/99481\/","og_locale":"fr_FR","og_type":"article","og_title":"L\u2019UNEP se retire de l\u2019association fran\u00e7aise des toitures v\u00e9g\u00e9talis\u00e9es","og_description":"L\u2019Union Nationale des Entreprises du Paysage (UNEP) a annonc\u00e9 son retrait de l\u2019association fran\u00e7aise des toitures v\u00e9g\u00e9talis\u00e9es, l\u2019Adivet.","og_url":"https:\/\/batijournal.com\/index.php\/l-unep-se-retire-de-lassociation-francaise-des-toitures-vegetalisees\/99481\/","og_site_name":"Batijournal","article_published_time":"2018-06-20T21:46:53+00:00","article_modified_time":"2019-07-15T10:13:00+00:00","og_image":[{"width":600,"height":400,"url":"https:\/\/batijournal.com\/wp-content\/uploads\/2015\/03\/609808621.jpg","type":"image\/jpeg"}],"author":"St\u00e9phane Miget","twitter_card":"summary_large_image","twitter_creator":"@bati_journal","twitter_site":"@bati_journal","twitter_misc":{"\u00c9crit par":"St\u00e9phane Miget","Dur\u00e9e de lecture estim\u00e9e":"2 minutes"},"schema":{"@context":"https:\/\/schema.org","@graph":[{"@type":"Article","@id":"https:\/\/batijournal.com\/index.php\/l-unep-se-retire-de-lassociation-francaise-des-toitures-vegetalisees\/99481\/#article","isPartOf":{"@id":"https:\/\/batijournal.com\/index.php\/l-unep-se-retire-de-lassociation-francaise-des-toitures-vegetalisees\/99481\/"},"author":{"name":"St\u00e9phane Miget","@id":"https:\/\/batijournal.com\/#\/schema\/person\/1dc96ec6957aa1ccb25ebe78bb19f100"},"headline":"L\u2019Unep se retire de l\u2019association fran\u00e7aise des toitures v\u00e9g\u00e9talis\u00e9es","datePublished":"2018-06-20T21:46:53+00:00","dateModified":"2019-07-15T10:13:00+00:00","mainEntityOfPage":{"@id":"https:\/\/batijournal.com\/index.php\/l-unep-se-retire-de-lassociation-francaise-des-toitures-vegetalisees\/99481\/"},"wordCount":384,"image":{"@id":"https:\/\/batijournal.com\/index.php\/l-unep-se-retire-de-lassociation-francaise-des-toitures-vegetalisees\/99481\/#primaryimage"},"thumbnailUrl":"https:\/\/batijournal.com\/wp-content\/uploads\/2015\/03\/609808621.jpg","keywords":["toiture v\u00e9g\u00e9talis\u00e9e"],"articleSection":["Actualit\u00e9s","\u00c9conomie &amp; March\u00e9s","zz_5fa\u00e7ades","zz_Actualit\u00e9s - 5fa\u00e7ades","zz_Plan\u00e8te B\u00e2timent"],"inLanguage":"fr-FR"},{"@type":"WebPage","@id":"https:\/\/batijournal.com\/index.php\/l-unep-se-retire-de-lassociation-francaise-des-toitures-vegetalisees\/99481\/","url":"https:\/\/batijournal.com\/index.php\/l-unep-se-retire-de-lassociation-francaise-des-toitures-vegetalisees\/99481\/","name":"L\u2019UNEP se retire de l\u2019association fran\u00e7aise des toitures v\u00e9g\u00e9talis\u00e9es","isPartOf":{"@id":"https:\/\/batijournal.com\/#website"},"primaryImageOfPage":{"@id":"https:\/\/batijournal.com\/index.php\/l-unep-se-retire-de-lassociation-francaise-des-toitures-vegetalisees\/99481\/#primaryimage"},"image":{"@id":"https:\/\/batijournal.com\/index.php\/l-unep-se-retire-de-lassociation-francaise-des-toitures-vegetalisees\/99481\/#primaryimage"},"thumbnailUrl":"https:\/\/batijournal.com\/wp-content\/uploads\/2015\/03\/609808621.jpg","datePublished":"2018-06-20T21:46:53+00:00","dateModified":"2019-07-15T10:13:00+00:00","author":{"@id":"https:\/\/batijournal.com\/#\/schema\/person\/1dc96ec6957aa1ccb25ebe78bb19f100"},"description":"L\u2019Union Nationale des Entreprises du Paysage (UNEP) a annonc\u00e9 son retrait de l\u2019association fran\u00e7aise des toitures v\u00e9g\u00e9talis\u00e9es, l\u2019Adivet.","breadcrumb":{"@id":"https:\/\/batijournal.com\/index.php\/l-unep-se-retire-de-lassociation-francaise-des-toitures-vegetalisees\/99481\/#breadcrumb"},"inLanguage":"fr-FR","potentialAction":[{"@type":"ReadAction","target":["https:\/\/batijournal.com\/index.php\/l-unep-se-retire-de-lassociation-francaise-des-toitures-vegetalisees\/99481\/"]}]},{"@type":"ImageObject","inLanguage":"fr-FR","@id":"https:\/\/batijournal.com\/index.php\/l-unep-se-retire-de-lassociation-francaise-des-toitures-vegetalisees\/99481\/#primaryimage","url":"https:\/\/batijournal.com\/wp-content\/uploads\/2015\/03\/609808621.jpg","contentUrl":"https:\/\/batijournal.com\/wp-content\/uploads\/2015\/03\/609808621.jpg","width":600,"height":400},{"@type":"BreadcrumbList","@id":"https:\/\/batijournal.com\/index.php\/l-unep-se-retire-de-lassociation-francaise-des-toitures-vegetalisees\/99481\/#breadcrumb","itemListElement":[{"@type":"ListItem","position":1,"name":"Accueil","item":"https:\/\/batijournal.com\/"},{"@type":"ListItem","position":2,"name":"Actualit\u00e9s","item":"https:\/\/batijournal.com\/index.php\/category\/actualites\/"},{"@type":"ListItem","position":3,"name":"L\u2019Unep se retire de l\u2019association fran\u00e7aise des toitures v\u00e9g\u00e9talis\u00e9es"}]},{"@type":"WebSite","@id":"https:\/\/batijournal.com\/#website","url":"https:\/\/batijournal.com\/","name":"Batijournal","description":"L&#039;actualit\u00e9 du b\u00e2timent","potentialAction":[{"@type":"SearchAction","target":{"@type":"EntryPoint","urlTemplate":"https:\/\/batijournal.com\/?s={search_term_string}"},"query-input":{"@type":"PropertyValueSpecification","valueRequired":true,"valueName":"search_term_string"}}],"inLanguage":"fr-FR"},{"@type":"Person","@id":"https:\/\/batijournal.com\/#\/schema\/person\/1dc96ec6957aa1ccb25ebe78bb19f100","name":"St\u00e9phane Miget","image":{"@type":"ImageObject","inLanguage":"fr-FR","@id":"https:\/\/secure.gravatar.com\/avatar\/89915563d925342126b8ef0281b93d9d7fc337043e8df017f780908eb9644451?s=96&d=mm&r=g","url":"https:\/\/secure.gravatar.com\/avatar\/89915563d925342126b8ef0281b93d9d7fc337043e8df017f780908eb9644451?s=96&d=mm&r=g","contentUrl":"https:\/\/secure.gravatar.com\/avatar\/89915563d925342126b8ef0281b93d9d7fc337043e8df017f780908eb9644451?s=96&d=mm&r=g","caption":"St\u00e9phane Miget"},"url":"https:\/\/batijournal.com\/index.php\/author\/stephane\/"}]}},"_links":{"self":[{"href":"https:\/\/batijournal.com\/index.php\/wp-json\/wp\/v2\/posts\/99481","targetHints":{"allow":["GET"]}}],"collection":[{"href":"https:\/\/batijournal.com\/index.php\/wp-json\/wp\/v2\/posts"}],"about":[{"href":"https:\/\/batijournal.com\/index.php\/wp-json\/wp\/v2\/types\/post"}],"author":[{"embeddable":true,"href":"https:\/\/batijournal.com\/index.php\/wp-json\/wp\/v2\/users\/17"}],"replies":[{"embeddable":true,"href":"https:\/\/batijournal.com\/index.php\/wp-json\/wp\/v2\/comments?post=99481"}],"version-history":[{"count":0,"href":"https:\/\/batijournal.com\/index.php\/wp-json\/wp\/v2\/posts\/99481\/revisions"}],"wp:featuredmedia":[{"embeddable":true,"href":"https:\/\/batijournal.com\/index.php\/wp-json\/wp\/v2\/media\/83053"}],"wp:attachment":[{"href":"https:\/\/batijournal.com\/index.php\/wp-json\/wp\/v2\/media?parent=99481"}],"wp:term":[{"taxonomy":"category","embeddable":true,"href":"https:\/\/batijournal.com\/index.php\/wp-json\/wp\/v2\/categories?post=99481"},{"taxonomy":"post_tag","embeddable":true,"href":"https:\/\/batijournal.com\/index.php\/wp-json\/wp\/v2\/tags?post=99481"}],"curies":[{"name":"wp","href":"https:\/\/api.w.org\/{rel}","templated":true}]}}